{"id":51103,"date":"2011-09-18T15:18:46","date_gmt":"2011-09-18T14:18:46","guid":{"rendered":"http:\/\/www.visit-ulcinj.com\/blog\/?p=51103"},"modified":"2011-09-18T18:23:43","modified_gmt":"2011-09-18T17:23:43","slug":"edina-kraja-shpallet-garuesja-me-e-mire-e-turneut-hadzici-open-2011","status":"publish","type":"post","link":"https:\/\/www.visit-ulcinj.com\/blog\/2011\/09\/18\/edina-kraja-shpallet-garuesja-me-e-mire-e-turneut-hadzici-open-2011\/","title":{"rendered":"Edina Kraja shpallet garuesja m\u00eb e mir\u00eb e turneut &#8220;Hadzici open 2011&#8221;"},"content":{"rendered":"<p><strong><a href=\"http:\/\/www.visit-ulcinj.com\/blog\/wp-content\/uploads\/2011\/09\/Klubi-i-Taekwondo-s%C3%AB-Ulqini-_Taekwondo_Sarajevo-Hadzici-open-2011.jpg\"><img loading=\"lazy\" class=\"alignleft size-full wp-image-51104\" title=\"Klubi i Taekwondo-s\u00eb Ulqini _Taekwondo_Sarajevo Hadzici open 2011\" src=\"http:\/\/www.visit-ulcinj.com\/blog\/wp-content\/uploads\/2011\/09\/Klubi-i-Taekwondo-s%C3%AB-Ulqini-_Taekwondo_Sarajevo-Hadzici-open-2011.jpg\" alt=\"\" width=\"508\" height=\"380\" \/><\/a>Taekwondo &#8220;Sarajevo Hadzici open 2011&#8221;<\/strong><\/p>\n<p>T\u00eb shtunen me dat\u00eb 17.09.2011 ne Sarajev u mbajt turneu nd\u00ebrkomb\u00ebtar \u201cSarajevo Hadzici open 2011\u201d<\/p>\n<p>N\u00eb k\u00ebt\u00eb turne u paraqiten 5 shtete 23 klube me 340 garues.<\/p>\n<p>Klubi i Taekwondo-s\u00eb Ulqini u paraqit\u00eb me 16 garues, suksesi i klubit t\u00eb Taekwondo-s\u00eb Ulqini n\u00eb k\u00ebt\u00eb turne ishte gjithsejt\u00eb 12 medalje t\u00eb fituara prej tyre 5 medalje t\u00eb arta, 2 t\u00eb argjend\u00ebta dhe 5 medalje t\u00eb bronz\u00ebta. \u00a0Nga klubi i tkd-s\u00eb Ulqini Edina Kraja shpallet garuesja m\u00eb e mir\u00eb e turneut n\u00eb kategorin\u00eb e kadet\u00ebve t\u00eb rinj\u00eb e cila arrin\u00eb t\u00eb firoj\u00eb 4 gara dhe shp\u00ebrblehet me medalje t\u00eb arte dhe me nj\u00eb kup.<\/p>\n<p>Medalist\u00ebt e Art\u00eb p\u00ebr kite turne jan\u00eb:<\/p>\n<ol start=\"1\">\n<li>\u00a0\u00a0 <strong>\u00a0 Mersudin Kurti<\/strong><\/li>\n<li><strong>\u00a0\u00a0 \u00a0 \u00a0Sulejman Murati<\/strong><\/li>\n<li><strong>\u00a0\u00a0 \u00a0 \u00a0Amina Kanaqi<\/strong><\/li>\n<li><strong>\u00a0\u00a0 \u00a0 \u00a0Edina Kraja<\/strong><\/li>\n<li><strong>\u00a0\u00a0 \u00a0 \u00a0Bojan Vladisavljevic<\/strong><\/li>\n<\/ol>\n<p>Medalistet e argjend jan\u00eb:<\/p>\n<ol start=\"1\">\n<li><strong>\u00a0\u00a0 \u00a0 \u00a0Artan Fici<\/strong><\/li>\n<li>\u00a0\u00a0 \u00a0 \u00a0<strong>Ardiana Karamanaga<\/strong><\/li>\n<\/ol>\n<p>Medalist\u00ebt e bronz\u00ebt jan\u00eb:<\/p>\n<ol start=\"1\">\n<li><strong>\u00a0\u00a0 \u00a0 \u00a0Esad Kraja<\/strong><\/li>\n<li><strong>\u00a0\u00a0 \u00a0 \u00a0Nuri Kanaqi<\/strong><\/li>\n<li><strong>\u00a0\u00a0 \u00a0 \u00a0Amir Suka<\/strong><\/li>\n<li><strong>\u00a0\u00a0 \u00a0 \u00a0Allmedin Suka<\/strong><\/li>\n<li><strong>\u00a0\u00a0 \u00a0 \u00a0Levendt Murati<\/strong><\/li>\n<\/ol>\n<p>Falenderojm\u00eb sponsor\u00ebt t\u00eb cil\u00ebt na p\u00ebrkrahen p\u00ebr k\u00ebt\u00eb turne ata jan\u00eb:<\/p>\n<p>Tepacir Kurti, Cungo&amp;co, Kallaba company, Caffe Venus, Gradja Commerce, concordia commerce, Nimani company si dhe prind\u00ebrit e garuesve. I falenderojm\u00eb t\u00eb gjith\u00eb sponsor\u00ebt tan\u00eb duke iu uruar suksese ne pun\u00ebn e tyre.<\/p>\n<p><strong>\u00a0Sh\u00ebrbimi informativ i Taekowndo-s\u00eb Ulqini<br \/>\n\n\t\t<style type=\"text\/css\">\n\t\t\t#gallery-1 {\n\t\t\t\tmargin: auto;\n\t\t\t}\n\t\t\t#gallery-1 .gallery-item {\n\t\t\t\tfloat: left;\n\t\t\t\tmargin-top: 10px;\n\t\t\t\ttext-align: center;\n\t\t\t\twidth: 33%;\n\t\t\t}\n\t\t\t#gallery-1 img {\n\t\t\t\tborder: 2px solid #cfcfcf;\n\t\t\t}\n\t\t\t#gallery-1 .gallery-caption {\n\t\t\t\tmargin-left: 0;\n\t\t\t}\n\t\t\t\/* see gallery_shortcode() in wp-includes\/media.php *\/\n\t\t<\/style>\n\t\t<div id='gallery-1' class='gallery galleryid-51103 gallery-columns-3 gallery-size-thumbnail'><dl class='gallery-item'>\n\t\t\t<dt class='gallery-icon landscape'>\n\t\t\t\t<a href='https:\/\/www.visit-ulcinj.com\/blog\/wp-content\/uploads\/2011\/09\/Klubi-i-Taekwondo-s\u00eb-Ulqini-_Taekwondo_Sarajevo-Hadzici-open-2011.jpg'><img width=\"150\" height=\"150\" src=\"https:\/\/www.visit-ulcinj.com\/blog\/wp-content\/uploads\/2011\/09\/Klubi-i-Taekwondo-s\u00eb-Ulqini-_Taekwondo_Sarajevo-Hadzici-open-2011-150x150.jpg\" class=\"attachment-thumbnail size-thumbnail\" alt=\"\" loading=\"lazy\" \/><\/a>\n\t\t\t<\/dt><\/dl><dl class='gallery-item'>\n\t\t\t<dt class='gallery-icon landscape'>\n\t\t\t\t<a href='https:\/\/www.visit-ulcinj.com\/blog\/wp-content\/uploads\/2011\/09\/Klubi-i-Taekwondo-s\u00eb-Ulqini-_Taekwondo_Sarajevo-Hadzici-open-2011.1.jpg'><img width=\"150\" height=\"150\" src=\"https:\/\/www.visit-ulcinj.com\/blog\/wp-content\/uploads\/2011\/09\/Klubi-i-Taekwondo-s\u00eb-Ulqini-_Taekwondo_Sarajevo-Hadzici-open-2011.1-150x150.jpg\" class=\"attachment-thumbnail size-thumbnail\" alt=\"\" loading=\"lazy\" \/><\/a>\n\t\t\t<\/dt><\/dl><dl class='gallery-item'>\n\t\t\t<dt class='gallery-icon landscape'>\n\t\t\t\t<a href='https:\/\/www.visit-ulcinj.com\/blog\/wp-content\/uploads\/2011\/09\/Klubi-i-Taekwondo-s\u00eb-Ulqini-_Taekwondo_Sarajevo-Hadzici-open-2011.2.jpg'><img width=\"150\" height=\"150\" src=\"https:\/\/www.visit-ulcinj.com\/blog\/wp-content\/uploads\/2011\/09\/Klubi-i-Taekwondo-s\u00eb-Ulqini-_Taekwondo_Sarajevo-Hadzici-open-2011.2-150x150.jpg\" class=\"attachment-thumbnail size-thumbnail\" alt=\"\" loading=\"lazy\" \/><\/a>\n\t\t\t<\/dt><\/dl><br style=\"clear: both\" \/><dl class='gallery-item'>\n\t\t\t<dt class='gallery-icon landscape'>\n\t\t\t\t<a href='https:\/\/www.visit-ulcinj.com\/blog\/wp-content\/uploads\/2011\/09\/Klubi-i-Taekwondo-s\u00eb-Ulqini-_Taekwondo_Sarajevo-Hadzici-open-2011.3.jpg'><img width=\"150\" height=\"150\" src=\"https:\/\/www.visit-ulcinj.com\/blog\/wp-content\/uploads\/2011\/09\/Klubi-i-Taekwondo-s\u00eb-Ulqini-_Taekwondo_Sarajevo-Hadzici-open-2011.3-150x150.jpg\" class=\"attachment-thumbnail size-thumbnail\" alt=\"\" loading=\"lazy\" \/><\/a>\n\t\t\t<\/dt><\/dl><dl class='gallery-item'>\n\t\t\t<dt class='gallery-icon landscape'>\n\t\t\t\t<a href='https:\/\/www.visit-ulcinj.com\/blog\/wp-content\/uploads\/2011\/09\/Klubi-i-Taekwondo-s\u00eb-Ulqini-_Taekwondo_Sarajevo-Hadzici-open-2011.4.jpg'><img width=\"150\" height=\"150\" src=\"https:\/\/www.visit-ulcinj.com\/blog\/wp-content\/uploads\/2011\/09\/Klubi-i-Taekwondo-s\u00eb-Ulqini-_Taekwondo_Sarajevo-Hadzici-open-2011.4-150x150.jpg\" class=\"attachment-thumbnail size-thumbnail\" alt=\"\" loading=\"lazy\" \/><\/a>\n\t\t\t<\/dt><\/dl><dl class='gallery-item'>\n\t\t\t<dt class='gallery-icon landscape'>\n\t\t\t\t<a href='https:\/\/www.visit-ulcinj.com\/blog\/wp-content\/uploads\/2011\/09\/Klubi-i-Taekwondo-s\u00eb-Ulqini-_Taekwondo_Sarajevo-Hadzici-open-2011.5.jpg'><img width=\"150\" height=\"150\" src=\"https:\/\/www.visit-ulcinj.com\/blog\/wp-content\/uploads\/2011\/09\/Klubi-i-Taekwondo-s\u00eb-Ulqini-_Taekwondo_Sarajevo-Hadzici-open-2011.5-150x150.jpg\" class=\"attachment-thumbnail size-thumbnail\" alt=\"\" loading=\"lazy\" \/><\/a>\n\t\t\t<\/dt><\/dl><br style=\"clear: both\" \/><dl class='gallery-item'>\n\t\t\t<dt class='gallery-icon landscape'>\n\t\t\t\t<a href='https:\/\/www.visit-ulcinj.com\/blog\/wp-content\/uploads\/2011\/09\/Klubi-i-Taekwondo-s\u00eb-Ulqini-_Taekwondo_Sarajevo-Hadzici-open-2011.6.jpg'><img width=\"150\" height=\"150\" src=\"https:\/\/www.visit-ulcinj.com\/blog\/wp-content\/uploads\/2011\/09\/Klubi-i-Taekwondo-s\u00eb-Ulqini-_Taekwondo_Sarajevo-Hadzici-open-2011.6-150x150.jpg\" class=\"attachment-thumbnail size-thumbnail\" alt=\"\" loading=\"lazy\" \/><\/a>\n\t\t\t<\/dt><\/dl><dl class='gallery-item'>\n\t\t\t<dt class='gallery-icon landscape'>\n\t\t\t\t<a href='https:\/\/www.visit-ulcinj.com\/blog\/wp-content\/uploads\/2011\/09\/Klubi-i-Taekwondo-s\u00eb-Ulqini-_Taekwondo_Sarajevo-Hadzici-open-2011.7.jpg'><img width=\"150\" height=\"150\" src=\"https:\/\/www.visit-ulcinj.com\/blog\/wp-content\/uploads\/2011\/09\/Klubi-i-Taekwondo-s\u00eb-Ulqini-_Taekwondo_Sarajevo-Hadzici-open-2011.7-150x150.jpg\" class=\"attachment-thumbnail size-thumbnail\" alt=\"\" loading=\"lazy\" \/><\/a>\n\t\t\t<\/dt><\/dl>\n\t\t\t<br style='clear: both' \/>\n\t\t<\/div>\n<br \/>\n<\/strong><\/p>\n","protected":false},"excerpt":{"rendered":"<p>Taekwondo &#8220;Sarajevo Hadzici open 2011&#8221; T\u00eb shtunen me dat\u00eb 17.09.2011 ne Sarajev u mbajt turneu nd\u00ebrkomb\u00ebtar \u201cSarajevo Hadzici open 2011\u201d N\u00eb k\u00ebt\u00eb turne u paraqiten 5 shtete 23 klube me 340 garues. Klubi i Taekwondo-s\u00eb Ulqini u paraqit\u00eb me 16 garues, suksesi i klubit t\u00eb Taekwondo-s\u00eb Ulqini n\u00eb k\u00ebt\u00eb turne ishte gjithsejt\u00eb 12 medalje t\u00eb [&hellip;]<\/p>\n","protected":false},"author":1,"featured_media":0,"comment_status":"open","ping_status":"closed","sticky":false,"template":"","format":"standard","meta":{"spay_email":"","jetpack_publicize_message":"","jetpack_is_tweetstorm":false,"jetpack_publicize_feature_enabled":true},"categories":[3],"tags":[12912,10289,10288,6336,10294,19107,200,18],"jetpack_publicize_connections":[],"yoast_head":"<!-- This site is optimized with the Yoast SEO plugin v19.1 - https:\/\/yoast.com\/wordpress\/plugins\/seo\/ -->\n<title>Edina Kraja shpallet garuesja m\u00eb e mir\u00eb e turneut &quot;Hadzici open 2011&quot; - Lajme nga Ulqini<\/title>\n<meta name=\"description\" content=\"Taekwondo &quot;Sarajevo Hadzici open 2011&quot; T\u00eb shtunen me dat\u00eb 17.09.2011 ne Sarajev u mbajt turneu nd\u00ebrkomb\u00ebtar \u201cSarajevo Hadzici open 2011\u201d N\u00eb k\u00ebt\u00eb turne u\" \/>\n<meta name=\"robots\" content=\"index, follow, max-snippet:-1, max-image-preview:large, max-video-preview:-1\" \/>\n<link rel=\"canonical\" href=\"https:\/\/www.visit-ulcinj.com\/blog\/2011\/09\/18\/edina-kraja-shpallet-garuesja-me-e-mire-e-turneut-hadzici-open-2011\/\" \/>\n<meta property=\"og:locale\" content=\"en_US\" \/>\n<meta property=\"og:type\" content=\"article\" \/>\n<meta property=\"og:title\" content=\"Edina Kraja shpallet garuesja m\u00eb e mir\u00eb e turneut &quot;Hadzici open 2011&quot; - Lajme nga Ulqini\" \/>\n<meta property=\"og:description\" content=\"Taekwondo &quot;Sarajevo Hadzici open 2011&quot; T\u00eb shtunen me dat\u00eb 17.09.2011 ne Sarajev u mbajt turneu nd\u00ebrkomb\u00ebtar \u201cSarajevo Hadzici open 2011\u201d N\u00eb k\u00ebt\u00eb turne u\" \/>\n<meta property=\"og:url\" content=\"https:\/\/www.visit-ulcinj.com\/blog\/2011\/09\/18\/edina-kraja-shpallet-garuesja-me-e-mire-e-turneut-hadzici-open-2011\/\" \/>\n<meta property=\"og:site_name\" content=\"Lajme nga Ulqini\" \/>\n<meta property=\"article:published_time\" content=\"2011-09-18T14:18:46+00:00\" \/>\n<meta property=\"article:modified_time\" content=\"2011-09-18T17:23:43+00:00\" \/>\n<meta property=\"og:image\" content=\"https:\/\/www.visit-ulcinj.com\/blog\/wp-content\/uploads\/2011\/09\/Klubi-i-Taekwondo-s\u00eb-Ulqini-_Taekwondo_Sarajevo-Hadzici-open-2011-150x150.jpg\" \/>\n<meta name=\"twitter:label1\" content=\"Written by\" \/>\n\t<meta name=\"twitter:data1\" content=\"ulqini\" \/>\n\t<meta name=\"twitter:label2\" content=\"Est. reading time\" \/>\n\t<meta name=\"twitter:data2\" content=\"1 minute\" \/>\n<script type=\"application\/ld+json\" class=\"yoast-schema-graph\">{\"@context\":\"https:\/\/schema.org\",\"@graph\":[{\"@type\":\"WebSite\",\"@id\":\"https:\/\/www.visit-ulcinj.com\/blog\/#website\",\"url\":\"https:\/\/www.visit-ulcinj.com\/blog\/\",\"name\":\"Lajme nga Ulqini\",\"description\":\"Lajme,Vijesti,Ulqini,Ulqin,Crna Gora,Mali i Zi\",\"potentialAction\":[{\"@type\":\"SearchAction\",\"target\":{\"@type\":\"EntryPoint\",\"urlTemplate\":\"https:\/\/www.visit-ulcinj.com\/blog\/?s={search_term_string}\"},\"query-input\":\"required name=search_term_string\"}],\"inLanguage\":\"en-US\"},{\"@type\":\"ImageObject\",\"inLanguage\":\"en-US\",\"@id\":\"https:\/\/www.visit-ulcinj.com\/blog\/2011\/09\/18\/edina-kraja-shpallet-garuesja-me-e-mire-e-turneut-hadzici-open-2011\/#primaryimage\",\"url\":\"http:\/\/www.visit-ulcinj.com\/blog\/wp-content\/uploads\/2011\/09\/Klubi-i-Taekwondo-s%C3%AB-Ulqini-_Taekwondo_Sarajevo-Hadzici-open-2011.jpg\",\"contentUrl\":\"http:\/\/www.visit-ulcinj.com\/blog\/wp-content\/uploads\/2011\/09\/Klubi-i-Taekwondo-s%C3%AB-Ulqini-_Taekwondo_Sarajevo-Hadzici-open-2011.jpg\"},{\"@type\":\"WebPage\",\"@id\":\"https:\/\/www.visit-ulcinj.com\/blog\/2011\/09\/18\/edina-kraja-shpallet-garuesja-me-e-mire-e-turneut-hadzici-open-2011\/#webpage\",\"url\":\"https:\/\/www.visit-ulcinj.com\/blog\/2011\/09\/18\/edina-kraja-shpallet-garuesja-me-e-mire-e-turneut-hadzici-open-2011\/\",\"name\":\"Edina Kraja shpallet garuesja m\u00eb e mir\u00eb e turneut \\\"Hadzici open 2011\\\" - Lajme nga Ulqini\",\"isPartOf\":{\"@id\":\"https:\/\/www.visit-ulcinj.com\/blog\/#website\"},\"primaryImageOfPage\":{\"@id\":\"https:\/\/www.visit-ulcinj.com\/blog\/2011\/09\/18\/edina-kraja-shpallet-garuesja-me-e-mire-e-turneut-hadzici-open-2011\/#primaryimage\"},\"datePublished\":\"2011-09-18T14:18:46+00:00\",\"dateModified\":\"2011-09-18T17:23:43+00:00\",\"author\":{\"@id\":\"https:\/\/www.visit-ulcinj.com\/blog\/#\/schema\/person\/dcab619c614d3038751c63bc2aadc06d\"},\"description\":\"Taekwondo \\\"Sarajevo Hadzici open 2011\\\" T\u00eb shtunen me dat\u00eb 17.09.2011 ne Sarajev u mbajt turneu nd\u00ebrkomb\u00ebtar \u201cSarajevo Hadzici open 2011\u201d N\u00eb k\u00ebt\u00eb turne u\",\"breadcrumb\":{\"@id\":\"https:\/\/www.visit-ulcinj.com\/blog\/2011\/09\/18\/edina-kraja-shpallet-garuesja-me-e-mire-e-turneut-hadzici-open-2011\/#breadcrumb\"},\"inLanguage\":\"en-US\",\"potentialAction\":[{\"@type\":\"ReadAction\",\"target\":[\"https:\/\/www.visit-ulcinj.com\/blog\/2011\/09\/18\/edina-kraja-shpallet-garuesja-me-e-mire-e-turneut-hadzici-open-2011\/\"]}]},{\"@type\":\"BreadcrumbList\",\"@id\":\"https:\/\/www.visit-ulcinj.com\/blog\/2011\/09\/18\/edina-kraja-shpallet-garuesja-me-e-mire-e-turneut-hadzici-open-2011\/#breadcrumb\",\"itemListElement\":[{\"@type\":\"ListItem\",\"position\":1,\"name\":\"Edina Kraja shpallet garuesja m\u00eb e mir\u00eb e turneut &#8220;Hadzici open 2011&#8221;\"}]},{\"@type\":\"Person\",\"@id\":\"https:\/\/www.visit-ulcinj.com\/blog\/#\/schema\/person\/dcab619c614d3038751c63bc2aadc06d\",\"name\":\"ulqini\",\"sameAs\":[\"http:\/\/www.visit-ulcinj.com\"],\"url\":\"https:\/\/www.visit-ulcinj.com\/blog\/author\/admin\/\"}]}<\/script>\n<!-- \/ Yoast SEO plugin. -->","yoast_head_json":{"title":"Edina Kraja shpallet garuesja m\u00eb e mir\u00eb e turneut \"Hadzici open 2011\" - Lajme nga Ulqini","description":"Taekwondo \"Sarajevo Hadzici open 2011\" T\u00eb shtunen me dat\u00eb 17.09.2011 ne Sarajev u mbajt turneu nd\u00ebrkomb\u00ebtar \u201cSarajevo Hadzici open 2011\u201d N\u00eb k\u00ebt\u00eb turne u","robots":{"index":"index","follow":"follow","max-snippet":"max-snippet:-1","max-image-preview":"max-image-preview:large","max-video-preview":"max-video-preview:-1"},"canonical":"https:\/\/www.visit-ulcinj.com\/blog\/2011\/09\/18\/edina-kraja-shpallet-garuesja-me-e-mire-e-turneut-hadzici-open-2011\/","og_locale":"en_US","og_type":"article","og_title":"Edina Kraja shpallet garuesja m\u00eb e mir\u00eb e turneut \"Hadzici open 2011\" - Lajme nga Ulqini","og_description":"Taekwondo \"Sarajevo Hadzici open 2011\" T\u00eb shtunen me dat\u00eb 17.09.2011 ne Sarajev u mbajt turneu nd\u00ebrkomb\u00ebtar \u201cSarajevo Hadzici open 2011\u201d N\u00eb k\u00ebt\u00eb turne u","og_url":"https:\/\/www.visit-ulcinj.com\/blog\/2011\/09\/18\/edina-kraja-shpallet-garuesja-me-e-mire-e-turneut-hadzici-open-2011\/","og_site_name":"Lajme nga Ulqini","article_published_time":"2011-09-18T14:18:46+00:00","article_modified_time":"2011-09-18T17:23:43+00:00","og_image":[{"url":"https:\/\/www.visit-ulcinj.com\/blog\/wp-content\/uploads\/2011\/09\/Klubi-i-Taekwondo-s\u00eb-Ulqini-_Taekwondo_Sarajevo-Hadzici-open-2011-150x150.jpg"}],"twitter_misc":{"Written by":"ulqini","Est. reading time":"1 minute"},"schema":{"@context":"https:\/\/schema.org","@graph":[{"@type":"WebSite","@id":"https:\/\/www.visit-ulcinj.com\/blog\/#website","url":"https:\/\/www.visit-ulcinj.com\/blog\/","name":"Lajme nga Ulqini","description":"Lajme,Vijesti,Ulqini,Ulqin,Crna Gora,Mali i Zi","potentialAction":[{"@type":"SearchAction","target":{"@type":"EntryPoint","urlTemplate":"https:\/\/www.visit-ulcinj.com\/blog\/?s={search_term_string}"},"query-input":"required name=search_term_string"}],"inLanguage":"en-US"},{"@type":"ImageObject","inLanguage":"en-US","@id":"https:\/\/www.visit-ulcinj.com\/blog\/2011\/09\/18\/edina-kraja-shpallet-garuesja-me-e-mire-e-turneut-hadzici-open-2011\/#primaryimage","url":"http:\/\/www.visit-ulcinj.com\/blog\/wp-content\/uploads\/2011\/09\/Klubi-i-Taekwondo-s%C3%AB-Ulqini-_Taekwondo_Sarajevo-Hadzici-open-2011.jpg","contentUrl":"http:\/\/www.visit-ulcinj.com\/blog\/wp-content\/uploads\/2011\/09\/Klubi-i-Taekwondo-s%C3%AB-Ulqini-_Taekwondo_Sarajevo-Hadzici-open-2011.jpg"},{"@type":"WebPage","@id":"https:\/\/www.visit-ulcinj.com\/blog\/2011\/09\/18\/edina-kraja-shpallet-garuesja-me-e-mire-e-turneut-hadzici-open-2011\/#webpage","url":"https:\/\/www.visit-ulcinj.com\/blog\/2011\/09\/18\/edina-kraja-shpallet-garuesja-me-e-mire-e-turneut-hadzici-open-2011\/","name":"Edina Kraja shpallet garuesja m\u00eb e mir\u00eb e turneut \"Hadzici open 2011\" - Lajme nga Ulqini","isPartOf":{"@id":"https:\/\/www.visit-ulcinj.com\/blog\/#website"},"primaryImageOfPage":{"@id":"https:\/\/www.visit-ulcinj.com\/blog\/2011\/09\/18\/edina-kraja-shpallet-garuesja-me-e-mire-e-turneut-hadzici-open-2011\/#primaryimage"},"datePublished":"2011-09-18T14:18:46+00:00","dateModified":"2011-09-18T17:23:43+00:00","author":{"@id":"https:\/\/www.visit-ulcinj.com\/blog\/#\/schema\/person\/dcab619c614d3038751c63bc2aadc06d"},"description":"Taekwondo \"Sarajevo Hadzici open 2011\" T\u00eb shtunen me dat\u00eb 17.09.2011 ne Sarajev u mbajt turneu nd\u00ebrkomb\u00ebtar \u201cSarajevo Hadzici open 2011\u201d N\u00eb k\u00ebt\u00eb turne u","breadcrumb":{"@id":"https:\/\/www.visit-ulcinj.com\/blog\/2011\/09\/18\/edina-kraja-shpallet-garuesja-me-e-mire-e-turneut-hadzici-open-2011\/#breadcrumb"},"inLanguage":"en-US","potentialAction":[{"@type":"ReadAction","target":["https:\/\/www.visit-ulcinj.com\/blog\/2011\/09\/18\/edina-kraja-shpallet-garuesja-me-e-mire-e-turneut-hadzici-open-2011\/"]}]},{"@type":"BreadcrumbList","@id":"https:\/\/www.visit-ulcinj.com\/blog\/2011\/09\/18\/edina-kraja-shpallet-garuesja-me-e-mire-e-turneut-hadzici-open-2011\/#breadcrumb","itemListElement":[{"@type":"ListItem","position":1,"name":"Edina Kraja shpallet garuesja m\u00eb e mir\u00eb e turneut &#8220;Hadzici open 2011&#8221;"}]},{"@type":"Person","@id":"https:\/\/www.visit-ulcinj.com\/blog\/#\/schema\/person\/dcab619c614d3038751c63bc2aadc06d","name":"ulqini","sameAs":["http:\/\/www.visit-ulcinj.com"],"url":"https:\/\/www.visit-ulcinj.com\/blog\/author\/admin\/"}]}},"jetpack_featured_media_url":"","jetpack_sharing_enabled":true,"jetpack_shortlink":"https:\/\/wp.me\/pe6lTn-dif","_links":{"self":[{"href":"https:\/\/www.visit-ulcinj.com\/blog\/wp-json\/wp\/v2\/posts\/51103"}],"collection":[{"href":"https:\/\/www.visit-ulcinj.com\/blog\/wp-json\/wp\/v2\/posts"}],"about":[{"href":"https:\/\/www.visit-ulcinj.com\/blog\/wp-json\/wp\/v2\/types\/post"}],"author":[{"embeddable":true,"href":"https:\/\/www.visit-ulcinj.com\/blog\/wp-json\/wp\/v2\/users\/1"}],"replies":[{"embeddable":true,"href":"https:\/\/www.visit-ulcinj.com\/blog\/wp-json\/wp\/v2\/comments?post=51103"}],"version-history":[{"count":4,"href":"https:\/\/www.visit-ulcinj.com\/blog\/wp-json\/wp\/v2\/posts\/51103\/revisions"}],"predecessor-version":[{"id":51117,"href":"https:\/\/www.visit-ulcinj.com\/blog\/wp-json\/wp\/v2\/posts\/51103\/revisions\/51117"}],"wp:attachment":[{"href":"https:\/\/www.visit-ulcinj.com\/blog\/wp-json\/wp\/v2\/media?parent=51103"}],"wp:term":[{"taxonomy":"category","embeddable":true,"href":"https:\/\/www.visit-ulcinj.com\/blog\/wp-json\/wp\/v2\/categories?post=51103"},{"taxonomy":"post_tag","embeddable":true,"href":"https:\/\/www.visit-ulcinj.com\/blog\/wp-json\/wp\/v2\/tags?post=51103"}],"curies":[{"name":"wp","href":"https:\/\/api.w.org\/{rel}","templated":true}]}}