{"id":51127,"date":"2011-09-20T15:18:34","date_gmt":"2011-09-20T14:18:34","guid":{"rendered":"http:\/\/www.visit-ulcinj.com\/blog\/?p=51127"},"modified":"2011-09-20T15:18:34","modified_gmt":"2011-09-20T14:18:34","slug":"valdanosi-serisht-deshtoi-ne-tender","status":"publish","type":"post","link":"https:\/\/www.visit-ulcinj.com\/blog\/2011\/09\/20\/valdanosi-serisht-deshtoi-ne-tender\/","title":{"rendered":"Valdanosi s\u00ebrisht d\u00ebshtoi n\u00eb tender"},"content":{"rendered":"<p><a href=\"http:\/\/www.visit-ulcinj.com\/blog\/wp-content\/uploads\/2011\/09\/Valdanosi-s%C3%ABrisht-d%C3%ABshtoi-n%C3%AB-tender.jpg\"><img loading=\"lazy\" class=\"alignleft size-full wp-image-51128\" title=\"Valdanosi s\u00ebrisht d\u00ebshtoi n\u00eb tender\" src=\"http:\/\/www.visit-ulcinj.com\/blog\/wp-content\/uploads\/2011\/09\/Valdanosi-s%C3%ABrisht-d%C3%ABshtoi-n%C3%AB-tender.jpg\" alt=\"\" width=\"508\" height=\"380\" \/><\/a>N\u00eb tenderin p\u00ebr valorizimin e Valdanos nuk \u00ebsht\u00eb paraqitur asnj\u00eb kompani, njoftoi agjencioni Mina.<\/p>\n<p>Ofertat jan\u00eb mundur t\u00eb dor\u00ebzohen deri dje n\u00eb ora 16.<\/p>\n<p>N\u00eb tenderin kan\u00eb mundur t\u00eb paraqiten kompanit\u00eb ose konsorciumet q\u00eb m\u00eb par\u00eb kan\u00eb bler\u00eb dokumentet e tenderit,t\u00eb cilat kushtonin 20.000 \u20ac dhe do t\u00eb n\u00ebnshkruanin nj\u00eb deklarat\u00eb t\u00eb konfidencialitetit.<\/p>\n<p>N\u00eb tender, nd\u00ebr t\u00eb tjera mund t\u00eb merrnin pjes\u00eb kompani q\u00eb\u00a0 ka aft\u00ebsin\u00eb financiare dhe parat\u00eb e nevojshme p\u00ebr projektin. Ofertuesi duhet t\u00eb tregonte se n\u00eb vitin e fundit ka xhiro totale prej 100 milion\u00eb euro.<br \/>\nOfertuesi, nd\u00ebr t\u00eb tjera, pritej t\u00eb propozonte struktur\u00ebn dhe shum\u00ebn e qiras\u00eb vjetore, me nj\u00eb sasi t\u00eb garantuar q\u00eb nuk do t\u00eb ishte m\u00eb pak se 20 cent p\u00ebr met\u00ebr katror.<\/p>\n<p>K\u00ebshilli p\u00ebr privatizim shpalli tenderin\u00a0 e dyt\u00eb m\u00eb 21 qershor t\u00eb k\u00ebtij viti p\u00ebr dh\u00ebnie me qira afatgjate t\u00eb Valdanosit p\u00ebr 30 vjet me mund\u00ebsi vazhdimi.<\/p>\n<p><strong>Ulqini Online<br \/>\n<!--YouTube Error: bad URL entered--><br \/>\n<\/strong><\/p>\n","protected":false},"excerpt":{"rendered":"<p>N\u00eb tenderin p\u00ebr valorizimin e Valdanos nuk \u00ebsht\u00eb paraqitur asnj\u00eb kompani, njoftoi agjencioni Mina. Ofertat jan\u00eb mundur t\u00eb dor\u00ebzohen deri dje n\u00eb ora 16. N\u00eb tenderin kan\u00eb mundur t\u00eb paraqiten kompanit\u00eb ose konsorciumet q\u00eb m\u00eb par\u00eb kan\u00eb bler\u00eb dokumentet e tenderit,t\u00eb cilat kushtonin 20.000 \u20ac dhe do t\u00eb n\u00ebnshkruanin nj\u00eb deklarat\u00eb t\u00eb konfidencialitetit. N\u00eb tender, [&hellip;]<\/p>\n","protected":false},"author":1,"featured_media":0,"comment_status":"open","ping_status":"closed","sticky":false,"template":"","format":"standard","meta":{"spay_email":"","jetpack_publicize_message":"","jetpack_is_tweetstorm":false,"jetpack_publicize_feature_enabled":true},"categories":[12],"tags":[5325,19110,200,136],"jetpack_publicize_connections":[],"yoast_head":"<!-- This site is optimized with the Yoast SEO plugin v19.1 - https:\/\/yoast.com\/wordpress\/plugins\/seo\/ -->\n<title>Valdanosi s\u00ebrisht d\u00ebshtoi n\u00eb tender - Lajme nga Ulqini<\/title>\n<meta name=\"description\" content=\"N\u00eb tenderin p\u00ebr valorizimin e Valdanos nuk \u00ebsht\u00eb paraqitur asnj\u00eb kompani, njoftoi agjencioni Mina. Ofertat jan\u00eb mundur t\u00eb dor\u00ebzohen deri dje n\u00eb ora 16. N\u00eb\" \/>\n<meta name=\"robots\" content=\"index, follow, max-snippet:-1, max-image-preview:large, max-video-preview:-1\" \/>\n<link rel=\"canonical\" href=\"https:\/\/www.visit-ulcinj.com\/blog\/2011\/09\/20\/valdanosi-serisht-deshtoi-ne-tender\/\" \/>\n<meta property=\"og:locale\" content=\"en_US\" \/>\n<meta property=\"og:type\" content=\"article\" \/>\n<meta property=\"og:title\" content=\"Valdanosi s\u00ebrisht d\u00ebshtoi n\u00eb tender - Lajme nga Ulqini\" \/>\n<meta property=\"og:description\" content=\"N\u00eb tenderin p\u00ebr valorizimin e Valdanos nuk \u00ebsht\u00eb paraqitur asnj\u00eb kompani, njoftoi agjencioni Mina. Ofertat jan\u00eb mundur t\u00eb dor\u00ebzohen deri dje n\u00eb ora 16. N\u00eb\" \/>\n<meta property=\"og:url\" content=\"https:\/\/www.visit-ulcinj.com\/blog\/2011\/09\/20\/valdanosi-serisht-deshtoi-ne-tender\/\" \/>\n<meta property=\"og:site_name\" content=\"Lajme nga Ulqini\" \/>\n<meta property=\"article:published_time\" content=\"2011-09-20T14:18:34+00:00\" \/>\n<meta property=\"og:image\" content=\"http:\/\/www.visit-ulcinj.com\/blog\/wp-content\/uploads\/2011\/09\/Valdanosi-s%C3%ABrisht-d%C3%ABshtoi-n%C3%AB-tender.jpg\" \/>\n<meta name=\"twitter:label1\" content=\"Written by\" \/>\n\t<meta name=\"twitter:data1\" content=\"ulqini\" \/>\n\t<meta name=\"twitter:label2\" content=\"Est. reading time\" \/>\n\t<meta name=\"twitter:data2\" content=\"1 minute\" \/>\n<script type=\"application\/ld+json\" class=\"yoast-schema-graph\">{\"@context\":\"https:\/\/schema.org\",\"@graph\":[{\"@type\":\"WebSite\",\"@id\":\"https:\/\/www.visit-ulcinj.com\/blog\/#website\",\"url\":\"https:\/\/www.visit-ulcinj.com\/blog\/\",\"name\":\"Lajme nga Ulqini\",\"description\":\"Lajme,Vijesti,Ulqini,Ulqin,Crna Gora,Mali i Zi\",\"potentialAction\":[{\"@type\":\"SearchAction\",\"target\":{\"@type\":\"EntryPoint\",\"urlTemplate\":\"https:\/\/www.visit-ulcinj.com\/blog\/?s={search_term_string}\"},\"query-input\":\"required name=search_term_string\"}],\"inLanguage\":\"en-US\"},{\"@type\":\"ImageObject\",\"inLanguage\":\"en-US\",\"@id\":\"https:\/\/www.visit-ulcinj.com\/blog\/2011\/09\/20\/valdanosi-serisht-deshtoi-ne-tender\/#primaryimage\",\"url\":\"http:\/\/www.visit-ulcinj.com\/blog\/wp-content\/uploads\/2011\/09\/Valdanosi-s%C3%ABrisht-d%C3%ABshtoi-n%C3%AB-tender.jpg\",\"contentUrl\":\"http:\/\/www.visit-ulcinj.com\/blog\/wp-content\/uploads\/2011\/09\/Valdanosi-s%C3%ABrisht-d%C3%ABshtoi-n%C3%AB-tender.jpg\"},{\"@type\":\"WebPage\",\"@id\":\"https:\/\/www.visit-ulcinj.com\/blog\/2011\/09\/20\/valdanosi-serisht-deshtoi-ne-tender\/#webpage\",\"url\":\"https:\/\/www.visit-ulcinj.com\/blog\/2011\/09\/20\/valdanosi-serisht-deshtoi-ne-tender\/\",\"name\":\"Valdanosi s\u00ebrisht d\u00ebshtoi n\u00eb tender - Lajme nga Ulqini\",\"isPartOf\":{\"@id\":\"https:\/\/www.visit-ulcinj.com\/blog\/#website\"},\"primaryImageOfPage\":{\"@id\":\"https:\/\/www.visit-ulcinj.com\/blog\/2011\/09\/20\/valdanosi-serisht-deshtoi-ne-tender\/#primaryimage\"},\"datePublished\":\"2011-09-20T14:18:34+00:00\",\"dateModified\":\"2011-09-20T14:18:34+00:00\",\"author\":{\"@id\":\"https:\/\/www.visit-ulcinj.com\/blog\/#\/schema\/person\/dcab619c614d3038751c63bc2aadc06d\"},\"description\":\"N\u00eb tenderin p\u00ebr valorizimin e Valdanos nuk \u00ebsht\u00eb paraqitur asnj\u00eb kompani, njoftoi agjencioni Mina. Ofertat jan\u00eb mundur t\u00eb dor\u00ebzohen deri dje n\u00eb ora 16. N\u00eb\",\"breadcrumb\":{\"@id\":\"https:\/\/www.visit-ulcinj.com\/blog\/2011\/09\/20\/valdanosi-serisht-deshtoi-ne-tender\/#breadcrumb\"},\"inLanguage\":\"en-US\",\"potentialAction\":[{\"@type\":\"ReadAction\",\"target\":[\"https:\/\/www.visit-ulcinj.com\/blog\/2011\/09\/20\/valdanosi-serisht-deshtoi-ne-tender\/\"]}]},{\"@type\":\"BreadcrumbList\",\"@id\":\"https:\/\/www.visit-ulcinj.com\/blog\/2011\/09\/20\/valdanosi-serisht-deshtoi-ne-tender\/#breadcrumb\",\"itemListElement\":[{\"@type\":\"ListItem\",\"position\":1,\"name\":\"Valdanosi s\u00ebrisht d\u00ebshtoi n\u00eb tender\"}]},{\"@type\":\"Person\",\"@id\":\"https:\/\/www.visit-ulcinj.com\/blog\/#\/schema\/person\/dcab619c614d3038751c63bc2aadc06d\",\"name\":\"ulqini\",\"sameAs\":[\"http:\/\/www.visit-ulcinj.com\"],\"url\":\"https:\/\/www.visit-ulcinj.com\/blog\/author\/admin\/\"}]}<\/script>\n<!-- \/ Yoast SEO plugin. -->","yoast_head_json":{"title":"Valdanosi s\u00ebrisht d\u00ebshtoi n\u00eb tender - Lajme nga Ulqini","description":"N\u00eb tenderin p\u00ebr valorizimin e Valdanos nuk \u00ebsht\u00eb paraqitur asnj\u00eb kompani, njoftoi agjencioni Mina. Ofertat jan\u00eb mundur t\u00eb dor\u00ebzohen deri dje n\u00eb ora 16. N\u00eb","robots":{"index":"index","follow":"follow","max-snippet":"max-snippet:-1","max-image-preview":"max-image-preview:large","max-video-preview":"max-video-preview:-1"},"canonical":"https:\/\/www.visit-ulcinj.com\/blog\/2011\/09\/20\/valdanosi-serisht-deshtoi-ne-tender\/","og_locale":"en_US","og_type":"article","og_title":"Valdanosi s\u00ebrisht d\u00ebshtoi n\u00eb tender - Lajme nga Ulqini","og_description":"N\u00eb tenderin p\u00ebr valorizimin e Valdanos nuk \u00ebsht\u00eb paraqitur asnj\u00eb kompani, njoftoi agjencioni Mina. Ofertat jan\u00eb mundur t\u00eb dor\u00ebzohen deri dje n\u00eb ora 16. N\u00eb","og_url":"https:\/\/www.visit-ulcinj.com\/blog\/2011\/09\/20\/valdanosi-serisht-deshtoi-ne-tender\/","og_site_name":"Lajme nga Ulqini","article_published_time":"2011-09-20T14:18:34+00:00","og_image":[{"url":"http:\/\/www.visit-ulcinj.com\/blog\/wp-content\/uploads\/2011\/09\/Valdanosi-s%C3%ABrisht-d%C3%ABshtoi-n%C3%AB-tender.jpg"}],"twitter_misc":{"Written by":"ulqini","Est. reading time":"1 minute"},"schema":{"@context":"https:\/\/schema.org","@graph":[{"@type":"WebSite","@id":"https:\/\/www.visit-ulcinj.com\/blog\/#website","url":"https:\/\/www.visit-ulcinj.com\/blog\/","name":"Lajme nga Ulqini","description":"Lajme,Vijesti,Ulqini,Ulqin,Crna Gora,Mali i Zi","potentialAction":[{"@type":"SearchAction","target":{"@type":"EntryPoint","urlTemplate":"https:\/\/www.visit-ulcinj.com\/blog\/?s={search_term_string}"},"query-input":"required name=search_term_string"}],"inLanguage":"en-US"},{"@type":"ImageObject","inLanguage":"en-US","@id":"https:\/\/www.visit-ulcinj.com\/blog\/2011\/09\/20\/valdanosi-serisht-deshtoi-ne-tender\/#primaryimage","url":"http:\/\/www.visit-ulcinj.com\/blog\/wp-content\/uploads\/2011\/09\/Valdanosi-s%C3%ABrisht-d%C3%ABshtoi-n%C3%AB-tender.jpg","contentUrl":"http:\/\/www.visit-ulcinj.com\/blog\/wp-content\/uploads\/2011\/09\/Valdanosi-s%C3%ABrisht-d%C3%ABshtoi-n%C3%AB-tender.jpg"},{"@type":"WebPage","@id":"https:\/\/www.visit-ulcinj.com\/blog\/2011\/09\/20\/valdanosi-serisht-deshtoi-ne-tender\/#webpage","url":"https:\/\/www.visit-ulcinj.com\/blog\/2011\/09\/20\/valdanosi-serisht-deshtoi-ne-tender\/","name":"Valdanosi s\u00ebrisht d\u00ebshtoi n\u00eb tender - Lajme nga Ulqini","isPartOf":{"@id":"https:\/\/www.visit-ulcinj.com\/blog\/#website"},"primaryImageOfPage":{"@id":"https:\/\/www.visit-ulcinj.com\/blog\/2011\/09\/20\/valdanosi-serisht-deshtoi-ne-tender\/#primaryimage"},"datePublished":"2011-09-20T14:18:34+00:00","dateModified":"2011-09-20T14:18:34+00:00","author":{"@id":"https:\/\/www.visit-ulcinj.com\/blog\/#\/schema\/person\/dcab619c614d3038751c63bc2aadc06d"},"description":"N\u00eb tenderin p\u00ebr valorizimin e Valdanos nuk \u00ebsht\u00eb paraqitur asnj\u00eb kompani, njoftoi agjencioni Mina. Ofertat jan\u00eb mundur t\u00eb dor\u00ebzohen deri dje n\u00eb ora 16. N\u00eb","breadcrumb":{"@id":"https:\/\/www.visit-ulcinj.com\/blog\/2011\/09\/20\/valdanosi-serisht-deshtoi-ne-tender\/#breadcrumb"},"inLanguage":"en-US","potentialAction":[{"@type":"ReadAction","target":["https:\/\/www.visit-ulcinj.com\/blog\/2011\/09\/20\/valdanosi-serisht-deshtoi-ne-tender\/"]}]},{"@type":"BreadcrumbList","@id":"https:\/\/www.visit-ulcinj.com\/blog\/2011\/09\/20\/valdanosi-serisht-deshtoi-ne-tender\/#breadcrumb","itemListElement":[{"@type":"ListItem","position":1,"name":"Valdanosi s\u00ebrisht d\u00ebshtoi n\u00eb tender"}]},{"@type":"Person","@id":"https:\/\/www.visit-ulcinj.com\/blog\/#\/schema\/person\/dcab619c614d3038751c63bc2aadc06d","name":"ulqini","sameAs":["http:\/\/www.visit-ulcinj.com"],"url":"https:\/\/www.visit-ulcinj.com\/blog\/author\/admin\/"}]}},"jetpack_featured_media_url":"","jetpack_sharing_enabled":true,"jetpack_shortlink":"https:\/\/wp.me\/pe6lTn-diD","_links":{"self":[{"href":"https:\/\/www.visit-ulcinj.com\/blog\/wp-json\/wp\/v2\/posts\/51127"}],"collection":[{"href":"https:\/\/www.visit-ulcinj.com\/blog\/wp-json\/wp\/v2\/posts"}],"about":[{"href":"https:\/\/www.visit-ulcinj.com\/blog\/wp-json\/wp\/v2\/types\/post"}],"author":[{"embeddable":true,"href":"https:\/\/www.visit-ulcinj.com\/blog\/wp-json\/wp\/v2\/users\/1"}],"replies":[{"embeddable":true,"href":"https:\/\/www.visit-ulcinj.com\/blog\/wp-json\/wp\/v2\/comments?post=51127"}],"version-history":[{"count":1,"href":"https:\/\/www.visit-ulcinj.com\/blog\/wp-json\/wp\/v2\/posts\/51127\/revisions"}],"predecessor-version":[{"id":51129,"href":"https:\/\/www.visit-ulcinj.com\/blog\/wp-json\/wp\/v2\/posts\/51127\/revisions\/51129"}],"wp:attachment":[{"href":"https:\/\/www.visit-ulcinj.com\/blog\/wp-json\/wp\/v2\/media?parent=51127"}],"wp:term":[{"taxonomy":"category","embeddable":true,"href":"https:\/\/www.visit-ulcinj.com\/blog\/wp-json\/wp\/v2\/categories?post=51127"},{"taxonomy":"post_tag","embeddable":true,"href":"https:\/\/www.visit-ulcinj.com\/blog\/wp-json\/wp\/v2\/tags?post=51127"}],"curies":[{"name":"wp","href":"https:\/\/api.w.org\/{rel}","templated":true}]}}