{"id":51140,"date":"2011-09-20T18:54:04","date_gmt":"2011-09-20T17:54:04","guid":{"rendered":"http:\/\/www.visit-ulcinj.com\/blog\/?p=51140"},"modified":"2011-09-20T18:54:04","modified_gmt":"2011-09-20T17:54:04","slug":"ftese-per-zgjidhje-te-perbashket-per-zhvillim-te-qendrueshem","status":"publish","type":"post","link":"https:\/\/www.visit-ulcinj.com\/blog\/2011\/09\/20\/ftese-per-zgjidhje-te-perbashket-per-zhvillim-te-qendrueshem\/","title":{"rendered":"Ftes\u00eb p\u00ebr zgjidhje t\u00eb p\u00ebrbashk\u00ebt p\u00ebr zhvillim t\u00eb q\u00ebndruesh\u00ebm"},"content":{"rendered":"<p><a href=\"http:\/\/www.visit-ulcinj.com\/blog\/wp-content\/uploads\/2011\/09\/Tender-for-Ulcinj%E2%80%99s-bay-Valdanos-in-Montenegro-fail-again1.jpg\"><img loading=\"lazy\" class=\"alignleft size-full wp-image-51141\" title=\"Tender for Ulcinj\u2019s bay Valdanos in Montenegro fail again\" src=\"http:\/\/www.visit-ulcinj.com\/blog\/wp-content\/uploads\/2011\/09\/Tender-for-Ulcinj%E2%80%99s-bay-Valdanos-in-Montenegro-fail-again1.jpg\" alt=\"\" width=\"508\" height=\"380\" \/><\/a>Nj\u00eb grup i intelektual\u00ebve ulqinak\u00eb, i ekolog\u00ebve dhe aktivist\u00ebve joqeveritar\u00eb &#8220;Valdanos&#8221; i ftoi sot p\u00ebrfaq\u00ebsuesit e qeveris\u00eb dhe t\u00eb institucioneve lokale q\u00eb s\u00eb bashku ti qasemi gjetjes s\u00eb zgjidhjeve m\u00eb t\u00eb mira p\u00ebr mbrojtjen dhe valorizimin e Valdanosit me qellim q\u00eb atje t\u00eb zhvillohet nj\u00eb ekonomi ekologjike.<\/p>\n<p>Ata si grup i intelektual\u00ebve me p\u00ebrgjegj\u00ebsi, i ekolog\u00ebve dhe aktivist\u00ebve joqeveritar\u00eb, formuluan n\u00eb muajin prill bazat nism\u00ebtare p\u00ebr valorizimin e mundsh\u00ebm t\u00eb Valdanosit dhe propozuan formimin e qendr\u00ebs ekologjike nd\u00ebrkomb\u00ebtare &#8220;Valdanos&#8221;.<\/p>\n<p><strong>TVCG<\/strong><\/p>\n","protected":false},"excerpt":{"rendered":"<p>Nj\u00eb grup i intelektual\u00ebve ulqinak\u00eb, i ekolog\u00ebve dhe aktivist\u00ebve joqeveritar\u00eb &#8220;Valdanos&#8221; i ftoi sot p\u00ebrfaq\u00ebsuesit e qeveris\u00eb dhe t\u00eb institucioneve lokale q\u00eb s\u00eb bashku ti qasemi gjetjes s\u00eb zgjidhjeve m\u00eb t\u00eb mira p\u00ebr mbrojtjen dhe valorizimin e Valdanosit me qellim q\u00eb atje t\u00eb zhvillohet nj\u00eb ekonomi ekologjike. Ata si grup i intelektual\u00ebve me p\u00ebrgjegj\u00ebsi, i [&hellip;]<\/p>\n","protected":false},"author":1,"featured_media":0,"comment_status":"open","ping_status":"closed","sticky":false,"template":"","format":"standard","meta":{"spay_email":"","jetpack_publicize_message":"","jetpack_is_tweetstorm":false,"jetpack_publicize_feature_enabled":true},"categories":[12],"tags":[200,18,561],"jetpack_publicize_connections":[],"yoast_head":"<!-- This site is optimized with the Yoast SEO plugin v19.1 - https:\/\/yoast.com\/wordpress\/plugins\/seo\/ -->\n<title>Ftes\u00eb p\u00ebr zgjidhje t\u00eb p\u00ebrbashk\u00ebt p\u00ebr zhvillim t\u00eb q\u00ebndruesh\u00ebm - Lajme nga Ulqini<\/title>\n<meta name=\"description\" content=\"Nj\u00eb grup i intelektual\u00ebve ulqinak\u00eb, i ekolog\u00ebve dhe aktivist\u00ebve joqeveritar\u00eb &quot;Valdanos&quot; i ftoi sot p\u00ebrfaq\u00ebsuesit e qeveris\u00eb dhe t\u00eb institucioneve lokale\" \/>\n<meta name=\"robots\" content=\"index, follow, max-snippet:-1, max-image-preview:large, max-video-preview:-1\" \/>\n<link rel=\"canonical\" href=\"https:\/\/www.visit-ulcinj.com\/blog\/2011\/09\/20\/ftese-per-zgjidhje-te-perbashket-per-zhvillim-te-qendrueshem\/\" \/>\n<meta property=\"og:locale\" content=\"en_US\" \/>\n<meta property=\"og:type\" content=\"article\" \/>\n<meta property=\"og:title\" content=\"Ftes\u00eb p\u00ebr zgjidhje t\u00eb p\u00ebrbashk\u00ebt p\u00ebr zhvillim t\u00eb q\u00ebndruesh\u00ebm - Lajme nga Ulqini\" \/>\n<meta property=\"og:description\" content=\"Nj\u00eb grup i intelektual\u00ebve ulqinak\u00eb, i ekolog\u00ebve dhe aktivist\u00ebve joqeveritar\u00eb &quot;Valdanos&quot; i ftoi sot p\u00ebrfaq\u00ebsuesit e qeveris\u00eb dhe t\u00eb institucioneve lokale\" \/>\n<meta property=\"og:url\" content=\"https:\/\/www.visit-ulcinj.com\/blog\/2011\/09\/20\/ftese-per-zgjidhje-te-perbashket-per-zhvillim-te-qendrueshem\/\" \/>\n<meta property=\"og:site_name\" content=\"Lajme nga Ulqini\" \/>\n<meta property=\"article:published_time\" content=\"2011-09-20T17:54:04+00:00\" \/>\n<meta property=\"og:image\" content=\"http:\/\/www.visit-ulcinj.com\/blog\/wp-content\/uploads\/2011\/09\/Tender-for-Ulcinj%E2%80%99s-bay-Valdanos-in-Montenegro-fail-again1.jpg\" \/>\n<meta name=\"twitter:label1\" content=\"Written by\" \/>\n\t<meta name=\"twitter:data1\" content=\"ulqini\" \/>\n<script type=\"application\/ld+json\" class=\"yoast-schema-graph\">{\"@context\":\"https:\/\/schema.org\",\"@graph\":[{\"@type\":\"WebSite\",\"@id\":\"https:\/\/www.visit-ulcinj.com\/blog\/#website\",\"url\":\"https:\/\/www.visit-ulcinj.com\/blog\/\",\"name\":\"Lajme nga Ulqini\",\"description\":\"Lajme,Vijesti,Ulqini,Ulqin,Crna Gora,Mali i Zi\",\"potentialAction\":[{\"@type\":\"SearchAction\",\"target\":{\"@type\":\"EntryPoint\",\"urlTemplate\":\"https:\/\/www.visit-ulcinj.com\/blog\/?s={search_term_string}\"},\"query-input\":\"required name=search_term_string\"}],\"inLanguage\":\"en-US\"},{\"@type\":\"ImageObject\",\"inLanguage\":\"en-US\",\"@id\":\"https:\/\/www.visit-ulcinj.com\/blog\/2011\/09\/20\/ftese-per-zgjidhje-te-perbashket-per-zhvillim-te-qendrueshem\/#primaryimage\",\"url\":\"http:\/\/www.visit-ulcinj.com\/blog\/wp-content\/uploads\/2011\/09\/Tender-for-Ulcinj%E2%80%99s-bay-Valdanos-in-Montenegro-fail-again1.jpg\",\"contentUrl\":\"http:\/\/www.visit-ulcinj.com\/blog\/wp-content\/uploads\/2011\/09\/Tender-for-Ulcinj%E2%80%99s-bay-Valdanos-in-Montenegro-fail-again1.jpg\"},{\"@type\":\"WebPage\",\"@id\":\"https:\/\/www.visit-ulcinj.com\/blog\/2011\/09\/20\/ftese-per-zgjidhje-te-perbashket-per-zhvillim-te-qendrueshem\/#webpage\",\"url\":\"https:\/\/www.visit-ulcinj.com\/blog\/2011\/09\/20\/ftese-per-zgjidhje-te-perbashket-per-zhvillim-te-qendrueshem\/\",\"name\":\"Ftes\u00eb p\u00ebr zgjidhje t\u00eb p\u00ebrbashk\u00ebt p\u00ebr zhvillim t\u00eb q\u00ebndruesh\u00ebm - Lajme nga Ulqini\",\"isPartOf\":{\"@id\":\"https:\/\/www.visit-ulcinj.com\/blog\/#website\"},\"primaryImageOfPage\":{\"@id\":\"https:\/\/www.visit-ulcinj.com\/blog\/2011\/09\/20\/ftese-per-zgjidhje-te-perbashket-per-zhvillim-te-qendrueshem\/#primaryimage\"},\"datePublished\":\"2011-09-20T17:54:04+00:00\",\"dateModified\":\"2011-09-20T17:54:04+00:00\",\"author\":{\"@id\":\"https:\/\/www.visit-ulcinj.com\/blog\/#\/schema\/person\/dcab619c614d3038751c63bc2aadc06d\"},\"description\":\"Nj\u00eb grup i intelektual\u00ebve ulqinak\u00eb, i ekolog\u00ebve dhe aktivist\u00ebve joqeveritar\u00eb \\\"Valdanos\\\" i ftoi sot p\u00ebrfaq\u00ebsuesit e qeveris\u00eb dhe t\u00eb institucioneve lokale\",\"breadcrumb\":{\"@id\":\"https:\/\/www.visit-ulcinj.com\/blog\/2011\/09\/20\/ftese-per-zgjidhje-te-perbashket-per-zhvillim-te-qendrueshem\/#breadcrumb\"},\"inLanguage\":\"en-US\",\"potentialAction\":[{\"@type\":\"ReadAction\",\"target\":[\"https:\/\/www.visit-ulcinj.com\/blog\/2011\/09\/20\/ftese-per-zgjidhje-te-perbashket-per-zhvillim-te-qendrueshem\/\"]}]},{\"@type\":\"BreadcrumbList\",\"@id\":\"https:\/\/www.visit-ulcinj.com\/blog\/2011\/09\/20\/ftese-per-zgjidhje-te-perbashket-per-zhvillim-te-qendrueshem\/#breadcrumb\",\"itemListElement\":[{\"@type\":\"ListItem\",\"position\":1,\"name\":\"Ftes\u00eb p\u00ebr zgjidhje t\u00eb p\u00ebrbashk\u00ebt p\u00ebr zhvillim t\u00eb q\u00ebndruesh\u00ebm\"}]},{\"@type\":\"Person\",\"@id\":\"https:\/\/www.visit-ulcinj.com\/blog\/#\/schema\/person\/dcab619c614d3038751c63bc2aadc06d\",\"name\":\"ulqini\",\"sameAs\":[\"http:\/\/www.visit-ulcinj.com\"],\"url\":\"https:\/\/www.visit-ulcinj.com\/blog\/author\/admin\/\"}]}<\/script>\n<!-- \/ Yoast SEO plugin. -->","yoast_head_json":{"title":"Ftes\u00eb p\u00ebr zgjidhje t\u00eb p\u00ebrbashk\u00ebt p\u00ebr zhvillim t\u00eb q\u00ebndruesh\u00ebm - Lajme nga Ulqini","description":"Nj\u00eb grup i intelektual\u00ebve ulqinak\u00eb, i ekolog\u00ebve dhe aktivist\u00ebve joqeveritar\u00eb \"Valdanos\" i ftoi sot p\u00ebrfaq\u00ebsuesit e qeveris\u00eb dhe t\u00eb institucioneve lokale","robots":{"index":"index","follow":"follow","max-snippet":"max-snippet:-1","max-image-preview":"max-image-preview:large","max-video-preview":"max-video-preview:-1"},"canonical":"https:\/\/www.visit-ulcinj.com\/blog\/2011\/09\/20\/ftese-per-zgjidhje-te-perbashket-per-zhvillim-te-qendrueshem\/","og_locale":"en_US","og_type":"article","og_title":"Ftes\u00eb p\u00ebr zgjidhje t\u00eb p\u00ebrbashk\u00ebt p\u00ebr zhvillim t\u00eb q\u00ebndruesh\u00ebm - Lajme nga Ulqini","og_description":"Nj\u00eb grup i intelektual\u00ebve ulqinak\u00eb, i ekolog\u00ebve dhe aktivist\u00ebve joqeveritar\u00eb \"Valdanos\" i ftoi sot p\u00ebrfaq\u00ebsuesit e qeveris\u00eb dhe t\u00eb institucioneve lokale","og_url":"https:\/\/www.visit-ulcinj.com\/blog\/2011\/09\/20\/ftese-per-zgjidhje-te-perbashket-per-zhvillim-te-qendrueshem\/","og_site_name":"Lajme nga Ulqini","article_published_time":"2011-09-20T17:54:04+00:00","og_image":[{"url":"http:\/\/www.visit-ulcinj.com\/blog\/wp-content\/uploads\/2011\/09\/Tender-for-Ulcinj%E2%80%99s-bay-Valdanos-in-Montenegro-fail-again1.jpg"}],"twitter_misc":{"Written by":"ulqini"},"schema":{"@context":"https:\/\/schema.org","@graph":[{"@type":"WebSite","@id":"https:\/\/www.visit-ulcinj.com\/blog\/#website","url":"https:\/\/www.visit-ulcinj.com\/blog\/","name":"Lajme nga Ulqini","description":"Lajme,Vijesti,Ulqini,Ulqin,Crna Gora,Mali i Zi","potentialAction":[{"@type":"SearchAction","target":{"@type":"EntryPoint","urlTemplate":"https:\/\/www.visit-ulcinj.com\/blog\/?s={search_term_string}"},"query-input":"required name=search_term_string"}],"inLanguage":"en-US"},{"@type":"ImageObject","inLanguage":"en-US","@id":"https:\/\/www.visit-ulcinj.com\/blog\/2011\/09\/20\/ftese-per-zgjidhje-te-perbashket-per-zhvillim-te-qendrueshem\/#primaryimage","url":"http:\/\/www.visit-ulcinj.com\/blog\/wp-content\/uploads\/2011\/09\/Tender-for-Ulcinj%E2%80%99s-bay-Valdanos-in-Montenegro-fail-again1.jpg","contentUrl":"http:\/\/www.visit-ulcinj.com\/blog\/wp-content\/uploads\/2011\/09\/Tender-for-Ulcinj%E2%80%99s-bay-Valdanos-in-Montenegro-fail-again1.jpg"},{"@type":"WebPage","@id":"https:\/\/www.visit-ulcinj.com\/blog\/2011\/09\/20\/ftese-per-zgjidhje-te-perbashket-per-zhvillim-te-qendrueshem\/#webpage","url":"https:\/\/www.visit-ulcinj.com\/blog\/2011\/09\/20\/ftese-per-zgjidhje-te-perbashket-per-zhvillim-te-qendrueshem\/","name":"Ftes\u00eb p\u00ebr zgjidhje t\u00eb p\u00ebrbashk\u00ebt p\u00ebr zhvillim t\u00eb q\u00ebndruesh\u00ebm - Lajme nga Ulqini","isPartOf":{"@id":"https:\/\/www.visit-ulcinj.com\/blog\/#website"},"primaryImageOfPage":{"@id":"https:\/\/www.visit-ulcinj.com\/blog\/2011\/09\/20\/ftese-per-zgjidhje-te-perbashket-per-zhvillim-te-qendrueshem\/#primaryimage"},"datePublished":"2011-09-20T17:54:04+00:00","dateModified":"2011-09-20T17:54:04+00:00","author":{"@id":"https:\/\/www.visit-ulcinj.com\/blog\/#\/schema\/person\/dcab619c614d3038751c63bc2aadc06d"},"description":"Nj\u00eb grup i intelektual\u00ebve ulqinak\u00eb, i ekolog\u00ebve dhe aktivist\u00ebve joqeveritar\u00eb \"Valdanos\" i ftoi sot p\u00ebrfaq\u00ebsuesit e qeveris\u00eb dhe t\u00eb institucioneve lokale","breadcrumb":{"@id":"https:\/\/www.visit-ulcinj.com\/blog\/2011\/09\/20\/ftese-per-zgjidhje-te-perbashket-per-zhvillim-te-qendrueshem\/#breadcrumb"},"inLanguage":"en-US","potentialAction":[{"@type":"ReadAction","target":["https:\/\/www.visit-ulcinj.com\/blog\/2011\/09\/20\/ftese-per-zgjidhje-te-perbashket-per-zhvillim-te-qendrueshem\/"]}]},{"@type":"BreadcrumbList","@id":"https:\/\/www.visit-ulcinj.com\/blog\/2011\/09\/20\/ftese-per-zgjidhje-te-perbashket-per-zhvillim-te-qendrueshem\/#breadcrumb","itemListElement":[{"@type":"ListItem","position":1,"name":"Ftes\u00eb p\u00ebr zgjidhje t\u00eb p\u00ebrbashk\u00ebt p\u00ebr zhvillim t\u00eb q\u00ebndruesh\u00ebm"}]},{"@type":"Person","@id":"https:\/\/www.visit-ulcinj.com\/blog\/#\/schema\/person\/dcab619c614d3038751c63bc2aadc06d","name":"ulqini","sameAs":["http:\/\/www.visit-ulcinj.com"],"url":"https:\/\/www.visit-ulcinj.com\/blog\/author\/admin\/"}]}},"jetpack_featured_media_url":"","jetpack_sharing_enabled":true,"jetpack_shortlink":"https:\/\/wp.me\/pe6lTn-diQ","_links":{"self":[{"href":"https:\/\/www.visit-ulcinj.com\/blog\/wp-json\/wp\/v2\/posts\/51140"}],"collection":[{"href":"https:\/\/www.visit-ulcinj.com\/blog\/wp-json\/wp\/v2\/posts"}],"about":[{"href":"https:\/\/www.visit-ulcinj.com\/blog\/wp-json\/wp\/v2\/types\/post"}],"author":[{"embeddable":true,"href":"https:\/\/www.visit-ulcinj.com\/blog\/wp-json\/wp\/v2\/users\/1"}],"replies":[{"embeddable":true,"href":"https:\/\/www.visit-ulcinj.com\/blog\/wp-json\/wp\/v2\/comments?post=51140"}],"version-history":[{"count":1,"href":"https:\/\/www.visit-ulcinj.com\/blog\/wp-json\/wp\/v2\/posts\/51140\/revisions"}],"predecessor-version":[{"id":51142,"href":"https:\/\/www.visit-ulcinj.com\/blog\/wp-json\/wp\/v2\/posts\/51140\/revisions\/51142"}],"wp:attachment":[{"href":"https:\/\/www.visit-ulcinj.com\/blog\/wp-json\/wp\/v2\/media?parent=51140"}],"wp:term":[{"taxonomy":"category","embeddable":true,"href":"https:\/\/www.visit-ulcinj.com\/blog\/wp-json\/wp\/v2\/categories?post=51140"},{"taxonomy":"post_tag","embeddable":true,"href":"https:\/\/www.visit-ulcinj.com\/blog\/wp-json\/wp\/v2\/tags?post=51140"}],"curies":[{"name":"wp","href":"https:\/\/api.w.org\/{rel}","templated":true}]}}