{"id":51150,"date":"2011-09-21T09:07:36","date_gmt":"2011-09-21T08:07:36","guid":{"rendered":"http:\/\/www.visit-ulcinj.com\/blog\/?p=51150"},"modified":"2011-09-21T09:13:43","modified_gmt":"2011-09-21T08:13:43","slug":"hoce-li-biti-novog-tendera-za-valdanos","status":"publish","type":"post","link":"https:\/\/www.visit-ulcinj.com\/blog\/2011\/09\/21\/hoce-li-biti-novog-tendera-za-valdanos\/","title":{"rendered":"Ho\u0107e li biti novog tendera za Valdanos?"},"content":{"rendered":"<p><a href=\"http:\/\/www.visit-ulcinj.com\/blog\/wp-content\/uploads\/2011\/09\/Tender-Valdanos-Resort-and-Ulcinjska-Rivijera_Montenegro_.jpg\"><img loading=\"lazy\" class=\"alignleft size-full wp-image-51151\" title=\"Tender-Valdanos-Resort-and-Ulcinjska-Rivijera_Montenegro_\" src=\"http:\/\/www.visit-ulcinj.com\/blog\/wp-content\/uploads\/2011\/09\/Tender-Valdanos-Resort-and-Ulcinjska-Rivijera_Montenegro_.jpg\" alt=\"\" width=\"508\" height=\"380\" srcset=\"https:\/\/www.visit-ulcinj.com\/blog\/wp-content\/uploads\/2011\/09\/Tender-Valdanos-Resort-and-Ulcinjska-Rivijera_Montenegro_.jpg 640w, https:\/\/www.visit-ulcinj.com\/blog\/wp-content\/uploads\/2011\/09\/Tender-Valdanos-Resort-and-Ulcinjska-Rivijera_Montenegro_-300x225.jpg 300w\" sizes=\"(max-width: 508px) 100vw, 508px\" \/><\/a>Odluku o eventualnom raspisivanju novog tendera za valorizaciju uvale Valdanos donije\u0107e uskoro Savjet za privatizaciju i kapitalne projekte.<\/p>\n<p>-Na tender za valorizaciju ulcinjske uvale Valdanos do predvi\u0111enog roka (19. septembar do 16.00 sati) niko nije dostavio ponudu. Kada i ho\u0107e li se raspisivati novi tender za Valdanos odlu\u010di\u0107e Vladin Savjet za privatizaciju i kapitalne projekte nakon izvr\u0161ene procjene, saop\u0161teno je Portalu Analitika iz Ministarstva odr\u017eivog razvoja i turizma.<\/p>\n<p>Propast\u00a0 tendera je bio o\u010dekivan, jer tokom dva mjeseca trajanja javnog poziva nijedna kompanija nije otkupila tendersku dokumentaciju.<\/p>\n<p>U oglasu je bilo navedeno da se mogu prijaviti kompanije ili konzorcijumi koji otkupe tendersku dokumentaciju, koja ko\u0161ta 20 hiljada eura i potpi\u0161u izjavu o povjerljivosti.<\/p>\n<p>Savjet je 21. juna raspisao tender za dugoro\u010dni zakup biv\u0161eg vojnog kompleksa Valdsanos, na 30 godina, sa mogu\u0107no\u0161\u0107u produ\u017eenja. Prethodni tender za zakup Valdanosa propao je krajem februara.<\/p>\n<p>Prvi tender za Valdanos raspisan je u decembru 2008. godine, na kojem je prvorangirana bila firma Kjubus luks. Britanska firma je nudila fiksni godi\u0161nji zakup od 18 centi po kvadratu i investicioni program te\u017eak 222,5 miliona eura.<\/p>\n<p><a href=\"http:\/\/www.portalanalitika.me\/ekonomija\/vijesti\/37746-hoe-li-biti-novog-tendera-za-valdanos.html\" target=\"_blank\"><strong>Analitika &#8211; Informativni Portal<\/strong><\/a><\/p>\n<p><strong><!--YouTube Error: bad URL entered--><\/strong><\/p>\n","protected":false},"excerpt":{"rendered":"<p>Odluku o eventualnom raspisivanju novog tendera za valorizaciju uvale Valdanos donije\u0107e uskoro Savjet za privatizaciju i kapitalne projekte. -Na tender za valorizaciju ulcinjske uvale Valdanos do predvi\u0111enog roka (19. septembar do 16.00 sati) niko nije dostavio ponudu. Kada i ho\u0107e li se raspisivati novi tender za Valdanos odlu\u010di\u0107e Vladin Savjet za privatizaciju i kapitalne projekte [&hellip;]<\/p>\n","protected":false},"author":1,"featured_media":0,"comment_status":"open","ping_status":"closed","sticky":false,"template":"","format":"standard","meta":{"spay_email":"","jetpack_publicize_message":"","jetpack_is_tweetstorm":false,"jetpack_publicize_feature_enabled":true},"categories":[8337],"tags":[19,136],"jetpack_publicize_connections":[],"yoast_head":"<!-- This site is optimized with the Yoast SEO plugin v19.1 - https:\/\/yoast.com\/wordpress\/plugins\/seo\/ -->\n<title>Ho\u0107e li biti novog tendera za Valdanos? - Lajme nga Ulqini<\/title>\n<meta name=\"description\" content=\"Odluku o eventualnom raspisivanju novog tendera za valorizaciju uvale Valdanos donije\u0107e uskoro Savjet za privatizaciju i kapitalne projekte. -Na tender za\" \/>\n<meta name=\"robots\" content=\"index, follow, max-snippet:-1, max-image-preview:large, max-video-preview:-1\" \/>\n<link rel=\"canonical\" href=\"https:\/\/www.visit-ulcinj.com\/blog\/2011\/09\/21\/hoce-li-biti-novog-tendera-za-valdanos\/\" \/>\n<meta property=\"og:locale\" content=\"en_US\" \/>\n<meta property=\"og:type\" content=\"article\" \/>\n<meta property=\"og:title\" content=\"Ho\u0107e li biti novog tendera za Valdanos? - Lajme nga Ulqini\" \/>\n<meta property=\"og:description\" content=\"Odluku o eventualnom raspisivanju novog tendera za valorizaciju uvale Valdanos donije\u0107e uskoro Savjet za privatizaciju i kapitalne projekte. -Na tender za\" \/>\n<meta property=\"og:url\" content=\"https:\/\/www.visit-ulcinj.com\/blog\/2011\/09\/21\/hoce-li-biti-novog-tendera-za-valdanos\/\" \/>\n<meta property=\"og:site_name\" content=\"Lajme nga Ulqini\" \/>\n<meta property=\"article:published_time\" content=\"2011-09-21T08:07:36+00:00\" \/>\n<meta property=\"article:modified_time\" content=\"2011-09-21T08:13:43+00:00\" \/>\n<meta property=\"og:image\" content=\"http:\/\/www.visit-ulcinj.com\/blog\/wp-content\/uploads\/2011\/09\/Tender-Valdanos-Resort-and-Ulcinjska-Rivijera_Montenegro_.jpg\" \/>\n<meta name=\"twitter:label1\" content=\"Written by\" \/>\n\t<meta name=\"twitter:data1\" content=\"ulqini\" \/>\n\t<meta name=\"twitter:label2\" content=\"Est. reading time\" \/>\n\t<meta name=\"twitter:data2\" content=\"1 minute\" \/>\n<script type=\"application\/ld+json\" class=\"yoast-schema-graph\">{\"@context\":\"https:\/\/schema.org\",\"@graph\":[{\"@type\":\"WebSite\",\"@id\":\"https:\/\/www.visit-ulcinj.com\/blog\/#website\",\"url\":\"https:\/\/www.visit-ulcinj.com\/blog\/\",\"name\":\"Lajme nga Ulqini\",\"description\":\"Lajme,Vijesti,Ulqini,Ulqin,Crna Gora,Mali i Zi\",\"potentialAction\":[{\"@type\":\"SearchAction\",\"target\":{\"@type\":\"EntryPoint\",\"urlTemplate\":\"https:\/\/www.visit-ulcinj.com\/blog\/?s={search_term_string}\"},\"query-input\":\"required name=search_term_string\"}],\"inLanguage\":\"en-US\"},{\"@type\":\"ImageObject\",\"inLanguage\":\"en-US\",\"@id\":\"https:\/\/www.visit-ulcinj.com\/blog\/2011\/09\/21\/hoce-li-biti-novog-tendera-za-valdanos\/#primaryimage\",\"url\":\"https:\/\/www.visit-ulcinj.com\/blog\/wp-content\/uploads\/2011\/09\/Tender-Valdanos-Resort-and-Ulcinjska-Rivijera_Montenegro_.jpg\",\"contentUrl\":\"https:\/\/www.visit-ulcinj.com\/blog\/wp-content\/uploads\/2011\/09\/Tender-Valdanos-Resort-and-Ulcinjska-Rivijera_Montenegro_.jpg\",\"width\":\"640\",\"height\":\"480\"},{\"@type\":\"WebPage\",\"@id\":\"https:\/\/www.visit-ulcinj.com\/blog\/2011\/09\/21\/hoce-li-biti-novog-tendera-za-valdanos\/#webpage\",\"url\":\"https:\/\/www.visit-ulcinj.com\/blog\/2011\/09\/21\/hoce-li-biti-novog-tendera-za-valdanos\/\",\"name\":\"Ho\u0107e li biti novog tendera za Valdanos? - Lajme nga Ulqini\",\"isPartOf\":{\"@id\":\"https:\/\/www.visit-ulcinj.com\/blog\/#website\"},\"primaryImageOfPage\":{\"@id\":\"https:\/\/www.visit-ulcinj.com\/blog\/2011\/09\/21\/hoce-li-biti-novog-tendera-za-valdanos\/#primaryimage\"},\"datePublished\":\"2011-09-21T08:07:36+00:00\",\"dateModified\":\"2011-09-21T08:13:43+00:00\",\"author\":{\"@id\":\"https:\/\/www.visit-ulcinj.com\/blog\/#\/schema\/person\/dcab619c614d3038751c63bc2aadc06d\"},\"description\":\"Odluku o eventualnom raspisivanju novog tendera za valorizaciju uvale Valdanos donije\u0107e uskoro Savjet za privatizaciju i kapitalne projekte. -Na tender za\",\"breadcrumb\":{\"@id\":\"https:\/\/www.visit-ulcinj.com\/blog\/2011\/09\/21\/hoce-li-biti-novog-tendera-za-valdanos\/#breadcrumb\"},\"inLanguage\":\"en-US\",\"potentialAction\":[{\"@type\":\"ReadAction\",\"target\":[\"https:\/\/www.visit-ulcinj.com\/blog\/2011\/09\/21\/hoce-li-biti-novog-tendera-za-valdanos\/\"]}]},{\"@type\":\"BreadcrumbList\",\"@id\":\"https:\/\/www.visit-ulcinj.com\/blog\/2011\/09\/21\/hoce-li-biti-novog-tendera-za-valdanos\/#breadcrumb\",\"itemListElement\":[{\"@type\":\"ListItem\",\"position\":1,\"name\":\"Ho\u0107e li biti novog tendera za Valdanos?\"}]},{\"@type\":\"Person\",\"@id\":\"https:\/\/www.visit-ulcinj.com\/blog\/#\/schema\/person\/dcab619c614d3038751c63bc2aadc06d\",\"name\":\"ulqini\",\"sameAs\":[\"http:\/\/www.visit-ulcinj.com\"],\"url\":\"https:\/\/www.visit-ulcinj.com\/blog\/author\/admin\/\"}]}<\/script>\n<!-- \/ Yoast SEO plugin. -->","yoast_head_json":{"title":"Ho\u0107e li biti novog tendera za Valdanos? - Lajme nga Ulqini","description":"Odluku o eventualnom raspisivanju novog tendera za valorizaciju uvale Valdanos donije\u0107e uskoro Savjet za privatizaciju i kapitalne projekte. -Na tender za","robots":{"index":"index","follow":"follow","max-snippet":"max-snippet:-1","max-image-preview":"max-image-preview:large","max-video-preview":"max-video-preview:-1"},"canonical":"https:\/\/www.visit-ulcinj.com\/blog\/2011\/09\/21\/hoce-li-biti-novog-tendera-za-valdanos\/","og_locale":"en_US","og_type":"article","og_title":"Ho\u0107e li biti novog tendera za Valdanos? - Lajme nga Ulqini","og_description":"Odluku o eventualnom raspisivanju novog tendera za valorizaciju uvale Valdanos donije\u0107e uskoro Savjet za privatizaciju i kapitalne projekte. -Na tender za","og_url":"https:\/\/www.visit-ulcinj.com\/blog\/2011\/09\/21\/hoce-li-biti-novog-tendera-za-valdanos\/","og_site_name":"Lajme nga Ulqini","article_published_time":"2011-09-21T08:07:36+00:00","article_modified_time":"2011-09-21T08:13:43+00:00","og_image":[{"url":"http:\/\/www.visit-ulcinj.com\/blog\/wp-content\/uploads\/2011\/09\/Tender-Valdanos-Resort-and-Ulcinjska-Rivijera_Montenegro_.jpg"}],"twitter_misc":{"Written by":"ulqini","Est. reading time":"1 minute"},"schema":{"@context":"https:\/\/schema.org","@graph":[{"@type":"WebSite","@id":"https:\/\/www.visit-ulcinj.com\/blog\/#website","url":"https:\/\/www.visit-ulcinj.com\/blog\/","name":"Lajme nga Ulqini","description":"Lajme,Vijesti,Ulqini,Ulqin,Crna Gora,Mali i Zi","potentialAction":[{"@type":"SearchAction","target":{"@type":"EntryPoint","urlTemplate":"https:\/\/www.visit-ulcinj.com\/blog\/?s={search_term_string}"},"query-input":"required name=search_term_string"}],"inLanguage":"en-US"},{"@type":"ImageObject","inLanguage":"en-US","@id":"https:\/\/www.visit-ulcinj.com\/blog\/2011\/09\/21\/hoce-li-biti-novog-tendera-za-valdanos\/#primaryimage","url":"https:\/\/www.visit-ulcinj.com\/blog\/wp-content\/uploads\/2011\/09\/Tender-Valdanos-Resort-and-Ulcinjska-Rivijera_Montenegro_.jpg","contentUrl":"https:\/\/www.visit-ulcinj.com\/blog\/wp-content\/uploads\/2011\/09\/Tender-Valdanos-Resort-and-Ulcinjska-Rivijera_Montenegro_.jpg","width":"640","height":"480"},{"@type":"WebPage","@id":"https:\/\/www.visit-ulcinj.com\/blog\/2011\/09\/21\/hoce-li-biti-novog-tendera-za-valdanos\/#webpage","url":"https:\/\/www.visit-ulcinj.com\/blog\/2011\/09\/21\/hoce-li-biti-novog-tendera-za-valdanos\/","name":"Ho\u0107e li biti novog tendera za Valdanos? - Lajme nga Ulqini","isPartOf":{"@id":"https:\/\/www.visit-ulcinj.com\/blog\/#website"},"primaryImageOfPage":{"@id":"https:\/\/www.visit-ulcinj.com\/blog\/2011\/09\/21\/hoce-li-biti-novog-tendera-za-valdanos\/#primaryimage"},"datePublished":"2011-09-21T08:07:36+00:00","dateModified":"2011-09-21T08:13:43+00:00","author":{"@id":"https:\/\/www.visit-ulcinj.com\/blog\/#\/schema\/person\/dcab619c614d3038751c63bc2aadc06d"},"description":"Odluku o eventualnom raspisivanju novog tendera za valorizaciju uvale Valdanos donije\u0107e uskoro Savjet za privatizaciju i kapitalne projekte. -Na tender za","breadcrumb":{"@id":"https:\/\/www.visit-ulcinj.com\/blog\/2011\/09\/21\/hoce-li-biti-novog-tendera-za-valdanos\/#breadcrumb"},"inLanguage":"en-US","potentialAction":[{"@type":"ReadAction","target":["https:\/\/www.visit-ulcinj.com\/blog\/2011\/09\/21\/hoce-li-biti-novog-tendera-za-valdanos\/"]}]},{"@type":"BreadcrumbList","@id":"https:\/\/www.visit-ulcinj.com\/blog\/2011\/09\/21\/hoce-li-biti-novog-tendera-za-valdanos\/#breadcrumb","itemListElement":[{"@type":"ListItem","position":1,"name":"Ho\u0107e li biti novog tendera za Valdanos?"}]},{"@type":"Person","@id":"https:\/\/www.visit-ulcinj.com\/blog\/#\/schema\/person\/dcab619c614d3038751c63bc2aadc06d","name":"ulqini","sameAs":["http:\/\/www.visit-ulcinj.com"],"url":"https:\/\/www.visit-ulcinj.com\/blog\/author\/admin\/"}]}},"jetpack_featured_media_url":"","jetpack_sharing_enabled":true,"jetpack_shortlink":"https:\/\/wp.me\/pe6lTn-dj0","_links":{"self":[{"href":"https:\/\/www.visit-ulcinj.com\/blog\/wp-json\/wp\/v2\/posts\/51150"}],"collection":[{"href":"https:\/\/www.visit-ulcinj.com\/blog\/wp-json\/wp\/v2\/posts"}],"about":[{"href":"https:\/\/www.visit-ulcinj.com\/blog\/wp-json\/wp\/v2\/types\/post"}],"author":[{"embeddable":true,"href":"https:\/\/www.visit-ulcinj.com\/blog\/wp-json\/wp\/v2\/users\/1"}],"replies":[{"embeddable":true,"href":"https:\/\/www.visit-ulcinj.com\/blog\/wp-json\/wp\/v2\/comments?post=51150"}],"version-history":[{"count":3,"href":"https:\/\/www.visit-ulcinj.com\/blog\/wp-json\/wp\/v2\/posts\/51150\/revisions"}],"predecessor-version":[{"id":51153,"href":"https:\/\/www.visit-ulcinj.com\/blog\/wp-json\/wp\/v2\/posts\/51150\/revisions\/51153"}],"wp:attachment":[{"href":"https:\/\/www.visit-ulcinj.com\/blog\/wp-json\/wp\/v2\/media?parent=51150"}],"wp:term":[{"taxonomy":"category","embeddable":true,"href":"https:\/\/www.visit-ulcinj.com\/blog\/wp-json\/wp\/v2\/categories?post=51150"},{"taxonomy":"post_tag","embeddable":true,"href":"https:\/\/www.visit-ulcinj.com\/blog\/wp-json\/wp\/v2\/tags?post=51150"}],"curies":[{"name":"wp","href":"https:\/\/api.w.org\/{rel}","templated":true}]}}