{"id":51160,"date":"2011-09-21T20:48:47","date_gmt":"2011-09-21T19:48:47","guid":{"rendered":"http:\/\/www.visit-ulcinj.com\/blog\/?p=51160"},"modified":"2011-10-13T12:48:06","modified_gmt":"2011-10-13T11:48:06","slug":"sot-ne-ora-1300-seanca-e-jashtezakonshme-e-kuvendit-te-ulqinit","status":"publish","type":"post","link":"https:\/\/www.visit-ulcinj.com\/blog\/2011\/09\/21\/sot-ne-ora-1300-seanca-e-jashtezakonshme-e-kuvendit-te-ulqinit\/","title":{"rendered":"Sot n\u00eb ora 13:00 seanca e jasht\u00ebzakonshme e Kuvendit t\u00eb Ulqinit"},"content":{"rendered":"<p><a href=\"http:\/\/www.visit-ulcinj.com\/blog\/wp-content\/uploads\/2011\/09\/Kush-do-jet-kryetari-i-komunes-se-Ulqinit.jpg\"><img loading=\"lazy\" class=\"alignleft size-full wp-image-51161\" title=\"Kush do jet kryetari i komunes se Ulqinit\" src=\"http:\/\/www.visit-ulcinj.com\/blog\/wp-content\/uploads\/2011\/09\/Kush-do-jet-kryetari-i-komunes-se-Ulqinit.jpg\" alt=\"\" width=\"508\" height=\"380\" \/><\/a>Kryetari i Kuvendit t\u00eb Komun\u00ebs s\u00eb Ulqin, Luigj Shkreli, ka caktuar p\u00ebr sot n\u00eb ora 13:00 seanc\u00ebn e jashtzakonshme n\u00eb t\u00eb cil\u00ebn pritet t\u00eb zyrtarizohet shumica e re parlamentare dhe t\u00eb vij\u00eb deri te ndryshimi n\u00eb krye t\u00eb pushtetit lokal n\u00eb k\u00ebt\u00eb qytet. N\u00eb rend dite t\u00eb k\u00ebsaj seance t\u00eb re e cila nga t\u00eb gjith pritet me ankth\u00eb jan\u00eb shkarkimi i kreut t\u00eb Kuvendit aktual t\u00eb Ulqinit dhe zgjedhja e kryetarit t\u00eb ri t\u00eb Kuvndit si dhe zgjedhja e kryetarit t\u00eb ri t\u00eb Komun\u00ebs s\u00eb Ulqinit.<\/p>\n<p><strong>TVCG<\/strong><\/p>\n<p><strong>Ndryshim pushtetesh n\u00eb Ulqin\u00a0<\/strong><\/p>\n<p>Kryetari i Bashkis\u00eb s\u00eb Ulqinit nuk do t\u00eb jet\u00eb m\u00eb G\u00ebzim Hajdinaga. Ndryshimet erdh\u00ebn n\u00eb qeverisjen e komun\u00ebs me shumic\u00eb shqiptare n\u00eb Malin e Zi, pas formimit t\u00eb koalicionit t\u00eb ri. Mbledhja e Kuvendit t\u00eb Ulqinit pritet t\u00eb zhvillohet t\u00eb enjten p\u00ebr t\u00eb votuar ndryshimin e pushtetit.\u00a0\u00a0 \u201cKoalicioni i DPS-it q\u00eb deri tani kishte shumic\u00ebn n\u00eb Parlament dhe ekzekutiv do t\u00eb shkarkohet dhe pushtetin do ta kthejn\u00eb subjektet politike shqiptare. Pra Kryetar i komun\u00ebs s\u00eb Ulqinit nuk do jet\u00eb m\u00eb G\u00ebzim Hajdinaga por n\u00eb vend t\u00eb tij do vij\u00eb Nazif Cungu, kryetar i partis\u00eb m\u00eb t\u00eb madhe shqiptare FORCA\u201d, than\u00eb burime nga Ulqini.<\/p>\n<p><strong>Gazeta Start<\/strong><\/p>\n<p><strong>Forca<\/strong><\/p>\n<p>Xhaudet Cakuli, Genci Nimanbegu, dr Nail Draga, Ilmira Lika, Jakup Murati, Mentor Ljunji, GJoka GJonoviq, Faik Nika, Zenel Seloviq, Muharem Molabeqiri, Mirsad Markashi, Valdet Axhemoviq, Arian Murati, Valdet Demiri, Stane Lukiq, Sabrija Kolenoviq, Sait Katana, Qani Osmani, Remzi Brisku, Ridvana Suliq, Mustafa Gorana, Vehbi Doda, Fuad Ljamoja, Marijan SHkrelji, Ramazan Ramo Kurti, Vjolca Lika \u00c7oboviq, Bajazit Ljajka, Alfred Mirdita, Burim Ujkashi, Gazmend Dervishi, Muhamed Kolari dhe mr Fuad Haxhibeti.<\/p>\n<p><strong> Koalicioni UDSH \u2013 PPD<\/strong><\/p>\n<p>Gzim Hajdinaga, Fatmir GJeka, Ali Rexha, Mehmed Zenka, Fuad Nimani, Qemalj Bajroviq, Hatixha GJoni, Kaplan Mu\u00e7aj, Haxhi Sulejmani, Milazim Mustafa, Kujtim Sukaliq, Beqir Zati, dr Rexhep Spuzha, Ajet Zagoviq, Astrit Hoxha, Beqir Seloviq, dr Qelala Mirtja, GJerGja PepGjonoviq, Aslan Aljaj, Husein Dervishi, Nail Aslani, Astrit Kurti, Samir Tafili, Muhamed Kurmemoviq, Muhamet Nika, Jasmina Hasa, Frederik \u00c7otaj, Ragip Bushati, Naser Tagani, Hatixha Neljaj dhe Minir Hoxha.<\/p>\n<p><strong>LD N\u00eb MZ<\/strong><\/p>\n<p>Saubih Mehmeti, Mehmet Bardhi, Hajrulah Hajdari, Daut Ceka, Hajredin Kova\u00e7i, Xhavid Cucoviq, Ilirijana Markasheviq, Agron Mehmedi, Reshit Kraja, Riza \u00c7oba, Naser Hoxhiq, Nezir GJe\u00e7bitriq, Nazmije Ljika, Vebi Hardoli, Etrita Bicaj, Kasem Ljubani, Sali Duraku, Fadil Vukaj, Naser Kuqi, Ardita Rama, Zija Kaciq, Ramazan Kurtoviq, Ajet \u00c7ejoviq<\/p>\n<p><strong> Grupi I qytetarve INTEGRIMI<\/strong><\/p>\n<p>Ragip SHaptafi, Ilir Kurti, Xheladin Kalaba, Muhamet Lesheviq, Nevriz SHaptafoviq, Safet Aslanovi, Ermir Zagoviq, Naser Paljeviq, Sead Kurtoviq, Ibrahim SHaptafoviq, Fejzulah Demiroviq, Xhemalj Haxhi\u00e7anoviq, Selim Demiroviq, Arben Xhuretoviq, Ajet Aljosheviq.<\/p>\n<p><strong>Iniciativa qytetare PERSPEKTIVA<\/strong><\/p>\n<p>Amir Holaj, Etem Mehani, Mefit Tela, Safet Lukoviq, Agim Rizaja, Ljuljeta Paljeviq, Kushtrim Peraj, Edina Paljeviq, Agon Saljaj, Erhimet Teliq, Nail Tahiri, Fljamur Zagoviq, Jonuz Veljiq, Senad Durakoviq, Xhehat Ramoviq, Kadri Doci, Elez Paljeviq, Kujtim Holoviq, Tahir SHaba, Sadik Zeneli, Sulejman Kalaba, Kadrija Aljosheviq, Skender Tahiri, Zana Sarvan dhe Kadri Sinani.<\/p>\n<p><strong>Koalicioni \u201cBolji Ulcinj \u2013 bolja Crna Gora\u201d<\/strong><br \/>\nAndrija Qetkoviq , dr Ljiljana GJurashkoviq, Nikola Miroviq, Brana Abramoviq, Vjera Aleksiq, Miodrag Pejoviq, Nikola Batriqeviq, Vojislav Bubanja, Miodrag Filipoviq, Andrija Simiq, Dragoljub Popoviq, Vukmir Bandoviq, Miodrag Nikotiq, Novica Jovanoviq, ZHeljko Lekoviq, Branka Rudoviq, Ivana Roloviq, Milisav Kekiq, Mirsad Eroviq, Boshko Raduloviq, Borivoje Sekuliq, GJuro Bevenja, Milinko Steljiq, Nebojsha \u00c7apunoviq, Ljubo GJurishiq, Cvijeta ZHuriq, Ljiljana Jashoviq, Andrija KaluGjeroviq, Aleksandar Far, Indira Batriqeviq, Zoran GJurashkoviq, ZHeljko Bozhoviq i Predrag Miliqeviq.<\/p>\n<p>Partia social-demokrate<br \/>\nSelim Resulbegoviq, Skender Elezagiq, Merita Subashiq-SHabanoviq, Minir Karamanaga, Halil Teliq, Naser Resulbegoviq, Ilirijana Kurtoviq, Ardian Kasneqi, Vuksan Vuksanoviq, Qazim Qaki Hoxhiq, SHuqurija Resulbegoviq, Fejzi Hoxha, Xhavid Hoxhiq, Ibrahim Bimo Cungu, dr Gani Karamanaga, Sabri Abo Zejnelaga, Indira Axhemoviq, Safet Haxhiibrahimi, Muhamed Nikeziq, Fejzi Bushatliq, Selatin Tino Jakupoviq, Dijana \u00c7aushiq, Tereza Jacoviq, dr Fatmir Faqo Resulbegoviq, Adem Hidriq, SHuqurija Kahari, Arijeta Salaj, Muxhemina Xhemka Bambur, Haris Hari Hasanagiq, Nedim Hoxhiq, Zoran GJakonoviq i Qemal Banda.<\/p>\n<p><strong>PDS<\/strong><br \/>\nLuigj SHkrelja, Rexhep Taganoviq, Pranvera Suljiq, Borislav Bashoviq, Ljoro Nrekiq, Xhemal Vukoviq, Marko SHkrelja, Nail Rexha, Vaso Radoviq, GJorgje Daboviq, Gani Rexha, Husein Ceno Katana, Nikoleta Nrekiq, Radoslav Nishaviq, Arjan Ljamoviq, Xhevdet \u00c7apriq, Nikola Marnikoviq, Muhamed Spuzha, Almira Sukaliq, Anton Kastrati, Ljiljana Sredojeviq, Elez Osmanoviq, Muharem Beqoviq, Anto GJeljosheviq, Arben Tagani, Rajko Hajdukoviq, Majlinda Kurti, Ljubo Gazivoda, dr Pavle Marnikoviq, Ruli Filipoviq, Nexhad Kolari, Sadik \u00c7otiq i Hamdija Haxhiademi.<\/p>\n<p><strong>Partia boshnjake<\/strong><br \/>\nRifat Stankoviq, Alen Abazoviq, Muamer Rash\u00e7iq, Omer Skrobanoviq, Edis Sijariq, Mesud \u00c7uturiq, Safet Resulbegoviq, Ertan Omeroviq, Admir Hasiq, Mejrusa Rastoder, Avdija Kajeviq, Avdo Rash\u00e7iq, Sahman Mujesira, Nexhad Skorupan, Nusreta Likoviq, Jasmin Muratoviq, Admir Muhoviq, Haris Muratoviq, Bajram Rexhepagiq, Adnan KaraGjuzoviq, Rafeta Jahdadiq, Damir Rash\u00e7iq, Smail Skorupan, Ilda \u00c7uturiq i Uliks Muratoviq<\/p>\n<p>&nbsp;<\/p>\n","protected":false},"excerpt":{"rendered":"<p>Kryetari i Kuvendit t\u00eb Komun\u00ebs s\u00eb Ulqin, Luigj Shkreli, ka caktuar p\u00ebr sot n\u00eb ora 13:00 seanc\u00ebn e jashtzakonshme n\u00eb t\u00eb cil\u00ebn pritet t\u00eb zyrtarizohet shumica e re parlamentare dhe t\u00eb vij\u00eb deri te ndryshimi n\u00eb krye t\u00eb pushtetit lokal n\u00eb k\u00ebt\u00eb qytet. N\u00eb rend dite t\u00eb k\u00ebsaj seance t\u00eb re e cila nga t\u00eb [&hellip;]<\/p>\n","protected":false},"author":1,"featured_media":0,"comment_status":"open","ping_status":"closed","sticky":false,"template":"","format":"standard","meta":{"spay_email":"","jetpack_publicize_message":"","jetpack_is_tweetstorm":false,"jetpack_publicize_feature_enabled":true},"categories":[6],"tags":[229,200,18],"jetpack_publicize_connections":[],"yoast_head":"<!-- This site is optimized with the Yoast SEO plugin v19.1 - https:\/\/yoast.com\/wordpress\/plugins\/seo\/ -->\n<title>Sot n\u00eb ora 13:00 seanca e jasht\u00ebzakonshme e Kuvendit t\u00eb Ulqinit - Lajme nga Ulqini<\/title>\n<meta name=\"description\" content=\"Kryetari i Kuvendit t\u00eb Komun\u00ebs s\u00eb Ulqin, Luigj Shkreli, ka caktuar p\u00ebr sot n\u00eb ora 13:00 seanc\u00ebn e jashtzakonshme n\u00eb t\u00eb cil\u00ebn pritet t\u00eb zyrtarizohet\" \/>\n<meta name=\"robots\" content=\"index, follow, max-snippet:-1, max-image-preview:large, max-video-preview:-1\" \/>\n<link rel=\"canonical\" href=\"https:\/\/www.visit-ulcinj.com\/blog\/2011\/09\/21\/sot-ne-ora-1300-seanca-e-jashtezakonshme-e-kuvendit-te-ulqinit\/\" \/>\n<meta property=\"og:locale\" content=\"en_US\" \/>\n<meta property=\"og:type\" content=\"article\" \/>\n<meta property=\"og:title\" content=\"Sot n\u00eb ora 13:00 seanca e jasht\u00ebzakonshme e Kuvendit t\u00eb Ulqinit - Lajme nga Ulqini\" \/>\n<meta property=\"og:description\" content=\"Kryetari i Kuvendit t\u00eb Komun\u00ebs s\u00eb Ulqin, Luigj Shkreli, ka caktuar p\u00ebr sot n\u00eb ora 13:00 seanc\u00ebn e jashtzakonshme n\u00eb t\u00eb cil\u00ebn pritet t\u00eb zyrtarizohet\" \/>\n<meta property=\"og:url\" content=\"https:\/\/www.visit-ulcinj.com\/blog\/2011\/09\/21\/sot-ne-ora-1300-seanca-e-jashtezakonshme-e-kuvendit-te-ulqinit\/\" \/>\n<meta property=\"og:site_name\" content=\"Lajme nga Ulqini\" \/>\n<meta property=\"article:published_time\" content=\"2011-09-21T19:48:47+00:00\" \/>\n<meta property=\"article:modified_time\" content=\"2011-10-13T11:48:06+00:00\" \/>\n<meta property=\"og:image\" content=\"http:\/\/www.visit-ulcinj.com\/blog\/wp-content\/uploads\/2011\/09\/Kush-do-jet-kryetari-i-komunes-se-Ulqinit.jpg\" \/>\n<meta name=\"twitter:label1\" content=\"Written by\" \/>\n\t<meta name=\"twitter:data1\" content=\"ulqini\" \/>\n\t<meta name=\"twitter:label2\" content=\"Est. reading time\" \/>\n\t<meta name=\"twitter:data2\" content=\"4 minutes\" \/>\n<script type=\"application\/ld+json\" class=\"yoast-schema-graph\">{\"@context\":\"https:\/\/schema.org\",\"@graph\":[{\"@type\":\"WebSite\",\"@id\":\"https:\/\/www.visit-ulcinj.com\/blog\/#website\",\"url\":\"https:\/\/www.visit-ulcinj.com\/blog\/\",\"name\":\"Lajme nga Ulqini\",\"description\":\"Lajme,Vijesti,Ulqini,Ulqin,Crna Gora,Mali i Zi\",\"potentialAction\":[{\"@type\":\"SearchAction\",\"target\":{\"@type\":\"EntryPoint\",\"urlTemplate\":\"https:\/\/www.visit-ulcinj.com\/blog\/?s={search_term_string}\"},\"query-input\":\"required name=search_term_string\"}],\"inLanguage\":\"en-US\"},{\"@type\":\"ImageObject\",\"inLanguage\":\"en-US\",\"@id\":\"https:\/\/www.visit-ulcinj.com\/blog\/2011\/09\/21\/sot-ne-ora-1300-seanca-e-jashtezakonshme-e-kuvendit-te-ulqinit\/#primaryimage\",\"url\":\"https:\/\/www.visit-ulcinj.com\/blog\/wp-content\/uploads\/2011\/09\/Kush-do-jet-kryetari-i-komunes-se-Ulqinit.jpg\",\"contentUrl\":\"https:\/\/www.visit-ulcinj.com\/blog\/wp-content\/uploads\/2011\/09\/Kush-do-jet-kryetari-i-komunes-se-Ulqinit.jpg\",\"width\":\"640\",\"height\":\"528\"},{\"@type\":\"WebPage\",\"@id\":\"https:\/\/www.visit-ulcinj.com\/blog\/2011\/09\/21\/sot-ne-ora-1300-seanca-e-jashtezakonshme-e-kuvendit-te-ulqinit\/#webpage\",\"url\":\"https:\/\/www.visit-ulcinj.com\/blog\/2011\/09\/21\/sot-ne-ora-1300-seanca-e-jashtezakonshme-e-kuvendit-te-ulqinit\/\",\"name\":\"Sot n\u00eb ora 13:00 seanca e jasht\u00ebzakonshme e Kuvendit t\u00eb Ulqinit - Lajme nga Ulqini\",\"isPartOf\":{\"@id\":\"https:\/\/www.visit-ulcinj.com\/blog\/#website\"},\"primaryImageOfPage\":{\"@id\":\"https:\/\/www.visit-ulcinj.com\/blog\/2011\/09\/21\/sot-ne-ora-1300-seanca-e-jashtezakonshme-e-kuvendit-te-ulqinit\/#primaryimage\"},\"datePublished\":\"2011-09-21T19:48:47+00:00\",\"dateModified\":\"2011-10-13T11:48:06+00:00\",\"author\":{\"@id\":\"https:\/\/www.visit-ulcinj.com\/blog\/#\/schema\/person\/dcab619c614d3038751c63bc2aadc06d\"},\"description\":\"Kryetari i Kuvendit t\u00eb Komun\u00ebs s\u00eb Ulqin, Luigj Shkreli, ka caktuar p\u00ebr sot n\u00eb ora 13:00 seanc\u00ebn e jashtzakonshme n\u00eb t\u00eb cil\u00ebn pritet t\u00eb zyrtarizohet\",\"breadcrumb\":{\"@id\":\"https:\/\/www.visit-ulcinj.com\/blog\/2011\/09\/21\/sot-ne-ora-1300-seanca-e-jashtezakonshme-e-kuvendit-te-ulqinit\/#breadcrumb\"},\"inLanguage\":\"en-US\",\"potentialAction\":[{\"@type\":\"ReadAction\",\"target\":[\"https:\/\/www.visit-ulcinj.com\/blog\/2011\/09\/21\/sot-ne-ora-1300-seanca-e-jashtezakonshme-e-kuvendit-te-ulqinit\/\"]}]},{\"@type\":\"BreadcrumbList\",\"@id\":\"https:\/\/www.visit-ulcinj.com\/blog\/2011\/09\/21\/sot-ne-ora-1300-seanca-e-jashtezakonshme-e-kuvendit-te-ulqinit\/#breadcrumb\",\"itemListElement\":[{\"@type\":\"ListItem\",\"position\":1,\"name\":\"Sot n\u00eb ora 13:00 seanca e jasht\u00ebzakonshme e Kuvendit t\u00eb Ulqinit\"}]},{\"@type\":\"Person\",\"@id\":\"https:\/\/www.visit-ulcinj.com\/blog\/#\/schema\/person\/dcab619c614d3038751c63bc2aadc06d\",\"name\":\"ulqini\",\"sameAs\":[\"http:\/\/www.visit-ulcinj.com\"],\"url\":\"https:\/\/www.visit-ulcinj.com\/blog\/author\/admin\/\"}]}<\/script>\n<!-- \/ Yoast SEO plugin. -->","yoast_head_json":{"title":"Sot n\u00eb ora 13:00 seanca e jasht\u00ebzakonshme e Kuvendit t\u00eb Ulqinit - Lajme nga Ulqini","description":"Kryetari i Kuvendit t\u00eb Komun\u00ebs s\u00eb Ulqin, Luigj Shkreli, ka caktuar p\u00ebr sot n\u00eb ora 13:00 seanc\u00ebn e jashtzakonshme n\u00eb t\u00eb cil\u00ebn pritet t\u00eb zyrtarizohet","robots":{"index":"index","follow":"follow","max-snippet":"max-snippet:-1","max-image-preview":"max-image-preview:large","max-video-preview":"max-video-preview:-1"},"canonical":"https:\/\/www.visit-ulcinj.com\/blog\/2011\/09\/21\/sot-ne-ora-1300-seanca-e-jashtezakonshme-e-kuvendit-te-ulqinit\/","og_locale":"en_US","og_type":"article","og_title":"Sot n\u00eb ora 13:00 seanca e jasht\u00ebzakonshme e Kuvendit t\u00eb Ulqinit - Lajme nga Ulqini","og_description":"Kryetari i Kuvendit t\u00eb Komun\u00ebs s\u00eb Ulqin, Luigj Shkreli, ka caktuar p\u00ebr sot n\u00eb ora 13:00 seanc\u00ebn e jashtzakonshme n\u00eb t\u00eb cil\u00ebn pritet t\u00eb zyrtarizohet","og_url":"https:\/\/www.visit-ulcinj.com\/blog\/2011\/09\/21\/sot-ne-ora-1300-seanca-e-jashtezakonshme-e-kuvendit-te-ulqinit\/","og_site_name":"Lajme nga Ulqini","article_published_time":"2011-09-21T19:48:47+00:00","article_modified_time":"2011-10-13T11:48:06+00:00","og_image":[{"url":"http:\/\/www.visit-ulcinj.com\/blog\/wp-content\/uploads\/2011\/09\/Kush-do-jet-kryetari-i-komunes-se-Ulqinit.jpg"}],"twitter_misc":{"Written by":"ulqini","Est. reading time":"4 minutes"},"schema":{"@context":"https:\/\/schema.org","@graph":[{"@type":"WebSite","@id":"https:\/\/www.visit-ulcinj.com\/blog\/#website","url":"https:\/\/www.visit-ulcinj.com\/blog\/","name":"Lajme nga Ulqini","description":"Lajme,Vijesti,Ulqini,Ulqin,Crna Gora,Mali i Zi","potentialAction":[{"@type":"SearchAction","target":{"@type":"EntryPoint","urlTemplate":"https:\/\/www.visit-ulcinj.com\/blog\/?s={search_term_string}"},"query-input":"required name=search_term_string"}],"inLanguage":"en-US"},{"@type":"ImageObject","inLanguage":"en-US","@id":"https:\/\/www.visit-ulcinj.com\/blog\/2011\/09\/21\/sot-ne-ora-1300-seanca-e-jashtezakonshme-e-kuvendit-te-ulqinit\/#primaryimage","url":"https:\/\/www.visit-ulcinj.com\/blog\/wp-content\/uploads\/2011\/09\/Kush-do-jet-kryetari-i-komunes-se-Ulqinit.jpg","contentUrl":"https:\/\/www.visit-ulcinj.com\/blog\/wp-content\/uploads\/2011\/09\/Kush-do-jet-kryetari-i-komunes-se-Ulqinit.jpg","width":"640","height":"528"},{"@type":"WebPage","@id":"https:\/\/www.visit-ulcinj.com\/blog\/2011\/09\/21\/sot-ne-ora-1300-seanca-e-jashtezakonshme-e-kuvendit-te-ulqinit\/#webpage","url":"https:\/\/www.visit-ulcinj.com\/blog\/2011\/09\/21\/sot-ne-ora-1300-seanca-e-jashtezakonshme-e-kuvendit-te-ulqinit\/","name":"Sot n\u00eb ora 13:00 seanca e jasht\u00ebzakonshme e Kuvendit t\u00eb Ulqinit - Lajme nga Ulqini","isPartOf":{"@id":"https:\/\/www.visit-ulcinj.com\/blog\/#website"},"primaryImageOfPage":{"@id":"https:\/\/www.visit-ulcinj.com\/blog\/2011\/09\/21\/sot-ne-ora-1300-seanca-e-jashtezakonshme-e-kuvendit-te-ulqinit\/#primaryimage"},"datePublished":"2011-09-21T19:48:47+00:00","dateModified":"2011-10-13T11:48:06+00:00","author":{"@id":"https:\/\/www.visit-ulcinj.com\/blog\/#\/schema\/person\/dcab619c614d3038751c63bc2aadc06d"},"description":"Kryetari i Kuvendit t\u00eb Komun\u00ebs s\u00eb Ulqin, Luigj Shkreli, ka caktuar p\u00ebr sot n\u00eb ora 13:00 seanc\u00ebn e jashtzakonshme n\u00eb t\u00eb cil\u00ebn pritet t\u00eb zyrtarizohet","breadcrumb":{"@id":"https:\/\/www.visit-ulcinj.com\/blog\/2011\/09\/21\/sot-ne-ora-1300-seanca-e-jashtezakonshme-e-kuvendit-te-ulqinit\/#breadcrumb"},"inLanguage":"en-US","potentialAction":[{"@type":"ReadAction","target":["https:\/\/www.visit-ulcinj.com\/blog\/2011\/09\/21\/sot-ne-ora-1300-seanca-e-jashtezakonshme-e-kuvendit-te-ulqinit\/"]}]},{"@type":"BreadcrumbList","@id":"https:\/\/www.visit-ulcinj.com\/blog\/2011\/09\/21\/sot-ne-ora-1300-seanca-e-jashtezakonshme-e-kuvendit-te-ulqinit\/#breadcrumb","itemListElement":[{"@type":"ListItem","position":1,"name":"Sot n\u00eb ora 13:00 seanca e jasht\u00ebzakonshme e Kuvendit t\u00eb Ulqinit"}]},{"@type":"Person","@id":"https:\/\/www.visit-ulcinj.com\/blog\/#\/schema\/person\/dcab619c614d3038751c63bc2aadc06d","name":"ulqini","sameAs":["http:\/\/www.visit-ulcinj.com"],"url":"https:\/\/www.visit-ulcinj.com\/blog\/author\/admin\/"}]}},"jetpack_featured_media_url":"","jetpack_sharing_enabled":true,"jetpack_shortlink":"https:\/\/wp.me\/pe6lTn-dja","_links":{"self":[{"href":"https:\/\/www.visit-ulcinj.com\/blog\/wp-json\/wp\/v2\/posts\/51160"}],"collection":[{"href":"https:\/\/www.visit-ulcinj.com\/blog\/wp-json\/wp\/v2\/posts"}],"about":[{"href":"https:\/\/www.visit-ulcinj.com\/blog\/wp-json\/wp\/v2\/types\/post"}],"author":[{"embeddable":true,"href":"https:\/\/www.visit-ulcinj.com\/blog\/wp-json\/wp\/v2\/users\/1"}],"replies":[{"embeddable":true,"href":"https:\/\/www.visit-ulcinj.com\/blog\/wp-json\/wp\/v2\/comments?post=51160"}],"version-history":[{"count":8,"href":"https:\/\/www.visit-ulcinj.com\/blog\/wp-json\/wp\/v2\/posts\/51160\/revisions"}],"predecessor-version":[{"id":51206,"href":"https:\/\/www.visit-ulcinj.com\/blog\/wp-json\/wp\/v2\/posts\/51160\/revisions\/51206"}],"wp:attachment":[{"href":"https:\/\/www.visit-ulcinj.com\/blog\/wp-json\/wp\/v2\/media?parent=51160"}],"wp:term":[{"taxonomy":"category","embeddable":true,"href":"https:\/\/www.visit-ulcinj.com\/blog\/wp-json\/wp\/v2\/categories?post=51160"},{"taxonomy":"post_tag","embeddable":true,"href":"https:\/\/www.visit-ulcinj.com\/blog\/wp-json\/wp\/v2\/tags?post=51160"}],"curies":[{"name":"wp","href":"https:\/\/api.w.org\/{rel}","templated":true}]}}