{"id":51164,"date":"2011-09-21T21:07:47","date_gmt":"2011-09-21T20:07:47","guid":{"rendered":"http:\/\/www.visit-ulcinj.com\/blog\/?p=51164"},"modified":"2011-09-21T21:07:47","modified_gmt":"2011-09-21T20:07:47","slug":"nora-istrefi-deshiron-te-behet-nene","status":"publish","type":"post","link":"https:\/\/www.visit-ulcinj.com\/blog\/2011\/09\/21\/nora-istrefi-deshiron-te-behet-nene\/","title":{"rendered":"Nora Istrefi d\u00ebshiron t\u00eb b\u00ebhet n\u00ebn\u00eb"},"content":{"rendered":"<p><strong><a href=\"http:\/\/www.visit-ulcinj.com\/blog\/wp-content\/uploads\/2011\/09\/nora-istrefi.jpg\"><img loading=\"lazy\" class=\"alignleft size-full wp-image-51165\" title=\"nora istrefi\" src=\"http:\/\/www.visit-ulcinj.com\/blog\/wp-content\/uploads\/2011\/09\/nora-istrefi.jpg\" alt=\"\" width=\"300\" height=\"216\" \/><\/a>Nora Istrefi shprehet se \u00ebsht\u00eb kund\u00ebr operacioneve plastike kur ato nuk jan\u00eb t\u00eb domosdoshme. K\u00ebng\u00ebtarja shqiptare thot\u00eb se ajo nuk ka kryer asgj\u00eb nd\u00ebrhyrje kirurgjike p\u00ebr t\u00eb rregulluar ndonj\u00eb tipar fizik t\u00eb trupit t\u00eb saj.<\/strong><\/p>\n<p>Por ajo nuk e p\u00ebrjashton mund\u00ebsin\u00eb q\u00eb kur t\u00eb plaket t\u00eb b\u00ebjn\u00eb operacion plastik.<\/p>\n<p>\u201cN\u00ebse do t\u00eb flisja p\u00ebr koh\u00ebn e tanishme, at\u00ebher\u00eb jam kund\u00ebr nd\u00ebrhyrjeve kirurgjikale. Ndoshta n\u00eb t\u00eb ardhmen, n\u00eb shfaqjen e rrudhave dhe me shenjat e plakjes, do t\u00eb ndryshoj\u00eb mendim\u201d, \u00ebsht\u00eb shprehur Nora.<\/p>\n<p>K\u00ebng\u00ebtarja duke folur p\u00ebr t\u00eb ardhmen e saj n\u00eb \u00e7ift, ka th\u00ebn\u00eb se d\u00ebshiron t\u00eb ket\u00eb f\u00ebmij\u00eb s\u00eb shpejti.<\/p>\n<p><strong>Kosova info<br \/>\n<!--YouTube Error: bad URL entered--><br \/>\n<\/strong><\/p>\n","protected":false},"excerpt":{"rendered":"<p>Nora Istrefi shprehet se \u00ebsht\u00eb kund\u00ebr operacioneve plastike kur ato nuk jan\u00eb t\u00eb domosdoshme. K\u00ebng\u00ebtarja shqiptare thot\u00eb se ajo nuk ka kryer asgj\u00eb nd\u00ebrhyrje kirurgjike p\u00ebr t\u00eb rregulluar ndonj\u00eb tipar fizik t\u00eb trupit t\u00eb saj. Por ajo nuk e p\u00ebrjashton mund\u00ebsin\u00eb q\u00eb kur t\u00eb plaket t\u00eb b\u00ebjn\u00eb operacion plastik. \u201cN\u00ebse do t\u00eb flisja p\u00ebr koh\u00ebn [&hellip;]<\/p>\n","protected":false},"author":1,"featured_media":0,"comment_status":"open","ping_status":"closed","sticky":false,"template":"","format":"standard","meta":{"spay_email":"","jetpack_publicize_message":"","jetpack_is_tweetstorm":false,"jetpack_publicize_feature_enabled":true},"categories":[1],"tags":[4939],"jetpack_publicize_connections":[],"yoast_head":"<!-- This site is optimized with the Yoast SEO plugin v19.1 - https:\/\/yoast.com\/wordpress\/plugins\/seo\/ -->\n<title>Nora Istrefi d\u00ebshiron t\u00eb b\u00ebhet n\u00ebn\u00eb - Lajme nga Ulqini<\/title>\n<meta name=\"description\" content=\"Nora Istrefi shprehet se \u00ebsht\u00eb kund\u00ebr operacioneve plastike kur ato nuk jan\u00eb t\u00eb domosdoshme. K\u00ebng\u00ebtarja shqiptare thot\u00eb se ajo nuk ka kryer asgj\u00eb\" \/>\n<meta name=\"robots\" content=\"index, follow, max-snippet:-1, max-image-preview:large, max-video-preview:-1\" \/>\n<link rel=\"canonical\" href=\"https:\/\/www.visit-ulcinj.com\/blog\/2011\/09\/21\/nora-istrefi-deshiron-te-behet-nene\/\" \/>\n<meta property=\"og:locale\" content=\"en_US\" \/>\n<meta property=\"og:type\" content=\"article\" \/>\n<meta property=\"og:title\" content=\"Nora Istrefi d\u00ebshiron t\u00eb b\u00ebhet n\u00ebn\u00eb - Lajme nga Ulqini\" \/>\n<meta property=\"og:description\" content=\"Nora Istrefi shprehet se \u00ebsht\u00eb kund\u00ebr operacioneve plastike kur ato nuk jan\u00eb t\u00eb domosdoshme. K\u00ebng\u00ebtarja shqiptare thot\u00eb se ajo nuk ka kryer asgj\u00eb\" \/>\n<meta property=\"og:url\" content=\"https:\/\/www.visit-ulcinj.com\/blog\/2011\/09\/21\/nora-istrefi-deshiron-te-behet-nene\/\" \/>\n<meta property=\"og:site_name\" content=\"Lajme nga Ulqini\" \/>\n<meta property=\"article:published_time\" content=\"2011-09-21T20:07:47+00:00\" \/>\n<meta property=\"og:image\" content=\"http:\/\/www.visit-ulcinj.com\/blog\/wp-content\/uploads\/2011\/09\/nora-istrefi.jpg\" \/>\n<meta name=\"twitter:label1\" content=\"Written by\" \/>\n\t<meta name=\"twitter:data1\" content=\"ulqini\" \/>\n\t<meta name=\"twitter:label2\" content=\"Est. reading time\" \/>\n\t<meta name=\"twitter:data2\" content=\"1 minute\" \/>\n<script type=\"application\/ld+json\" class=\"yoast-schema-graph\">{\"@context\":\"https:\/\/schema.org\",\"@graph\":[{\"@type\":\"WebSite\",\"@id\":\"https:\/\/www.visit-ulcinj.com\/blog\/#website\",\"url\":\"https:\/\/www.visit-ulcinj.com\/blog\/\",\"name\":\"Lajme nga Ulqini\",\"description\":\"Lajme,Vijesti,Ulqini,Ulqin,Crna Gora,Mali i Zi\",\"potentialAction\":[{\"@type\":\"SearchAction\",\"target\":{\"@type\":\"EntryPoint\",\"urlTemplate\":\"https:\/\/www.visit-ulcinj.com\/blog\/?s={search_term_string}\"},\"query-input\":\"required name=search_term_string\"}],\"inLanguage\":\"en-US\"},{\"@type\":\"ImageObject\",\"inLanguage\":\"en-US\",\"@id\":\"https:\/\/www.visit-ulcinj.com\/blog\/2011\/09\/21\/nora-istrefi-deshiron-te-behet-nene\/#primaryimage\",\"url\":\"http:\/\/www.visit-ulcinj.com\/blog\/wp-content\/uploads\/2011\/09\/nora-istrefi.jpg\",\"contentUrl\":\"http:\/\/www.visit-ulcinj.com\/blog\/wp-content\/uploads\/2011\/09\/nora-istrefi.jpg\"},{\"@type\":\"WebPage\",\"@id\":\"https:\/\/www.visit-ulcinj.com\/blog\/2011\/09\/21\/nora-istrefi-deshiron-te-behet-nene\/#webpage\",\"url\":\"https:\/\/www.visit-ulcinj.com\/blog\/2011\/09\/21\/nora-istrefi-deshiron-te-behet-nene\/\",\"name\":\"Nora Istrefi d\u00ebshiron t\u00eb b\u00ebhet n\u00ebn\u00eb - Lajme nga Ulqini\",\"isPartOf\":{\"@id\":\"https:\/\/www.visit-ulcinj.com\/blog\/#website\"},\"primaryImageOfPage\":{\"@id\":\"https:\/\/www.visit-ulcinj.com\/blog\/2011\/09\/21\/nora-istrefi-deshiron-te-behet-nene\/#primaryimage\"},\"datePublished\":\"2011-09-21T20:07:47+00:00\",\"dateModified\":\"2011-09-21T20:07:47+00:00\",\"author\":{\"@id\":\"https:\/\/www.visit-ulcinj.com\/blog\/#\/schema\/person\/dcab619c614d3038751c63bc2aadc06d\"},\"description\":\"Nora Istrefi shprehet se \u00ebsht\u00eb kund\u00ebr operacioneve plastike kur ato nuk jan\u00eb t\u00eb domosdoshme. K\u00ebng\u00ebtarja shqiptare thot\u00eb se ajo nuk ka kryer asgj\u00eb\",\"breadcrumb\":{\"@id\":\"https:\/\/www.visit-ulcinj.com\/blog\/2011\/09\/21\/nora-istrefi-deshiron-te-behet-nene\/#breadcrumb\"},\"inLanguage\":\"en-US\",\"potentialAction\":[{\"@type\":\"ReadAction\",\"target\":[\"https:\/\/www.visit-ulcinj.com\/blog\/2011\/09\/21\/nora-istrefi-deshiron-te-behet-nene\/\"]}]},{\"@type\":\"BreadcrumbList\",\"@id\":\"https:\/\/www.visit-ulcinj.com\/blog\/2011\/09\/21\/nora-istrefi-deshiron-te-behet-nene\/#breadcrumb\",\"itemListElement\":[{\"@type\":\"ListItem\",\"position\":1,\"name\":\"Nora Istrefi d\u00ebshiron t\u00eb b\u00ebhet n\u00ebn\u00eb\"}]},{\"@type\":\"Person\",\"@id\":\"https:\/\/www.visit-ulcinj.com\/blog\/#\/schema\/person\/dcab619c614d3038751c63bc2aadc06d\",\"name\":\"ulqini\",\"sameAs\":[\"http:\/\/www.visit-ulcinj.com\"],\"url\":\"https:\/\/www.visit-ulcinj.com\/blog\/author\/admin\/\"}]}<\/script>\n<!-- \/ Yoast SEO plugin. -->","yoast_head_json":{"title":"Nora Istrefi d\u00ebshiron t\u00eb b\u00ebhet n\u00ebn\u00eb - Lajme nga Ulqini","description":"Nora Istrefi shprehet se \u00ebsht\u00eb kund\u00ebr operacioneve plastike kur ato nuk jan\u00eb t\u00eb domosdoshme. K\u00ebng\u00ebtarja shqiptare thot\u00eb se ajo nuk ka kryer asgj\u00eb","robots":{"index":"index","follow":"follow","max-snippet":"max-snippet:-1","max-image-preview":"max-image-preview:large","max-video-preview":"max-video-preview:-1"},"canonical":"https:\/\/www.visit-ulcinj.com\/blog\/2011\/09\/21\/nora-istrefi-deshiron-te-behet-nene\/","og_locale":"en_US","og_type":"article","og_title":"Nora Istrefi d\u00ebshiron t\u00eb b\u00ebhet n\u00ebn\u00eb - Lajme nga Ulqini","og_description":"Nora Istrefi shprehet se \u00ebsht\u00eb kund\u00ebr operacioneve plastike kur ato nuk jan\u00eb t\u00eb domosdoshme. K\u00ebng\u00ebtarja shqiptare thot\u00eb se ajo nuk ka kryer asgj\u00eb","og_url":"https:\/\/www.visit-ulcinj.com\/blog\/2011\/09\/21\/nora-istrefi-deshiron-te-behet-nene\/","og_site_name":"Lajme nga Ulqini","article_published_time":"2011-09-21T20:07:47+00:00","og_image":[{"url":"http:\/\/www.visit-ulcinj.com\/blog\/wp-content\/uploads\/2011\/09\/nora-istrefi.jpg"}],"twitter_misc":{"Written by":"ulqini","Est. reading time":"1 minute"},"schema":{"@context":"https:\/\/schema.org","@graph":[{"@type":"WebSite","@id":"https:\/\/www.visit-ulcinj.com\/blog\/#website","url":"https:\/\/www.visit-ulcinj.com\/blog\/","name":"Lajme nga Ulqini","description":"Lajme,Vijesti,Ulqini,Ulqin,Crna Gora,Mali i Zi","potentialAction":[{"@type":"SearchAction","target":{"@type":"EntryPoint","urlTemplate":"https:\/\/www.visit-ulcinj.com\/blog\/?s={search_term_string}"},"query-input":"required name=search_term_string"}],"inLanguage":"en-US"},{"@type":"ImageObject","inLanguage":"en-US","@id":"https:\/\/www.visit-ulcinj.com\/blog\/2011\/09\/21\/nora-istrefi-deshiron-te-behet-nene\/#primaryimage","url":"http:\/\/www.visit-ulcinj.com\/blog\/wp-content\/uploads\/2011\/09\/nora-istrefi.jpg","contentUrl":"http:\/\/www.visit-ulcinj.com\/blog\/wp-content\/uploads\/2011\/09\/nora-istrefi.jpg"},{"@type":"WebPage","@id":"https:\/\/www.visit-ulcinj.com\/blog\/2011\/09\/21\/nora-istrefi-deshiron-te-behet-nene\/#webpage","url":"https:\/\/www.visit-ulcinj.com\/blog\/2011\/09\/21\/nora-istrefi-deshiron-te-behet-nene\/","name":"Nora Istrefi d\u00ebshiron t\u00eb b\u00ebhet n\u00ebn\u00eb - Lajme nga Ulqini","isPartOf":{"@id":"https:\/\/www.visit-ulcinj.com\/blog\/#website"},"primaryImageOfPage":{"@id":"https:\/\/www.visit-ulcinj.com\/blog\/2011\/09\/21\/nora-istrefi-deshiron-te-behet-nene\/#primaryimage"},"datePublished":"2011-09-21T20:07:47+00:00","dateModified":"2011-09-21T20:07:47+00:00","author":{"@id":"https:\/\/www.visit-ulcinj.com\/blog\/#\/schema\/person\/dcab619c614d3038751c63bc2aadc06d"},"description":"Nora Istrefi shprehet se \u00ebsht\u00eb kund\u00ebr operacioneve plastike kur ato nuk jan\u00eb t\u00eb domosdoshme. K\u00ebng\u00ebtarja shqiptare thot\u00eb se ajo nuk ka kryer asgj\u00eb","breadcrumb":{"@id":"https:\/\/www.visit-ulcinj.com\/blog\/2011\/09\/21\/nora-istrefi-deshiron-te-behet-nene\/#breadcrumb"},"inLanguage":"en-US","potentialAction":[{"@type":"ReadAction","target":["https:\/\/www.visit-ulcinj.com\/blog\/2011\/09\/21\/nora-istrefi-deshiron-te-behet-nene\/"]}]},{"@type":"BreadcrumbList","@id":"https:\/\/www.visit-ulcinj.com\/blog\/2011\/09\/21\/nora-istrefi-deshiron-te-behet-nene\/#breadcrumb","itemListElement":[{"@type":"ListItem","position":1,"name":"Nora Istrefi d\u00ebshiron t\u00eb b\u00ebhet n\u00ebn\u00eb"}]},{"@type":"Person","@id":"https:\/\/www.visit-ulcinj.com\/blog\/#\/schema\/person\/dcab619c614d3038751c63bc2aadc06d","name":"ulqini","sameAs":["http:\/\/www.visit-ulcinj.com"],"url":"https:\/\/www.visit-ulcinj.com\/blog\/author\/admin\/"}]}},"jetpack_featured_media_url":"","jetpack_sharing_enabled":true,"jetpack_shortlink":"https:\/\/wp.me\/pe6lTn-dje","_links":{"self":[{"href":"https:\/\/www.visit-ulcinj.com\/blog\/wp-json\/wp\/v2\/posts\/51164"}],"collection":[{"href":"https:\/\/www.visit-ulcinj.com\/blog\/wp-json\/wp\/v2\/posts"}],"about":[{"href":"https:\/\/www.visit-ulcinj.com\/blog\/wp-json\/wp\/v2\/types\/post"}],"author":[{"embeddable":true,"href":"https:\/\/www.visit-ulcinj.com\/blog\/wp-json\/wp\/v2\/users\/1"}],"replies":[{"embeddable":true,"href":"https:\/\/www.visit-ulcinj.com\/blog\/wp-json\/wp\/v2\/comments?post=51164"}],"version-history":[{"count":2,"href":"https:\/\/www.visit-ulcinj.com\/blog\/wp-json\/wp\/v2\/posts\/51164\/revisions"}],"predecessor-version":[{"id":51386,"href":"https:\/\/www.visit-ulcinj.com\/blog\/wp-json\/wp\/v2\/posts\/51164\/revisions\/51386"}],"wp:attachment":[{"href":"https:\/\/www.visit-ulcinj.com\/blog\/wp-json\/wp\/v2\/media?parent=51164"}],"wp:term":[{"taxonomy":"category","embeddable":true,"href":"https:\/\/www.visit-ulcinj.com\/blog\/wp-json\/wp\/v2\/categories?post=51164"},{"taxonomy":"post_tag","embeddable":true,"href":"https:\/\/www.visit-ulcinj.com\/blog\/wp-json\/wp\/v2\/tags?post=51164"}],"curies":[{"name":"wp","href":"https:\/\/api.w.org\/{rel}","templated":true}]}}