{"id":51168,"date":"2011-09-21T21:18:34","date_gmt":"2011-09-21T20:18:34","guid":{"rendered":"http:\/\/www.visit-ulcinj.com\/blog\/?p=51168"},"modified":"2011-09-21T21:18:34","modified_gmt":"2011-09-21T20:18:34","slug":"adelina-thyen-rekordet-me-%e2%80%9cbest-of-adelina%e2%80%9d","status":"publish","type":"post","link":"https:\/\/www.visit-ulcinj.com\/blog\/2011\/09\/21\/adelina-thyen-rekordet-me-%e2%80%9cbest-of-adelina%e2%80%9d\/","title":{"rendered":"Adelina thyen rekordet me \u201cBest of Adelina\u201d"},"content":{"rendered":"<p><a href=\"http:\/\/www.visit-ulcinj.com\/blog\/2011\/09\/21\/adelina-thyen-rekordet-me-%e2%80%9cbest-of-adelina%e2%80%9d\/adelina-ismajli-7\/\" rel=\"attachment wp-att-51169\"><img loading=\"lazy\" class=\"alignleft size-full wp-image-51169\" title=\"Adelina Ismajli\" src=\"http:\/\/www.visit-ulcinj.com\/blog\/wp-content\/uploads\/2011\/09\/Adelina-Ismajli.jpg\" alt=\"\" width=\"508\" height=\"380\" \/><\/a>K\u00ebng\u00ebtarja 32-vje\u00e7are nga, urt\u00eb e but\u00eb po tregon se di t\u00eb v\u00ebr\u00eb n\u00eb jet\u00eb \u00e7do plan ambicioz q\u00eb ka \u00ebnd\u00ebrruar.<\/p>\n<p>Albumi m\u00eb i fundit i div\u00ebs Adelina Ismajli, q\u00eb titullohet thjesht \u201cBest of Adelina\u201d, \u00ebsht\u00eb hedhur n\u00eb prej gati nj\u00eb viti n\u00eb portalet ligjore m\u00eb t\u00eb m\u00ebdha muzikore, si n\u00eb ITunes, VirginMega, Napster, Deezer, Musicwave, emusic, OVI-Nokia, songrila.com, nd\u00ebrsa s\u00eb fundmi edhe n\u00eb Pure Charts n\u00eb Franc\u00eb, ku shtet n\u00eb t\u00eb cilin albumi gjendet prej disa muajsh transmeton Femina.<\/p>\n<p>Kjo gj\u00eb nuk ka ndodhur ende me asnj\u00eb artist tjet\u00ebr shqiptar. \u201cArsyeja pse nuk kemi b\u00ebr\u00eb asgj\u00eb t\u00eb ditur deri m\u00eb tani ka qen\u00eb me d\u00ebshir\u00ebn e vet\u00eb Adelin\u00ebs, p\u00ebr faktin q\u00eb turneu i saj bot\u00ebror p\u00ebr publikun shqiptar ende nuk kishte mbaruar dhe paralelisht po punonim p\u00ebr projekte t\u00eb reja t\u00eb cilat ende nuk jan\u00eb lansuar.<\/p>\n<p>Nuk kishim koh\u00eb as t\u00eb nxirrnim denj\u00ebsisht lajmin p\u00ebr lansimin e albumit \u201cThe Best of Adelina\u201d.<\/p>\n<p>Po punohej paralelisht p\u00ebr tri projekte dhe kjo na censuronte koh\u00ebn q\u00eb t\u00eb nxirrnim lajm t\u00eb plot\u00eb\u201d, \u2013 tha dje p\u00ebr gazet\u00ebn z\u00ebdh\u00ebn\u00ebsja e saj, Rudina Idrizaj, sipas s\u00eb cil\u00ebs, deri m\u00eb tani \u00ebsht\u00eb arritur nj\u00eb shitje v\u00ebrtet e k\u00ebnaqshme e albumit.<\/p>\n<p><strong>Kosova info<br \/>\n<!--YouTube Error: bad URL entered--><br \/>\n<\/strong><\/p>\n","protected":false},"excerpt":{"rendered":"<p>K\u00ebng\u00ebtarja 32-vje\u00e7are nga, urt\u00eb e but\u00eb po tregon se di t\u00eb v\u00ebr\u00eb n\u00eb jet\u00eb \u00e7do plan ambicioz q\u00eb ka \u00ebnd\u00ebrruar. Albumi m\u00eb i fundit i div\u00ebs Adelina Ismajli, q\u00eb titullohet thjesht \u201cBest of Adelina\u201d, \u00ebsht\u00eb hedhur n\u00eb prej gati nj\u00eb viti n\u00eb portalet ligjore m\u00eb t\u00eb m\u00ebdha muzikore, si n\u00eb ITunes, VirginMega, Napster, Deezer, Musicwave, [&hellip;]<\/p>\n","protected":false},"author":1,"featured_media":0,"comment_status":"open","ping_status":"closed","sticky":false,"template":"","format":"standard","meta":{"spay_email":"","jetpack_publicize_message":"","jetpack_is_tweetstorm":false,"jetpack_publicize_feature_enabled":true},"categories":[1],"tags":[5264],"jetpack_publicize_connections":[],"yoast_head":"<!-- This site is optimized with the Yoast SEO plugin v19.1 - https:\/\/yoast.com\/wordpress\/plugins\/seo\/ -->\n<title>Adelina thyen rekordet me \u201cBest of Adelina\u201d - Lajme nga Ulqini<\/title>\n<meta name=\"description\" content=\"K\u00ebng\u00ebtarja 32-vje\u00e7are nga, urt\u00eb e but\u00eb po tregon se di t\u00eb v\u00ebr\u00eb n\u00eb jet\u00eb \u00e7do plan ambicioz q\u00eb ka \u00ebnd\u00ebrruar. Albumi m\u00eb i fundit i div\u00ebs Adelina Ismajli, q\u00eb\" \/>\n<meta name=\"robots\" content=\"index, follow, max-snippet:-1, max-image-preview:large, max-video-preview:-1\" \/>\n<link rel=\"canonical\" href=\"https:\/\/www.visit-ulcinj.com\/blog\/2011\/09\/21\/adelina-thyen-rekordet-me-\u201cbest-of-adelina\u201d\/\" \/>\n<meta property=\"og:locale\" content=\"en_US\" \/>\n<meta property=\"og:type\" content=\"article\" \/>\n<meta property=\"og:title\" content=\"Adelina thyen rekordet me \u201cBest of Adelina\u201d - Lajme nga Ulqini\" \/>\n<meta property=\"og:description\" content=\"K\u00ebng\u00ebtarja 32-vje\u00e7are nga, urt\u00eb e but\u00eb po tregon se di t\u00eb v\u00ebr\u00eb n\u00eb jet\u00eb \u00e7do plan ambicioz q\u00eb ka \u00ebnd\u00ebrruar. Albumi m\u00eb i fundit i div\u00ebs Adelina Ismajli, q\u00eb\" \/>\n<meta property=\"og:url\" content=\"https:\/\/www.visit-ulcinj.com\/blog\/2011\/09\/21\/adelina-thyen-rekordet-me-\u201cbest-of-adelina\u201d\/\" \/>\n<meta property=\"og:site_name\" content=\"Lajme nga Ulqini\" \/>\n<meta property=\"article:published_time\" content=\"2011-09-21T20:18:34+00:00\" \/>\n<meta property=\"og:image\" content=\"http:\/\/www.visit-ulcinj.com\/blog\/wp-content\/uploads\/2011\/09\/Adelina-Ismajli.jpg\" \/>\n<meta name=\"twitter:label1\" content=\"Written by\" \/>\n\t<meta name=\"twitter:data1\" content=\"ulqini\" \/>\n\t<meta name=\"twitter:label2\" content=\"Est. reading time\" \/>\n\t<meta name=\"twitter:data2\" content=\"1 minute\" \/>\n<script type=\"application\/ld+json\" class=\"yoast-schema-graph\">{\"@context\":\"https:\/\/schema.org\",\"@graph\":[{\"@type\":\"WebSite\",\"@id\":\"https:\/\/www.visit-ulcinj.com\/blog\/#website\",\"url\":\"https:\/\/www.visit-ulcinj.com\/blog\/\",\"name\":\"Lajme nga Ulqini\",\"description\":\"Lajme,Vijesti,Ulqini,Ulqin,Crna Gora,Mali i Zi\",\"potentialAction\":[{\"@type\":\"SearchAction\",\"target\":{\"@type\":\"EntryPoint\",\"urlTemplate\":\"https:\/\/www.visit-ulcinj.com\/blog\/?s={search_term_string}\"},\"query-input\":\"required name=search_term_string\"}],\"inLanguage\":\"en-US\"},{\"@type\":\"ImageObject\",\"inLanguage\":\"en-US\",\"@id\":\"https:\/\/www.visit-ulcinj.com\/blog\/2011\/09\/21\/adelina-thyen-rekordet-me-%e2%80%9cbest-of-adelina%e2%80%9d\/#primaryimage\",\"url\":\"http:\/\/www.visit-ulcinj.com\/blog\/wp-content\/uploads\/2011\/09\/Adelina-Ismajli.jpg\",\"contentUrl\":\"http:\/\/www.visit-ulcinj.com\/blog\/wp-content\/uploads\/2011\/09\/Adelina-Ismajli.jpg\"},{\"@type\":\"WebPage\",\"@id\":\"https:\/\/www.visit-ulcinj.com\/blog\/2011\/09\/21\/adelina-thyen-rekordet-me-%e2%80%9cbest-of-adelina%e2%80%9d\/#webpage\",\"url\":\"https:\/\/www.visit-ulcinj.com\/blog\/2011\/09\/21\/adelina-thyen-rekordet-me-%e2%80%9cbest-of-adelina%e2%80%9d\/\",\"name\":\"Adelina thyen rekordet me \u201cBest of Adelina\u201d - Lajme nga Ulqini\",\"isPartOf\":{\"@id\":\"https:\/\/www.visit-ulcinj.com\/blog\/#website\"},\"primaryImageOfPage\":{\"@id\":\"https:\/\/www.visit-ulcinj.com\/blog\/2011\/09\/21\/adelina-thyen-rekordet-me-%e2%80%9cbest-of-adelina%e2%80%9d\/#primaryimage\"},\"datePublished\":\"2011-09-21T20:18:34+00:00\",\"dateModified\":\"2011-09-21T20:18:34+00:00\",\"author\":{\"@id\":\"https:\/\/www.visit-ulcinj.com\/blog\/#\/schema\/person\/dcab619c614d3038751c63bc2aadc06d\"},\"description\":\"K\u00ebng\u00ebtarja 32-vje\u00e7are nga, urt\u00eb e but\u00eb po tregon se di t\u00eb v\u00ebr\u00eb n\u00eb jet\u00eb \u00e7do plan ambicioz q\u00eb ka \u00ebnd\u00ebrruar. Albumi m\u00eb i fundit i div\u00ebs Adelina Ismajli, q\u00eb\",\"breadcrumb\":{\"@id\":\"https:\/\/www.visit-ulcinj.com\/blog\/2011\/09\/21\/adelina-thyen-rekordet-me-%e2%80%9cbest-of-adelina%e2%80%9d\/#breadcrumb\"},\"inLanguage\":\"en-US\",\"potentialAction\":[{\"@type\":\"ReadAction\",\"target\":[\"https:\/\/www.visit-ulcinj.com\/blog\/2011\/09\/21\/adelina-thyen-rekordet-me-%e2%80%9cbest-of-adelina%e2%80%9d\/\"]}]},{\"@type\":\"BreadcrumbList\",\"@id\":\"https:\/\/www.visit-ulcinj.com\/blog\/2011\/09\/21\/adelina-thyen-rekordet-me-%e2%80%9cbest-of-adelina%e2%80%9d\/#breadcrumb\",\"itemListElement\":[{\"@type\":\"ListItem\",\"position\":1,\"name\":\"Adelina thyen rekordet me \u201cBest of Adelina\u201d\"}]},{\"@type\":\"Person\",\"@id\":\"https:\/\/www.visit-ulcinj.com\/blog\/#\/schema\/person\/dcab619c614d3038751c63bc2aadc06d\",\"name\":\"ulqini\",\"sameAs\":[\"http:\/\/www.visit-ulcinj.com\"],\"url\":\"https:\/\/www.visit-ulcinj.com\/blog\/author\/admin\/\"}]}<\/script>\n<!-- \/ Yoast SEO plugin. -->","yoast_head_json":{"title":"Adelina thyen rekordet me \u201cBest of Adelina\u201d - Lajme nga Ulqini","description":"K\u00ebng\u00ebtarja 32-vje\u00e7are nga, urt\u00eb e but\u00eb po tregon se di t\u00eb v\u00ebr\u00eb n\u00eb jet\u00eb \u00e7do plan ambicioz q\u00eb ka \u00ebnd\u00ebrruar. Albumi m\u00eb i fundit i div\u00ebs Adelina Ismajli, q\u00eb","robots":{"index":"index","follow":"follow","max-snippet":"max-snippet:-1","max-image-preview":"max-image-preview:large","max-video-preview":"max-video-preview:-1"},"canonical":"https:\/\/www.visit-ulcinj.com\/blog\/2011\/09\/21\/adelina-thyen-rekordet-me-\u201cbest-of-adelina\u201d\/","og_locale":"en_US","og_type":"article","og_title":"Adelina thyen rekordet me \u201cBest of Adelina\u201d - Lajme nga Ulqini","og_description":"K\u00ebng\u00ebtarja 32-vje\u00e7are nga, urt\u00eb e but\u00eb po tregon se di t\u00eb v\u00ebr\u00eb n\u00eb jet\u00eb \u00e7do plan ambicioz q\u00eb ka \u00ebnd\u00ebrruar. Albumi m\u00eb i fundit i div\u00ebs Adelina Ismajli, q\u00eb","og_url":"https:\/\/www.visit-ulcinj.com\/blog\/2011\/09\/21\/adelina-thyen-rekordet-me-\u201cbest-of-adelina\u201d\/","og_site_name":"Lajme nga Ulqini","article_published_time":"2011-09-21T20:18:34+00:00","og_image":[{"url":"http:\/\/www.visit-ulcinj.com\/blog\/wp-content\/uploads\/2011\/09\/Adelina-Ismajli.jpg"}],"twitter_misc":{"Written by":"ulqini","Est. reading time":"1 minute"},"schema":{"@context":"https:\/\/schema.org","@graph":[{"@type":"WebSite","@id":"https:\/\/www.visit-ulcinj.com\/blog\/#website","url":"https:\/\/www.visit-ulcinj.com\/blog\/","name":"Lajme nga Ulqini","description":"Lajme,Vijesti,Ulqini,Ulqin,Crna Gora,Mali i Zi","potentialAction":[{"@type":"SearchAction","target":{"@type":"EntryPoint","urlTemplate":"https:\/\/www.visit-ulcinj.com\/blog\/?s={search_term_string}"},"query-input":"required name=search_term_string"}],"inLanguage":"en-US"},{"@type":"ImageObject","inLanguage":"en-US","@id":"https:\/\/www.visit-ulcinj.com\/blog\/2011\/09\/21\/adelina-thyen-rekordet-me-%e2%80%9cbest-of-adelina%e2%80%9d\/#primaryimage","url":"http:\/\/www.visit-ulcinj.com\/blog\/wp-content\/uploads\/2011\/09\/Adelina-Ismajli.jpg","contentUrl":"http:\/\/www.visit-ulcinj.com\/blog\/wp-content\/uploads\/2011\/09\/Adelina-Ismajli.jpg"},{"@type":"WebPage","@id":"https:\/\/www.visit-ulcinj.com\/blog\/2011\/09\/21\/adelina-thyen-rekordet-me-%e2%80%9cbest-of-adelina%e2%80%9d\/#webpage","url":"https:\/\/www.visit-ulcinj.com\/blog\/2011\/09\/21\/adelina-thyen-rekordet-me-%e2%80%9cbest-of-adelina%e2%80%9d\/","name":"Adelina thyen rekordet me \u201cBest of Adelina\u201d - Lajme nga Ulqini","isPartOf":{"@id":"https:\/\/www.visit-ulcinj.com\/blog\/#website"},"primaryImageOfPage":{"@id":"https:\/\/www.visit-ulcinj.com\/blog\/2011\/09\/21\/adelina-thyen-rekordet-me-%e2%80%9cbest-of-adelina%e2%80%9d\/#primaryimage"},"datePublished":"2011-09-21T20:18:34+00:00","dateModified":"2011-09-21T20:18:34+00:00","author":{"@id":"https:\/\/www.visit-ulcinj.com\/blog\/#\/schema\/person\/dcab619c614d3038751c63bc2aadc06d"},"description":"K\u00ebng\u00ebtarja 32-vje\u00e7are nga, urt\u00eb e but\u00eb po tregon se di t\u00eb v\u00ebr\u00eb n\u00eb jet\u00eb \u00e7do plan ambicioz q\u00eb ka \u00ebnd\u00ebrruar. Albumi m\u00eb i fundit i div\u00ebs Adelina Ismajli, q\u00eb","breadcrumb":{"@id":"https:\/\/www.visit-ulcinj.com\/blog\/2011\/09\/21\/adelina-thyen-rekordet-me-%e2%80%9cbest-of-adelina%e2%80%9d\/#breadcrumb"},"inLanguage":"en-US","potentialAction":[{"@type":"ReadAction","target":["https:\/\/www.visit-ulcinj.com\/blog\/2011\/09\/21\/adelina-thyen-rekordet-me-%e2%80%9cbest-of-adelina%e2%80%9d\/"]}]},{"@type":"BreadcrumbList","@id":"https:\/\/www.visit-ulcinj.com\/blog\/2011\/09\/21\/adelina-thyen-rekordet-me-%e2%80%9cbest-of-adelina%e2%80%9d\/#breadcrumb","itemListElement":[{"@type":"ListItem","position":1,"name":"Adelina thyen rekordet me \u201cBest of Adelina\u201d"}]},{"@type":"Person","@id":"https:\/\/www.visit-ulcinj.com\/blog\/#\/schema\/person\/dcab619c614d3038751c63bc2aadc06d","name":"ulqini","sameAs":["http:\/\/www.visit-ulcinj.com"],"url":"https:\/\/www.visit-ulcinj.com\/blog\/author\/admin\/"}]}},"jetpack_featured_media_url":"","jetpack_sharing_enabled":true,"jetpack_shortlink":"https:\/\/wp.me\/pe6lTn-dji","_links":{"self":[{"href":"https:\/\/www.visit-ulcinj.com\/blog\/wp-json\/wp\/v2\/posts\/51168"}],"collection":[{"href":"https:\/\/www.visit-ulcinj.com\/blog\/wp-json\/wp\/v2\/posts"}],"about":[{"href":"https:\/\/www.visit-ulcinj.com\/blog\/wp-json\/wp\/v2\/types\/post"}],"author":[{"embeddable":true,"href":"https:\/\/www.visit-ulcinj.com\/blog\/wp-json\/wp\/v2\/users\/1"}],"replies":[{"embeddable":true,"href":"https:\/\/www.visit-ulcinj.com\/blog\/wp-json\/wp\/v2\/comments?post=51168"}],"version-history":[{"count":2,"href":"https:\/\/www.visit-ulcinj.com\/blog\/wp-json\/wp\/v2\/posts\/51168\/revisions"}],"predecessor-version":[{"id":51171,"href":"https:\/\/www.visit-ulcinj.com\/blog\/wp-json\/wp\/v2\/posts\/51168\/revisions\/51171"}],"wp:attachment":[{"href":"https:\/\/www.visit-ulcinj.com\/blog\/wp-json\/wp\/v2\/media?parent=51168"}],"wp:term":[{"taxonomy":"category","embeddable":true,"href":"https:\/\/www.visit-ulcinj.com\/blog\/wp-json\/wp\/v2\/categories?post=51168"},{"taxonomy":"post_tag","embeddable":true,"href":"https:\/\/www.visit-ulcinj.com\/blog\/wp-json\/wp\/v2\/tags?post=51168"}],"curies":[{"name":"wp","href":"https:\/\/api.w.org\/{rel}","templated":true}]}}