{"id":51172,"date":"2011-09-21T21:31:11","date_gmt":"2011-09-21T20:31:11","guid":{"rendered":"http:\/\/www.visit-ulcinj.com\/blog\/?p=51172"},"modified":"2011-09-21T21:33:59","modified_gmt":"2011-09-21T20:33:59","slug":"adelina-%e2%80%9cune-jam-tip-emotiv%e2%80%9d","status":"publish","type":"post","link":"https:\/\/www.visit-ulcinj.com\/blog\/2011\/09\/21\/adelina-%e2%80%9cune-jam-tip-emotiv%e2%80%9d\/","title":{"rendered":"Adelina \u201cUn\u00eb jam tip emotiv\u201d"},"content":{"rendered":"<p><strong><a href=\"http:\/\/www.visit-ulcinj.com\/blog\/wp-content\/uploads\/2011\/09\/Adelina-Tahiri.jpg\"><img loading=\"lazy\" class=\"alignleft size-full wp-image-51173\" title=\"Adelina Tahiri\" src=\"http:\/\/www.visit-ulcinj.com\/blog\/wp-content\/uploads\/2011\/09\/Adelina-Tahiri.jpg\" alt=\"\" width=\"490\" height=\"611\" \/><\/a>Nuk e kisha menduar k\u00ebt\u00eb pyetje se \u00e7far\u00eb \u00e7mimi do t\u00eb doja t\u00eb merrja nga festivali \u201cK\u00ebnga Magjike\u201d, k\u00ebshtu na ka rr\u00ebfyer k\u00ebng\u00ebtarja sykalt\u00ebr Adelina Tahiri p\u00ebr pjes\u00ebmarrjen e saj p\u00ebr her\u00eb t\u00eb par\u00eb n\u00eb nj\u00eb kompeticion t\u00eb till\u00eb.<\/strong><\/p>\n<p>Ajo, si\u00e7 tha \u00ebsht\u00eb pritur shum\u00eb mir\u00eb dhe ka zgjedhur nj\u00eb balad\u00eb me titull \u201cTi mos u kthe\u201d, p\u00ebr t\u2019u arsyetuar se \u00ebsht\u00eb vetvetja, nj\u00eb Adelin\u00eb m\u00eb ndryshe p\u00ebr t\u00eb treguar edhe kualitetet q\u00eb ka, por edhe karakterin, pasi k\u00ebng\u00ebtarja thot\u00eb: -\u201dk\u00ebshtu un\u00eb jam tip emotiv\u201d.<\/p>\n<p>P\u00ebr t\u00eb festivalet jan\u00eb p\u00ebr \u00e7mime, nd\u00ebrsa kjo k\u00ebng\u00eb k\u00ebto dit\u00eb do t\u00eb ket\u00eb edhe nj\u00eb video q\u00eb \u00ebsht\u00eb punuar nga \u2018Max Production\u201d.<\/p>\n<p><strong>Kosova Sot<br \/>\n<!--YouTube Error: bad URL entered--><br \/>\n<\/strong><\/p>\n","protected":false},"excerpt":{"rendered":"<p>Nuk e kisha menduar k\u00ebt\u00eb pyetje se \u00e7far\u00eb \u00e7mimi do t\u00eb doja t\u00eb merrja nga festivali \u201cK\u00ebnga Magjike\u201d, k\u00ebshtu na ka rr\u00ebfyer k\u00ebng\u00ebtarja sykalt\u00ebr Adelina Tahiri p\u00ebr pjes\u00ebmarrjen e saj p\u00ebr her\u00eb t\u00eb par\u00eb n\u00eb nj\u00eb kompeticion t\u00eb till\u00eb. Ajo, si\u00e7 tha \u00ebsht\u00eb pritur shum\u00eb mir\u00eb dhe ka zgjedhur nj\u00eb balad\u00eb me titull \u201cTi mos [&hellip;]<\/p>\n","protected":false},"author":1,"featured_media":0,"comment_status":"open","ping_status":"closed","sticky":false,"template":"","format":"standard","meta":{"spay_email":"","jetpack_publicize_message":"","jetpack_is_tweetstorm":false,"jetpack_publicize_feature_enabled":true},"categories":[1],"tags":[6597],"jetpack_publicize_connections":[],"yoast_head":"<!-- This site is optimized with the Yoast SEO plugin v19.1 - https:\/\/yoast.com\/wordpress\/plugins\/seo\/ -->\n<title>Adelina \u201cUn\u00eb jam tip emotiv\u201d - Lajme nga Ulqini<\/title>\n<meta name=\"description\" content=\"Nuk e kisha menduar k\u00ebt\u00eb pyetje se \u00e7far\u00eb \u00e7mimi do t\u00eb doja t\u00eb merrja nga festivali \u201cK\u00ebnga Magjike\u201d, k\u00ebshtu na ka rr\u00ebfyer k\u00ebng\u00ebtarja sykalt\u00ebr Adelina Tahiri\" \/>\n<meta name=\"robots\" content=\"index, follow, max-snippet:-1, max-image-preview:large, max-video-preview:-1\" \/>\n<link rel=\"canonical\" href=\"https:\/\/www.visit-ulcinj.com\/blog\/2011\/09\/21\/adelina-\u201cune-jam-tip-emotiv\u201d\/\" \/>\n<meta property=\"og:locale\" content=\"en_US\" \/>\n<meta property=\"og:type\" content=\"article\" \/>\n<meta property=\"og:title\" content=\"Adelina \u201cUn\u00eb jam tip emotiv\u201d - Lajme nga Ulqini\" \/>\n<meta property=\"og:description\" content=\"Nuk e kisha menduar k\u00ebt\u00eb pyetje se \u00e7far\u00eb \u00e7mimi do t\u00eb doja t\u00eb merrja nga festivali \u201cK\u00ebnga Magjike\u201d, k\u00ebshtu na ka rr\u00ebfyer k\u00ebng\u00ebtarja sykalt\u00ebr Adelina Tahiri\" \/>\n<meta property=\"og:url\" content=\"https:\/\/www.visit-ulcinj.com\/blog\/2011\/09\/21\/adelina-\u201cune-jam-tip-emotiv\u201d\/\" \/>\n<meta property=\"og:site_name\" content=\"Lajme nga Ulqini\" \/>\n<meta property=\"article:published_time\" content=\"2011-09-21T20:31:11+00:00\" \/>\n<meta property=\"article:modified_time\" content=\"2011-09-21T20:33:59+00:00\" \/>\n<meta property=\"og:image\" content=\"http:\/\/www.visit-ulcinj.com\/blog\/wp-content\/uploads\/2011\/09\/Adelina-Tahiri.jpg\" \/>\n<meta name=\"twitter:label1\" content=\"Written by\" \/>\n\t<meta name=\"twitter:data1\" content=\"ulqini\" \/>\n\t<meta name=\"twitter:label2\" content=\"Est. reading time\" \/>\n\t<meta name=\"twitter:data2\" content=\"1 minute\" \/>\n<script type=\"application\/ld+json\" class=\"yoast-schema-graph\">{\"@context\":\"https:\/\/schema.org\",\"@graph\":[{\"@type\":\"WebSite\",\"@id\":\"https:\/\/www.visit-ulcinj.com\/blog\/#website\",\"url\":\"https:\/\/www.visit-ulcinj.com\/blog\/\",\"name\":\"Lajme nga Ulqini\",\"description\":\"Lajme,Vijesti,Ulqini,Ulqin,Crna Gora,Mali i Zi\",\"potentialAction\":[{\"@type\":\"SearchAction\",\"target\":{\"@type\":\"EntryPoint\",\"urlTemplate\":\"https:\/\/www.visit-ulcinj.com\/blog\/?s={search_term_string}\"},\"query-input\":\"required name=search_term_string\"}],\"inLanguage\":\"en-US\"},{\"@type\":\"ImageObject\",\"inLanguage\":\"en-US\",\"@id\":\"https:\/\/www.visit-ulcinj.com\/blog\/2011\/09\/21\/adelina-%e2%80%9cune-jam-tip-emotiv%e2%80%9d\/#primaryimage\",\"url\":\"http:\/\/www.visit-ulcinj.com\/blog\/wp-content\/uploads\/2011\/09\/Adelina-Tahiri.jpg\",\"contentUrl\":\"http:\/\/www.visit-ulcinj.com\/blog\/wp-content\/uploads\/2011\/09\/Adelina-Tahiri.jpg\"},{\"@type\":\"WebPage\",\"@id\":\"https:\/\/www.visit-ulcinj.com\/blog\/2011\/09\/21\/adelina-%e2%80%9cune-jam-tip-emotiv%e2%80%9d\/#webpage\",\"url\":\"https:\/\/www.visit-ulcinj.com\/blog\/2011\/09\/21\/adelina-%e2%80%9cune-jam-tip-emotiv%e2%80%9d\/\",\"name\":\"Adelina \u201cUn\u00eb jam tip emotiv\u201d - Lajme nga Ulqini\",\"isPartOf\":{\"@id\":\"https:\/\/www.visit-ulcinj.com\/blog\/#website\"},\"primaryImageOfPage\":{\"@id\":\"https:\/\/www.visit-ulcinj.com\/blog\/2011\/09\/21\/adelina-%e2%80%9cune-jam-tip-emotiv%e2%80%9d\/#primaryimage\"},\"datePublished\":\"2011-09-21T20:31:11+00:00\",\"dateModified\":\"2011-09-21T20:33:59+00:00\",\"author\":{\"@id\":\"https:\/\/www.visit-ulcinj.com\/blog\/#\/schema\/person\/dcab619c614d3038751c63bc2aadc06d\"},\"description\":\"Nuk e kisha menduar k\u00ebt\u00eb pyetje se \u00e7far\u00eb \u00e7mimi do t\u00eb doja t\u00eb merrja nga festivali \u201cK\u00ebnga Magjike\u201d, k\u00ebshtu na ka rr\u00ebfyer k\u00ebng\u00ebtarja sykalt\u00ebr Adelina Tahiri\",\"breadcrumb\":{\"@id\":\"https:\/\/www.visit-ulcinj.com\/blog\/2011\/09\/21\/adelina-%e2%80%9cune-jam-tip-emotiv%e2%80%9d\/#breadcrumb\"},\"inLanguage\":\"en-US\",\"potentialAction\":[{\"@type\":\"ReadAction\",\"target\":[\"https:\/\/www.visit-ulcinj.com\/blog\/2011\/09\/21\/adelina-%e2%80%9cune-jam-tip-emotiv%e2%80%9d\/\"]}]},{\"@type\":\"BreadcrumbList\",\"@id\":\"https:\/\/www.visit-ulcinj.com\/blog\/2011\/09\/21\/adelina-%e2%80%9cune-jam-tip-emotiv%e2%80%9d\/#breadcrumb\",\"itemListElement\":[{\"@type\":\"ListItem\",\"position\":1,\"name\":\"Adelina \u201cUn\u00eb jam tip emotiv\u201d\"}]},{\"@type\":\"Person\",\"@id\":\"https:\/\/www.visit-ulcinj.com\/blog\/#\/schema\/person\/dcab619c614d3038751c63bc2aadc06d\",\"name\":\"ulqini\",\"sameAs\":[\"http:\/\/www.visit-ulcinj.com\"],\"url\":\"https:\/\/www.visit-ulcinj.com\/blog\/author\/admin\/\"}]}<\/script>\n<!-- \/ Yoast SEO plugin. -->","yoast_head_json":{"title":"Adelina \u201cUn\u00eb jam tip emotiv\u201d - Lajme nga Ulqini","description":"Nuk e kisha menduar k\u00ebt\u00eb pyetje se \u00e7far\u00eb \u00e7mimi do t\u00eb doja t\u00eb merrja nga festivali \u201cK\u00ebnga Magjike\u201d, k\u00ebshtu na ka rr\u00ebfyer k\u00ebng\u00ebtarja sykalt\u00ebr Adelina Tahiri","robots":{"index":"index","follow":"follow","max-snippet":"max-snippet:-1","max-image-preview":"max-image-preview:large","max-video-preview":"max-video-preview:-1"},"canonical":"https:\/\/www.visit-ulcinj.com\/blog\/2011\/09\/21\/adelina-\u201cune-jam-tip-emotiv\u201d\/","og_locale":"en_US","og_type":"article","og_title":"Adelina \u201cUn\u00eb jam tip emotiv\u201d - Lajme nga Ulqini","og_description":"Nuk e kisha menduar k\u00ebt\u00eb pyetje se \u00e7far\u00eb \u00e7mimi do t\u00eb doja t\u00eb merrja nga festivali \u201cK\u00ebnga Magjike\u201d, k\u00ebshtu na ka rr\u00ebfyer k\u00ebng\u00ebtarja sykalt\u00ebr Adelina Tahiri","og_url":"https:\/\/www.visit-ulcinj.com\/blog\/2011\/09\/21\/adelina-\u201cune-jam-tip-emotiv\u201d\/","og_site_name":"Lajme nga Ulqini","article_published_time":"2011-09-21T20:31:11+00:00","article_modified_time":"2011-09-21T20:33:59+00:00","og_image":[{"url":"http:\/\/www.visit-ulcinj.com\/blog\/wp-content\/uploads\/2011\/09\/Adelina-Tahiri.jpg"}],"twitter_misc":{"Written by":"ulqini","Est. reading time":"1 minute"},"schema":{"@context":"https:\/\/schema.org","@graph":[{"@type":"WebSite","@id":"https:\/\/www.visit-ulcinj.com\/blog\/#website","url":"https:\/\/www.visit-ulcinj.com\/blog\/","name":"Lajme nga Ulqini","description":"Lajme,Vijesti,Ulqini,Ulqin,Crna Gora,Mali i Zi","potentialAction":[{"@type":"SearchAction","target":{"@type":"EntryPoint","urlTemplate":"https:\/\/www.visit-ulcinj.com\/blog\/?s={search_term_string}"},"query-input":"required name=search_term_string"}],"inLanguage":"en-US"},{"@type":"ImageObject","inLanguage":"en-US","@id":"https:\/\/www.visit-ulcinj.com\/blog\/2011\/09\/21\/adelina-%e2%80%9cune-jam-tip-emotiv%e2%80%9d\/#primaryimage","url":"http:\/\/www.visit-ulcinj.com\/blog\/wp-content\/uploads\/2011\/09\/Adelina-Tahiri.jpg","contentUrl":"http:\/\/www.visit-ulcinj.com\/blog\/wp-content\/uploads\/2011\/09\/Adelina-Tahiri.jpg"},{"@type":"WebPage","@id":"https:\/\/www.visit-ulcinj.com\/blog\/2011\/09\/21\/adelina-%e2%80%9cune-jam-tip-emotiv%e2%80%9d\/#webpage","url":"https:\/\/www.visit-ulcinj.com\/blog\/2011\/09\/21\/adelina-%e2%80%9cune-jam-tip-emotiv%e2%80%9d\/","name":"Adelina \u201cUn\u00eb jam tip emotiv\u201d - Lajme nga Ulqini","isPartOf":{"@id":"https:\/\/www.visit-ulcinj.com\/blog\/#website"},"primaryImageOfPage":{"@id":"https:\/\/www.visit-ulcinj.com\/blog\/2011\/09\/21\/adelina-%e2%80%9cune-jam-tip-emotiv%e2%80%9d\/#primaryimage"},"datePublished":"2011-09-21T20:31:11+00:00","dateModified":"2011-09-21T20:33:59+00:00","author":{"@id":"https:\/\/www.visit-ulcinj.com\/blog\/#\/schema\/person\/dcab619c614d3038751c63bc2aadc06d"},"description":"Nuk e kisha menduar k\u00ebt\u00eb pyetje se \u00e7far\u00eb \u00e7mimi do t\u00eb doja t\u00eb merrja nga festivali \u201cK\u00ebnga Magjike\u201d, k\u00ebshtu na ka rr\u00ebfyer k\u00ebng\u00ebtarja sykalt\u00ebr Adelina Tahiri","breadcrumb":{"@id":"https:\/\/www.visit-ulcinj.com\/blog\/2011\/09\/21\/adelina-%e2%80%9cune-jam-tip-emotiv%e2%80%9d\/#breadcrumb"},"inLanguage":"en-US","potentialAction":[{"@type":"ReadAction","target":["https:\/\/www.visit-ulcinj.com\/blog\/2011\/09\/21\/adelina-%e2%80%9cune-jam-tip-emotiv%e2%80%9d\/"]}]},{"@type":"BreadcrumbList","@id":"https:\/\/www.visit-ulcinj.com\/blog\/2011\/09\/21\/adelina-%e2%80%9cune-jam-tip-emotiv%e2%80%9d\/#breadcrumb","itemListElement":[{"@type":"ListItem","position":1,"name":"Adelina \u201cUn\u00eb jam tip emotiv\u201d"}]},{"@type":"Person","@id":"https:\/\/www.visit-ulcinj.com\/blog\/#\/schema\/person\/dcab619c614d3038751c63bc2aadc06d","name":"ulqini","sameAs":["http:\/\/www.visit-ulcinj.com"],"url":"https:\/\/www.visit-ulcinj.com\/blog\/author\/admin\/"}]}},"jetpack_featured_media_url":"","jetpack_sharing_enabled":true,"jetpack_shortlink":"https:\/\/wp.me\/pe6lTn-djm","_links":{"self":[{"href":"https:\/\/www.visit-ulcinj.com\/blog\/wp-json\/wp\/v2\/posts\/51172"}],"collection":[{"href":"https:\/\/www.visit-ulcinj.com\/blog\/wp-json\/wp\/v2\/posts"}],"about":[{"href":"https:\/\/www.visit-ulcinj.com\/blog\/wp-json\/wp\/v2\/types\/post"}],"author":[{"embeddable":true,"href":"https:\/\/www.visit-ulcinj.com\/blog\/wp-json\/wp\/v2\/users\/1"}],"replies":[{"embeddable":true,"href":"https:\/\/www.visit-ulcinj.com\/blog\/wp-json\/wp\/v2\/comments?post=51172"}],"version-history":[{"count":2,"href":"https:\/\/www.visit-ulcinj.com\/blog\/wp-json\/wp\/v2\/posts\/51172\/revisions"}],"predecessor-version":[{"id":51175,"href":"https:\/\/www.visit-ulcinj.com\/blog\/wp-json\/wp\/v2\/posts\/51172\/revisions\/51175"}],"wp:attachment":[{"href":"https:\/\/www.visit-ulcinj.com\/blog\/wp-json\/wp\/v2\/media?parent=51172"}],"wp:term":[{"taxonomy":"category","embeddable":true,"href":"https:\/\/www.visit-ulcinj.com\/blog\/wp-json\/wp\/v2\/categories?post=51172"},{"taxonomy":"post_tag","embeddable":true,"href":"https:\/\/www.visit-ulcinj.com\/blog\/wp-json\/wp\/v2\/tags?post=51172"}],"curies":[{"name":"wp","href":"https:\/\/api.w.org\/{rel}","templated":true}]}}