{"id":51177,"date":"2011-09-21T21:43:02","date_gmt":"2011-09-21T20:43:02","guid":{"rendered":"http:\/\/www.visit-ulcinj.com\/blog\/?p=51177"},"modified":"2011-09-21T21:43:02","modified_gmt":"2011-09-21T20:43:02","slug":"tuna-mohon-te-kete-lidhje-dashurie-me-blerim-destanin","status":"publish","type":"post","link":"https:\/\/www.visit-ulcinj.com\/blog\/2011\/09\/21\/tuna-mohon-te-kete-lidhje-dashurie-me-blerim-destanin\/","title":{"rendered":"Tuna mohon t\u00eb ket\u00eb lidhje dashurie me Blerim Destanin"},"content":{"rendered":"<p><strong><a href=\"http:\/\/www.visit-ulcinj.com\/blog\/wp-content\/uploads\/2011\/09\/blerim-destani-dhe-tuna.jpg\"><img loading=\"lazy\" class=\"alignleft size-full wp-image-51178\" title=\"blerim-destani-dhe-tuna\" src=\"http:\/\/www.visit-ulcinj.com\/blog\/wp-content\/uploads\/2011\/09\/blerim-destani-dhe-tuna.jpg\" alt=\"\" width=\"340\" height=\"500\" \/><\/a>Tuna, k\u00ebng\u00ebtarja e njohur si super \u2013 stari i muzik\u00ebs shqiptare p\u00ebr her\u00eb t\u00eb par\u00eb ka folur p\u00ebr agjencin\u00eb e lajmeve INA lidhur me spekulimet e fundit q\u00eb lidhen me emrin e saj p\u00ebr nj\u00eb dashuri t\u00eb re t\u00eb plasuar nga mediat, p\u00ebr hitet e saj dhe p\u00ebrkushtimin e saj n\u00eb jet\u00ebn private dhe karrier\u00ebn profesionale.<\/strong><\/p>\n<p><strong>INA: <\/strong>Tuna, jemi kureshtar ne si INA, por edhe shum\u00eb fansa e lexues t\u00eb dijn\u00eb t\u00eb v\u00ebrtet\u00ebn e rrotullimit t\u00eb nj\u00eb lajmi n\u00eb forma t\u00eb ndryshme, ku p\u00ebrshkruhet nj\u00eb lidhje e juaj me aktorin Blerim Destani. Si q\u00ebndron n\u00eb t\u00eb v\u00ebrtet\u00eb puna.<\/p>\n<p><strong>Tuna:<\/strong> Un\u00eb i p\u00ebrg\u00ebnjeshtroj k\u00ebto thashetheme t\u00eb fundit dhe aspak nuk jan\u00eb t\u00eb v\u00ebrteta. Nuk e kuptoj se si dikush mund t\u00eb shkruaj \u201ce dashuruar\u201d. N\u00eb qoft\u00eb se t\u00eb kan\u00eb par\u00eb me dik\u00eb \u00ebsht\u00eb di\u00e7ka tjet\u00ebr, por t\u00eb thuash \u2018e dashuruar n\u00eb dik\u00eb\u2019 \u00ebsht\u00eb tjet\u00ebr. K\u00ebtu jan\u00eb n\u00eb pyetje emocionet dhe nuk e di se si dikush i dallon emocionet e mia. Ndoshta edhe ky \u00ebsht\u00eb ndonj\u00eb \u2018burim i af\u00ebrt\u2019.<\/p>\n<p><strong>INA:<\/strong> A e presim ndonj\u00eb t\u00eb ashtuquajtur \u201cmega \u2013 hit\u201d si\u00e7 ishte \u201cDit\u00ebn ta boj nat\u00eb\u201d, nj\u00eb hit i 2009 ?<\/p>\n<p><strong>Tuna:\u00a0<\/strong>\u201cE para dhe e fundit\u201d \u00ebsht\u00eb nj\u00eb prej k\u00ebngev\u00eb m\u00eb shum\u00eb potencial t\u00eb b\u00ebhet Mega-hit n\u00ebse mund ti quaj k\u00ebshtu si k\u00ebnga \u201cdit\u00ebn ta bej nat\u00eb\u201d apo \u201cvibe\u201d apo \u201d e boj nxet\u201d\u2026Koha do ta tregoj\u00eb!<\/p>\n<p><strong>INA:<\/strong> Jemi n\u00eb dijeni se keni pranuar nj\u00eb ftes\u00eb nga \u201cTop Channel\u201d p\u00ebr t\u00eb konkurruar n\u00eb \u201cTop Fest\u201d. Ka ndonj\u00eb arsye q\u00eb nuk ishe e pranishme n\u00eb festivalin e fundit ?<\/p>\n<p><strong>Tuna:\u00a0<\/strong>N\u00eb p\u00ebrgjith\u00ebsi marr ftes\u00eb nga festivalet tona dhe ju fal\u00ebnderoj p\u00ebr vler\u00ebsimin q\u00eb m\u00eb b\u00ebjn\u00eb\u2026Arsyeja pse vitet e fundit po stagnoj sa i p\u00ebrket k\u00ebtyre kompeticioneve \u00ebsht\u00eb q\u00eb nuk m\u00eb sfidojn\u00eb si n\u00eb fillimet e mija, edhe pse nuk mund ta mohoj faktin q\u00eb jan\u00eb ideal p\u00ebr t\u00eb promovuar nj\u00eb projekt te ri!<\/p>\n<p><strong>INA:<\/strong> A ka gjasa q\u00eb e shohim Tun\u00ebn ndoshta n\u00eb t\u00eb ardhmen n\u00eb festivale nd\u00ebrkomb\u00ebtare si n\u00eb MTV-Music Awards ?<\/p>\n<p><strong>Tuna:\u00a0<\/strong>Pse jooo!<strong><\/p>\n<p><!--YouTube Error: bad URL entered--><br \/>\n<\/strong><\/p>\n","protected":false},"excerpt":{"rendered":"<p>Tuna, k\u00ebng\u00ebtarja e njohur si super \u2013 stari i muzik\u00ebs shqiptare p\u00ebr her\u00eb t\u00eb par\u00eb ka folur p\u00ebr agjencin\u00eb e lajmeve INA lidhur me spekulimet e fundit q\u00eb lidhen me emrin e saj p\u00ebr nj\u00eb dashuri t\u00eb re t\u00eb plasuar nga mediat, p\u00ebr hitet e saj dhe p\u00ebrkushtimin e saj n\u00eb jet\u00ebn private dhe karrier\u00ebn [&hellip;]<\/p>\n","protected":false},"author":1,"featured_media":0,"comment_status":"open","ping_status":"closed","sticky":false,"template":"","format":"standard","meta":{"spay_email":"","jetpack_publicize_message":"","jetpack_is_tweetstorm":false,"jetpack_publicize_feature_enabled":true},"categories":[1],"tags":[4972],"jetpack_publicize_connections":[],"yoast_head":"<!-- This site is optimized with the Yoast SEO plugin v19.1 - https:\/\/yoast.com\/wordpress\/plugins\/seo\/ -->\n<title>Tuna mohon t\u00eb ket\u00eb lidhje dashurie me Blerim Destanin - Lajme nga Ulqini<\/title>\n<meta name=\"description\" content=\"Tuna, k\u00ebng\u00ebtarja e njohur si super \u2013 stari i muzik\u00ebs shqiptare p\u00ebr her\u00eb t\u00eb par\u00eb ka folur p\u00ebr agjencin\u00eb e lajmeve INA lidhur me spekulimet e fundit q\u00eb\" \/>\n<meta name=\"robots\" content=\"index, follow, max-snippet:-1, max-image-preview:large, max-video-preview:-1\" \/>\n<link rel=\"canonical\" href=\"https:\/\/www.visit-ulcinj.com\/blog\/2011\/09\/21\/tuna-mohon-te-kete-lidhje-dashurie-me-blerim-destanin\/\" \/>\n<meta property=\"og:locale\" content=\"en_US\" \/>\n<meta property=\"og:type\" content=\"article\" \/>\n<meta property=\"og:title\" content=\"Tuna mohon t\u00eb ket\u00eb lidhje dashurie me Blerim Destanin - Lajme nga Ulqini\" \/>\n<meta property=\"og:description\" content=\"Tuna, k\u00ebng\u00ebtarja e njohur si super \u2013 stari i muzik\u00ebs shqiptare p\u00ebr her\u00eb t\u00eb par\u00eb ka folur p\u00ebr agjencin\u00eb e lajmeve INA lidhur me spekulimet e fundit q\u00eb\" \/>\n<meta property=\"og:url\" content=\"https:\/\/www.visit-ulcinj.com\/blog\/2011\/09\/21\/tuna-mohon-te-kete-lidhje-dashurie-me-blerim-destanin\/\" \/>\n<meta property=\"og:site_name\" content=\"Lajme nga Ulqini\" \/>\n<meta property=\"article:published_time\" content=\"2011-09-21T20:43:02+00:00\" \/>\n<meta property=\"og:image\" content=\"http:\/\/www.visit-ulcinj.com\/blog\/wp-content\/uploads\/2011\/09\/blerim-destani-dhe-tuna.jpg\" \/>\n<meta name=\"twitter:label1\" content=\"Written by\" \/>\n\t<meta name=\"twitter:data1\" content=\"ulqini\" \/>\n\t<meta name=\"twitter:label2\" content=\"Est. reading time\" \/>\n\t<meta name=\"twitter:data2\" content=\"2 minutes\" \/>\n<script type=\"application\/ld+json\" class=\"yoast-schema-graph\">{\"@context\":\"https:\/\/schema.org\",\"@graph\":[{\"@type\":\"WebSite\",\"@id\":\"https:\/\/www.visit-ulcinj.com\/blog\/#website\",\"url\":\"https:\/\/www.visit-ulcinj.com\/blog\/\",\"name\":\"Lajme nga Ulqini\",\"description\":\"Lajme,Vijesti,Ulqini,Ulqin,Crna Gora,Mali i Zi\",\"potentialAction\":[{\"@type\":\"SearchAction\",\"target\":{\"@type\":\"EntryPoint\",\"urlTemplate\":\"https:\/\/www.visit-ulcinj.com\/blog\/?s={search_term_string}\"},\"query-input\":\"required name=search_term_string\"}],\"inLanguage\":\"en-US\"},{\"@type\":\"ImageObject\",\"inLanguage\":\"en-US\",\"@id\":\"https:\/\/www.visit-ulcinj.com\/blog\/2011\/09\/21\/tuna-mohon-te-kete-lidhje-dashurie-me-blerim-destanin\/#primaryimage\",\"url\":\"http:\/\/www.visit-ulcinj.com\/blog\/wp-content\/uploads\/2011\/09\/blerim-destani-dhe-tuna.jpg\",\"contentUrl\":\"http:\/\/www.visit-ulcinj.com\/blog\/wp-content\/uploads\/2011\/09\/blerim-destani-dhe-tuna.jpg\"},{\"@type\":\"WebPage\",\"@id\":\"https:\/\/www.visit-ulcinj.com\/blog\/2011\/09\/21\/tuna-mohon-te-kete-lidhje-dashurie-me-blerim-destanin\/#webpage\",\"url\":\"https:\/\/www.visit-ulcinj.com\/blog\/2011\/09\/21\/tuna-mohon-te-kete-lidhje-dashurie-me-blerim-destanin\/\",\"name\":\"Tuna mohon t\u00eb ket\u00eb lidhje dashurie me Blerim Destanin - Lajme nga Ulqini\",\"isPartOf\":{\"@id\":\"https:\/\/www.visit-ulcinj.com\/blog\/#website\"},\"primaryImageOfPage\":{\"@id\":\"https:\/\/www.visit-ulcinj.com\/blog\/2011\/09\/21\/tuna-mohon-te-kete-lidhje-dashurie-me-blerim-destanin\/#primaryimage\"},\"datePublished\":\"2011-09-21T20:43:02+00:00\",\"dateModified\":\"2011-09-21T20:43:02+00:00\",\"author\":{\"@id\":\"https:\/\/www.visit-ulcinj.com\/blog\/#\/schema\/person\/dcab619c614d3038751c63bc2aadc06d\"},\"description\":\"Tuna, k\u00ebng\u00ebtarja e njohur si super \u2013 stari i muzik\u00ebs shqiptare p\u00ebr her\u00eb t\u00eb par\u00eb ka folur p\u00ebr agjencin\u00eb e lajmeve INA lidhur me spekulimet e fundit q\u00eb\",\"breadcrumb\":{\"@id\":\"https:\/\/www.visit-ulcinj.com\/blog\/2011\/09\/21\/tuna-mohon-te-kete-lidhje-dashurie-me-blerim-destanin\/#breadcrumb\"},\"inLanguage\":\"en-US\",\"potentialAction\":[{\"@type\":\"ReadAction\",\"target\":[\"https:\/\/www.visit-ulcinj.com\/blog\/2011\/09\/21\/tuna-mohon-te-kete-lidhje-dashurie-me-blerim-destanin\/\"]}]},{\"@type\":\"BreadcrumbList\",\"@id\":\"https:\/\/www.visit-ulcinj.com\/blog\/2011\/09\/21\/tuna-mohon-te-kete-lidhje-dashurie-me-blerim-destanin\/#breadcrumb\",\"itemListElement\":[{\"@type\":\"ListItem\",\"position\":1,\"name\":\"Tuna mohon t\u00eb ket\u00eb lidhje dashurie me Blerim Destanin\"}]},{\"@type\":\"Person\",\"@id\":\"https:\/\/www.visit-ulcinj.com\/blog\/#\/schema\/person\/dcab619c614d3038751c63bc2aadc06d\",\"name\":\"ulqini\",\"sameAs\":[\"http:\/\/www.visit-ulcinj.com\"],\"url\":\"https:\/\/www.visit-ulcinj.com\/blog\/author\/admin\/\"}]}<\/script>\n<!-- \/ Yoast SEO plugin. -->","yoast_head_json":{"title":"Tuna mohon t\u00eb ket\u00eb lidhje dashurie me Blerim Destanin - Lajme nga Ulqini","description":"Tuna, k\u00ebng\u00ebtarja e njohur si super \u2013 stari i muzik\u00ebs shqiptare p\u00ebr her\u00eb t\u00eb par\u00eb ka folur p\u00ebr agjencin\u00eb e lajmeve INA lidhur me spekulimet e fundit q\u00eb","robots":{"index":"index","follow":"follow","max-snippet":"max-snippet:-1","max-image-preview":"max-image-preview:large","max-video-preview":"max-video-preview:-1"},"canonical":"https:\/\/www.visit-ulcinj.com\/blog\/2011\/09\/21\/tuna-mohon-te-kete-lidhje-dashurie-me-blerim-destanin\/","og_locale":"en_US","og_type":"article","og_title":"Tuna mohon t\u00eb ket\u00eb lidhje dashurie me Blerim Destanin - Lajme nga Ulqini","og_description":"Tuna, k\u00ebng\u00ebtarja e njohur si super \u2013 stari i muzik\u00ebs shqiptare p\u00ebr her\u00eb t\u00eb par\u00eb ka folur p\u00ebr agjencin\u00eb e lajmeve INA lidhur me spekulimet e fundit q\u00eb","og_url":"https:\/\/www.visit-ulcinj.com\/blog\/2011\/09\/21\/tuna-mohon-te-kete-lidhje-dashurie-me-blerim-destanin\/","og_site_name":"Lajme nga Ulqini","article_published_time":"2011-09-21T20:43:02+00:00","og_image":[{"url":"http:\/\/www.visit-ulcinj.com\/blog\/wp-content\/uploads\/2011\/09\/blerim-destani-dhe-tuna.jpg"}],"twitter_misc":{"Written by":"ulqini","Est. reading time":"2 minutes"},"schema":{"@context":"https:\/\/schema.org","@graph":[{"@type":"WebSite","@id":"https:\/\/www.visit-ulcinj.com\/blog\/#website","url":"https:\/\/www.visit-ulcinj.com\/blog\/","name":"Lajme nga Ulqini","description":"Lajme,Vijesti,Ulqini,Ulqin,Crna Gora,Mali i Zi","potentialAction":[{"@type":"SearchAction","target":{"@type":"EntryPoint","urlTemplate":"https:\/\/www.visit-ulcinj.com\/blog\/?s={search_term_string}"},"query-input":"required name=search_term_string"}],"inLanguage":"en-US"},{"@type":"ImageObject","inLanguage":"en-US","@id":"https:\/\/www.visit-ulcinj.com\/blog\/2011\/09\/21\/tuna-mohon-te-kete-lidhje-dashurie-me-blerim-destanin\/#primaryimage","url":"http:\/\/www.visit-ulcinj.com\/blog\/wp-content\/uploads\/2011\/09\/blerim-destani-dhe-tuna.jpg","contentUrl":"http:\/\/www.visit-ulcinj.com\/blog\/wp-content\/uploads\/2011\/09\/blerim-destani-dhe-tuna.jpg"},{"@type":"WebPage","@id":"https:\/\/www.visit-ulcinj.com\/blog\/2011\/09\/21\/tuna-mohon-te-kete-lidhje-dashurie-me-blerim-destanin\/#webpage","url":"https:\/\/www.visit-ulcinj.com\/blog\/2011\/09\/21\/tuna-mohon-te-kete-lidhje-dashurie-me-blerim-destanin\/","name":"Tuna mohon t\u00eb ket\u00eb lidhje dashurie me Blerim Destanin - Lajme nga Ulqini","isPartOf":{"@id":"https:\/\/www.visit-ulcinj.com\/blog\/#website"},"primaryImageOfPage":{"@id":"https:\/\/www.visit-ulcinj.com\/blog\/2011\/09\/21\/tuna-mohon-te-kete-lidhje-dashurie-me-blerim-destanin\/#primaryimage"},"datePublished":"2011-09-21T20:43:02+00:00","dateModified":"2011-09-21T20:43:02+00:00","author":{"@id":"https:\/\/www.visit-ulcinj.com\/blog\/#\/schema\/person\/dcab619c614d3038751c63bc2aadc06d"},"description":"Tuna, k\u00ebng\u00ebtarja e njohur si super \u2013 stari i muzik\u00ebs shqiptare p\u00ebr her\u00eb t\u00eb par\u00eb ka folur p\u00ebr agjencin\u00eb e lajmeve INA lidhur me spekulimet e fundit q\u00eb","breadcrumb":{"@id":"https:\/\/www.visit-ulcinj.com\/blog\/2011\/09\/21\/tuna-mohon-te-kete-lidhje-dashurie-me-blerim-destanin\/#breadcrumb"},"inLanguage":"en-US","potentialAction":[{"@type":"ReadAction","target":["https:\/\/www.visit-ulcinj.com\/blog\/2011\/09\/21\/tuna-mohon-te-kete-lidhje-dashurie-me-blerim-destanin\/"]}]},{"@type":"BreadcrumbList","@id":"https:\/\/www.visit-ulcinj.com\/blog\/2011\/09\/21\/tuna-mohon-te-kete-lidhje-dashurie-me-blerim-destanin\/#breadcrumb","itemListElement":[{"@type":"ListItem","position":1,"name":"Tuna mohon t\u00eb ket\u00eb lidhje dashurie me Blerim Destanin"}]},{"@type":"Person","@id":"https:\/\/www.visit-ulcinj.com\/blog\/#\/schema\/person\/dcab619c614d3038751c63bc2aadc06d","name":"ulqini","sameAs":["http:\/\/www.visit-ulcinj.com"],"url":"https:\/\/www.visit-ulcinj.com\/blog\/author\/admin\/"}]}},"jetpack_featured_media_url":"","jetpack_sharing_enabled":true,"jetpack_shortlink":"https:\/\/wp.me\/pe6lTn-djr","_links":{"self":[{"href":"https:\/\/www.visit-ulcinj.com\/blog\/wp-json\/wp\/v2\/posts\/51177"}],"collection":[{"href":"https:\/\/www.visit-ulcinj.com\/blog\/wp-json\/wp\/v2\/posts"}],"about":[{"href":"https:\/\/www.visit-ulcinj.com\/blog\/wp-json\/wp\/v2\/types\/post"}],"author":[{"embeddable":true,"href":"https:\/\/www.visit-ulcinj.com\/blog\/wp-json\/wp\/v2\/users\/1"}],"replies":[{"embeddable":true,"href":"https:\/\/www.visit-ulcinj.com\/blog\/wp-json\/wp\/v2\/comments?post=51177"}],"version-history":[{"count":1,"href":"https:\/\/www.visit-ulcinj.com\/blog\/wp-json\/wp\/v2\/posts\/51177\/revisions"}],"predecessor-version":[{"id":51179,"href":"https:\/\/www.visit-ulcinj.com\/blog\/wp-json\/wp\/v2\/posts\/51177\/revisions\/51179"}],"wp:attachment":[{"href":"https:\/\/www.visit-ulcinj.com\/blog\/wp-json\/wp\/v2\/media?parent=51177"}],"wp:term":[{"taxonomy":"category","embeddable":true,"href":"https:\/\/www.visit-ulcinj.com\/blog\/wp-json\/wp\/v2\/categories?post=51177"},{"taxonomy":"post_tag","embeddable":true,"href":"https:\/\/www.visit-ulcinj.com\/blog\/wp-json\/wp\/v2\/tags?post=51177"}],"curies":[{"name":"wp","href":"https:\/\/api.w.org\/{rel}","templated":true}]}}