{"id":51181,"date":"2011-09-21T21:58:55","date_gmt":"2011-09-21T20:58:55","guid":{"rendered":"http:\/\/www.visit-ulcinj.com\/blog\/?p=51181"},"modified":"2011-09-21T22:05:21","modified_gmt":"2011-09-21T21:05:21","slug":"mc-kresha-fillon-bashkejetesen-ne-shtepine-e-rozana-radit","status":"publish","type":"post","link":"https:\/\/www.visit-ulcinj.com\/blog\/2011\/09\/21\/mc-kresha-fillon-bashkejetesen-ne-shtepine-e-rozana-radit\/","title":{"rendered":"Mc Kresha fillon bashk\u00ebjetes\u00ebn n\u00eb sht\u00ebpin\u00eb e Rozana Radit"},"content":{"rendered":"<p><a href=\"http:\/\/www.visit-ulcinj.com\/blog\/wp-content\/uploads\/2011\/09\/mc-kresha.jpg\"><img loading=\"lazy\" class=\"alignleft size-full wp-image-51182\" title=\"mc kresha\" src=\"http:\/\/www.visit-ulcinj.com\/blog\/wp-content\/uploads\/2011\/09\/mc-kresha.jpg\" alt=\"\" width=\"300\" height=\"400\" \/><\/a>Reperi i njohur kosovar, Mc Kresha, k\u00ebto dit\u00eb \u00ebsht\u00eb b\u00ebr\u00eb shum\u00eb i famsh\u00ebm n\u00eb Shqip\u00ebri dhe kjo, fal\u00eb lidhjes me k\u00ebng\u00ebtaren Rozana Radi. N\u00eb fakt, nuk i mjaftuan k\u00ebng\u00ebt e lan\u00e7uara deri tani, edhe pse mjaft t\u00eb p\u00eblqyera, p\u00ebr t\u00eb arritur n\u00eb Shqip\u00ebri at\u00eb popullaritet, q\u00eb e fitoi si me magji fal\u00eb nj\u00eb lidhjeje dashurie. Jav\u00ebn e kaluar, gazeta \u201cPanorama\u201d dekonspiroi lidhjen e tyre, e cila nuk ishte dhe shum\u00eb e v\u00ebshtir\u00eb p\u00ebr t\u2019u zbuluar, pasi \u00e7ifti nuk i kursen gjestet erotike edhe n\u00eb publik. Meq\u00eb p\u00ebr Rozin nuk kemi shum\u00eb p\u00ebr t\u2019ju treguar, sepse ne tashm\u00eb kemi informacion t\u00eb mjaftuesh\u00ebm p\u00ebr t\u00eb, \u00ebsht\u00eb Mc Kresha ai p\u00ebr t\u00eb cilin vendos\u00ebm t\u00eb investigonim p\u00ebr t\u00eb m\u00ebsuar m\u00eb shum\u00eb rreth t\u00eb kaluar\u00ebs s\u00eb tij dhe p\u00ebr t\u2019jua rr\u00ebfyer edhe ju.<\/p>\n<p>REPERI, NJ\u00cb VIT I FEJUAR ME NJ\u00cb VAJZ\u00cb TURKENGA MITROVICA<br \/>\nP\u00ebr jet\u00ebn private t\u00eb Kreshnik Fazliut \u00ebsht\u00eb folur shum\u00eb pak n\u00eb mediat shqiptare, pasi edhe n\u00eb shtypin roz\u00eb gjithmon\u00eb kan\u00eb z\u00ebn\u00eb vend lajmet p\u00ebr suksesin e tij dhe asgj\u00eb m\u00eb shum\u00eb. Nd\u00ebrkoh\u00eb, ne m\u00ebsojm\u00eb q\u00eb Mc Kresha ka qen\u00eb i fejuar p\u00ebr nj\u00eb vit rresht me nj\u00eb vajz\u00eb turke nga rrethi i Mitrovic\u00ebs. Kjo lidhje me vajz\u00ebn turke ka ndodhur para disa viteve, n\u00eb nj\u00eb mosh\u00eb pak m\u00eb t\u00eb re t\u00eb Kreshnikut. Ata kan\u00eb ndenjur bashk\u00eb m\u00eb shum\u00eb se nj\u00eb vit, madje ishin t\u00eb fejuar, por lidhja e tyre nuk eci ashtu si duhet dhe vendos\u00ebn q\u00eb t\u00eb ndahen. \u201cEmri i vajz\u00ebs nuk m\u00eb kujtohet, por e di q\u00eb ka qen\u00eb e komunitetit turk n\u00eb Kosov\u00eb dhe ishte nga rrethi i Mitrovic\u00ebs\u201d, k\u00ebshtu thekson p\u00ebr \u201cPanorama plus\u201d nj\u00eb burim i af\u00ebrt me reperin.<\/p>\n<p>PAS FEJES\u00cbS S\u00cb D\u00cbSHTUAR B\u00cbHET BESIMTAR<br \/>\nPas d\u00ebshtimit n\u00eb fejes\u00eb, Kresha vendos q\u00eb t\u00eb b\u00ebhet religjioz, duke shkuar edhe n\u00eb xhami e duke u falur e lutur 5 her\u00eb n\u00eb dit\u00eb. K\u00ebt\u00eb gj\u00eb e pohojn\u00eb po ashtu miqt\u00eb e k\u00ebng\u00ebtarit, duke th\u00ebn\u00eb se ndoshta nga d\u00ebshp\u00ebrimi i fejes\u00ebs ai vendosi t\u2019i lutet Zotit p\u00ebr gabimet q\u00eb ka b\u00ebr\u00eb. \u201cAi i hyri rrug\u00ebs s\u00eb besimit, u b\u00eb religjioz n\u00eb maksimum duke u falur 5 her\u00eb n\u00eb dit\u00eb dhe pas nj\u00eb viti e la edhe k\u00ebt\u00eb\u201d, tregon miku i tij. Si\u00e7 duket, Kresha t\u00eb gjitha gj\u00ebrat i paska nj\u00ebvje\u00e7are, edhe pun\u00ebn e fejes\u00ebs, por edhe pun\u00ebn e religjionit e faljes n\u00eb xhami. Kreshniku mik t\u00eb ngusht\u00eb n\u00eb rrethin e artist\u00ebve, kishte Bleron, i cili kishte marr\u00eb si detyr\u00eb ta promovoj\u00eb at\u00eb si reper. Miq\u00ebsia me Bleron nuk shkoi gjat\u00eb, p\u00ebr shkak se tashm\u00eb k\u00ebng\u00ebtar\u00ebt tan\u00eb jan\u00eb m\u00ebsuar q\u00eb sa b\u00ebhen pak t\u00eb famsh\u00ebm, t\u00eb kthejn\u00eb kurrizin. Ata tashm\u00eb nuk flasin, por ajo\u00a0 q\u00eb ka mbetur jan\u00eb disa bashk\u00ebpunime muzikore.<br \/>\n<a href=\"http:\/\/www.visit-ulcinj.com\/blog\/wp-content\/uploads\/2011\/09\/Rozana.jpg\"><img loading=\"lazy\" class=\"alignleft size-full wp-image-51183\" title=\"Rozana\" src=\"http:\/\/www.visit-ulcinj.com\/blog\/wp-content\/uploads\/2011\/09\/Rozana.jpg\" alt=\"\" width=\"490\" height=\"344\" \/><\/a><\/p>\n<p>PUSHIME N\u00cb TURQI ME ROZANA RADIN<br \/>\nHistoria e publikuar jav\u00ebs q\u00eb kaloi mes Rozana Radit dhe Kreshnik Fazliut (Mc Kresha) zgjoi debat t\u00eb madh tek k\u00ebng\u00ebtar\u00ebt. Rozana reagoi p\u00ebrmes nj\u00eb komenti n\u00eb Facebook. Duke e ditur q\u00eb t\u00eb gjith\u00eb e kishin par\u00eb \u00e7iftin teksa arg\u00ebtohej s\u00eb bashku n\u00eb publik, sikur ishin n\u00eb dhom\u00ebn e gjumit, nuk kishte se si ta mohonte nj\u00eb lajm t\u00eb till\u00eb. N\u00eb an\u00ebn tjet\u00ebr, edhe Kresha \u00ebsht\u00eb munduar t\u2019i ik\u00eb pyetjes son\u00eb n\u00eb lidhje me k\u00ebt\u00eb rast, duke th\u00ebn\u00eb se Rozan\u00ebn e ka mike dhe nuk ishte n\u00eb dijeni p\u00ebr at\u00eb q\u00eb flitej. Mbas lidhjes me Rozin, Kresha vendosi t\u00eb b\u00ebj\u00eb pushime n\u00eb Turqi bashk\u00eb me t\u00eb dhe disa miq t\u00eb Rozit. Deri tani, guximi i reperit trupmadh ka shkuar deri aty sa n\u00eb faqen e tij n\u00eb Facebook t\u00eb publikoj\u00eb vet\u00ebm nj\u00eb foto me nj\u00eb k\u00ebmb\u00eb femre dhe me siguri q\u00eb prononcimin n\u00eb media p\u00ebr k\u00ebt\u00eb lidhje mund t\u2019ia ket\u00eb l\u00ebn\u00eb n\u00eb dor\u00eb Rozit si fillim.\u00a0 Nd\u00ebrkoh\u00eb q\u00eb Rozana Radi, sapo doli shkrimi tek \u201cPanorama Plus\u201d, hoqi nga statusi i saj n\u00eb k\u00ebt\u00eb rrjet social shtes\u00ebn e vendosur s\u00eb fundmi, ku thoshte se ishte n\u00eb nj\u00eb lidhje, p\u00ebr t\u00eb mos e komplikuar edhe m\u00eb shum\u00eb situat\u00ebn.<\/p>\n<p>NJE LIDHJE QE KA FILLUAR TE MERRET SERIOZISHT<br \/>\nMegjith\u00ebse jav\u00ebn e kaluar shkruam se \u00e7ifti i ndodhur p\u00ebr nj\u00eb koncert n\u00eb Himar\u00eb nuk i kurseu skenat erotike n\u00eb publik (t\u00eb cilat ngjajn\u00eb jo pak perverse kur intimiteti ndahet me t\u00eb tjer\u00ebt), n\u00eb fakt e v\u00ebrteta \u00ebsht\u00eb se Rozi dhe Mc Kreshta kan\u00eb hyr\u00eb n\u00eb nj\u00eb lidhje t\u00eb mir\u00ebfillt\u00eb dashurie, madje miqt\u00eb e tyre na rr\u00ebfejn\u00eb se kan\u00eb r\u00ebn\u00eb q\u00eb t\u00eb dy kok\u00eb e k\u00ebmb\u00eb brenda. Tani ata i sheh gjat\u00eb gjith\u00eb koh\u00ebs bashk\u00eb, madje miqt\u00eb e tyre rr\u00ebfejn\u00eb se Mc Kresha jeton tek sht\u00ebpia e Rozit kur ndodhet n\u00eb Tiran\u00eb, meq\u00eb Rozi jeton vet\u00ebm. Edhe pse po tentojn\u00eb ta mbajn\u00eb sa m\u00eb private lidhjen, do ket\u00eb nj\u00eb moment q\u00eb do i dekonspiroj\u00eb. B\u00ebhet fjal\u00eb p\u00ebr festivalin \u201cK\u00ebnga magjike\u201d, ku dy k\u00ebng\u00ebtar\u00ebt kan\u00eb vendosur q\u00eb t\u00eb performojn\u00eb s\u00eb bashku. Ne i urojm\u00eb suksese.<\/p>\n<p><strong>Lajmifundit<\/strong><br \/>\n<!--YouTube Error: bad URL entered--><\/p>\n","protected":false},"excerpt":{"rendered":"<p>Reperi i njohur kosovar, Mc Kresha, k\u00ebto dit\u00eb \u00ebsht\u00eb b\u00ebr\u00eb shum\u00eb i famsh\u00ebm n\u00eb Shqip\u00ebri dhe kjo, fal\u00eb lidhjes me k\u00ebng\u00ebtaren Rozana Radi. N\u00eb fakt, nuk i mjaftuan k\u00ebng\u00ebt e lan\u00e7uara deri tani, edhe pse mjaft t\u00eb p\u00eblqyera, p\u00ebr t\u00eb arritur n\u00eb Shqip\u00ebri at\u00eb popullaritet, q\u00eb e fitoi si me magji fal\u00eb nj\u00eb lidhjeje dashurie. [&hellip;]<\/p>\n","protected":false},"author":1,"featured_media":0,"comment_status":"open","ping_status":"closed","sticky":false,"template":"","format":"standard","meta":{"spay_email":"","jetpack_publicize_message":"","jetpack_is_tweetstorm":false,"jetpack_publicize_feature_enabled":true},"categories":[1],"tags":[9382,4964],"jetpack_publicize_connections":[],"yoast_head":"<!-- This site is optimized with the Yoast SEO plugin v19.1 - https:\/\/yoast.com\/wordpress\/plugins\/seo\/ -->\n<title>Mc Kresha fillon bashk\u00ebjetes\u00ebn n\u00eb sht\u00ebpin\u00eb e Rozana Radit - Lajme nga Ulqini<\/title>\n<meta name=\"description\" content=\"Reperi i njohur kosovar, Mc Kresha, k\u00ebto dit\u00eb \u00ebsht\u00eb b\u00ebr\u00eb shum\u00eb i famsh\u00ebm n\u00eb Shqip\u00ebri dhe kjo, fal\u00eb lidhjes me k\u00ebng\u00ebtaren Rozana Radi. N\u00eb fakt, nuk i\" \/>\n<meta name=\"robots\" content=\"index, follow, max-snippet:-1, max-image-preview:large, max-video-preview:-1\" \/>\n<link rel=\"canonical\" href=\"https:\/\/www.visit-ulcinj.com\/blog\/2011\/09\/21\/mc-kresha-fillon-bashkejetesen-ne-shtepine-e-rozana-radit\/\" \/>\n<meta property=\"og:locale\" content=\"en_US\" \/>\n<meta property=\"og:type\" content=\"article\" \/>\n<meta property=\"og:title\" content=\"Mc Kresha fillon bashk\u00ebjetes\u00ebn n\u00eb sht\u00ebpin\u00eb e Rozana Radit - Lajme nga Ulqini\" \/>\n<meta property=\"og:description\" content=\"Reperi i njohur kosovar, Mc Kresha, k\u00ebto dit\u00eb \u00ebsht\u00eb b\u00ebr\u00eb shum\u00eb i famsh\u00ebm n\u00eb Shqip\u00ebri dhe kjo, fal\u00eb lidhjes me k\u00ebng\u00ebtaren Rozana Radi. N\u00eb fakt, nuk i\" \/>\n<meta property=\"og:url\" content=\"https:\/\/www.visit-ulcinj.com\/blog\/2011\/09\/21\/mc-kresha-fillon-bashkejetesen-ne-shtepine-e-rozana-radit\/\" \/>\n<meta property=\"og:site_name\" content=\"Lajme nga Ulqini\" \/>\n<meta property=\"article:published_time\" content=\"2011-09-21T20:58:55+00:00\" \/>\n<meta property=\"article:modified_time\" content=\"2011-09-21T21:05:21+00:00\" \/>\n<meta property=\"og:image\" content=\"http:\/\/www.visit-ulcinj.com\/blog\/wp-content\/uploads\/2011\/09\/mc-kresha.jpg\" \/>\n<meta name=\"twitter:label1\" content=\"Written by\" \/>\n\t<meta name=\"twitter:data1\" content=\"ulqini\" \/>\n\t<meta name=\"twitter:label2\" content=\"Est. reading time\" \/>\n\t<meta name=\"twitter:data2\" content=\"5 minutes\" \/>\n<script type=\"application\/ld+json\" class=\"yoast-schema-graph\">{\"@context\":\"https:\/\/schema.org\",\"@graph\":[{\"@type\":\"WebSite\",\"@id\":\"https:\/\/www.visit-ulcinj.com\/blog\/#website\",\"url\":\"https:\/\/www.visit-ulcinj.com\/blog\/\",\"name\":\"Lajme nga Ulqini\",\"description\":\"Lajme,Vijesti,Ulqini,Ulqin,Crna Gora,Mali i Zi\",\"potentialAction\":[{\"@type\":\"SearchAction\",\"target\":{\"@type\":\"EntryPoint\",\"urlTemplate\":\"https:\/\/www.visit-ulcinj.com\/blog\/?s={search_term_string}\"},\"query-input\":\"required name=search_term_string\"}],\"inLanguage\":\"en-US\"},{\"@type\":\"ImageObject\",\"inLanguage\":\"en-US\",\"@id\":\"https:\/\/www.visit-ulcinj.com\/blog\/2011\/09\/21\/mc-kresha-fillon-bashkejetesen-ne-shtepine-e-rozana-radit\/#primaryimage\",\"url\":\"http:\/\/www.visit-ulcinj.com\/blog\/wp-content\/uploads\/2011\/09\/mc-kresha.jpg\",\"contentUrl\":\"http:\/\/www.visit-ulcinj.com\/blog\/wp-content\/uploads\/2011\/09\/mc-kresha.jpg\"},{\"@type\":\"WebPage\",\"@id\":\"https:\/\/www.visit-ulcinj.com\/blog\/2011\/09\/21\/mc-kresha-fillon-bashkejetesen-ne-shtepine-e-rozana-radit\/#webpage\",\"url\":\"https:\/\/www.visit-ulcinj.com\/blog\/2011\/09\/21\/mc-kresha-fillon-bashkejetesen-ne-shtepine-e-rozana-radit\/\",\"name\":\"Mc Kresha fillon bashk\u00ebjetes\u00ebn n\u00eb sht\u00ebpin\u00eb e Rozana Radit - Lajme nga Ulqini\",\"isPartOf\":{\"@id\":\"https:\/\/www.visit-ulcinj.com\/blog\/#website\"},\"primaryImageOfPage\":{\"@id\":\"https:\/\/www.visit-ulcinj.com\/blog\/2011\/09\/21\/mc-kresha-fillon-bashkejetesen-ne-shtepine-e-rozana-radit\/#primaryimage\"},\"datePublished\":\"2011-09-21T20:58:55+00:00\",\"dateModified\":\"2011-09-21T21:05:21+00:00\",\"author\":{\"@id\":\"https:\/\/www.visit-ulcinj.com\/blog\/#\/schema\/person\/dcab619c614d3038751c63bc2aadc06d\"},\"description\":\"Reperi i njohur kosovar, Mc Kresha, k\u00ebto dit\u00eb \u00ebsht\u00eb b\u00ebr\u00eb shum\u00eb i famsh\u00ebm n\u00eb Shqip\u00ebri dhe kjo, fal\u00eb lidhjes me k\u00ebng\u00ebtaren Rozana Radi. N\u00eb fakt, nuk i\",\"breadcrumb\":{\"@id\":\"https:\/\/www.visit-ulcinj.com\/blog\/2011\/09\/21\/mc-kresha-fillon-bashkejetesen-ne-shtepine-e-rozana-radit\/#breadcrumb\"},\"inLanguage\":\"en-US\",\"potentialAction\":[{\"@type\":\"ReadAction\",\"target\":[\"https:\/\/www.visit-ulcinj.com\/blog\/2011\/09\/21\/mc-kresha-fillon-bashkejetesen-ne-shtepine-e-rozana-radit\/\"]}]},{\"@type\":\"BreadcrumbList\",\"@id\":\"https:\/\/www.visit-ulcinj.com\/blog\/2011\/09\/21\/mc-kresha-fillon-bashkejetesen-ne-shtepine-e-rozana-radit\/#breadcrumb\",\"itemListElement\":[{\"@type\":\"ListItem\",\"position\":1,\"name\":\"Mc Kresha fillon bashk\u00ebjetes\u00ebn n\u00eb sht\u00ebpin\u00eb e Rozana Radit\"}]},{\"@type\":\"Person\",\"@id\":\"https:\/\/www.visit-ulcinj.com\/blog\/#\/schema\/person\/dcab619c614d3038751c63bc2aadc06d\",\"name\":\"ulqini\",\"sameAs\":[\"http:\/\/www.visit-ulcinj.com\"],\"url\":\"https:\/\/www.visit-ulcinj.com\/blog\/author\/admin\/\"}]}<\/script>\n<!-- \/ Yoast SEO plugin. -->","yoast_head_json":{"title":"Mc Kresha fillon bashk\u00ebjetes\u00ebn n\u00eb sht\u00ebpin\u00eb e Rozana Radit - Lajme nga Ulqini","description":"Reperi i njohur kosovar, Mc Kresha, k\u00ebto dit\u00eb \u00ebsht\u00eb b\u00ebr\u00eb shum\u00eb i famsh\u00ebm n\u00eb Shqip\u00ebri dhe kjo, fal\u00eb lidhjes me k\u00ebng\u00ebtaren Rozana Radi. N\u00eb fakt, nuk i","robots":{"index":"index","follow":"follow","max-snippet":"max-snippet:-1","max-image-preview":"max-image-preview:large","max-video-preview":"max-video-preview:-1"},"canonical":"https:\/\/www.visit-ulcinj.com\/blog\/2011\/09\/21\/mc-kresha-fillon-bashkejetesen-ne-shtepine-e-rozana-radit\/","og_locale":"en_US","og_type":"article","og_title":"Mc Kresha fillon bashk\u00ebjetes\u00ebn n\u00eb sht\u00ebpin\u00eb e Rozana Radit - Lajme nga Ulqini","og_description":"Reperi i njohur kosovar, Mc Kresha, k\u00ebto dit\u00eb \u00ebsht\u00eb b\u00ebr\u00eb shum\u00eb i famsh\u00ebm n\u00eb Shqip\u00ebri dhe kjo, fal\u00eb lidhjes me k\u00ebng\u00ebtaren Rozana Radi. N\u00eb fakt, nuk i","og_url":"https:\/\/www.visit-ulcinj.com\/blog\/2011\/09\/21\/mc-kresha-fillon-bashkejetesen-ne-shtepine-e-rozana-radit\/","og_site_name":"Lajme nga Ulqini","article_published_time":"2011-09-21T20:58:55+00:00","article_modified_time":"2011-09-21T21:05:21+00:00","og_image":[{"url":"http:\/\/www.visit-ulcinj.com\/blog\/wp-content\/uploads\/2011\/09\/mc-kresha.jpg"}],"twitter_misc":{"Written by":"ulqini","Est. reading time":"5 minutes"},"schema":{"@context":"https:\/\/schema.org","@graph":[{"@type":"WebSite","@id":"https:\/\/www.visit-ulcinj.com\/blog\/#website","url":"https:\/\/www.visit-ulcinj.com\/blog\/","name":"Lajme nga Ulqini","description":"Lajme,Vijesti,Ulqini,Ulqin,Crna Gora,Mali i Zi","potentialAction":[{"@type":"SearchAction","target":{"@type":"EntryPoint","urlTemplate":"https:\/\/www.visit-ulcinj.com\/blog\/?s={search_term_string}"},"query-input":"required name=search_term_string"}],"inLanguage":"en-US"},{"@type":"ImageObject","inLanguage":"en-US","@id":"https:\/\/www.visit-ulcinj.com\/blog\/2011\/09\/21\/mc-kresha-fillon-bashkejetesen-ne-shtepine-e-rozana-radit\/#primaryimage","url":"http:\/\/www.visit-ulcinj.com\/blog\/wp-content\/uploads\/2011\/09\/mc-kresha.jpg","contentUrl":"http:\/\/www.visit-ulcinj.com\/blog\/wp-content\/uploads\/2011\/09\/mc-kresha.jpg"},{"@type":"WebPage","@id":"https:\/\/www.visit-ulcinj.com\/blog\/2011\/09\/21\/mc-kresha-fillon-bashkejetesen-ne-shtepine-e-rozana-radit\/#webpage","url":"https:\/\/www.visit-ulcinj.com\/blog\/2011\/09\/21\/mc-kresha-fillon-bashkejetesen-ne-shtepine-e-rozana-radit\/","name":"Mc Kresha fillon bashk\u00ebjetes\u00ebn n\u00eb sht\u00ebpin\u00eb e Rozana Radit - Lajme nga Ulqini","isPartOf":{"@id":"https:\/\/www.visit-ulcinj.com\/blog\/#website"},"primaryImageOfPage":{"@id":"https:\/\/www.visit-ulcinj.com\/blog\/2011\/09\/21\/mc-kresha-fillon-bashkejetesen-ne-shtepine-e-rozana-radit\/#primaryimage"},"datePublished":"2011-09-21T20:58:55+00:00","dateModified":"2011-09-21T21:05:21+00:00","author":{"@id":"https:\/\/www.visit-ulcinj.com\/blog\/#\/schema\/person\/dcab619c614d3038751c63bc2aadc06d"},"description":"Reperi i njohur kosovar, Mc Kresha, k\u00ebto dit\u00eb \u00ebsht\u00eb b\u00ebr\u00eb shum\u00eb i famsh\u00ebm n\u00eb Shqip\u00ebri dhe kjo, fal\u00eb lidhjes me k\u00ebng\u00ebtaren Rozana Radi. N\u00eb fakt, nuk i","breadcrumb":{"@id":"https:\/\/www.visit-ulcinj.com\/blog\/2011\/09\/21\/mc-kresha-fillon-bashkejetesen-ne-shtepine-e-rozana-radit\/#breadcrumb"},"inLanguage":"en-US","potentialAction":[{"@type":"ReadAction","target":["https:\/\/www.visit-ulcinj.com\/blog\/2011\/09\/21\/mc-kresha-fillon-bashkejetesen-ne-shtepine-e-rozana-radit\/"]}]},{"@type":"BreadcrumbList","@id":"https:\/\/www.visit-ulcinj.com\/blog\/2011\/09\/21\/mc-kresha-fillon-bashkejetesen-ne-shtepine-e-rozana-radit\/#breadcrumb","itemListElement":[{"@type":"ListItem","position":1,"name":"Mc Kresha fillon bashk\u00ebjetes\u00ebn n\u00eb sht\u00ebpin\u00eb e Rozana Radit"}]},{"@type":"Person","@id":"https:\/\/www.visit-ulcinj.com\/blog\/#\/schema\/person\/dcab619c614d3038751c63bc2aadc06d","name":"ulqini","sameAs":["http:\/\/www.visit-ulcinj.com"],"url":"https:\/\/www.visit-ulcinj.com\/blog\/author\/admin\/"}]}},"jetpack_featured_media_url":"","jetpack_sharing_enabled":true,"jetpack_shortlink":"https:\/\/wp.me\/pe6lTn-djv","_links":{"self":[{"href":"https:\/\/www.visit-ulcinj.com\/blog\/wp-json\/wp\/v2\/posts\/51181"}],"collection":[{"href":"https:\/\/www.visit-ulcinj.com\/blog\/wp-json\/wp\/v2\/posts"}],"about":[{"href":"https:\/\/www.visit-ulcinj.com\/blog\/wp-json\/wp\/v2\/types\/post"}],"author":[{"embeddable":true,"href":"https:\/\/www.visit-ulcinj.com\/blog\/wp-json\/wp\/v2\/users\/1"}],"replies":[{"embeddable":true,"href":"https:\/\/www.visit-ulcinj.com\/blog\/wp-json\/wp\/v2\/comments?post=51181"}],"version-history":[{"count":6,"href":"https:\/\/www.visit-ulcinj.com\/blog\/wp-json\/wp\/v2\/posts\/51181\/revisions"}],"predecessor-version":[{"id":51190,"href":"https:\/\/www.visit-ulcinj.com\/blog\/wp-json\/wp\/v2\/posts\/51181\/revisions\/51190"}],"wp:attachment":[{"href":"https:\/\/www.visit-ulcinj.com\/blog\/wp-json\/wp\/v2\/media?parent=51181"}],"wp:term":[{"taxonomy":"category","embeddable":true,"href":"https:\/\/www.visit-ulcinj.com\/blog\/wp-json\/wp\/v2\/categories?post=51181"},{"taxonomy":"post_tag","embeddable":true,"href":"https:\/\/www.visit-ulcinj.com\/blog\/wp-json\/wp\/v2\/tags?post=51181"}],"curies":[{"name":"wp","href":"https:\/\/api.w.org\/{rel}","templated":true}]}}