{"id":51193,"date":"2011-09-22T09:24:30","date_gmt":"2011-09-22T08:24:30","guid":{"rendered":"http:\/\/www.visit-ulcinj.com\/blog\/?p=51193"},"modified":"2011-09-22T09:24:30","modified_gmt":"2011-09-22T08:24:30","slug":"sezonom-zadovoljni-i-turisticki-radnici-i-drzava","status":"publish","type":"post","link":"https:\/\/www.visit-ulcinj.com\/blog\/2011\/09\/22\/sezonom-zadovoljni-i-turisticki-radnici-i-drzava\/","title":{"rendered":"Sezonom zadovoljni i turisti\u010dki radnici i dr\u017eava"},"content":{"rendered":"<p><a href=\"http:\/\/www.visit-ulcinj.com\/blog\/wp-content\/uploads\/2011\/09\/Ulcinj_Crna-Gora_zadovoljni-Sezonom.jpg\"><img loading=\"lazy\" class=\"alignleft size-full wp-image-51194\" title=\"Ulcinj_Crna Gora_zadovoljni Sezonom\" src=\"http:\/\/www.visit-ulcinj.com\/blog\/wp-content\/uploads\/2011\/09\/Ulcinj_Crna-Gora_zadovoljni-Sezonom.jpg\" alt=\"\" width=\"508\" height=\"380\" srcset=\"https:\/\/www.visit-ulcinj.com\/blog\/wp-content\/uploads\/2011\/09\/Ulcinj_Crna-Gora_zadovoljni-Sezonom.jpg 771w, https:\/\/www.visit-ulcinj.com\/blog\/wp-content\/uploads\/2011\/09\/Ulcinj_Crna-Gora_zadovoljni-Sezonom-300x224.jpg 300w\" sizes=\"(max-width: 508px) 100vw, 508px\" \/><\/a>Ovogodi\u0161nja sezona bolja je od pro\u0161logodi\u0161nje, tvrde turisti\u010dki radnici, iako jo\u0161 svode ra\u010dune.<\/p>\n<p>Na zvani\u010dan podatak koliko je Crna Gora zaradila od turisti\u010dke sezone pri\u010deka\u0107emo jo\u0161 makar do kraja ovog mjeseca ili po\u010detka narednog.<\/p>\n<p>Ministar turizma <strong>Predrag Sekuli\u0107 <\/strong>i direktori turisti\u010dkih kapaciteta za Pobjedu su saop\u0161tili da rezultatima sezone, odnosno brojem gostiju i no\u0107enja moramo biti s razlogom zadovoljni.<\/p>\n<p>&#8220;To su dobri rezultati svih onih koji su uklju\u010deni u turisti\u010dki lanac od hotelijera do onih koji su u prvom redu zadu\u017eeni za turisti\u010dki proizvod i promet u Crnoj Gori. Ono \u0161to treba odmah konstatovati kada se sre\u0111uju impresije o ukupnoj sezoni je to da smo imali novi kvalitet ponude, koji je iz godine u godinu sve bolji i koji prepoznaju na\u0161i partneri i turisti\u201c, kazao je za Pobjedu ministar odr\u017eivog razvoja i turizma Predrag Sekuli\u0107, ocjenjuju\u0107i dosada\u0161nji tok turisti\u010dke sezone.<\/p>\n<p>Prema njegovim rije\u010dima ova godina je potvrdila da u budu\u0107nosti vi\u0161e treba da se radi na po\u010detku sezone.<\/p>\n<table width=\"100%\" border=\"0\" cellspacing=\"0\" cellpadding=\"0\">\n<tbody>\n<tr>\n<td><\/td>\n<\/tr>\n<\/tbody>\n<\/table>\n<p>Jedna od glavnih karakteristika ovogodi\u0161nje sezone jeste opreznije tro\u0161enje na\u0161ih gostiju u vanpansionu.<\/p>\n<p>&#8220;Tro\u0161ili su samo na ono \u0161to je bilo adekvatno cijeni po kojoj je nu\u0111eno. Bili su mnogo oprezniji i pla\u0107ali samo odgovaraju\u0107i kvalitet. To nam je na najbolji na\u010din pokazalo kako na\u0161a ponuda treba da bude kreirana, upakovana i cjenovno adekvatno vrednovana. \u0160to se ti\u010de popunjenosti smje\u0161taja i hotelskog i privatnog, odnosno smje\u0161taja koji se nudi posredstvom agencija i interneta, mnogo je bolje bilo nego pro\u0161le godine\u201c, ocjena je suvlasnika kompanije Montenegro stars hotel grup i predsjednika Crnogorskog turisti\u010dkog udru\u017eenja <strong>\u017darka Radulovi\u0107a.<\/strong><\/p>\n<p>Sva saznanja o fizi\u010dkom, pa i finansijskom prometu, kako ka\u017ee Radulovi\u0107, navode na konstataciju da je ova sezona uspje\u0161na.<br \/>\n<a href=\"http:\/\/www.visit-ulcinj.com\/blog\/wp-content\/uploads\/2011\/09\/Ulcinjska-rivijera-Ada-Bojana-Olympic-i-Bellevue.jpg\"><img loading=\"lazy\" class=\"alignleft size-full wp-image-51195\" title=\"Ulcinjska-rivijera-Ada-Bojana-Olympic-i-Bellevue\" src=\"http:\/\/www.visit-ulcinj.com\/blog\/wp-content\/uploads\/2011\/09\/Ulcinjska-rivijera-Ada-Bojana-Olympic-i-Bellevue.jpg\" alt=\"\" width=\"508\" height=\"330\" \/><\/a><\/p>\n<p>&#8220;Ovo je, nakon ratnih godina u okru\u017eenju, najbolja sezona u HTP Ulcinjska rivijera&#8221;, ka\u017eu njeni poslenici.<\/p>\n<p>&#8220;Skoro tri mjeseca imali smo punu sezonu. Pored pove\u0107anja posjete posebno raduje \u010dinjenica da smo ponovo dobili brojnije goste iz Njema\u010dke, \u010ce\u0161ke, Slova\u010dke, Poljske, Rusije&#8230; Jedna od karakteristika ovogodi\u0161nje sezone je rekordno pove\u0107anje fizi\u010dkog prometa, ali je to pratio drugi problem br\u017ei rast tro\u0161kova nego prometa\u201c, kazao je izvr\u0161ni direktor HTP Ulcinjska rivijera Radomir <strong>Mikan Zec.<\/strong><\/p>\n<p>U Turisti\u010dkoj organizaciji \u017dabljaka ka\u017eu da su imali dobru sezonu, koju su karakterisale dobra posjeta stranih turista u julu i ne\u0161to brojniji doma\u0107i gosti u avgustu. Dobra posjeta nastavljena je i u prvoj polovini septembra.<br \/>\n&#8220;\u201eUprkos nedostatku adekvatnih smje\u0161tajnih kapaciteta, koji su bili na pro\u0161logodi\u0161njem nivou, zabilje\u017een je znatan porast broja no\u0107enja u pore\u0111enju sa istim periodom lani. Pove\u0107anju turisti\u010dkog prometa na \u017dabljaku ovoga ljeta najve\u0107i doprinos je dala izgradnja novog puta Risan-Nik\u0161i\u0107-\u017dabljak\u201c, ocijenio je direktor TO <strong>Boro Nikoli\u0107.<\/strong><\/p>\n<p><a href=\"http:\/\/www.cafemontenegro.com\/index.php?group=43&amp;news=199002\" target=\"_blank\"><strong>Izvor: Pobjeda \/ CDM<\/strong><\/a><\/p>\n<!--YouTube Error: bad URL entered-->\n","protected":false},"excerpt":{"rendered":"<p>Ovogodi\u0161nja sezona bolja je od pro\u0161logodi\u0161nje, tvrde turisti\u010dki radnici, iako jo\u0161 svode ra\u010dune. Na zvani\u010dan podatak koliko je Crna Gora zaradila od turisti\u010dke sezone pri\u010deka\u0107emo jo\u0161 makar do kraja ovog mjeseca ili po\u010detka narednog. Ministar turizma Predrag Sekuli\u0107 i direktori turisti\u010dkih kapaciteta za Pobjedu su saop\u0161tili da rezultatima sezone, odnosno brojem gostiju i no\u0107enja moramo [&hellip;]<\/p>\n","protected":false},"author":1,"featured_media":0,"comment_status":"open","ping_status":"closed","sticky":false,"template":"","format":"standard","meta":{"spay_email":"","jetpack_publicize_message":"","jetpack_is_tweetstorm":false,"jetpack_publicize_feature_enabled":true},"categories":[8337],"tags":[20,19113,3696,19],"jetpack_publicize_connections":[],"yoast_head":"<!-- This site is optimized with the Yoast SEO plugin v19.1 - https:\/\/yoast.com\/wordpress\/plugins\/seo\/ -->\n<title>Sezonom zadovoljni i turisti\u010dki radnici i dr\u017eava - Lajme nga Ulqini<\/title>\n<meta name=\"description\" content=\"Ovogodi\u0161nja sezona bolja je od pro\u0161logodi\u0161nje, tvrde turisti\u010dki radnici, iako jo\u0161 svode ra\u010dune. Na zvani\u010dan podatak koliko je Crna Gora zaradila od\" \/>\n<meta name=\"robots\" content=\"index, follow, max-snippet:-1, max-image-preview:large, max-video-preview:-1\" \/>\n<link rel=\"canonical\" href=\"https:\/\/www.visit-ulcinj.com\/blog\/2011\/09\/22\/sezonom-zadovoljni-i-turisticki-radnici-i-drzava\/\" \/>\n<meta property=\"og:locale\" content=\"en_US\" \/>\n<meta property=\"og:type\" content=\"article\" \/>\n<meta property=\"og:title\" content=\"Sezonom zadovoljni i turisti\u010dki radnici i dr\u017eava - Lajme nga Ulqini\" \/>\n<meta property=\"og:description\" content=\"Ovogodi\u0161nja sezona bolja je od pro\u0161logodi\u0161nje, tvrde turisti\u010dki radnici, iako jo\u0161 svode ra\u010dune. Na zvani\u010dan podatak koliko je Crna Gora zaradila od\" \/>\n<meta property=\"og:url\" content=\"https:\/\/www.visit-ulcinj.com\/blog\/2011\/09\/22\/sezonom-zadovoljni-i-turisticki-radnici-i-drzava\/\" \/>\n<meta property=\"og:site_name\" content=\"Lajme nga Ulqini\" \/>\n<meta property=\"article:published_time\" content=\"2011-09-22T08:24:30+00:00\" \/>\n<meta property=\"og:image\" content=\"http:\/\/www.visit-ulcinj.com\/blog\/wp-content\/uploads\/2011\/09\/Ulcinj_Crna-Gora_zadovoljni-Sezonom.jpg\" \/>\n<meta name=\"twitter:label1\" content=\"Written by\" \/>\n\t<meta name=\"twitter:data1\" content=\"ulqini\" \/>\n\t<meta name=\"twitter:label2\" content=\"Est. reading time\" \/>\n\t<meta name=\"twitter:data2\" content=\"3 minutes\" \/>\n<script type=\"application\/ld+json\" class=\"yoast-schema-graph\">{\"@context\":\"https:\/\/schema.org\",\"@graph\":[{\"@type\":\"WebSite\",\"@id\":\"https:\/\/www.visit-ulcinj.com\/blog\/#website\",\"url\":\"https:\/\/www.visit-ulcinj.com\/blog\/\",\"name\":\"Lajme nga Ulqini\",\"description\":\"Lajme,Vijesti,Ulqini,Ulqin,Crna Gora,Mali i Zi\",\"potentialAction\":[{\"@type\":\"SearchAction\",\"target\":{\"@type\":\"EntryPoint\",\"urlTemplate\":\"https:\/\/www.visit-ulcinj.com\/blog\/?s={search_term_string}\"},\"query-input\":\"required name=search_term_string\"}],\"inLanguage\":\"en-US\"},{\"@type\":\"ImageObject\",\"inLanguage\":\"en-US\",\"@id\":\"https:\/\/www.visit-ulcinj.com\/blog\/2011\/09\/22\/sezonom-zadovoljni-i-turisticki-radnici-i-drzava\/#primaryimage\",\"url\":\"https:\/\/www.visit-ulcinj.com\/blog\/wp-content\/uploads\/2011\/09\/Ulcinj_Crna-Gora_zadovoljni-Sezonom.jpg\",\"contentUrl\":\"https:\/\/www.visit-ulcinj.com\/blog\/wp-content\/uploads\/2011\/09\/Ulcinj_Crna-Gora_zadovoljni-Sezonom.jpg\",\"width\":\"771\",\"height\":\"578\"},{\"@type\":\"WebPage\",\"@id\":\"https:\/\/www.visit-ulcinj.com\/blog\/2011\/09\/22\/sezonom-zadovoljni-i-turisticki-radnici-i-drzava\/#webpage\",\"url\":\"https:\/\/www.visit-ulcinj.com\/blog\/2011\/09\/22\/sezonom-zadovoljni-i-turisticki-radnici-i-drzava\/\",\"name\":\"Sezonom zadovoljni i turisti\u010dki radnici i dr\u017eava - Lajme nga Ulqini\",\"isPartOf\":{\"@id\":\"https:\/\/www.visit-ulcinj.com\/blog\/#website\"},\"primaryImageOfPage\":{\"@id\":\"https:\/\/www.visit-ulcinj.com\/blog\/2011\/09\/22\/sezonom-zadovoljni-i-turisticki-radnici-i-drzava\/#primaryimage\"},\"datePublished\":\"2011-09-22T08:24:30+00:00\",\"dateModified\":\"2011-09-22T08:24:30+00:00\",\"author\":{\"@id\":\"https:\/\/www.visit-ulcinj.com\/blog\/#\/schema\/person\/dcab619c614d3038751c63bc2aadc06d\"},\"description\":\"Ovogodi\u0161nja sezona bolja je od pro\u0161logodi\u0161nje, tvrde turisti\u010dki radnici, iako jo\u0161 svode ra\u010dune. Na zvani\u010dan podatak koliko je Crna Gora zaradila od\",\"breadcrumb\":{\"@id\":\"https:\/\/www.visit-ulcinj.com\/blog\/2011\/09\/22\/sezonom-zadovoljni-i-turisticki-radnici-i-drzava\/#breadcrumb\"},\"inLanguage\":\"en-US\",\"potentialAction\":[{\"@type\":\"ReadAction\",\"target\":[\"https:\/\/www.visit-ulcinj.com\/blog\/2011\/09\/22\/sezonom-zadovoljni-i-turisticki-radnici-i-drzava\/\"]}]},{\"@type\":\"BreadcrumbList\",\"@id\":\"https:\/\/www.visit-ulcinj.com\/blog\/2011\/09\/22\/sezonom-zadovoljni-i-turisticki-radnici-i-drzava\/#breadcrumb\",\"itemListElement\":[{\"@type\":\"ListItem\",\"position\":1,\"name\":\"Sezonom zadovoljni i turisti\u010dki radnici i dr\u017eava\"}]},{\"@type\":\"Person\",\"@id\":\"https:\/\/www.visit-ulcinj.com\/blog\/#\/schema\/person\/dcab619c614d3038751c63bc2aadc06d\",\"name\":\"ulqini\",\"sameAs\":[\"http:\/\/www.visit-ulcinj.com\"],\"url\":\"https:\/\/www.visit-ulcinj.com\/blog\/author\/admin\/\"}]}<\/script>\n<!-- \/ Yoast SEO plugin. -->","yoast_head_json":{"title":"Sezonom zadovoljni i turisti\u010dki radnici i dr\u017eava - Lajme nga Ulqini","description":"Ovogodi\u0161nja sezona bolja je od pro\u0161logodi\u0161nje, tvrde turisti\u010dki radnici, iako jo\u0161 svode ra\u010dune. Na zvani\u010dan podatak koliko je Crna Gora zaradila od","robots":{"index":"index","follow":"follow","max-snippet":"max-snippet:-1","max-image-preview":"max-image-preview:large","max-video-preview":"max-video-preview:-1"},"canonical":"https:\/\/www.visit-ulcinj.com\/blog\/2011\/09\/22\/sezonom-zadovoljni-i-turisticki-radnici-i-drzava\/","og_locale":"en_US","og_type":"article","og_title":"Sezonom zadovoljni i turisti\u010dki radnici i dr\u017eava - Lajme nga Ulqini","og_description":"Ovogodi\u0161nja sezona bolja je od pro\u0161logodi\u0161nje, tvrde turisti\u010dki radnici, iako jo\u0161 svode ra\u010dune. Na zvani\u010dan podatak koliko je Crna Gora zaradila od","og_url":"https:\/\/www.visit-ulcinj.com\/blog\/2011\/09\/22\/sezonom-zadovoljni-i-turisticki-radnici-i-drzava\/","og_site_name":"Lajme nga Ulqini","article_published_time":"2011-09-22T08:24:30+00:00","og_image":[{"url":"http:\/\/www.visit-ulcinj.com\/blog\/wp-content\/uploads\/2011\/09\/Ulcinj_Crna-Gora_zadovoljni-Sezonom.jpg"}],"twitter_misc":{"Written by":"ulqini","Est. reading time":"3 minutes"},"schema":{"@context":"https:\/\/schema.org","@graph":[{"@type":"WebSite","@id":"https:\/\/www.visit-ulcinj.com\/blog\/#website","url":"https:\/\/www.visit-ulcinj.com\/blog\/","name":"Lajme nga Ulqini","description":"Lajme,Vijesti,Ulqini,Ulqin,Crna Gora,Mali i Zi","potentialAction":[{"@type":"SearchAction","target":{"@type":"EntryPoint","urlTemplate":"https:\/\/www.visit-ulcinj.com\/blog\/?s={search_term_string}"},"query-input":"required name=search_term_string"}],"inLanguage":"en-US"},{"@type":"ImageObject","inLanguage":"en-US","@id":"https:\/\/www.visit-ulcinj.com\/blog\/2011\/09\/22\/sezonom-zadovoljni-i-turisticki-radnici-i-drzava\/#primaryimage","url":"https:\/\/www.visit-ulcinj.com\/blog\/wp-content\/uploads\/2011\/09\/Ulcinj_Crna-Gora_zadovoljni-Sezonom.jpg","contentUrl":"https:\/\/www.visit-ulcinj.com\/blog\/wp-content\/uploads\/2011\/09\/Ulcinj_Crna-Gora_zadovoljni-Sezonom.jpg","width":"771","height":"578"},{"@type":"WebPage","@id":"https:\/\/www.visit-ulcinj.com\/blog\/2011\/09\/22\/sezonom-zadovoljni-i-turisticki-radnici-i-drzava\/#webpage","url":"https:\/\/www.visit-ulcinj.com\/blog\/2011\/09\/22\/sezonom-zadovoljni-i-turisticki-radnici-i-drzava\/","name":"Sezonom zadovoljni i turisti\u010dki radnici i dr\u017eava - Lajme nga Ulqini","isPartOf":{"@id":"https:\/\/www.visit-ulcinj.com\/blog\/#website"},"primaryImageOfPage":{"@id":"https:\/\/www.visit-ulcinj.com\/blog\/2011\/09\/22\/sezonom-zadovoljni-i-turisticki-radnici-i-drzava\/#primaryimage"},"datePublished":"2011-09-22T08:24:30+00:00","dateModified":"2011-09-22T08:24:30+00:00","author":{"@id":"https:\/\/www.visit-ulcinj.com\/blog\/#\/schema\/person\/dcab619c614d3038751c63bc2aadc06d"},"description":"Ovogodi\u0161nja sezona bolja je od pro\u0161logodi\u0161nje, tvrde turisti\u010dki radnici, iako jo\u0161 svode ra\u010dune. Na zvani\u010dan podatak koliko je Crna Gora zaradila od","breadcrumb":{"@id":"https:\/\/www.visit-ulcinj.com\/blog\/2011\/09\/22\/sezonom-zadovoljni-i-turisticki-radnici-i-drzava\/#breadcrumb"},"inLanguage":"en-US","potentialAction":[{"@type":"ReadAction","target":["https:\/\/www.visit-ulcinj.com\/blog\/2011\/09\/22\/sezonom-zadovoljni-i-turisticki-radnici-i-drzava\/"]}]},{"@type":"BreadcrumbList","@id":"https:\/\/www.visit-ulcinj.com\/blog\/2011\/09\/22\/sezonom-zadovoljni-i-turisticki-radnici-i-drzava\/#breadcrumb","itemListElement":[{"@type":"ListItem","position":1,"name":"Sezonom zadovoljni i turisti\u010dki radnici i dr\u017eava"}]},{"@type":"Person","@id":"https:\/\/www.visit-ulcinj.com\/blog\/#\/schema\/person\/dcab619c614d3038751c63bc2aadc06d","name":"ulqini","sameAs":["http:\/\/www.visit-ulcinj.com"],"url":"https:\/\/www.visit-ulcinj.com\/blog\/author\/admin\/"}]}},"jetpack_featured_media_url":"","jetpack_sharing_enabled":true,"jetpack_shortlink":"https:\/\/wp.me\/pe6lTn-djH","_links":{"self":[{"href":"https:\/\/www.visit-ulcinj.com\/blog\/wp-json\/wp\/v2\/posts\/51193"}],"collection":[{"href":"https:\/\/www.visit-ulcinj.com\/blog\/wp-json\/wp\/v2\/posts"}],"about":[{"href":"https:\/\/www.visit-ulcinj.com\/blog\/wp-json\/wp\/v2\/types\/post"}],"author":[{"embeddable":true,"href":"https:\/\/www.visit-ulcinj.com\/blog\/wp-json\/wp\/v2\/users\/1"}],"replies":[{"embeddable":true,"href":"https:\/\/www.visit-ulcinj.com\/blog\/wp-json\/wp\/v2\/comments?post=51193"}],"version-history":[{"count":1,"href":"https:\/\/www.visit-ulcinj.com\/blog\/wp-json\/wp\/v2\/posts\/51193\/revisions"}],"predecessor-version":[{"id":51196,"href":"https:\/\/www.visit-ulcinj.com\/blog\/wp-json\/wp\/v2\/posts\/51193\/revisions\/51196"}],"wp:attachment":[{"href":"https:\/\/www.visit-ulcinj.com\/blog\/wp-json\/wp\/v2\/media?parent=51193"}],"wp:term":[{"taxonomy":"category","embeddable":true,"href":"https:\/\/www.visit-ulcinj.com\/blog\/wp-json\/wp\/v2\/categories?post=51193"},{"taxonomy":"post_tag","embeddable":true,"href":"https:\/\/www.visit-ulcinj.com\/blog\/wp-json\/wp\/v2\/tags?post=51193"}],"curies":[{"name":"wp","href":"https:\/\/api.w.org\/{rel}","templated":true}]}}