{"id":51197,"date":"2011-09-22T09:59:46","date_gmt":"2011-09-22T08:59:46","guid":{"rendered":"http:\/\/www.visit-ulcinj.com\/blog\/?p=51197"},"modified":"2011-09-22T10:06:21","modified_gmt":"2011-09-22T09:06:21","slug":"shqiptaret-ne-mal-te-zi-popull-i-rrezikuar","status":"publish","type":"post","link":"https:\/\/www.visit-ulcinj.com\/blog\/2011\/09\/22\/shqiptaret-ne-mal-te-zi-popull-i-rrezikuar\/","title":{"rendered":"Shqiptar\u00ebt n\u00eb Mal t\u00eb Zi, popull i rrezikuar!"},"content":{"rendered":"<p><a href=\"http:\/\/www.visit-ulcinj.com\/blog\/wp-content\/uploads\/2011\/09\/Xheladin-Zeneli_DIASPORA-DHE-VENDLINDJA.jpg\"><img loading=\"lazy\" class=\"alignleft size-full wp-image-51202\" title=\"Xheladin Zeneli_DIASPORA DHE VENDLINDJA\" src=\"http:\/\/www.visit-ulcinj.com\/blog\/wp-content\/uploads\/2011\/09\/Xheladin-Zeneli_DIASPORA-DHE-VENDLINDJA.jpg\" alt=\"\" width=\"300\" height=\"400\" \/><\/a>Nga pjesa e popullit shqiptar q\u00eb mbet jasht\u00eb kufijve shtet\u00ebror t\u00eb Shqip\u00ebris\u00eb dhe Kosov\u00ebs dhe q\u00eb sot gjinden brenda kufijve t\u00eb shteteve te ish-Jugosllavis\u00eb, (Serbi,IRJM, dhe Mali i Zi), duket se shqiptar\u00ebt n\u00eb Mal t\u00eb Zi jan\u00eb m\u00eb t\u00eb rrezikuar. Derisa\u00a0 shqiptar\u00ebt n\u00eb Maqedoni jan\u00eb fuqi demografike dhe ekonomike,e q\u00eb shpesh her\u00eb do t\u00eb thot\u00eb edhe fuqi politike dhe ky faktor i pozicionon ata m\u00eb mir\u00eb n\u00eb arritjen dhe realizimin e statusit t\u00eb popullit shtetformues. Kurse shqiptar\u00ebt n\u00eb Lugin\u00ebn e Preshev\u00ebs (Kosova Lindore), p\u00ebrkund\u00ebr faktit q\u00eb edhe ata jan\u00eb t\u00eb diskriminuar dhe gjithashtu t\u00eb rrezikuar, kan\u00eb nj\u00eb q\u00ebllim,dhe nj\u00eb strategji t\u00eb perbashk\u00ebt e cila \u00ebsht\u00eb \u2013bashkimi me Kosov\u00ebn.<\/p>\n<p>Shqiptar\u00ebt n\u00eb Mal t\u00eb Zi,numerikisht m\u00eb t\u00eb vog\u00ebl , gjeografikisht t\u00eb shp\u00ebrndar\u00eb dhe politikisht t\u00eb ndar\u00eb, sot jan\u00eb n\u00eb pozit\u00eb t\u00eb disfavorshme.Kur them politikisht t\u00eb ndar\u00eb, mendoj n\u00eb faktin se edhe p\u00ebrkund\u00ebr ekzistenc\u00ebs t\u00eb disa platformave politike t\u00eb disa partive nacionale shqiptare, megjithate ,ende sot mungon nj\u00eb platform\u00eb e p\u00ebrbashk\u00ebt politike e cila do t\u00eb kishte n\u00ebnshkrimin e t\u00eb gjith\u00eb p\u00ebrfaq\u00ebsuesve dhe subjekteve politike t\u00eb shqiptar\u00ebve n\u00eb Mal t\u00eb Zi.Me fjal\u00eb t\u00eb tjera,shqiptar\u00ebt n\u00eb Mal t\u00eb Zi ende nuk kan\u00eb nj\u00eb \u201croad map\u201d t\u00eb tyre.<br \/>\n<a href=\"http:\/\/www.visit-ulcinj.com\/blog\/wp-content\/uploads\/2011\/09\/Perurimi-i-librit_DIASPORA-DHE-VENDLINDJA_Xheladin-Zeneli.jpg\"><img loading=\"lazy\" class=\"alignleft size-full wp-image-51199\" title=\"Perurimi-i-librit_DIASPORA-DHE-VENDLINDJA_Xheladin-Zeneli\" src=\"http:\/\/www.visit-ulcinj.com\/blog\/wp-content\/uploads\/2011\/09\/Perurimi-i-librit_DIASPORA-DHE-VENDLINDJA_Xheladin-Zeneli.jpg\" alt=\"\" width=\"508\" height=\"340\" srcset=\"https:\/\/www.visit-ulcinj.com\/blog\/wp-content\/uploads\/2011\/09\/Perurimi-i-librit_DIASPORA-DHE-VENDLINDJA_Xheladin-Zeneli.jpg 720w, https:\/\/www.visit-ulcinj.com\/blog\/wp-content\/uploads\/2011\/09\/Perurimi-i-librit_DIASPORA-DHE-VENDLINDJA_Xheladin-Zeneli-300x200.jpg 300w\" sizes=\"(max-width: 508px) 100vw, 508px\" \/><\/a><br \/>\n<strong>\u00a0\u00a0\u00a0\u00a0 Shtetet am\u00eb heshtin n\u00eb em\u00ebr t\u00eb \u201cmosprishjes s\u00eb fqinj\u00ebsis\u00eb s\u00eb mir\u00eb\u201d<\/strong><\/p>\n<p>Nj\u00ebkoh\u00ebsisht,kam frik\u00eb q\u00eb shqiptar\u00ebt n\u00eb Mal t\u00eb Zi kan\u00eb ra viktim\u00eb e politik\u00ebs gjeopolitike dhe strategjike n\u00eb rajon ,\u00e7ka do t\u00eb thot\u00eb se derisa strukturat udh\u00ebheq\u00ebse t\u00eb BE nuk kan\u00eb interes p\u00ebr zgjidhjen e statusit t\u00eb tyre,at\u00ebher\u00eb as shteti am\u00eb Shqip\u00ebria gjithashtu nuk tregon nj\u00eb interesim t\u00eb till\u00eb duke pasur parasysh koordinimin e veprimeve t\u00eb Shqip\u00ebris\u00eb me vij\u00ebn politike t\u00eb BE,meqen\u00ebse Shqip\u00ebria pretendon q\u00eb s\u00eb shpejti t\u00eb jen\u00eb an\u00ebtare e k\u00ebsaj organizate prestigjioze. \u00cbsht\u00eb plot\u00ebsisht e kuptueshme q\u00eb Shqip\u00ebria \u00ebsht\u00eb n\u00eb t\u00eb nj\u00ebjtin drejtim me BE, por kjo nuk do t\u00eb thot\u00eb q\u00eb nuk duhet t\u00eb reagoj\u00eb dhe t\u00eb ngris\u00eb z\u00ebrin ndaj padrejt\u00ebsive q\u00eb u b\u00ebhen bashkombasve dhe diaspor\u00ebs s\u00eb vet,n\u00eb rastin konkret ndaj shqiptar\u00ebve n\u00eb Mal t\u00eb Zi. \u00cbsht\u00eb e drejt\u00eb e \u00e7do shteti, pra edhe e Shqip\u00ebris\u00eb q\u00eb t\u00eb interesohet p\u00ebr t\u00eb drejtat e pjes\u00ebs s\u00eb popullit t\u00eb vet q\u00eb jeton jasht\u00eb kufijve shtet\u00ebror dhe kur \u00ebsht\u00eb nevoja t\u00eb mbrohen k\u00ebto t\u00eb drejta me dialog dhe mjete diplomatike aq m\u00eb t\u00ebp\u00ebr kur\u00a0 kjo e drejt\u00eb \u00ebsht\u00eb p\u00ebrcaktuar edhe me kushtetut\u00ebn e Shqip\u00ebris\u00eb.<\/p>\n<p>Pra, kur jan\u00eb n\u00eb pyetje t\u00eb drejtat e shqiptar\u00ebve n\u00eb Mal t\u00eb Zi,si duket\u00a0 shteti am\u00eb \u2013Shqip\u00ebria po hesht,n\u00eb em\u00ebr t\u00eb \u201cmosprishjes s\u00eb fqinj\u00ebsis\u00eb s\u00eb mire\u201d me Malin e Zi,me preteks se nj\u00eb gj\u00eb e till\u00eb mund t\u00eb \u201ctrazoj\u00eb \u201crajonin dhe \u201chidhroj\u00eb \u201cBE!? Por fqiu mund t\u00eb jet\u00eb i mir\u00eb vet\u00ebm at\u00ebher\u00eb kur i trajton t\u00eb\u00a0 gjith\u00eb qytetar\u00ebt e vet n\u00eb m\u00ebnyr\u00eb t\u00eb barabart\u00eb ,pa dallim nga p\u00ebrkat\u00ebsia e tyre nacionale. P\u00ebrfaq\u00ebsuesit e partive politike shqiptare n\u00eb Mal t\u00eb Zi,(sidomos t\u00eb partive politike n\u00eb opozit\u00eb), me rastin e takimeve t\u00eb tyre me zyrtar\u00ebt shtet\u00ebror\u00eb t\u00eb Shqip\u00ebris\u00eb, i kan\u00eb shtruar dhe paraqitur disa her\u00eb problemet e shqiptar\u00ebve n\u00eb Mal t\u00eb Zi dhe nevoj\u00ebn e avancimit t\u00eb drejtave t\u00eb tyre n\u00eb k\u00ebt\u00eb shtet, mirpo deri m\u00eb sot,nuk kemi informata q\u00eb k\u00ebrkesat e shqiptar\u00ebve n\u00eb Mal t\u00eb Zi t\u00eb jen\u00eb komunikuar zyrtar\u00ebve t\u00eb Malit t\u00eb Zi, nga ana e udh\u00ebheq\u00ebve qeveritar dhe shtetror t\u00eb shtetit am\u00eb-Shqip\u00ebris\u00eb.<\/p>\n<p>Gjithashtu, kjo vlen edhe per shtetin tj\u00ebt\u00ebr ton\u00eb am\u00eb,Kosov\u00ebn i cili v\u00ebt\u00eb \u00ebsht\u00eb shtet i ri dhe \u00e7\u00ebshtje prioritare e qeveris\u00eb s\u00eb saj \u00ebsht\u00eb rritja e njohjeve nd\u00ebrkomb\u00ebtare,mir\u00ebpo do t\u00eb ishte e udh\u00ebs q\u00eb n\u00eb takimet e shpeshta diplomatike t\u00eb p\u00ebrfaq\u00ebsuesve t\u00eb Qeveris\u00eb s\u00eb Kosov\u00ebs, me homolog\u00ebt e vet n\u00eb Mal t\u00eb Zi,t\u00eb ngritet ndonj\u00ebher\u00eb edhe \u00e7\u00ebshtja e avancimit t\u00eb drejtave t\u00eb shqiptar\u00ebve n\u00eb k\u00ebt\u00eb republik\u00eb.Tek e fundit, Kosova dhe p\u00ebrfaq\u00ebsuesit e saj,nuk do t\u00eb b\u00ebnin asgj\u00eb m\u00eb tep\u00ebr se sa po b\u00ebn Mali i Zi p\u00ebr pakic\u00ebn e vet n\u00eb Kosov\u00eb.<a href=\"http:\/\/www.visit-ulcinj.com\/blog\/wp-content\/uploads\/2011\/09\/Perurimi-i-librit_DIASPORA-DHE-VENDLINDJA_Xheladin-Zeneli.1.jpg\"><img loading=\"lazy\" class=\"alignleft size-full wp-image-51200\" title=\"Perurimi-i-librit_DIASPORA-DHE-VENDLINDJA_Xheladin-Zeneli.1\" src=\"http:\/\/www.visit-ulcinj.com\/blog\/wp-content\/uploads\/2011\/09\/Perurimi-i-librit_DIASPORA-DHE-VENDLINDJA_Xheladin-Zeneli.1.jpg\" alt=\"\" width=\"508\" height=\"340\" srcset=\"https:\/\/www.visit-ulcinj.com\/blog\/wp-content\/uploads\/2011\/09\/Perurimi-i-librit_DIASPORA-DHE-VENDLINDJA_Xheladin-Zeneli.1.jpg 720w, https:\/\/www.visit-ulcinj.com\/blog\/wp-content\/uploads\/2011\/09\/Perurimi-i-librit_DIASPORA-DHE-VENDLINDJA_Xheladin-Zeneli.1-300x200.jpg 300w\" sizes=\"(max-width: 508px) 100vw, 508px\" \/><\/a><\/p>\n<p>Shqiptar\u00ebt n\u00eb Mal t\u00eb Zi,tashm\u00eb e kan\u00eb d\u00ebshmuar se i p\u00ebrkasin mj\u00eb populli q\u00eb \u00ebsht\u00eb\u00a0 paq\u00ebsor dhe q\u00eb d\u00ebshiron t\u2019i realizoje t\u00eb drejtat e veta p\u00ebrmes paq\u00ebs,dialogut dhe mir\u00ebkuptimit. Mir\u00ebpo, n\u00ebse nuk ndryshon pozitivisht statusi i tyre n\u00eb shtetin e Mali t\u00eb Zi,n\u00eb t\u00eb ardhmen jo t\u00eb larg\u00ebt, do t\u00eb vihet n\u00eb pyetje identiteti dhe autoktonia e tyre n\u00eb trevat e veta st\u00ebrgjyshore.<\/p>\n<p><strong>Xheladin Zeneli<\/strong><br \/>\n(Artikulli \u00ebsht\u00eb shkruar n\u00eb vitin\u00a0 2010 dhe \u00ebsht\u00eb pjes\u00eb e librit t\u00eb sapo botuar &#8220;DIASPORA DHE VENDLINDJA&#8221;- Artikuj, intervisa dhe d\u00ebshmi p\u00ebr \u00e7\u00ebshtjen shqiptare n\u00eb Mal t\u00eb Zi, e t\u00eb nj\u00ebjtit autor)<br \/>\n<!--YouTube Error: bad URL entered--><\/p>\n","protected":false},"excerpt":{"rendered":"<p>Nga pjesa e popullit shqiptar q\u00eb mbet jasht\u00eb kufijve shtet\u00ebror t\u00eb Shqip\u00ebris\u00eb dhe Kosov\u00ebs dhe q\u00eb sot gjinden brenda kufijve t\u00eb shteteve te ish-Jugosllavis\u00eb, (Serbi,IRJM, dhe Mali i Zi), duket se shqiptar\u00ebt n\u00eb Mal t\u00eb Zi jan\u00eb m\u00eb t\u00eb rrezikuar. Derisa\u00a0 shqiptar\u00ebt n\u00eb Maqedoni jan\u00eb fuqi demografike dhe ekonomike,e q\u00eb shpesh her\u00eb do t\u00eb thot\u00eb [&hellip;]<\/p>\n","protected":false},"author":1,"featured_media":0,"comment_status":"open","ping_status":"closed","sticky":false,"template":"","format":"standard","meta":{"spay_email":"","jetpack_publicize_message":"","jetpack_is_tweetstorm":false,"jetpack_publicize_feature_enabled":true},"categories":[14249],"tags":[212,19023,200,18,11863],"jetpack_publicize_connections":[],"yoast_head":"<!-- This site is optimized with the Yoast SEO plugin v19.1 - https:\/\/yoast.com\/wordpress\/plugins\/seo\/ -->\n<title>Shqiptar\u00ebt n\u00eb Mal t\u00eb Zi, popull i rrezikuar! - Lajme nga Ulqini<\/title>\n<meta name=\"description\" content=\"Nga pjesa e popullit shqiptar q\u00eb mbet jasht\u00eb kufijve shtet\u00ebror t\u00eb Shqip\u00ebris\u00eb dhe Kosov\u00ebs dhe q\u00eb sot gjinden brenda kufijve t\u00eb shteteve te\" \/>\n<meta name=\"robots\" content=\"index, follow, max-snippet:-1, max-image-preview:large, max-video-preview:-1\" \/>\n<link rel=\"canonical\" href=\"https:\/\/www.visit-ulcinj.com\/blog\/2011\/09\/22\/shqiptaret-ne-mal-te-zi-popull-i-rrezikuar\/\" \/>\n<meta property=\"og:locale\" content=\"en_US\" \/>\n<meta property=\"og:type\" content=\"article\" \/>\n<meta property=\"og:title\" content=\"Shqiptar\u00ebt n\u00eb Mal t\u00eb Zi, popull i rrezikuar! - Lajme nga Ulqini\" \/>\n<meta property=\"og:description\" content=\"Nga pjesa e popullit shqiptar q\u00eb mbet jasht\u00eb kufijve shtet\u00ebror t\u00eb Shqip\u00ebris\u00eb dhe Kosov\u00ebs dhe q\u00eb sot gjinden brenda kufijve t\u00eb shteteve te\" \/>\n<meta property=\"og:url\" content=\"https:\/\/www.visit-ulcinj.com\/blog\/2011\/09\/22\/shqiptaret-ne-mal-te-zi-popull-i-rrezikuar\/\" \/>\n<meta property=\"og:site_name\" content=\"Lajme nga Ulqini\" \/>\n<meta property=\"article:published_time\" content=\"2011-09-22T08:59:46+00:00\" \/>\n<meta property=\"article:modified_time\" content=\"2011-09-22T09:06:21+00:00\" \/>\n<meta property=\"og:image\" content=\"http:\/\/www.visit-ulcinj.com\/blog\/wp-content\/uploads\/2011\/09\/Xheladin-Zeneli_DIASPORA-DHE-VENDLINDJA.jpg\" \/>\n<meta name=\"twitter:label1\" content=\"Written by\" \/>\n\t<meta name=\"twitter:data1\" content=\"ulqini\" \/>\n\t<meta name=\"twitter:label2\" content=\"Est. reading time\" \/>\n\t<meta name=\"twitter:data2\" content=\"4 minutes\" \/>\n<script type=\"application\/ld+json\" class=\"yoast-schema-graph\">{\"@context\":\"https:\/\/schema.org\",\"@graph\":[{\"@type\":\"WebSite\",\"@id\":\"https:\/\/www.visit-ulcinj.com\/blog\/#website\",\"url\":\"https:\/\/www.visit-ulcinj.com\/blog\/\",\"name\":\"Lajme nga Ulqini\",\"description\":\"Lajme,Vijesti,Ulqini,Ulqin,Crna Gora,Mali i Zi\",\"potentialAction\":[{\"@type\":\"SearchAction\",\"target\":{\"@type\":\"EntryPoint\",\"urlTemplate\":\"https:\/\/www.visit-ulcinj.com\/blog\/?s={search_term_string}\"},\"query-input\":\"required name=search_term_string\"}],\"inLanguage\":\"en-US\"},{\"@type\":\"ImageObject\",\"inLanguage\":\"en-US\",\"@id\":\"https:\/\/www.visit-ulcinj.com\/blog\/2011\/09\/22\/shqiptaret-ne-mal-te-zi-popull-i-rrezikuar\/#primaryimage\",\"url\":\"https:\/\/www.visit-ulcinj.com\/blog\/wp-content\/uploads\/2011\/09\/Xheladin-Zeneli_DIASPORA-DHE-VENDLINDJA.jpg\",\"contentUrl\":\"https:\/\/www.visit-ulcinj.com\/blog\/wp-content\/uploads\/2011\/09\/Xheladin-Zeneli_DIASPORA-DHE-VENDLINDJA.jpg\",\"width\":\"528\",\"height\":\"720\"},{\"@type\":\"WebPage\",\"@id\":\"https:\/\/www.visit-ulcinj.com\/blog\/2011\/09\/22\/shqiptaret-ne-mal-te-zi-popull-i-rrezikuar\/#webpage\",\"url\":\"https:\/\/www.visit-ulcinj.com\/blog\/2011\/09\/22\/shqiptaret-ne-mal-te-zi-popull-i-rrezikuar\/\",\"name\":\"Shqiptar\u00ebt n\u00eb Mal t\u00eb Zi, popull i rrezikuar! - Lajme nga Ulqini\",\"isPartOf\":{\"@id\":\"https:\/\/www.visit-ulcinj.com\/blog\/#website\"},\"primaryImageOfPage\":{\"@id\":\"https:\/\/www.visit-ulcinj.com\/blog\/2011\/09\/22\/shqiptaret-ne-mal-te-zi-popull-i-rrezikuar\/#primaryimage\"},\"datePublished\":\"2011-09-22T08:59:46+00:00\",\"dateModified\":\"2011-09-22T09:06:21+00:00\",\"author\":{\"@id\":\"https:\/\/www.visit-ulcinj.com\/blog\/#\/schema\/person\/dcab619c614d3038751c63bc2aadc06d\"},\"description\":\"Nga pjesa e popullit shqiptar q\u00eb mbet jasht\u00eb kufijve shtet\u00ebror t\u00eb Shqip\u00ebris\u00eb dhe Kosov\u00ebs dhe q\u00eb sot gjinden brenda kufijve t\u00eb shteteve te\",\"breadcrumb\":{\"@id\":\"https:\/\/www.visit-ulcinj.com\/blog\/2011\/09\/22\/shqiptaret-ne-mal-te-zi-popull-i-rrezikuar\/#breadcrumb\"},\"inLanguage\":\"en-US\",\"potentialAction\":[{\"@type\":\"ReadAction\",\"target\":[\"https:\/\/www.visit-ulcinj.com\/blog\/2011\/09\/22\/shqiptaret-ne-mal-te-zi-popull-i-rrezikuar\/\"]}]},{\"@type\":\"BreadcrumbList\",\"@id\":\"https:\/\/www.visit-ulcinj.com\/blog\/2011\/09\/22\/shqiptaret-ne-mal-te-zi-popull-i-rrezikuar\/#breadcrumb\",\"itemListElement\":[{\"@type\":\"ListItem\",\"position\":1,\"name\":\"Shqiptar\u00ebt n\u00eb Mal t\u00eb Zi, popull i rrezikuar!\"}]},{\"@type\":\"Person\",\"@id\":\"https:\/\/www.visit-ulcinj.com\/blog\/#\/schema\/person\/dcab619c614d3038751c63bc2aadc06d\",\"name\":\"ulqini\",\"sameAs\":[\"http:\/\/www.visit-ulcinj.com\"],\"url\":\"https:\/\/www.visit-ulcinj.com\/blog\/author\/admin\/\"}]}<\/script>\n<!-- \/ Yoast SEO plugin. -->","yoast_head_json":{"title":"Shqiptar\u00ebt n\u00eb Mal t\u00eb Zi, popull i rrezikuar! - Lajme nga Ulqini","description":"Nga pjesa e popullit shqiptar q\u00eb mbet jasht\u00eb kufijve shtet\u00ebror t\u00eb Shqip\u00ebris\u00eb dhe Kosov\u00ebs dhe q\u00eb sot gjinden brenda kufijve t\u00eb shteteve te","robots":{"index":"index","follow":"follow","max-snippet":"max-snippet:-1","max-image-preview":"max-image-preview:large","max-video-preview":"max-video-preview:-1"},"canonical":"https:\/\/www.visit-ulcinj.com\/blog\/2011\/09\/22\/shqiptaret-ne-mal-te-zi-popull-i-rrezikuar\/","og_locale":"en_US","og_type":"article","og_title":"Shqiptar\u00ebt n\u00eb Mal t\u00eb Zi, popull i rrezikuar! - Lajme nga Ulqini","og_description":"Nga pjesa e popullit shqiptar q\u00eb mbet jasht\u00eb kufijve shtet\u00ebror t\u00eb Shqip\u00ebris\u00eb dhe Kosov\u00ebs dhe q\u00eb sot gjinden brenda kufijve t\u00eb shteteve te","og_url":"https:\/\/www.visit-ulcinj.com\/blog\/2011\/09\/22\/shqiptaret-ne-mal-te-zi-popull-i-rrezikuar\/","og_site_name":"Lajme nga Ulqini","article_published_time":"2011-09-22T08:59:46+00:00","article_modified_time":"2011-09-22T09:06:21+00:00","og_image":[{"url":"http:\/\/www.visit-ulcinj.com\/blog\/wp-content\/uploads\/2011\/09\/Xheladin-Zeneli_DIASPORA-DHE-VENDLINDJA.jpg"}],"twitter_misc":{"Written by":"ulqini","Est. reading time":"4 minutes"},"schema":{"@context":"https:\/\/schema.org","@graph":[{"@type":"WebSite","@id":"https:\/\/www.visit-ulcinj.com\/blog\/#website","url":"https:\/\/www.visit-ulcinj.com\/blog\/","name":"Lajme nga Ulqini","description":"Lajme,Vijesti,Ulqini,Ulqin,Crna Gora,Mali i Zi","potentialAction":[{"@type":"SearchAction","target":{"@type":"EntryPoint","urlTemplate":"https:\/\/www.visit-ulcinj.com\/blog\/?s={search_term_string}"},"query-input":"required name=search_term_string"}],"inLanguage":"en-US"},{"@type":"ImageObject","inLanguage":"en-US","@id":"https:\/\/www.visit-ulcinj.com\/blog\/2011\/09\/22\/shqiptaret-ne-mal-te-zi-popull-i-rrezikuar\/#primaryimage","url":"https:\/\/www.visit-ulcinj.com\/blog\/wp-content\/uploads\/2011\/09\/Xheladin-Zeneli_DIASPORA-DHE-VENDLINDJA.jpg","contentUrl":"https:\/\/www.visit-ulcinj.com\/blog\/wp-content\/uploads\/2011\/09\/Xheladin-Zeneli_DIASPORA-DHE-VENDLINDJA.jpg","width":"528","height":"720"},{"@type":"WebPage","@id":"https:\/\/www.visit-ulcinj.com\/blog\/2011\/09\/22\/shqiptaret-ne-mal-te-zi-popull-i-rrezikuar\/#webpage","url":"https:\/\/www.visit-ulcinj.com\/blog\/2011\/09\/22\/shqiptaret-ne-mal-te-zi-popull-i-rrezikuar\/","name":"Shqiptar\u00ebt n\u00eb Mal t\u00eb Zi, popull i rrezikuar! - Lajme nga Ulqini","isPartOf":{"@id":"https:\/\/www.visit-ulcinj.com\/blog\/#website"},"primaryImageOfPage":{"@id":"https:\/\/www.visit-ulcinj.com\/blog\/2011\/09\/22\/shqiptaret-ne-mal-te-zi-popull-i-rrezikuar\/#primaryimage"},"datePublished":"2011-09-22T08:59:46+00:00","dateModified":"2011-09-22T09:06:21+00:00","author":{"@id":"https:\/\/www.visit-ulcinj.com\/blog\/#\/schema\/person\/dcab619c614d3038751c63bc2aadc06d"},"description":"Nga pjesa e popullit shqiptar q\u00eb mbet jasht\u00eb kufijve shtet\u00ebror t\u00eb Shqip\u00ebris\u00eb dhe Kosov\u00ebs dhe q\u00eb sot gjinden brenda kufijve t\u00eb shteteve te","breadcrumb":{"@id":"https:\/\/www.visit-ulcinj.com\/blog\/2011\/09\/22\/shqiptaret-ne-mal-te-zi-popull-i-rrezikuar\/#breadcrumb"},"inLanguage":"en-US","potentialAction":[{"@type":"ReadAction","target":["https:\/\/www.visit-ulcinj.com\/blog\/2011\/09\/22\/shqiptaret-ne-mal-te-zi-popull-i-rrezikuar\/"]}]},{"@type":"BreadcrumbList","@id":"https:\/\/www.visit-ulcinj.com\/blog\/2011\/09\/22\/shqiptaret-ne-mal-te-zi-popull-i-rrezikuar\/#breadcrumb","itemListElement":[{"@type":"ListItem","position":1,"name":"Shqiptar\u00ebt n\u00eb Mal t\u00eb Zi, popull i rrezikuar!"}]},{"@type":"Person","@id":"https:\/\/www.visit-ulcinj.com\/blog\/#\/schema\/person\/dcab619c614d3038751c63bc2aadc06d","name":"ulqini","sameAs":["http:\/\/www.visit-ulcinj.com"],"url":"https:\/\/www.visit-ulcinj.com\/blog\/author\/admin\/"}]}},"jetpack_featured_media_url":"","jetpack_sharing_enabled":true,"jetpack_shortlink":"https:\/\/wp.me\/pe6lTn-djL","_links":{"self":[{"href":"https:\/\/www.visit-ulcinj.com\/blog\/wp-json\/wp\/v2\/posts\/51197"}],"collection":[{"href":"https:\/\/www.visit-ulcinj.com\/blog\/wp-json\/wp\/v2\/posts"}],"about":[{"href":"https:\/\/www.visit-ulcinj.com\/blog\/wp-json\/wp\/v2\/types\/post"}],"author":[{"embeddable":true,"href":"https:\/\/www.visit-ulcinj.com\/blog\/wp-json\/wp\/v2\/users\/1"}],"replies":[{"embeddable":true,"href":"https:\/\/www.visit-ulcinj.com\/blog\/wp-json\/wp\/v2\/comments?post=51197"}],"version-history":[{"count":4,"href":"https:\/\/www.visit-ulcinj.com\/blog\/wp-json\/wp\/v2\/posts\/51197\/revisions"}],"predecessor-version":[{"id":51205,"href":"https:\/\/www.visit-ulcinj.com\/blog\/wp-json\/wp\/v2\/posts\/51197\/revisions\/51205"}],"wp:attachment":[{"href":"https:\/\/www.visit-ulcinj.com\/blog\/wp-json\/wp\/v2\/media?parent=51197"}],"wp:term":[{"taxonomy":"category","embeddable":true,"href":"https:\/\/www.visit-ulcinj.com\/blog\/wp-json\/wp\/v2\/categories?post=51197"},{"taxonomy":"post_tag","embeddable":true,"href":"https:\/\/www.visit-ulcinj.com\/blog\/wp-json\/wp\/v2\/tags?post=51197"}],"curies":[{"name":"wp","href":"https:\/\/api.w.org\/{rel}","templated":true}]}}