{"id":51213,"date":"2011-09-22T12:44:15","date_gmt":"2011-09-22T11:44:15","guid":{"rendered":"http:\/\/www.visit-ulcinj.com\/blog\/?p=51213"},"modified":"2011-10-03T11:38:15","modified_gmt":"2011-10-03T10:38:15","slug":"jep-doreheqje-luigj-shkrelanga-funksioni-i-kryetarit-te-kuvendit-te-ulqinit","status":"publish","type":"post","link":"https:\/\/www.visit-ulcinj.com\/blog\/2011\/09\/22\/jep-doreheqje-luigj-shkrelanga-funksioni-i-kryetarit-te-kuvendit-te-ulqinit\/","title":{"rendered":"Jep dor\u00ebheqje Luigj Shkrela,nga funksioni i kryetarit t\u00eb Kuvendit t\u00eb Ulqinit"},"content":{"rendered":"<p><a href=\"http:\/\/www.visit-ulcinj.com\/blog\/wp-content\/uploads\/2011\/09\/Luigj-Lui-Shkrela_Ulqin.jpg\"><img loading=\"lazy\" class=\"alignleft size-full wp-image-51214\" title=\"Luigj Lui Shkrela_Ulqin\" src=\"http:\/\/www.visit-ulcinj.com\/blog\/wp-content\/uploads\/2011\/09\/Luigj-Lui-Shkrela_Ulqin.jpg\" alt=\"\" width=\"508\" height=\"380\" \/><\/a>Kryetari i K\u00ebshillit Komunal t\u00eb Partis\u00eb Demokratike t\u00eb Socialist\u00ebve n\u00eb Ulqin Luigj Shkrela ka dh\u00ebn\u00eb dor\u00ebheqje nga funksioni i kryetarit t\u00eb Kuvendit t\u00eb Ulqinit njofton gazeta informative Ulqini Online.<\/p>\n<p><strong>K\u00ebshilltar\u00ebt e PDS l\u00ebshojn\u00eb seanc\u00ebn n\u00eb ora 13h.20<\/strong>.<br \/>\nParlamenti miraton dor\u00ebheqjen e kryetarit t\u00eb Kuvendit t\u00eb Komun\u00ebs,njofton Ulqini Online.<\/p>\n<p><strong>13h.40 Edhe k\u00ebshilltar\u00ebt e UDSH-s\u00eb l\u00ebshojn\u00eb senac\u00ebn e Kuvendit t\u00eb Komun\u00ebs.<\/strong><\/p>\n<p>Pas hapjes s\u00eb diskutimit rreth pikes s\u00eb rendit t\u00eb dit\u00ebs p\u00ebr zgjedhjen e Kryetarit t\u00eb ri t\u00eb Kuvendit t\u00eb komun\u00ebs , k\u00ebshilltari Zenka i&#8217;u drejtua se shumic\u00ebs s\u00eb re parlamentare se ajo u formua me tradh\u00ebti t\u00eb past\u00ebr dhe s\u00eb shpejti e nj\u00ebjta gj\u00eb do ju ndodh edhe juve.<\/p>\n<p>N\u00eb ora 13 filloi mbledhja e jasht\u00ebzakonshme e Kuvendit t\u00eb Komun\u00ebs s\u00eb Ulqinit.\u00a0 T\u00eb pranish\u00ebm n\u00eb seanc\u00eb jan\u00eb 28 k\u00ebshilltar\u00eb nga 33 sa ka gjithsej Kuvendi i Komun\u00ebs.<\/p>\n<p>Mbledhja e jasht\u00ebzakonshme e Kuvendit t\u00eb Komun\u00ebs s\u00eb Ulqinit e parapar\u00eb t\u00eb filloj\u00eb n\u00eb ora 12 shtyhet p\u00ebr n\u00eb ora 13.<\/p>\n<p>N\u00eb mbledhjen e jasht\u00ebzakonshme e Kuvendit t\u00eb Komun\u00ebs s\u00eb Ulqinit e cila do t\u00eb filloj\u00eb pas pak do t\u00eb ket\u00eb k\u00ebt\u00eb rend dite:<\/p>\n<p>1. Propozim Vendim per shkarkimin e Kryetarit te kuvendit te Ulqinit<br \/>\n2. Propozim Vendim per zgjedhjen e Kryetarit te kuvendit te Ulqinit<br \/>\n3. Propozim Vendim per zgjedhjen e Kryetarit te komunes se Ulqinit<\/p>\n<p><strong>N\u00eb Ora 13h.55 Kryetar i ri i Komun\u00ebs s\u00eb Ulqinit me 21 vota pro\u00a0 zgjidhet Milazim Mustafa.<\/strong><\/p>\n<p>Pas votimit. kryetari i ri z. Milazim Mustafa merr kryesimin e senac\u00ebs s\u00eb jasht\u00ebzakonshme t\u00eb Kuvendit t\u00eb Komun\u00ebs s\u00eb Ulqinit.<br \/>\nPas zgjedhjes s\u00eb kryetarit t\u00eb Kuvendit t\u00eb Komun\u00ebs n\u00eb sall\u00ebn e kuvendit kthehen k\u00ebshilltaret e larguar para votimit p\u00ebr kryetar t\u00eb Kuvendit. njofton Ulqini Online.<\/p>\n<!--YouTube Error: bad URL entered-->\n","protected":false},"excerpt":{"rendered":"<p>Kryetari i K\u00ebshillit Komunal t\u00eb Partis\u00eb Demokratike t\u00eb Socialist\u00ebve n\u00eb Ulqin Luigj Shkrela ka dh\u00ebn\u00eb dor\u00ebheqje nga funksioni i kryetarit t\u00eb Kuvendit t\u00eb Ulqinit njofton gazeta informative Ulqini Online. K\u00ebshilltar\u00ebt e PDS l\u00ebshojn\u00eb seanc\u00ebn n\u00eb ora 13h.20. Parlamenti miraton dor\u00ebheqjen e kryetarit t\u00eb Kuvendit t\u00eb Komun\u00ebs,njofton Ulqini Online. 13h.40 Edhe k\u00ebshilltar\u00ebt e UDSH-s\u00eb l\u00ebshojn\u00eb senac\u00ebn [&hellip;]<\/p>\n","protected":false},"author":1,"featured_media":0,"comment_status":"open","ping_status":"closed","sticky":false,"template":"","format":"standard","meta":{"spay_email":"","jetpack_publicize_message":"","jetpack_is_tweetstorm":false,"jetpack_publicize_feature_enabled":true},"categories":[1,6],"tags":[13573,200,18],"jetpack_publicize_connections":[],"yoast_head":"<!-- This site is optimized with the Yoast SEO plugin v19.1 - https:\/\/yoast.com\/wordpress\/plugins\/seo\/ -->\n<title>Jep dor\u00ebheqje Luigj Shkrela,nga funksioni i kryetarit t\u00eb Kuvendit t\u00eb Ulqinit - Lajme nga Ulqini<\/title>\n<meta name=\"description\" content=\"Kryetari i K\u00ebshillit Komunal t\u00eb Partis\u00eb Demokratike t\u00eb Socialist\u00ebve n\u00eb Ulqin Luigj Shkrela ka dh\u00ebn\u00eb dor\u00ebheqje nga funksioni i kryetarit t\u00eb Kuvendit t\u00eb\" \/>\n<meta name=\"robots\" content=\"index, follow, max-snippet:-1, max-image-preview:large, max-video-preview:-1\" \/>\n<link rel=\"canonical\" href=\"https:\/\/www.visit-ulcinj.com\/blog\/2011\/09\/22\/jep-doreheqje-luigj-shkrelanga-funksioni-i-kryetarit-te-kuvendit-te-ulqinit\/\" \/>\n<meta property=\"og:locale\" content=\"en_US\" \/>\n<meta property=\"og:type\" content=\"article\" \/>\n<meta property=\"og:title\" content=\"Jep dor\u00ebheqje Luigj Shkrela,nga funksioni i kryetarit t\u00eb Kuvendit t\u00eb Ulqinit - Lajme nga Ulqini\" \/>\n<meta property=\"og:description\" content=\"Kryetari i K\u00ebshillit Komunal t\u00eb Partis\u00eb Demokratike t\u00eb Socialist\u00ebve n\u00eb Ulqin Luigj Shkrela ka dh\u00ebn\u00eb dor\u00ebheqje nga funksioni i kryetarit t\u00eb Kuvendit t\u00eb\" \/>\n<meta property=\"og:url\" content=\"https:\/\/www.visit-ulcinj.com\/blog\/2011\/09\/22\/jep-doreheqje-luigj-shkrelanga-funksioni-i-kryetarit-te-kuvendit-te-ulqinit\/\" \/>\n<meta property=\"og:site_name\" content=\"Lajme nga Ulqini\" \/>\n<meta property=\"article:published_time\" content=\"2011-09-22T11:44:15+00:00\" \/>\n<meta property=\"article:modified_time\" content=\"2011-10-03T10:38:15+00:00\" \/>\n<meta property=\"og:image\" content=\"http:\/\/www.visit-ulcinj.com\/blog\/wp-content\/uploads\/2011\/09\/Luigj-Lui-Shkrela_Ulqin.jpg\" \/>\n<meta name=\"twitter:label1\" content=\"Written by\" \/>\n\t<meta name=\"twitter:data1\" content=\"ulqini\" \/>\n\t<meta name=\"twitter:label2\" content=\"Est. reading time\" \/>\n\t<meta name=\"twitter:data2\" content=\"2 minutes\" \/>\n<script type=\"application\/ld+json\" class=\"yoast-schema-graph\">{\"@context\":\"https:\/\/schema.org\",\"@graph\":[{\"@type\":\"WebSite\",\"@id\":\"https:\/\/www.visit-ulcinj.com\/blog\/#website\",\"url\":\"https:\/\/www.visit-ulcinj.com\/blog\/\",\"name\":\"Lajme nga Ulqini\",\"description\":\"Lajme,Vijesti,Ulqini,Ulqin,Crna Gora,Mali i Zi\",\"potentialAction\":[{\"@type\":\"SearchAction\",\"target\":{\"@type\":\"EntryPoint\",\"urlTemplate\":\"https:\/\/www.visit-ulcinj.com\/blog\/?s={search_term_string}\"},\"query-input\":\"required name=search_term_string\"}],\"inLanguage\":\"en-US\"},{\"@type\":\"ImageObject\",\"inLanguage\":\"en-US\",\"@id\":\"https:\/\/www.visit-ulcinj.com\/blog\/2011\/09\/22\/jep-doreheqje-luigj-shkrelanga-funksioni-i-kryetarit-te-kuvendit-te-ulqinit\/#primaryimage\",\"url\":\"https:\/\/www.visit-ulcinj.com\/blog\/wp-content\/uploads\/2011\/09\/Luigj-Lui-Shkrela_Ulqin.jpg\",\"contentUrl\":\"https:\/\/www.visit-ulcinj.com\/blog\/wp-content\/uploads\/2011\/09\/Luigj-Lui-Shkrela_Ulqin.jpg\",\"width\":\"960\",\"height\":\"693\"},{\"@type\":\"WebPage\",\"@id\":\"https:\/\/www.visit-ulcinj.com\/blog\/2011\/09\/22\/jep-doreheqje-luigj-shkrelanga-funksioni-i-kryetarit-te-kuvendit-te-ulqinit\/#webpage\",\"url\":\"https:\/\/www.visit-ulcinj.com\/blog\/2011\/09\/22\/jep-doreheqje-luigj-shkrelanga-funksioni-i-kryetarit-te-kuvendit-te-ulqinit\/\",\"name\":\"Jep dor\u00ebheqje Luigj Shkrela,nga funksioni i kryetarit t\u00eb Kuvendit t\u00eb Ulqinit - Lajme nga Ulqini\",\"isPartOf\":{\"@id\":\"https:\/\/www.visit-ulcinj.com\/blog\/#website\"},\"primaryImageOfPage\":{\"@id\":\"https:\/\/www.visit-ulcinj.com\/blog\/2011\/09\/22\/jep-doreheqje-luigj-shkrelanga-funksioni-i-kryetarit-te-kuvendit-te-ulqinit\/#primaryimage\"},\"datePublished\":\"2011-09-22T11:44:15+00:00\",\"dateModified\":\"2011-10-03T10:38:15+00:00\",\"author\":{\"@id\":\"https:\/\/www.visit-ulcinj.com\/blog\/#\/schema\/person\/dcab619c614d3038751c63bc2aadc06d\"},\"description\":\"Kryetari i K\u00ebshillit Komunal t\u00eb Partis\u00eb Demokratike t\u00eb Socialist\u00ebve n\u00eb Ulqin Luigj Shkrela ka dh\u00ebn\u00eb dor\u00ebheqje nga funksioni i kryetarit t\u00eb Kuvendit t\u00eb\",\"breadcrumb\":{\"@id\":\"https:\/\/www.visit-ulcinj.com\/blog\/2011\/09\/22\/jep-doreheqje-luigj-shkrelanga-funksioni-i-kryetarit-te-kuvendit-te-ulqinit\/#breadcrumb\"},\"inLanguage\":\"en-US\",\"potentialAction\":[{\"@type\":\"ReadAction\",\"target\":[\"https:\/\/www.visit-ulcinj.com\/blog\/2011\/09\/22\/jep-doreheqje-luigj-shkrelanga-funksioni-i-kryetarit-te-kuvendit-te-ulqinit\/\"]}]},{\"@type\":\"BreadcrumbList\",\"@id\":\"https:\/\/www.visit-ulcinj.com\/blog\/2011\/09\/22\/jep-doreheqje-luigj-shkrelanga-funksioni-i-kryetarit-te-kuvendit-te-ulqinit\/#breadcrumb\",\"itemListElement\":[{\"@type\":\"ListItem\",\"position\":1,\"name\":\"Jep dor\u00ebheqje Luigj Shkrela,nga funksioni i kryetarit t\u00eb Kuvendit t\u00eb Ulqinit\"}]},{\"@type\":\"Person\",\"@id\":\"https:\/\/www.visit-ulcinj.com\/blog\/#\/schema\/person\/dcab619c614d3038751c63bc2aadc06d\",\"name\":\"ulqini\",\"sameAs\":[\"http:\/\/www.visit-ulcinj.com\"],\"url\":\"https:\/\/www.visit-ulcinj.com\/blog\/author\/admin\/\"}]}<\/script>\n<!-- \/ Yoast SEO plugin. -->","yoast_head_json":{"title":"Jep dor\u00ebheqje Luigj Shkrela,nga funksioni i kryetarit t\u00eb Kuvendit t\u00eb Ulqinit - Lajme nga Ulqini","description":"Kryetari i K\u00ebshillit Komunal t\u00eb Partis\u00eb Demokratike t\u00eb Socialist\u00ebve n\u00eb Ulqin Luigj Shkrela ka dh\u00ebn\u00eb dor\u00ebheqje nga funksioni i kryetarit t\u00eb Kuvendit t\u00eb","robots":{"index":"index","follow":"follow","max-snippet":"max-snippet:-1","max-image-preview":"max-image-preview:large","max-video-preview":"max-video-preview:-1"},"canonical":"https:\/\/www.visit-ulcinj.com\/blog\/2011\/09\/22\/jep-doreheqje-luigj-shkrelanga-funksioni-i-kryetarit-te-kuvendit-te-ulqinit\/","og_locale":"en_US","og_type":"article","og_title":"Jep dor\u00ebheqje Luigj Shkrela,nga funksioni i kryetarit t\u00eb Kuvendit t\u00eb Ulqinit - Lajme nga Ulqini","og_description":"Kryetari i K\u00ebshillit Komunal t\u00eb Partis\u00eb Demokratike t\u00eb Socialist\u00ebve n\u00eb Ulqin Luigj Shkrela ka dh\u00ebn\u00eb dor\u00ebheqje nga funksioni i kryetarit t\u00eb Kuvendit t\u00eb","og_url":"https:\/\/www.visit-ulcinj.com\/blog\/2011\/09\/22\/jep-doreheqje-luigj-shkrelanga-funksioni-i-kryetarit-te-kuvendit-te-ulqinit\/","og_site_name":"Lajme nga Ulqini","article_published_time":"2011-09-22T11:44:15+00:00","article_modified_time":"2011-10-03T10:38:15+00:00","og_image":[{"url":"http:\/\/www.visit-ulcinj.com\/blog\/wp-content\/uploads\/2011\/09\/Luigj-Lui-Shkrela_Ulqin.jpg"}],"twitter_misc":{"Written by":"ulqini","Est. reading time":"2 minutes"},"schema":{"@context":"https:\/\/schema.org","@graph":[{"@type":"WebSite","@id":"https:\/\/www.visit-ulcinj.com\/blog\/#website","url":"https:\/\/www.visit-ulcinj.com\/blog\/","name":"Lajme nga Ulqini","description":"Lajme,Vijesti,Ulqini,Ulqin,Crna Gora,Mali i Zi","potentialAction":[{"@type":"SearchAction","target":{"@type":"EntryPoint","urlTemplate":"https:\/\/www.visit-ulcinj.com\/blog\/?s={search_term_string}"},"query-input":"required name=search_term_string"}],"inLanguage":"en-US"},{"@type":"ImageObject","inLanguage":"en-US","@id":"https:\/\/www.visit-ulcinj.com\/blog\/2011\/09\/22\/jep-doreheqje-luigj-shkrelanga-funksioni-i-kryetarit-te-kuvendit-te-ulqinit\/#primaryimage","url":"https:\/\/www.visit-ulcinj.com\/blog\/wp-content\/uploads\/2011\/09\/Luigj-Lui-Shkrela_Ulqin.jpg","contentUrl":"https:\/\/www.visit-ulcinj.com\/blog\/wp-content\/uploads\/2011\/09\/Luigj-Lui-Shkrela_Ulqin.jpg","width":"960","height":"693"},{"@type":"WebPage","@id":"https:\/\/www.visit-ulcinj.com\/blog\/2011\/09\/22\/jep-doreheqje-luigj-shkrelanga-funksioni-i-kryetarit-te-kuvendit-te-ulqinit\/#webpage","url":"https:\/\/www.visit-ulcinj.com\/blog\/2011\/09\/22\/jep-doreheqje-luigj-shkrelanga-funksioni-i-kryetarit-te-kuvendit-te-ulqinit\/","name":"Jep dor\u00ebheqje Luigj Shkrela,nga funksioni i kryetarit t\u00eb Kuvendit t\u00eb Ulqinit - Lajme nga Ulqini","isPartOf":{"@id":"https:\/\/www.visit-ulcinj.com\/blog\/#website"},"primaryImageOfPage":{"@id":"https:\/\/www.visit-ulcinj.com\/blog\/2011\/09\/22\/jep-doreheqje-luigj-shkrelanga-funksioni-i-kryetarit-te-kuvendit-te-ulqinit\/#primaryimage"},"datePublished":"2011-09-22T11:44:15+00:00","dateModified":"2011-10-03T10:38:15+00:00","author":{"@id":"https:\/\/www.visit-ulcinj.com\/blog\/#\/schema\/person\/dcab619c614d3038751c63bc2aadc06d"},"description":"Kryetari i K\u00ebshillit Komunal t\u00eb Partis\u00eb Demokratike t\u00eb Socialist\u00ebve n\u00eb Ulqin Luigj Shkrela ka dh\u00ebn\u00eb dor\u00ebheqje nga funksioni i kryetarit t\u00eb Kuvendit t\u00eb","breadcrumb":{"@id":"https:\/\/www.visit-ulcinj.com\/blog\/2011\/09\/22\/jep-doreheqje-luigj-shkrelanga-funksioni-i-kryetarit-te-kuvendit-te-ulqinit\/#breadcrumb"},"inLanguage":"en-US","potentialAction":[{"@type":"ReadAction","target":["https:\/\/www.visit-ulcinj.com\/blog\/2011\/09\/22\/jep-doreheqje-luigj-shkrelanga-funksioni-i-kryetarit-te-kuvendit-te-ulqinit\/"]}]},{"@type":"BreadcrumbList","@id":"https:\/\/www.visit-ulcinj.com\/blog\/2011\/09\/22\/jep-doreheqje-luigj-shkrelanga-funksioni-i-kryetarit-te-kuvendit-te-ulqinit\/#breadcrumb","itemListElement":[{"@type":"ListItem","position":1,"name":"Jep dor\u00ebheqje Luigj Shkrela,nga funksioni i kryetarit t\u00eb Kuvendit t\u00eb Ulqinit"}]},{"@type":"Person","@id":"https:\/\/www.visit-ulcinj.com\/blog\/#\/schema\/person\/dcab619c614d3038751c63bc2aadc06d","name":"ulqini","sameAs":["http:\/\/www.visit-ulcinj.com"],"url":"https:\/\/www.visit-ulcinj.com\/blog\/author\/admin\/"}]}},"jetpack_featured_media_url":"","jetpack_sharing_enabled":true,"jetpack_shortlink":"https:\/\/wp.me\/pe6lTn-dk1","_links":{"self":[{"href":"https:\/\/www.visit-ulcinj.com\/blog\/wp-json\/wp\/v2\/posts\/51213"}],"collection":[{"href":"https:\/\/www.visit-ulcinj.com\/blog\/wp-json\/wp\/v2\/posts"}],"about":[{"href":"https:\/\/www.visit-ulcinj.com\/blog\/wp-json\/wp\/v2\/types\/post"}],"author":[{"embeddable":true,"href":"https:\/\/www.visit-ulcinj.com\/blog\/wp-json\/wp\/v2\/users\/1"}],"replies":[{"embeddable":true,"href":"https:\/\/www.visit-ulcinj.com\/blog\/wp-json\/wp\/v2\/comments?post=51213"}],"version-history":[{"count":9,"href":"https:\/\/www.visit-ulcinj.com\/blog\/wp-json\/wp\/v2\/posts\/51213\/revisions"}],"predecessor-version":[{"id":51217,"href":"https:\/\/www.visit-ulcinj.com\/blog\/wp-json\/wp\/v2\/posts\/51213\/revisions\/51217"}],"wp:attachment":[{"href":"https:\/\/www.visit-ulcinj.com\/blog\/wp-json\/wp\/v2\/media?parent=51213"}],"wp:term":[{"taxonomy":"category","embeddable":true,"href":"https:\/\/www.visit-ulcinj.com\/blog\/wp-json\/wp\/v2\/categories?post=51213"},{"taxonomy":"post_tag","embeddable":true,"href":"https:\/\/www.visit-ulcinj.com\/blog\/wp-json\/wp\/v2\/tags?post=51213"}],"curies":[{"name":"wp","href":"https:\/\/api.w.org\/{rel}","templated":true}]}}