{"id":5122,"date":"2008-10-26T12:26:16","date_gmt":"2008-10-26T17:26:16","guid":{"rendered":"http:\/\/www.visit-ulcinj.com\/blog\/?p=5122"},"modified":"2008-10-26T12:26:16","modified_gmt":"2008-10-26T17:26:16","slug":"portretgrupi-i-rap-it-shqiponjat","status":"publish","type":"post","link":"https:\/\/www.visit-ulcinj.com\/blog\/2008\/10\/26\/portretgrupi-i-rap-it-shqiponjat\/","title":{"rendered":"Portret:Grupi i Rap-it &#8220;Shqiponjat&#8221;"},"content":{"rendered":"<p><a href=\"http:\/\/www.visit-ulcinj.com\/blog\/wp-content\/uploads\/2008\/10\/grupi-shqiponjat_ulqin.jpg\"><img loading=\"lazy\" class=\"alignleft size-medium wp-image-3784\" title=\"grupi-shqiponjat_ulqin\" src=\"http:\/\/www.visit-ulcinj.com\/blog\/wp-content\/uploads\/2008\/10\/grupi-shqiponjat_ulqin-190x300.jpg\" alt=\"\" width=\"190\" height=\"300\" srcset=\"https:\/\/www.visit-ulcinj.com\/blog\/wp-content\/uploads\/2008\/10\/grupi-shqiponjat_ulqin-190x300.jpg 190w, https:\/\/www.visit-ulcinj.com\/blog\/wp-content\/uploads\/2008\/10\/grupi-shqiponjat_ulqin.jpg 280w\" sizes=\"(max-width: 190px) 100vw, 190px\" \/><\/a>Grupi i rap-it &#8220;Shqiponjat&#8221; \u00ebsht\u00eb grupi i par\u00eb i k\u00ebtij lloji muzikor n\u00eb Ulqin i krijuar nga dy t\u00eb rinj entuziast\u00eb dhe simpatik\u00eb, Granit Mehmeti dhe Gjergj Lulaj. Ndon\u00ebse vet\u00ebm pak koh\u00eb m\u00eb par\u00eb kan\u00eb debutuar n\u00eb sken\u00ebn muzikore, ata tashm\u00eb kan\u00eb b\u00ebr\u00eb em\u00ebr sidomos n\u00eb mesin e gjenerat\u00ebs s\u00eb re.<br \/>\nBrenda k\u00ebsaj periudhe t\u00eb shkurt\u00ebr ata jan\u00eb shfaqur fuqish\u00ebm n\u00eb sken\u00eb duke realizuar disa k\u00ebng\u00eb energjike si: &#8220;Me zem\u00ebr&#8221;, &#8220;Vet na&#8221;, &#8220;Kena&#8221;, K`qyr \u00e7a po ndodh&#8221;, k\u00ebng\u00eb t\u00eb g\u00ebrshetuara me mjaft elemente komike, q\u00eb jan\u00eb mir\u00ebpritur nga publiku i ri vendas.<br \/>\nPor d\u00ebshira e tyre tashm\u00eb i tejkalon kufijt\u00eb e Ulqinit dhe t\u00eb shqiptar\u00ebve n\u00eb Mal t\u00eb Zi. Ata d\u00ebshirojn\u00eb t\u00eb jen\u00eb t\u00eb pranish\u00ebm edhe n\u00eb skenat muzikore n\u00eb kryeqendrat shqiptare, si Tirana, Prishtina, Shkupi, etj.Dhe duket se fati u ka prir\u00eb mbar\u00eb sepse s\u00eb shpejti ky grup do t\u00eb marr\u00eb pjes\u00eb n\u00eb nj\u00eb kompeticion t\u00eb r\u00ebnd\u00ebsish\u00ebm p\u00ebr t\u00eb rinj n\u00eb nivel mbar\u00ebkomb\u00ebtar. Fjala \u00ebsht\u00eb p\u00ebr Festivalin &#8220;K\u00ebnga magjike 2008&#8221;.&#8221;D\u00ebshira jon\u00eb ishte t\u00eb marrin pjes\u00eb n\u00eb festivalet &#8220;K\u00ebnga magjike&#8221; dhe &#8220;Top Fest&#8221;, ku mendojm\u00eb t\u00eb paraqitemi me nj\u00eb k\u00ebng\u00eb t\u00eb re&#8221;, thot\u00eb Granit Mehmeti, i njohur me nofk\u00ebn Xhibo, nx\u00ebn\u00ebs i vitit t\u00eb kat\u00ebrt n\u00eb Shkoll\u00ebn e Mesme &#8220;V\u00ebllaz\u00ebrim Bashkim&#8221; n\u00eb Ulqin.N\u00eb k\u00ebng\u00ebt e tyre, &#8220;Shqiponjat&#8221; i k\u00ebndojn\u00eb dashuris\u00eb, shoq\u00ebris\u00eb, dramave t\u00eb jet\u00ebs, etj. K\u00ebnga e tyre e par\u00eb &#8220;Me zem\u00ebr&#8221; u sh\u00ebrbeu si shtys\u00eb p\u00ebr t\u00eb realizuar k\u00ebng\u00ebn e dyt\u00eb &#8220;Vet na&#8221; n\u00eb janar t\u00eb k\u00ebtij viti dhe k\u00ebng\u00ebt e tjera n\u00eb vazhdim.<br \/>\nK\u00ebng\u00ebt i transmetonin vazhdimisht radiot lokale n\u00eb Ulqin.M\u00eb pas, n\u00eb maj t\u00eb k\u00ebtij viti, n\u00eb produksion t\u00eb Foto&amp;Video &#8220;ProStudio&#8221; u regjistrua videoklipi i par\u00eb i k\u00ebng\u00ebs &#8220;Kena&#8221;`, t\u00eb cil\u00ebn nuk e nxor\u00ebn n\u00eb treg, por e promovuan n\u00eb Televizionin &#8220;Teuta&#8220; e q\u00eb po ashtu transmetoh\u00ebt edhe n\u00eb disa kanale t\u00eb tjera televizive shqiptare.Nd\u00ebrkaq n\u00eb ver\u00eb t\u00eb k\u00ebtij viti, &#8220;Shqiponjat&#8221; promovuan k\u00ebng\u00ebn e radh\u00ebs &#8220;K`qyr \u00e7a po ndodh&#8221;, e cila fillon me nj\u00eb tekst komik dhe p\u00ebrfundon me &#8220;Underground&#8221;.&#8221;Shqiponjat&#8221; marrin pjes\u00eb edhe n\u00ebp\u00ebr koncerte t\u00eb ndryshme festive.\u00a0\u00a0\u00a0\u00a0\u00a0\u00a0\u00a0\u00a0 <strong><br \/>\n(Kohapress)<\/strong><br \/>\n<!--YouTube Error: bad URL entered--><\/p>\n","protected":false},"excerpt":{"rendered":"<p>Grupi i rap-it &#8220;Shqiponjat&#8221; \u00ebsht\u00eb grupi i par\u00eb i k\u00ebtij lloji muzikor n\u00eb Ulqin i krijuar nga dy t\u00eb rinj entuziast\u00eb dhe simpatik\u00eb, Granit Mehmeti dhe Gjergj Lulaj. Ndon\u00ebse vet\u00ebm pak koh\u00eb m\u00eb par\u00eb kan\u00eb debutuar n\u00eb sken\u00ebn muzikore, ata tashm\u00eb kan\u00eb b\u00ebr\u00eb em\u00ebr sidomos n\u00eb mesin e gjenerat\u00ebs s\u00eb re. Brenda k\u00ebsaj periudhe t\u00eb [&hellip;]<\/p>\n","protected":false},"author":1,"featured_media":0,"comment_status":"open","ping_status":"closed","sticky":false,"template":"","format":"standard","meta":{"spay_email":"","jetpack_publicize_message":"","jetpack_is_tweetstorm":false,"jetpack_publicize_feature_enabled":true},"categories":[12],"tags":[4837],"jetpack_publicize_connections":[],"yoast_head":"<!-- This site is optimized with the Yoast SEO plugin v19.1 - https:\/\/yoast.com\/wordpress\/plugins\/seo\/ -->\n<title>Portret:Grupi i Rap-it &quot;Shqiponjat&quot; - Lajme nga Ulqini<\/title>\n<meta name=\"description\" content=\"Grupi i rap-it &quot;Shqiponjat&quot; \u00ebsht\u00eb grupi i par\u00eb i k\u00ebtij lloji muzikor n\u00eb Ulqin i krijuar nga dy t\u00eb rinj entuziast\u00eb dhe simpatik\u00eb, Granit Mehmeti dhe Gjergj\" \/>\n<meta name=\"robots\" content=\"index, follow, max-snippet:-1, max-image-preview:large, max-video-preview:-1\" \/>\n<link rel=\"canonical\" href=\"https:\/\/www.visit-ulcinj.com\/blog\/2008\/10\/26\/portretgrupi-i-rap-it-shqiponjat\/\" \/>\n<meta property=\"og:locale\" content=\"en_US\" \/>\n<meta property=\"og:type\" content=\"article\" \/>\n<meta property=\"og:title\" content=\"Portret:Grupi i Rap-it &quot;Shqiponjat&quot; - Lajme nga Ulqini\" \/>\n<meta property=\"og:description\" content=\"Grupi i rap-it &quot;Shqiponjat&quot; \u00ebsht\u00eb grupi i par\u00eb i k\u00ebtij lloji muzikor n\u00eb Ulqin i krijuar nga dy t\u00eb rinj entuziast\u00eb dhe simpatik\u00eb, Granit Mehmeti dhe Gjergj\" \/>\n<meta property=\"og:url\" content=\"https:\/\/www.visit-ulcinj.com\/blog\/2008\/10\/26\/portretgrupi-i-rap-it-shqiponjat\/\" \/>\n<meta property=\"og:site_name\" content=\"Lajme nga Ulqini\" \/>\n<meta property=\"article:published_time\" content=\"2008-10-26T17:26:16+00:00\" \/>\n<meta property=\"og:image\" content=\"http:\/\/www.visit-ulcinj.com\/blog\/wp-content\/uploads\/2008\/10\/grupi-shqiponjat_ulqin-190x300.jpg\" \/>\n<meta name=\"twitter:label1\" content=\"Written by\" \/>\n\t<meta name=\"twitter:data1\" content=\"ulqini\" \/>\n\t<meta name=\"twitter:label2\" content=\"Est. reading time\" \/>\n\t<meta name=\"twitter:data2\" content=\"2 minutes\" \/>\n<script type=\"application\/ld+json\" class=\"yoast-schema-graph\">{\"@context\":\"https:\/\/schema.org\",\"@graph\":[{\"@type\":\"WebSite\",\"@id\":\"https:\/\/www.visit-ulcinj.com\/blog\/#website\",\"url\":\"https:\/\/www.visit-ulcinj.com\/blog\/\",\"name\":\"Lajme nga Ulqini\",\"description\":\"Lajme,Vijesti,Ulqini,Ulqin,Crna Gora,Mali i Zi\",\"potentialAction\":[{\"@type\":\"SearchAction\",\"target\":{\"@type\":\"EntryPoint\",\"urlTemplate\":\"https:\/\/www.visit-ulcinj.com\/blog\/?s={search_term_string}\"},\"query-input\":\"required name=search_term_string\"}],\"inLanguage\":\"en-US\"},{\"@type\":\"ImageObject\",\"inLanguage\":\"en-US\",\"@id\":\"https:\/\/www.visit-ulcinj.com\/blog\/2008\/10\/26\/portretgrupi-i-rap-it-shqiponjat\/#primaryimage\",\"url\":\"http:\/\/www.visit-ulcinj.com\/blog\/wp-content\/uploads\/2008\/10\/grupi-shqiponjat_ulqin-190x300.jpg\",\"contentUrl\":\"http:\/\/www.visit-ulcinj.com\/blog\/wp-content\/uploads\/2008\/10\/grupi-shqiponjat_ulqin-190x300.jpg\"},{\"@type\":\"WebPage\",\"@id\":\"https:\/\/www.visit-ulcinj.com\/blog\/2008\/10\/26\/portretgrupi-i-rap-it-shqiponjat\/#webpage\",\"url\":\"https:\/\/www.visit-ulcinj.com\/blog\/2008\/10\/26\/portretgrupi-i-rap-it-shqiponjat\/\",\"name\":\"Portret:Grupi i Rap-it \\\"Shqiponjat\\\" - Lajme nga Ulqini\",\"isPartOf\":{\"@id\":\"https:\/\/www.visit-ulcinj.com\/blog\/#website\"},\"primaryImageOfPage\":{\"@id\":\"https:\/\/www.visit-ulcinj.com\/blog\/2008\/10\/26\/portretgrupi-i-rap-it-shqiponjat\/#primaryimage\"},\"datePublished\":\"2008-10-26T17:26:16+00:00\",\"dateModified\":\"2008-10-26T17:26:16+00:00\",\"author\":{\"@id\":\"https:\/\/www.visit-ulcinj.com\/blog\/#\/schema\/person\/dcab619c614d3038751c63bc2aadc06d\"},\"description\":\"Grupi i rap-it \\\"Shqiponjat\\\" \u00ebsht\u00eb grupi i par\u00eb i k\u00ebtij lloji muzikor n\u00eb Ulqin i krijuar nga dy t\u00eb rinj entuziast\u00eb dhe simpatik\u00eb, Granit Mehmeti dhe Gjergj\",\"breadcrumb\":{\"@id\":\"https:\/\/www.visit-ulcinj.com\/blog\/2008\/10\/26\/portretgrupi-i-rap-it-shqiponjat\/#breadcrumb\"},\"inLanguage\":\"en-US\",\"potentialAction\":[{\"@type\":\"ReadAction\",\"target\":[\"https:\/\/www.visit-ulcinj.com\/blog\/2008\/10\/26\/portretgrupi-i-rap-it-shqiponjat\/\"]}]},{\"@type\":\"BreadcrumbList\",\"@id\":\"https:\/\/www.visit-ulcinj.com\/blog\/2008\/10\/26\/portretgrupi-i-rap-it-shqiponjat\/#breadcrumb\",\"itemListElement\":[{\"@type\":\"ListItem\",\"position\":1,\"name\":\"Portret:Grupi i Rap-it &#8220;Shqiponjat&#8221;\"}]},{\"@type\":\"Person\",\"@id\":\"https:\/\/www.visit-ulcinj.com\/blog\/#\/schema\/person\/dcab619c614d3038751c63bc2aadc06d\",\"name\":\"ulqini\",\"sameAs\":[\"http:\/\/www.visit-ulcinj.com\"],\"url\":\"https:\/\/www.visit-ulcinj.com\/blog\/author\/admin\/\"}]}<\/script>\n<!-- \/ Yoast SEO plugin. -->","yoast_head_json":{"title":"Portret:Grupi i Rap-it \"Shqiponjat\" - Lajme nga Ulqini","description":"Grupi i rap-it \"Shqiponjat\" \u00ebsht\u00eb grupi i par\u00eb i k\u00ebtij lloji muzikor n\u00eb Ulqin i krijuar nga dy t\u00eb rinj entuziast\u00eb dhe simpatik\u00eb, Granit Mehmeti dhe Gjergj","robots":{"index":"index","follow":"follow","max-snippet":"max-snippet:-1","max-image-preview":"max-image-preview:large","max-video-preview":"max-video-preview:-1"},"canonical":"https:\/\/www.visit-ulcinj.com\/blog\/2008\/10\/26\/portretgrupi-i-rap-it-shqiponjat\/","og_locale":"en_US","og_type":"article","og_title":"Portret:Grupi i Rap-it \"Shqiponjat\" - Lajme nga Ulqini","og_description":"Grupi i rap-it \"Shqiponjat\" \u00ebsht\u00eb grupi i par\u00eb i k\u00ebtij lloji muzikor n\u00eb Ulqin i krijuar nga dy t\u00eb rinj entuziast\u00eb dhe simpatik\u00eb, Granit Mehmeti dhe Gjergj","og_url":"https:\/\/www.visit-ulcinj.com\/blog\/2008\/10\/26\/portretgrupi-i-rap-it-shqiponjat\/","og_site_name":"Lajme nga Ulqini","article_published_time":"2008-10-26T17:26:16+00:00","og_image":[{"url":"http:\/\/www.visit-ulcinj.com\/blog\/wp-content\/uploads\/2008\/10\/grupi-shqiponjat_ulqin-190x300.jpg"}],"twitter_misc":{"Written by":"ulqini","Est. reading time":"2 minutes"},"schema":{"@context":"https:\/\/schema.org","@graph":[{"@type":"WebSite","@id":"https:\/\/www.visit-ulcinj.com\/blog\/#website","url":"https:\/\/www.visit-ulcinj.com\/blog\/","name":"Lajme nga Ulqini","description":"Lajme,Vijesti,Ulqini,Ulqin,Crna Gora,Mali i Zi","potentialAction":[{"@type":"SearchAction","target":{"@type":"EntryPoint","urlTemplate":"https:\/\/www.visit-ulcinj.com\/blog\/?s={search_term_string}"},"query-input":"required name=search_term_string"}],"inLanguage":"en-US"},{"@type":"ImageObject","inLanguage":"en-US","@id":"https:\/\/www.visit-ulcinj.com\/blog\/2008\/10\/26\/portretgrupi-i-rap-it-shqiponjat\/#primaryimage","url":"http:\/\/www.visit-ulcinj.com\/blog\/wp-content\/uploads\/2008\/10\/grupi-shqiponjat_ulqin-190x300.jpg","contentUrl":"http:\/\/www.visit-ulcinj.com\/blog\/wp-content\/uploads\/2008\/10\/grupi-shqiponjat_ulqin-190x300.jpg"},{"@type":"WebPage","@id":"https:\/\/www.visit-ulcinj.com\/blog\/2008\/10\/26\/portretgrupi-i-rap-it-shqiponjat\/#webpage","url":"https:\/\/www.visit-ulcinj.com\/blog\/2008\/10\/26\/portretgrupi-i-rap-it-shqiponjat\/","name":"Portret:Grupi i Rap-it \"Shqiponjat\" - Lajme nga Ulqini","isPartOf":{"@id":"https:\/\/www.visit-ulcinj.com\/blog\/#website"},"primaryImageOfPage":{"@id":"https:\/\/www.visit-ulcinj.com\/blog\/2008\/10\/26\/portretgrupi-i-rap-it-shqiponjat\/#primaryimage"},"datePublished":"2008-10-26T17:26:16+00:00","dateModified":"2008-10-26T17:26:16+00:00","author":{"@id":"https:\/\/www.visit-ulcinj.com\/blog\/#\/schema\/person\/dcab619c614d3038751c63bc2aadc06d"},"description":"Grupi i rap-it \"Shqiponjat\" \u00ebsht\u00eb grupi i par\u00eb i k\u00ebtij lloji muzikor n\u00eb Ulqin i krijuar nga dy t\u00eb rinj entuziast\u00eb dhe simpatik\u00eb, Granit Mehmeti dhe Gjergj","breadcrumb":{"@id":"https:\/\/www.visit-ulcinj.com\/blog\/2008\/10\/26\/portretgrupi-i-rap-it-shqiponjat\/#breadcrumb"},"inLanguage":"en-US","potentialAction":[{"@type":"ReadAction","target":["https:\/\/www.visit-ulcinj.com\/blog\/2008\/10\/26\/portretgrupi-i-rap-it-shqiponjat\/"]}]},{"@type":"BreadcrumbList","@id":"https:\/\/www.visit-ulcinj.com\/blog\/2008\/10\/26\/portretgrupi-i-rap-it-shqiponjat\/#breadcrumb","itemListElement":[{"@type":"ListItem","position":1,"name":"Portret:Grupi i Rap-it &#8220;Shqiponjat&#8221;"}]},{"@type":"Person","@id":"https:\/\/www.visit-ulcinj.com\/blog\/#\/schema\/person\/dcab619c614d3038751c63bc2aadc06d","name":"ulqini","sameAs":["http:\/\/www.visit-ulcinj.com"],"url":"https:\/\/www.visit-ulcinj.com\/blog\/author\/admin\/"}]}},"jetpack_featured_media_url":"","jetpack_sharing_enabled":true,"jetpack_shortlink":"https:\/\/wp.me\/pe6lTn-1kC","_links":{"self":[{"href":"https:\/\/www.visit-ulcinj.com\/blog\/wp-json\/wp\/v2\/posts\/5122"}],"collection":[{"href":"https:\/\/www.visit-ulcinj.com\/blog\/wp-json\/wp\/v2\/posts"}],"about":[{"href":"https:\/\/www.visit-ulcinj.com\/blog\/wp-json\/wp\/v2\/types\/post"}],"author":[{"embeddable":true,"href":"https:\/\/www.visit-ulcinj.com\/blog\/wp-json\/wp\/v2\/users\/1"}],"replies":[{"embeddable":true,"href":"https:\/\/www.visit-ulcinj.com\/blog\/wp-json\/wp\/v2\/comments?post=5122"}],"version-history":[{"count":0,"href":"https:\/\/www.visit-ulcinj.com\/blog\/wp-json\/wp\/v2\/posts\/5122\/revisions"}],"wp:attachment":[{"href":"https:\/\/www.visit-ulcinj.com\/blog\/wp-json\/wp\/v2\/media?parent=5122"}],"wp:term":[{"taxonomy":"category","embeddable":true,"href":"https:\/\/www.visit-ulcinj.com\/blog\/wp-json\/wp\/v2\/categories?post=5122"},{"taxonomy":"post_tag","embeddable":true,"href":"https:\/\/www.visit-ulcinj.com\/blog\/wp-json\/wp\/v2\/tags?post=5122"}],"curies":[{"name":"wp","href":"https:\/\/api.w.org\/{rel}","templated":true}]}}