{"id":51223,"date":"2011-09-22T17:33:48","date_gmt":"2011-09-22T16:33:48","guid":{"rendered":"http:\/\/www.visit-ulcinj.com\/blog\/?p=51223"},"modified":"2011-10-03T11:36:25","modified_gmt":"2011-10-03T10:36:25","slug":"fjalimi-i-nazif-cungut-me-rastin-e-zgjdhjes-per-kryetar-te-komunes","status":"publish","type":"post","link":"https:\/\/www.visit-ulcinj.com\/blog\/2011\/09\/22\/fjalimi-i-nazif-cungut-me-rastin-e-zgjdhjes-per-kryetar-te-komunes\/","title":{"rendered":"Fjalimi i Nazif Cungut me rastin e zgjdhjes per Kryetar te Komunes &#8211; Video"},"content":{"rendered":"<p><strong><a href=\"http:\/\/www.visit-ulcinj.com\/blog\/wp-content\/uploads\/2011\/09\/Nazif-Cungu_Kryetar-i-komunes-se-Ulqinit.jpg\"><img loading=\"lazy\" class=\"alignleft size-full wp-image-51224\" title=\"Nazif Cungu_Kryetar i komunes se Ulqinit\" src=\"http:\/\/www.visit-ulcinj.com\/blog\/wp-content\/uploads\/2011\/09\/Nazif-Cungu_Kryetar-i-komunes-se-Ulqinit.jpg\" alt=\"\" width=\"508\" height=\"380\" srcset=\"https:\/\/www.visit-ulcinj.com\/blog\/wp-content\/uploads\/2011\/09\/Nazif-Cungu_Kryetar-i-komunes-se-Ulqinit.jpg 800w, https:\/\/www.visit-ulcinj.com\/blog\/wp-content\/uploads\/2011\/09\/Nazif-Cungu_Kryetar-i-komunes-se-Ulqinit-300x225.jpg 300w\" sizes=\"(max-width: 508px) 100vw, 508px\" \/><\/a>T\u00eb nderuar keshilltare,te nderuar\u00a0 qytetar\u00eb t\u00eb Komun\u00ebs s\u00eb Ulqinit.<\/strong><\/p>\n<p>Sot ne komunen e Ulqinit ka ndodhur nje ndryshim i madh ne qeverisjen lokale.<\/p>\n<p>Koalicioni i ri i Kuvendit Komunal m\u00eb ka besuar mua udheheqjen e Komun\u00ebs s\u00eb Ulqinit duke sh\u00ebnuar nj\u00eb kthes\u00eb te madhe n\u00eb jet\u00ebn politike\u00a0 t\u00eb Komun\u00ebs son\u00eb.<\/p>\n<p>Un\u00eb kam nder dhe k\u00ebnaq\u00ebsi\u00a0 q\u00eb t\u00eb marr p\u00ebrsip\u00ebr sot k\u00ebt\u00eb p\u00ebrgjegj\u00ebsi t\u00eb lart\u00eb politike.<\/p>\n<p>Nderi q\u00eb m\u00eb ashte dhan, m\u00eb obligon\u00a0 p\u00ebr t\u00eb punuar n\u00eb p\u00ebrmbushjen e\u00a0 interesaave t\u00eb qytetar\u00ebve t\u00eb komun\u00ebs dhe p\u00ebr t\u00eb nd\u00ebrtuar\u00a0 s\u00eb bashku me ju nj\u00eb t\u00eb ardhme m\u00eb t\u00eb mir\u00eb p\u00ebr f\u00ebmij\u00ebt tan\u00eb. Un\u00eb do t\u00eb angazhohem q\u00eb t\u00eb \u00e7oj p\u00ebrpara proceset progresive p\u00ebr zhvillimin e shoq\u00ebris\u00eb son\u00eb, procese k\u00ebto q\u00eb do t\u00eb sigurojn\u00eb stabilitet dhe zhvillim social, ekonomik dhe demokratik.<\/p>\n<p>Gjithashtu, un\u00eb do ta qeveris Komun\u00ebn e Ulqinit me an\u00ebn e nj\u00eb ekipi profesional dhe me p\u00ebrvoj\u00eb i cili do t\u00eb punoj\u00eb me integritet dhe p\u00ebrkushtim. Qeverisja e Ulqinit do t\u00eb jet\u00eb vizionare\u00a0 dhe do t\u00eb ket\u00eb p\u00ebr q\u00ebllim q\u00eb t\u00eb siguroj\u00eb nj\u00eb ardhm\u00ebri sa m\u00eb t\u00eb mir\u00eb p\u00ebr mbar\u00eb qytetar\u00ebt duke nisur nj\u00eb model t\u00eb ri politik. Ky model politik do t\u00eb mb\u00ebshtetet n\u00eb ide largpam\u00ebse, p\u00ebrmbajtje cil\u00ebsore t\u00eb mb\u00ebshtetur n\u00eb studime shkencore, strategji me plane veprimi, projekte konkrete t\u00eb p\u00ebrpunuara mir\u00eb dhe me p\u00ebrvojava dhe arritjeve m\u00eb t\u00eb mira t\u00eb Evrop\u00ebs Per\u00ebndimore.<\/p>\n<p>N\u00eb pun\u00ebn time si kryetar i komunes, un\u00eb do t\u00eb p\u00ebrpiqem t\u00eb zgjidh ato \u00e7\u00ebshtje e shqet\u00ebsime q\u00eb m\u00eb kan\u00eb shtyr\u00eb\u00a0 t\u00eb hyje n\u00eb politik\u00eb e m\u00eb kan\u00eb dh\u00ebn\u00eb\u00a0 besim e fuqi p\u00ebr t\u00eb b\u00ebr\u00eb luft\u00ebn politike n\u00eb k\u00ebto 5 vite. Un\u00eb do t\u00eb p\u00ebrpiqem q\u00eb t\u00eb p\u00ebrmir\u00ebsoj\u00eb\u00a0 qeverisjen komunale duke depolitizuar e profesionalizuar administrat\u00ebn e duke rritur efikasitetin e administrimit t\u00eb mjeteve materiale e burimeve nj\u00ebr\u00ebzore t\u00eb komun\u00ebs. Do ta p\u00ebrdor gjith\u00eb autoritetin e kryetarit t\u00eb komun\u00ebs p\u00ebr t\u00eb rritur ingerencat e pushtetit lokal, p\u00ebr t\u00eb p\u00ebrmir\u00ebsuar menaxhimin e pron\u00ebs publike, p\u00ebr t&#8217;u marr\u00eb me \u00e7\u00ebshtjen e kthimit t\u00eb pronave, p\u00ebr t\u00eb ndryshuar marr\u00ebdh\u00ebnien e komun\u00ebs son\u00eb me Morsko dobron, p\u00ebr t\u00eb modernizuar infrastruktur\u00ebn, p\u00ebr t\u00eb ngritur nivelin e sh\u00ebrbimeve publike, p\u00ebr t\u00eb mir\u00ebmbajtur trash\u00ebgimin\u00eb ton\u00eb komb\u00ebtare,\u00a0 p\u00ebr t\u00eb pastruar ambjentin dhe p\u00ebr t\u00eb b\u00ebr\u00eb p\u00ebrgatitjet e duhura p\u00ebr sezonet e ardhshme turistike.<\/p>\n<p>Situata e\u00a0 r\u00ebnd\u00eb ku gjendet Komuna jon\u00eb,ndermarrjet publike,ndermarrjet e privatizuara qe nuk funksionojne dhe n\u00eb m\u00ebnyr\u00eb t\u00eb ve\u00e7ant\u00eb gjendja n\u00eb buxhetin komunal m\u00eb b\u00ebn\u00a0 shum\u00eb t\u00eb vet\u00ebdijsh\u00ebm p\u00ebr sfidat e m\u00ebdha q\u00eb kemi p\u00ebrball\u00eb.<\/p>\n<p>Un\u00eb zgjidhjen e k\u00ebsaj situate e shoh padyshim n\u00eb p\u00ebrmir\u00ebsimin e qeverisjes komunale, n\u00eb krijimin e kushteve t\u00eb p\u00ebrshtatshme\u00a0 infrastrukturore q\u00eb do t\u00eb ndihmojn\u00eb n\u00eb konsolidimin e afaristave aktual privat , n\u00eb terhekjen e investimeve t\u00eb reja, ndertimin e hoteleve te ri,n\u00eb permiresimin e turizmit te zhvilluar ne akomodimin privat, n\u00eb forcimin e bujq\u00ebsis\u00eb dhe blegtoris\u00eb n\u00eb komun\u00eb si dhe n\u00eb nd\u00ebrtimin e industris\u00eb s\u00eb leht\u00eb dhe zgjerimin e sektorit t\u00eb sh\u00ebrbimeve.<\/p>\n<p>N\u00eb jav\u00ebt n\u00eb vijim un\u00eb bashk\u00eb me ekipin q\u00eb do t\u00eb formoi do t\u00eb studioj n\u00eb holl\u00ebsi t\u00eb dh\u00ebnat e komun\u00ebs son\u00eb dhe do t\u00eb nis hartimin e nj\u00eb analize t\u00eb plot\u00eb t\u00eb situat\u00ebs. Kjo analiz\u00eb do b\u00ebhet publike p\u00ebr mbar\u00eb qytetar\u00ebt n\u00eb m\u00ebnyr\u00eb q\u00eb qytetar\u00ebt t\u00eb jen\u00eb sa m\u00eb t\u00eb informuar p\u00ebr gjendjen aktuale ku ndodhet komuna. Pas analiz\u00ebs s\u00eb situat\u00ebs ekipi yne do te punoi ne pergaditjen e nje dokumenti te ri q\u00eb do t\u00eb evidentoj\u00eb nevojat m\u00eb emergjente. N\u00eb baz\u00eb t\u00eb k\u00ebtij dokumenti do t\u00eb p\u00ebrpilojme edhe strategjin\u00eb e emergjenc\u00ebs e cila do t\u00eb ket\u00eb p\u00ebr q\u00ebllim nd\u00ebrmarrjen e masave sa m\u00eb t\u00eb shpejta dhe efikase p\u00ebr t&#8217;i ardhur n\u00eb ndihm\u00eb sektor\u00ebve m\u00eb t\u00eb v\u00ebshtir\u00eb dhe p\u00ebr t\u00eb mbyllur problemet m\u00eb t\u00eb v\u00ebshtira apo delikate.<\/p>\n<p><strong>\u00a0\u00a0\u00a0\u00a0\u00a0\u00a0\u00a0\u00a0\u00a0\u00a0\u00a0\u00a0\u00a0\u00a0\u00a0\u00a0\u00a0\u00a0\u00a0\u00a0\u00a0\u00a0\u00a0\u00a0\u00a0\u00a0\u00a0\u00a0\u00a0\u00a0\u00a0\u00a0\u00a0\u00a0\u00a0\u00a0\u00a0\u00a0\u00a0\u00a0\u00a0\u00a0\u00a0\u00a0\u00a0\u00a0\u00a0\u00a0\u00a0\u00a0\u00a0\u00a0\u00a0\u00a0\u00a0\u00a0\u00a0\u00a0\u00a0\u00a0\u00a0\u00a0\u00a0\u00a0\u00a0\u00a0\u00a0\u00a0\u00a0\u00a0\u00a0\u00a0\u00a0\u00a0\u00a0\u00a0\u00a0\u00a0\u00a0\u00a0\u00a0\u00a0\u00a0\u00a0\u00a0\u00a0\u00a0\u00a0\u00a0\u00a0\u00a0\u00a0\u00a0\u00a0\u00a0\u00a0\u00a0\u00a0\u00a0\u00a0\u00a0\u00a0\u00a0\u00a0\u00a0\u00a0\u00a0\u00a0\u00a0\u00a0\u00a0\u00a0\u00a0\u00a0\u00a0\u00a0\u00a0\u00a0\u00a0\u00a0\u00a0\u00a0\u00a0\u00a0\u00a0\u00a0\u00a0\u00a0\u00a0\u00a0\u00a0\u00a0\u00a0\u00a0\u00a0\u00a0\u00a0\u00a0\u00a0\u00a0\u00a0\u00a0\u00a0 2.<\/strong><\/p>\n<p>Ne do te ndryshojm\u00eb m\u00ebnyr\u00ebn e qeverisjes se Komun\u00ebs s\u00eb Ulqinit duke p\u00ebrdorur dokumenta strategjik\u00eb transparente p\u00ebr qytetaret.<\/p>\n<p>Forca politike q\u00eb un\u00eb drejtoj, q\u00eb n\u00eb fillimet e saja \u00ebsht\u00eb p\u00ebrpjekur q\u00eb t\u00eb fus\u00eb nj\u00eb frym\u00eb t\u00eb re n\u00eb politik\u00ebn e Ulqinit duke ofruar platforma politike, me programe vizionare dhe me ekipe profesionale. Prandaj si kryetar i ri i Komun\u00ebs s\u00eb Ulqinit un\u00eb do t\u00eb jem i hapur p\u00ebr bashk\u00ebpunim me t\u00eb gjith\u00eb aktor\u00ebt q\u00eb i duan t\u00eb mir\u00ebn Komun\u00ebs s\u00eb Ulqinit duke eliminuar frym\u00ebn e mllefeve e inateve personale si dhe p\u00ebr\u00e7arjen politike.<\/p>\n<p>Do te jemi te hapur per bashkepunim me subjektet tjera lokale dhe shtetrore konform ligjeve dhe planeve zhvillimore te koordinuara komunale dhe shtetrore.<\/p>\n<p>Gjat\u00eb qeverisjes do t\u00eb mbaj nj\u00eb lidhje t\u00eb ngusht\u00eb me qytetar\u00ebt e thjesht\u00eb nd\u00ebrsa n\u00eb administrat\u00eb do t\u00eb nxis meritokracin\u00eb, profesionalizmin dhe transparenc\u00ebn.<\/p>\n<p>Ne mandatin tim qe ky Kuvend ma japi sot ky Koalicioni i ri i qeverisjes lokale i p\u00ebrb\u00ebr nga FORCA e re Demokratike, k\u00ebshilltar\u00ebt e Anes se Malit, Partia social-demokrate dhe L\u00ebvizjes qytetare &#8211; Perspektiva me 18 k\u00ebshilltar, t\u00eb p\u00ebrkrahur sot edhe me votat nga K\u00ebshillatari I PPDs,SNP-se dhe Partise NOVA,gjithsejt 21 k\u00ebshilltar, do t\u00eb jen\u00eb cdo her\u00eb partner t\u00eb rrespektuar q\u00eb do t\u00eb punojn si nj\u00eb ekip sepse vet\u00ebm me angazhim t\u00eb perbashk\u00ebt mund t\u00eb dilet nga kjo situat\u00eb e cila ka l\u00ebn\u00eb pasoja t\u00eb r\u00ebnda.<\/p>\n<p>Un\u00eb nga partner\u00ebt e koalicionit do t\u00eb k\u00ebrkoj\u00eb q\u00eb kuadrot e tyre t\u00eb jen\u00eb t\u00eb p\u00ebrkushtuar pun\u00ebs, kompetent dhe mbi te gjitha te vetedijshem q\u00eb qellimet e p\u00ebrbashketa q\u00eb kemi si bashk\u00ebsi mund te realizohen n\u00ebse \u00e7do kush punon pun\u00ebn e vete me profesionaliz\u00ebm, duke respektuar ligjin.<\/p>\n<p>P\u00ebrfitoj nga ky rast p\u00ebr t\u00eb theksuar ve\u00e7an\u00ebrisht r\u00ebnd\u00ebsin\u00eb e jasht\u00ebzakonshme q\u00eb ka mb\u00ebshtetja juaj p\u00ebr t\u00eb v\u00ebn\u00eb n\u00eb jet\u00eb k\u00ebt\u00eb model t\u00eb ri politik dhe p\u00ebr t\u00eb rim\u00ebk\u00ebmbur komun\u00ebn ton\u00eb.<\/p>\n<p>Q\u00eb n\u00eb dit\u00ebt e para t\u00eb pun\u00ebs sime si kryetar un\u00eb do t\u00eb jap shenjat e qarta t\u00eb ndryshimit duke nd\u00ebrtuar nj\u00eb sistem t\u00eb ri t\u00eb komunikimit me qytetarin e thjesht\u00eb.<\/p>\n<p>T\u00eb nderuar qytetar\u00eb,un\u00eb\u00a0 ju ftoj\u00a0 q\u00eb t\u00eb nisni t\u00eb kontaktoni drejtp\u00ebrdrejt\u00eb qeverisjen komunale t\u00eb Ulqinit n\u00ebp\u00ebrmjet letrave, emaileve e telefonatave t\u00eb drejtuara n\u00eb nj\u00eb adres\u00eb q\u00eb do t&#8217;ju njoftojm\u00eb shum\u00eb shpejt. Ju ftoj t\u00eb d\u00ebrgoni mesazhe me kritika, ankesa, k\u00ebshilla, rekomandime, sugjerime e propozime t\u00eb ndryshme p\u00ebr \u00e7do problem q\u00eb ju shqet\u00ebson juve e q\u00eb kan\u00eb t\u00eb b\u00ebjn\u00eb me kompetencat e Komun\u00ebs. Gjithashtu un\u00eb do t\u00eb caktoi nj\u00eb dit\u00eb p\u00ebr takime personale me qytetar\u00ebt si dhe do t\u00eb formoi nj\u00eb forum t\u00eb posa\u00e7\u00ebm permanent bashk\u00ebpunimi t\u00eb komun\u00ebs me shoq\u00ebrin\u00eb civile dhe biznesin.<\/p>\n<p>Prandaj ju ftoj\u00a0 t\u00eb gjith\u00ebve, pa dallime, q\u00eb\u00a0 t\u00eb p\u00ebrfshiheni n\u00eb m\u00ebnyr\u00eb aktive n\u00eb qeverisjen e ardhshme t\u00eb Komun\u00ebs s\u00eb Ulqinit.<\/p>\n<p>&nbsp;<\/p>\n<p>Faleminderit<\/p>\n<p>Ulqin, 22.09.11<br \/>\n\n\t\t<style type=\"text\/css\">\n\t\t\t#gallery-1 {\n\t\t\t\tmargin: auto;\n\t\t\t}\n\t\t\t#gallery-1 .gallery-item {\n\t\t\t\tfloat: left;\n\t\t\t\tmargin-top: 10px;\n\t\t\t\ttext-align: center;\n\t\t\t\twidth: 33%;\n\t\t\t}\n\t\t\t#gallery-1 img {\n\t\t\t\tborder: 2px solid #cfcfcf;\n\t\t\t}\n\t\t\t#gallery-1 .gallery-caption {\n\t\t\t\tmargin-left: 0;\n\t\t\t}\n\t\t\t\/* see gallery_shortcode() in wp-includes\/media.php *\/\n\t\t<\/style>\n\t\t<div id='gallery-1' class='gallery galleryid-51223 gallery-columns-3 gallery-size-thumbnail'><dl class='gallery-item'>\n\t\t\t<dt class='gallery-icon landscape'>\n\t\t\t\t<a href='https:\/\/www.visit-ulcinj.com\/blog\/wp-content\/uploads\/2011\/09\/Nazif-Cungu_Kryetar-i-komunes-se-Ulqinit.jpg'><img width=\"150\" height=\"150\" src=\"https:\/\/www.visit-ulcinj.com\/blog\/wp-content\/uploads\/2011\/09\/Nazif-Cungu_Kryetar-i-komunes-se-Ulqinit-150x150.jpg\" class=\"attachment-thumbnail size-thumbnail\" alt=\"\" loading=\"lazy\" \/><\/a>\n\t\t\t<\/dt><\/dl><dl class='gallery-item'>\n\t\t\t<dt class='gallery-icon landscape'>\n\t\t\t\t<a href='https:\/\/www.visit-ulcinj.com\/blog\/wp-content\/uploads\/2011\/09\/NAZIF-CUNGU-U-ZGJODHE-KRYETAR-I-ULQINIT.1.jpg'><img width=\"150\" height=\"150\" src=\"https:\/\/www.visit-ulcinj.com\/blog\/wp-content\/uploads\/2011\/09\/NAZIF-CUNGU-U-ZGJODHE-KRYETAR-I-ULQINIT.1-150x150.jpg\" class=\"attachment-thumbnail size-thumbnail\" alt=\"\" loading=\"lazy\" \/><\/a>\n\t\t\t<\/dt><\/dl><dl class='gallery-item'>\n\t\t\t<dt class='gallery-icon landscape'>\n\t\t\t\t<a href='https:\/\/www.visit-ulcinj.com\/blog\/wp-content\/uploads\/2011\/09\/NAZIF-CUNGU-U-ZGJODHE-KRYETAR-I-ULQINIT.2.jpg'><img width=\"150\" height=\"150\" src=\"https:\/\/www.visit-ulcinj.com\/blog\/wp-content\/uploads\/2011\/09\/NAZIF-CUNGU-U-ZGJODHE-KRYETAR-I-ULQINIT.2-150x150.jpg\" class=\"attachment-thumbnail size-thumbnail\" alt=\"\" loading=\"lazy\" \/><\/a>\n\t\t\t<\/dt><\/dl><br style=\"clear: both\" \/><dl class='gallery-item'>\n\t\t\t<dt class='gallery-icon landscape'>\n\t\t\t\t<a href='https:\/\/www.visit-ulcinj.com\/blog\/wp-content\/uploads\/2011\/09\/NAZIF-CUNGU-U-ZGJODHE-KRYETAR-I-ULQINIT.3.jpg'><img width=\"150\" height=\"150\" src=\"https:\/\/www.visit-ulcinj.com\/blog\/wp-content\/uploads\/2011\/09\/NAZIF-CUNGU-U-ZGJODHE-KRYETAR-I-ULQINIT.3-150x150.jpg\" class=\"attachment-thumbnail size-thumbnail\" alt=\"\" loading=\"lazy\" \/><\/a>\n\t\t\t<\/dt><\/dl><dl class='gallery-item'>\n\t\t\t<dt class='gallery-icon landscape'>\n\t\t\t\t<a href='https:\/\/www.visit-ulcinj.com\/blog\/wp-content\/uploads\/2011\/09\/NAZIF-CUNGU-U-ZGJODHE-KRYETAR-I-ULQINIT.4.jpg'><img width=\"150\" height=\"150\" src=\"https:\/\/www.visit-ulcinj.com\/blog\/wp-content\/uploads\/2011\/09\/NAZIF-CUNGU-U-ZGJODHE-KRYETAR-I-ULQINIT.4-150x150.jpg\" class=\"attachment-thumbnail size-thumbnail\" alt=\"\" loading=\"lazy\" \/><\/a>\n\t\t\t<\/dt><\/dl><dl class='gallery-item'>\n\t\t\t<dt class='gallery-icon landscape'>\n\t\t\t\t<a href='https:\/\/www.visit-ulcinj.com\/blog\/wp-content\/uploads\/2011\/09\/NAZIF-CUNGU-U-ZGJODHE-KRYETAR-I-ULQINIT.5.jpg'><img width=\"150\" height=\"150\" src=\"https:\/\/www.visit-ulcinj.com\/blog\/wp-content\/uploads\/2011\/09\/NAZIF-CUNGU-U-ZGJODHE-KRYETAR-I-ULQINIT.5-150x150.jpg\" class=\"attachment-thumbnail size-thumbnail\" alt=\"\" loading=\"lazy\" \/><\/a>\n\t\t\t<\/dt><\/dl><br style=\"clear: both\" \/><dl class='gallery-item'>\n\t\t\t<dt class='gallery-icon landscape'>\n\t\t\t\t<a href='https:\/\/www.visit-ulcinj.com\/blog\/wp-content\/uploads\/2011\/09\/NAZIF-CUNGU-U-ZGJODHE-KRYETAR-I-ULQINIT.6.jpg'><img width=\"150\" height=\"150\" src=\"https:\/\/www.visit-ulcinj.com\/blog\/wp-content\/uploads\/2011\/09\/NAZIF-CUNGU-U-ZGJODHE-KRYETAR-I-ULQINIT.6-150x150.jpg\" class=\"attachment-thumbnail size-thumbnail\" alt=\"\" loading=\"lazy\" \/><\/a>\n\t\t\t<\/dt><\/dl><dl class='gallery-item'>\n\t\t\t<dt class='gallery-icon landscape'>\n\t\t\t\t<a href='https:\/\/www.visit-ulcinj.com\/blog\/wp-content\/uploads\/2011\/09\/NAZIF-CUNGU-U-ZGJODHE-KRYETAR-I-ULQINIT.7.jpg'><img width=\"150\" height=\"150\" src=\"https:\/\/www.visit-ulcinj.com\/blog\/wp-content\/uploads\/2011\/09\/NAZIF-CUNGU-U-ZGJODHE-KRYETAR-I-ULQINIT.7-150x150.jpg\" class=\"attachment-thumbnail size-thumbnail\" alt=\"\" loading=\"lazy\" \/><\/a>\n\t\t\t<\/dt><\/dl><dl class='gallery-item'>\n\t\t\t<dt class='gallery-icon landscape'>\n\t\t\t\t<a href='https:\/\/www.visit-ulcinj.com\/blog\/wp-content\/uploads\/2011\/09\/NAZIF-CUNGU-U-ZGJODHE-KRYETAR-I-ULQINIT.8.jpg'><img width=\"150\" height=\"150\" src=\"https:\/\/www.visit-ulcinj.com\/blog\/wp-content\/uploads\/2011\/09\/NAZIF-CUNGU-U-ZGJODHE-KRYETAR-I-ULQINIT.8-150x150.jpg\" class=\"attachment-thumbnail size-thumbnail\" alt=\"\" loading=\"lazy\" \/><\/a>\n\t\t\t<\/dt><\/dl><br style=\"clear: both\" \/><dl class='gallery-item'>\n\t\t\t<dt class='gallery-icon landscape'>\n\t\t\t\t<a href='https:\/\/www.visit-ulcinj.com\/blog\/wp-content\/uploads\/2011\/09\/NAZIF-CUNGU-U-ZGJODHE-KRYETAR-I-ULQINIT.9.jpg'><img width=\"150\" height=\"150\" src=\"https:\/\/www.visit-ulcinj.com\/blog\/wp-content\/uploads\/2011\/09\/NAZIF-CUNGU-U-ZGJODHE-KRYETAR-I-ULQINIT.9-150x150.jpg\" class=\"attachment-thumbnail size-thumbnail\" alt=\"\" loading=\"lazy\" \/><\/a>\n\t\t\t<\/dt><\/dl><dl class='gallery-item'>\n\t\t\t<dt class='gallery-icon landscape'>\n\t\t\t\t<a href='https:\/\/www.visit-ulcinj.com\/blog\/wp-content\/uploads\/2011\/09\/NAZIF-CUNGU-U-ZGJODHE-KRYETAR-I-ULQINIT.10.jpg'><img width=\"150\" height=\"150\" src=\"https:\/\/www.visit-ulcinj.com\/blog\/wp-content\/uploads\/2011\/09\/NAZIF-CUNGU-U-ZGJODHE-KRYETAR-I-ULQINIT.10-150x150.jpg\" class=\"attachment-thumbnail size-thumbnail\" alt=\"\" loading=\"lazy\" \/><\/a>\n\t\t\t<\/dt><\/dl><dl class='gallery-item'>\n\t\t\t<dt class='gallery-icon landscape'>\n\t\t\t\t<a href='https:\/\/www.visit-ulcinj.com\/blog\/wp-content\/uploads\/2011\/09\/NAZIF-CUNGU-U-ZGJODHE-KRYETAR-I-ULQINIT.11.jpg'><img width=\"150\" height=\"150\" src=\"https:\/\/www.visit-ulcinj.com\/blog\/wp-content\/uploads\/2011\/09\/NAZIF-CUNGU-U-ZGJODHE-KRYETAR-I-ULQINIT.11-150x150.jpg\" class=\"attachment-thumbnail size-thumbnail\" alt=\"\" loading=\"lazy\" \/><\/a>\n\t\t\t<\/dt><\/dl><br style=\"clear: both\" \/><dl class='gallery-item'>\n\t\t\t<dt class='gallery-icon landscape'>\n\t\t\t\t<a href='https:\/\/www.visit-ulcinj.com\/blog\/wp-content\/uploads\/2011\/09\/NAZIF-CUNGU-U-ZGJODHE-KRYETAR-I-ULQINIT.12.jpg'><img width=\"150\" height=\"150\" src=\"https:\/\/www.visit-ulcinj.com\/blog\/wp-content\/uploads\/2011\/09\/NAZIF-CUNGU-U-ZGJODHE-KRYETAR-I-ULQINIT.12-150x150.jpg\" class=\"attachment-thumbnail size-thumbnail\" alt=\"\" loading=\"lazy\" \/><\/a>\n\t\t\t<\/dt><\/dl><dl class='gallery-item'>\n\t\t\t<dt class='gallery-icon landscape'>\n\t\t\t\t<a href='https:\/\/www.visit-ulcinj.com\/blog\/wp-content\/uploads\/2011\/09\/NAZIF-CUNGU-U-ZGJODHE-KRYETAR-I-ULQINIT.13.jpg'><img width=\"150\" height=\"150\" src=\"https:\/\/www.visit-ulcinj.com\/blog\/wp-content\/uploads\/2011\/09\/NAZIF-CUNGU-U-ZGJODHE-KRYETAR-I-ULQINIT.13-150x150.jpg\" class=\"attachment-thumbnail size-thumbnail\" alt=\"\" loading=\"lazy\" \/><\/a>\n\t\t\t<\/dt><\/dl><dl class='gallery-item'>\n\t\t\t<dt class='gallery-icon landscape'>\n\t\t\t\t<a href='https:\/\/www.visit-ulcinj.com\/blog\/wp-content\/uploads\/2011\/09\/NAZIF-CUNGU-U-ZGJODHE-KRYETAR-I-ULQINIT.14.jpg'><img width=\"150\" height=\"150\" src=\"https:\/\/www.visit-ulcinj.com\/blog\/wp-content\/uploads\/2011\/09\/NAZIF-CUNGU-U-ZGJODHE-KRYETAR-I-ULQINIT.14-150x150.jpg\" class=\"attachment-thumbnail size-thumbnail\" alt=\"\" loading=\"lazy\" \/><\/a>\n\t\t\t<\/dt><\/dl><br style=\"clear: both\" \/><dl class='gallery-item'>\n\t\t\t<dt class='gallery-icon landscape'>\n\t\t\t\t<a href='https:\/\/www.visit-ulcinj.com\/blog\/wp-content\/uploads\/2011\/09\/NAZIF-CUNGU-U-ZGJODHE-KRYETAR-I-ULQINIT.15.jpg'><img width=\"150\" height=\"150\" src=\"https:\/\/www.visit-ulcinj.com\/blog\/wp-content\/uploads\/2011\/09\/NAZIF-CUNGU-U-ZGJODHE-KRYETAR-I-ULQINIT.15-150x150.jpg\" class=\"attachment-thumbnail size-thumbnail\" alt=\"\" loading=\"lazy\" \/><\/a>\n\t\t\t<\/dt><\/dl><dl class='gallery-item'>\n\t\t\t<dt class='gallery-icon landscape'>\n\t\t\t\t<a href='https:\/\/www.visit-ulcinj.com\/blog\/wp-content\/uploads\/2011\/09\/NAZIF-CUNGU-U-ZGJODHE-KRYETAR-I-ULQINIT.16.jpg'><img width=\"150\" height=\"150\" src=\"https:\/\/www.visit-ulcinj.com\/blog\/wp-content\/uploads\/2011\/09\/NAZIF-CUNGU-U-ZGJODHE-KRYETAR-I-ULQINIT.16-150x150.jpg\" class=\"attachment-thumbnail size-thumbnail\" alt=\"\" loading=\"lazy\" \/><\/a>\n\t\t\t<\/dt><\/dl><dl class='gallery-item'>\n\t\t\t<dt class='gallery-icon landscape'>\n\t\t\t\t<a href='https:\/\/www.visit-ulcinj.com\/blog\/wp-content\/uploads\/2011\/09\/NAZIF-CUNGU-U-ZGJODHE-KRYETAR-I-ULQINIT.17.jpg'><img width=\"150\" height=\"150\" src=\"https:\/\/www.visit-ulcinj.com\/blog\/wp-content\/uploads\/2011\/09\/NAZIF-CUNGU-U-ZGJODHE-KRYETAR-I-ULQINIT.17-150x150.jpg\" class=\"attachment-thumbnail size-thumbnail\" alt=\"\" loading=\"lazy\" \/><\/a>\n\t\t\t<\/dt><\/dl><br style=\"clear: both\" \/><dl class='gallery-item'>\n\t\t\t<dt class='gallery-icon landscape'>\n\t\t\t\t<a href='https:\/\/www.visit-ulcinj.com\/blog\/wp-content\/uploads\/2011\/09\/NAZIF-CUNGU-U-ZGJODHE-KRYETAR-I-ULQINIT.18.jpg'><img width=\"150\" height=\"150\" src=\"https:\/\/www.visit-ulcinj.com\/blog\/wp-content\/uploads\/2011\/09\/NAZIF-CUNGU-U-ZGJODHE-KRYETAR-I-ULQINIT.18-150x150.jpg\" class=\"attachment-thumbnail size-thumbnail\" alt=\"\" loading=\"lazy\" \/><\/a>\n\t\t\t<\/dt><\/dl><dl class='gallery-item'>\n\t\t\t<dt class='gallery-icon landscape'>\n\t\t\t\t<a href='https:\/\/www.visit-ulcinj.com\/blog\/wp-content\/uploads\/2011\/09\/NAZIF-CUNGU-U-ZGJODHE-KRYETAR-I-ULQINIT.19.jpg'><img width=\"150\" height=\"150\" src=\"https:\/\/www.visit-ulcinj.com\/blog\/wp-content\/uploads\/2011\/09\/NAZIF-CUNGU-U-ZGJODHE-KRYETAR-I-ULQINIT.19-150x150.jpg\" class=\"attachment-thumbnail size-thumbnail\" alt=\"\" loading=\"lazy\" \/><\/a>\n\t\t\t<\/dt><\/dl><dl class='gallery-item'>\n\t\t\t<dt class='gallery-icon landscape'>\n\t\t\t\t<a href='https:\/\/www.visit-ulcinj.com\/blog\/wp-content\/uploads\/2011\/09\/NAZIF-CUNGU-U-ZGJODHE-KRYETAR-I-ULQINIT.20.jpg'><img width=\"150\" height=\"150\" src=\"https:\/\/www.visit-ulcinj.com\/blog\/wp-content\/uploads\/2011\/09\/NAZIF-CUNGU-U-ZGJODHE-KRYETAR-I-ULQINIT.20-150x150.jpg\" class=\"attachment-thumbnail size-thumbnail\" alt=\"\" loading=\"lazy\" \/><\/a>\n\t\t\t<\/dt><\/dl><br style=\"clear: both\" \/><dl class='gallery-item'>\n\t\t\t<dt class='gallery-icon landscape'>\n\t\t\t\t<a href='https:\/\/www.visit-ulcinj.com\/blog\/wp-content\/uploads\/2011\/09\/NAZIF-CUNGU-U-ZGJODHE-KRYETAR-I-ULQINIT.21.jpg'><img width=\"150\" height=\"150\" src=\"https:\/\/www.visit-ulcinj.com\/blog\/wp-content\/uploads\/2011\/09\/NAZIF-CUNGU-U-ZGJODHE-KRYETAR-I-ULQINIT.21-150x150.jpg\" class=\"attachment-thumbnail size-thumbnail\" alt=\"\" loading=\"lazy\" \/><\/a>\n\t\t\t<\/dt><\/dl><dl class='gallery-item'>\n\t\t\t<dt class='gallery-icon landscape'>\n\t\t\t\t<a href='https:\/\/www.visit-ulcinj.com\/blog\/wp-content\/uploads\/2011\/09\/NAZIF-CUNGU-U-ZGJODHE-KRYETAR-I-ULQINIT.22.jpg'><img width=\"150\" height=\"150\" src=\"https:\/\/www.visit-ulcinj.com\/blog\/wp-content\/uploads\/2011\/09\/NAZIF-CUNGU-U-ZGJODHE-KRYETAR-I-ULQINIT.22-150x150.jpg\" class=\"attachment-thumbnail size-thumbnail\" alt=\"\" loading=\"lazy\" \/><\/a>\n\t\t\t<\/dt><\/dl><dl class='gallery-item'>\n\t\t\t<dt class='gallery-icon landscape'>\n\t\t\t\t<a href='https:\/\/www.visit-ulcinj.com\/blog\/wp-content\/uploads\/2011\/09\/NAZIF-CUNGU-U-ZGJODHE-KRYETAR-I-ULQINIT.23.jpg'><img width=\"150\" height=\"150\" src=\"https:\/\/www.visit-ulcinj.com\/blog\/wp-content\/uploads\/2011\/09\/NAZIF-CUNGU-U-ZGJODHE-KRYETAR-I-ULQINIT.23-150x150.jpg\" class=\"attachment-thumbnail size-thumbnail\" alt=\"\" loading=\"lazy\" \/><\/a>\n\t\t\t<\/dt><\/dl><br style=\"clear: both\" \/><dl class='gallery-item'>\n\t\t\t<dt class='gallery-icon landscape'>\n\t\t\t\t<a href='https:\/\/www.visit-ulcinj.com\/blog\/wp-content\/uploads\/2011\/09\/NAZIF-CUNGU-U-ZGJODHE-KRYETAR-I-ULQINIT.jpg'><img width=\"150\" height=\"150\" src=\"https:\/\/www.visit-ulcinj.com\/blog\/wp-content\/uploads\/2011\/09\/NAZIF-CUNGU-U-ZGJODHE-KRYETAR-I-ULQINIT-150x150.jpg\" class=\"attachment-thumbnail size-thumbnail\" alt=\"\" loading=\"lazy\" \/><\/a>\n\t\t\t<\/dt><\/dl><dl class='gallery-item'>\n\t\t\t<dt class='gallery-icon landscape'>\n\t\t\t\t<a href='https:\/\/www.visit-ulcinj.com\/blog\/wp-content\/uploads\/2011\/09\/NAZIF-CUNGU-U-ZGJODHE-KRYETAR-I-ULQINIT.24.jpg'><img width=\"150\" height=\"150\" src=\"https:\/\/www.visit-ulcinj.com\/blog\/wp-content\/uploads\/2011\/09\/NAZIF-CUNGU-U-ZGJODHE-KRYETAR-I-ULQINIT.24-150x150.jpg\" class=\"attachment-thumbnail size-thumbnail\" alt=\"\" loading=\"lazy\" \/><\/a>\n\t\t\t<\/dt><\/dl><dl class='gallery-item'>\n\t\t\t<dt class='gallery-icon landscape'>\n\t\t\t\t<a href='https:\/\/www.visit-ulcinj.com\/blog\/wp-content\/uploads\/2011\/09\/NAZIF-CUNGU-U-ZGJODHE-KRYETAR-I-ULQINIT.25.jpg'><img width=\"150\" height=\"150\" src=\"https:\/\/www.visit-ulcinj.com\/blog\/wp-content\/uploads\/2011\/09\/NAZIF-CUNGU-U-ZGJODHE-KRYETAR-I-ULQINIT.25-150x150.jpg\" class=\"attachment-thumbnail size-thumbnail\" alt=\"\" loading=\"lazy\" \/><\/a>\n\t\t\t<\/dt><\/dl><br style=\"clear: both\" \/>\n\t\t<\/div>\n<br \/>\n<!--YouTube Error: bad URL entered--><\/p>\n","protected":false},"excerpt":{"rendered":"<p>T\u00eb nderuar keshilltare,te nderuar\u00a0 qytetar\u00eb t\u00eb Komun\u00ebs s\u00eb Ulqinit. Sot ne komunen e Ulqinit ka ndodhur nje ndryshim i madh ne qeverisjen lokale. Koalicioni i ri i Kuvendit Komunal m\u00eb ka besuar mua udheheqjen e Komun\u00ebs s\u00eb Ulqinit duke sh\u00ebnuar nj\u00eb kthes\u00eb te madhe n\u00eb jet\u00ebn politike\u00a0 t\u00eb Komun\u00ebs son\u00eb. Un\u00eb kam nder dhe k\u00ebnaq\u00ebsi\u00a0 [&hellip;]<\/p>\n","protected":false},"author":1,"featured_media":0,"comment_status":"open","ping_status":"closed","sticky":false,"template":"","format":"standard","meta":{"spay_email":"","jetpack_publicize_message":"","jetpack_is_tweetstorm":false,"jetpack_publicize_feature_enabled":true},"categories":[1,6],"tags":[19114,118,200,18],"jetpack_publicize_connections":[],"yoast_head":"<!-- This site is optimized with the Yoast SEO plugin v19.1 - https:\/\/yoast.com\/wordpress\/plugins\/seo\/ -->\n<title>Fjalimi i Nazif Cungut me rastin e zgjdhjes per Kryetar te Komunes - Video - Lajme nga Ulqini<\/title>\n<meta name=\"description\" content=\"T\u00eb nderuar keshilltare,te nderuar\u00a0 qytetar\u00eb t\u00eb Komun\u00ebs s\u00eb Ulqinit. Sot ne komunen e Ulqinit ka ndodhur nje ndryshim i madh ne qeverisjen lokale.\" \/>\n<meta name=\"robots\" content=\"index, follow, max-snippet:-1, max-image-preview:large, max-video-preview:-1\" \/>\n<link rel=\"canonical\" href=\"https:\/\/www.visit-ulcinj.com\/blog\/2011\/09\/22\/fjalimi-i-nazif-cungut-me-rastin-e-zgjdhjes-per-kryetar-te-komunes\/\" \/>\n<meta property=\"og:locale\" content=\"en_US\" \/>\n<meta property=\"og:type\" content=\"article\" \/>\n<meta property=\"og:title\" content=\"Fjalimi i Nazif Cungut me rastin e zgjdhjes per Kryetar te Komunes - Video - Lajme nga Ulqini\" \/>\n<meta property=\"og:description\" content=\"T\u00eb nderuar keshilltare,te nderuar\u00a0 qytetar\u00eb t\u00eb Komun\u00ebs s\u00eb Ulqinit. Sot ne komunen e Ulqinit ka ndodhur nje ndryshim i madh ne qeverisjen lokale.\" \/>\n<meta property=\"og:url\" content=\"https:\/\/www.visit-ulcinj.com\/blog\/2011\/09\/22\/fjalimi-i-nazif-cungut-me-rastin-e-zgjdhjes-per-kryetar-te-komunes\/\" \/>\n<meta property=\"og:site_name\" content=\"Lajme nga Ulqini\" \/>\n<meta property=\"article:published_time\" content=\"2011-09-22T16:33:48+00:00\" \/>\n<meta property=\"article:modified_time\" content=\"2011-10-03T10:36:25+00:00\" \/>\n<meta property=\"og:image\" content=\"https:\/\/www.visit-ulcinj.com\/blog\/wp-content\/uploads\/2011\/09\/Nazif-Cungu_Kryetar-i-komunes-se-Ulqinit-150x150.jpg\" \/>\n<meta name=\"twitter:label1\" content=\"Written by\" \/>\n\t<meta name=\"twitter:data1\" content=\"ulqini\" \/>\n\t<meta name=\"twitter:label2\" content=\"Est. reading time\" \/>\n\t<meta name=\"twitter:data2\" content=\"6 minutes\" \/>\n<script type=\"application\/ld+json\" class=\"yoast-schema-graph\">{\"@context\":\"https:\/\/schema.org\",\"@graph\":[{\"@type\":\"WebSite\",\"@id\":\"https:\/\/www.visit-ulcinj.com\/blog\/#website\",\"url\":\"https:\/\/www.visit-ulcinj.com\/blog\/\",\"name\":\"Lajme nga Ulqini\",\"description\":\"Lajme,Vijesti,Ulqini,Ulqin,Crna Gora,Mali i Zi\",\"potentialAction\":[{\"@type\":\"SearchAction\",\"target\":{\"@type\":\"EntryPoint\",\"urlTemplate\":\"https:\/\/www.visit-ulcinj.com\/blog\/?s={search_term_string}\"},\"query-input\":\"required name=search_term_string\"}],\"inLanguage\":\"en-US\"},{\"@type\":\"ImageObject\",\"inLanguage\":\"en-US\",\"@id\":\"https:\/\/www.visit-ulcinj.com\/blog\/2011\/09\/22\/fjalimi-i-nazif-cungut-me-rastin-e-zgjdhjes-per-kryetar-te-komunes\/#primaryimage\",\"url\":\"https:\/\/www.visit-ulcinj.com\/blog\/wp-content\/uploads\/2011\/09\/Nazif-Cungu_Kryetar-i-komunes-se-Ulqinit.jpg\",\"contentUrl\":\"https:\/\/www.visit-ulcinj.com\/blog\/wp-content\/uploads\/2011\/09\/Nazif-Cungu_Kryetar-i-komunes-se-Ulqinit.jpg\",\"width\":\"800\",\"height\":\"600\"},{\"@type\":\"WebPage\",\"@id\":\"https:\/\/www.visit-ulcinj.com\/blog\/2011\/09\/22\/fjalimi-i-nazif-cungut-me-rastin-e-zgjdhjes-per-kryetar-te-komunes\/#webpage\",\"url\":\"https:\/\/www.visit-ulcinj.com\/blog\/2011\/09\/22\/fjalimi-i-nazif-cungut-me-rastin-e-zgjdhjes-per-kryetar-te-komunes\/\",\"name\":\"Fjalimi i Nazif Cungut me rastin e zgjdhjes per Kryetar te Komunes - Video - Lajme nga Ulqini\",\"isPartOf\":{\"@id\":\"https:\/\/www.visit-ulcinj.com\/blog\/#website\"},\"primaryImageOfPage\":{\"@id\":\"https:\/\/www.visit-ulcinj.com\/blog\/2011\/09\/22\/fjalimi-i-nazif-cungut-me-rastin-e-zgjdhjes-per-kryetar-te-komunes\/#primaryimage\"},\"datePublished\":\"2011-09-22T16:33:48+00:00\",\"dateModified\":\"2011-10-03T10:36:25+00:00\",\"author\":{\"@id\":\"https:\/\/www.visit-ulcinj.com\/blog\/#\/schema\/person\/dcab619c614d3038751c63bc2aadc06d\"},\"description\":\"T\u00eb nderuar keshilltare,te nderuar\u00a0 qytetar\u00eb t\u00eb Komun\u00ebs s\u00eb Ulqinit. Sot ne komunen e Ulqinit ka ndodhur nje ndryshim i madh ne qeverisjen lokale.\",\"breadcrumb\":{\"@id\":\"https:\/\/www.visit-ulcinj.com\/blog\/2011\/09\/22\/fjalimi-i-nazif-cungut-me-rastin-e-zgjdhjes-per-kryetar-te-komunes\/#breadcrumb\"},\"inLanguage\":\"en-US\",\"potentialAction\":[{\"@type\":\"ReadAction\",\"target\":[\"https:\/\/www.visit-ulcinj.com\/blog\/2011\/09\/22\/fjalimi-i-nazif-cungut-me-rastin-e-zgjdhjes-per-kryetar-te-komunes\/\"]}]},{\"@type\":\"BreadcrumbList\",\"@id\":\"https:\/\/www.visit-ulcinj.com\/blog\/2011\/09\/22\/fjalimi-i-nazif-cungut-me-rastin-e-zgjdhjes-per-kryetar-te-komunes\/#breadcrumb\",\"itemListElement\":[{\"@type\":\"ListItem\",\"position\":1,\"name\":\"Fjalimi i Nazif Cungut me rastin e zgjdhjes per Kryetar te Komunes &#8211; Video\"}]},{\"@type\":\"Person\",\"@id\":\"https:\/\/www.visit-ulcinj.com\/blog\/#\/schema\/person\/dcab619c614d3038751c63bc2aadc06d\",\"name\":\"ulqini\",\"sameAs\":[\"http:\/\/www.visit-ulcinj.com\"],\"url\":\"https:\/\/www.visit-ulcinj.com\/blog\/author\/admin\/\"}]}<\/script>\n<!-- \/ Yoast SEO plugin. -->","yoast_head_json":{"title":"Fjalimi i Nazif Cungut me rastin e zgjdhjes per Kryetar te Komunes - Video - Lajme nga Ulqini","description":"T\u00eb nderuar keshilltare,te nderuar\u00a0 qytetar\u00eb t\u00eb Komun\u00ebs s\u00eb Ulqinit. Sot ne komunen e Ulqinit ka ndodhur nje ndryshim i madh ne qeverisjen lokale.","robots":{"index":"index","follow":"follow","max-snippet":"max-snippet:-1","max-image-preview":"max-image-preview:large","max-video-preview":"max-video-preview:-1"},"canonical":"https:\/\/www.visit-ulcinj.com\/blog\/2011\/09\/22\/fjalimi-i-nazif-cungut-me-rastin-e-zgjdhjes-per-kryetar-te-komunes\/","og_locale":"en_US","og_type":"article","og_title":"Fjalimi i Nazif Cungut me rastin e zgjdhjes per Kryetar te Komunes - Video - Lajme nga Ulqini","og_description":"T\u00eb nderuar keshilltare,te nderuar\u00a0 qytetar\u00eb t\u00eb Komun\u00ebs s\u00eb Ulqinit. Sot ne komunen e Ulqinit ka ndodhur nje ndryshim i madh ne qeverisjen lokale.","og_url":"https:\/\/www.visit-ulcinj.com\/blog\/2011\/09\/22\/fjalimi-i-nazif-cungut-me-rastin-e-zgjdhjes-per-kryetar-te-komunes\/","og_site_name":"Lajme nga Ulqini","article_published_time":"2011-09-22T16:33:48+00:00","article_modified_time":"2011-10-03T10:36:25+00:00","og_image":[{"url":"https:\/\/www.visit-ulcinj.com\/blog\/wp-content\/uploads\/2011\/09\/Nazif-Cungu_Kryetar-i-komunes-se-Ulqinit-150x150.jpg"}],"twitter_misc":{"Written by":"ulqini","Est. reading time":"6 minutes"},"schema":{"@context":"https:\/\/schema.org","@graph":[{"@type":"WebSite","@id":"https:\/\/www.visit-ulcinj.com\/blog\/#website","url":"https:\/\/www.visit-ulcinj.com\/blog\/","name":"Lajme nga Ulqini","description":"Lajme,Vijesti,Ulqini,Ulqin,Crna Gora,Mali i Zi","potentialAction":[{"@type":"SearchAction","target":{"@type":"EntryPoint","urlTemplate":"https:\/\/www.visit-ulcinj.com\/blog\/?s={search_term_string}"},"query-input":"required name=search_term_string"}],"inLanguage":"en-US"},{"@type":"ImageObject","inLanguage":"en-US","@id":"https:\/\/www.visit-ulcinj.com\/blog\/2011\/09\/22\/fjalimi-i-nazif-cungut-me-rastin-e-zgjdhjes-per-kryetar-te-komunes\/#primaryimage","url":"https:\/\/www.visit-ulcinj.com\/blog\/wp-content\/uploads\/2011\/09\/Nazif-Cungu_Kryetar-i-komunes-se-Ulqinit.jpg","contentUrl":"https:\/\/www.visit-ulcinj.com\/blog\/wp-content\/uploads\/2011\/09\/Nazif-Cungu_Kryetar-i-komunes-se-Ulqinit.jpg","width":"800","height":"600"},{"@type":"WebPage","@id":"https:\/\/www.visit-ulcinj.com\/blog\/2011\/09\/22\/fjalimi-i-nazif-cungut-me-rastin-e-zgjdhjes-per-kryetar-te-komunes\/#webpage","url":"https:\/\/www.visit-ulcinj.com\/blog\/2011\/09\/22\/fjalimi-i-nazif-cungut-me-rastin-e-zgjdhjes-per-kryetar-te-komunes\/","name":"Fjalimi i Nazif Cungut me rastin e zgjdhjes per Kryetar te Komunes - Video - Lajme nga Ulqini","isPartOf":{"@id":"https:\/\/www.visit-ulcinj.com\/blog\/#website"},"primaryImageOfPage":{"@id":"https:\/\/www.visit-ulcinj.com\/blog\/2011\/09\/22\/fjalimi-i-nazif-cungut-me-rastin-e-zgjdhjes-per-kryetar-te-komunes\/#primaryimage"},"datePublished":"2011-09-22T16:33:48+00:00","dateModified":"2011-10-03T10:36:25+00:00","author":{"@id":"https:\/\/www.visit-ulcinj.com\/blog\/#\/schema\/person\/dcab619c614d3038751c63bc2aadc06d"},"description":"T\u00eb nderuar keshilltare,te nderuar\u00a0 qytetar\u00eb t\u00eb Komun\u00ebs s\u00eb Ulqinit. Sot ne komunen e Ulqinit ka ndodhur nje ndryshim i madh ne qeverisjen lokale.","breadcrumb":{"@id":"https:\/\/www.visit-ulcinj.com\/blog\/2011\/09\/22\/fjalimi-i-nazif-cungut-me-rastin-e-zgjdhjes-per-kryetar-te-komunes\/#breadcrumb"},"inLanguage":"en-US","potentialAction":[{"@type":"ReadAction","target":["https:\/\/www.visit-ulcinj.com\/blog\/2011\/09\/22\/fjalimi-i-nazif-cungut-me-rastin-e-zgjdhjes-per-kryetar-te-komunes\/"]}]},{"@type":"BreadcrumbList","@id":"https:\/\/www.visit-ulcinj.com\/blog\/2011\/09\/22\/fjalimi-i-nazif-cungut-me-rastin-e-zgjdhjes-per-kryetar-te-komunes\/#breadcrumb","itemListElement":[{"@type":"ListItem","position":1,"name":"Fjalimi i Nazif Cungut me rastin e zgjdhjes per Kryetar te Komunes &#8211; Video"}]},{"@type":"Person","@id":"https:\/\/www.visit-ulcinj.com\/blog\/#\/schema\/person\/dcab619c614d3038751c63bc2aadc06d","name":"ulqini","sameAs":["http:\/\/www.visit-ulcinj.com"],"url":"https:\/\/www.visit-ulcinj.com\/blog\/author\/admin\/"}]}},"jetpack_featured_media_url":"","jetpack_sharing_enabled":true,"jetpack_shortlink":"https:\/\/wp.me\/pe6lTn-dkb","_links":{"self":[{"href":"https:\/\/www.visit-ulcinj.com\/blog\/wp-json\/wp\/v2\/posts\/51223"}],"collection":[{"href":"https:\/\/www.visit-ulcinj.com\/blog\/wp-json\/wp\/v2\/posts"}],"about":[{"href":"https:\/\/www.visit-ulcinj.com\/blog\/wp-json\/wp\/v2\/types\/post"}],"author":[{"embeddable":true,"href":"https:\/\/www.visit-ulcinj.com\/blog\/wp-json\/wp\/v2\/users\/1"}],"replies":[{"embeddable":true,"href":"https:\/\/www.visit-ulcinj.com\/blog\/wp-json\/wp\/v2\/comments?post=51223"}],"version-history":[{"count":10,"href":"https:\/\/www.visit-ulcinj.com\/blog\/wp-json\/wp\/v2\/posts\/51223\/revisions"}],"predecessor-version":[{"id":51665,"href":"https:\/\/www.visit-ulcinj.com\/blog\/wp-json\/wp\/v2\/posts\/51223\/revisions\/51665"}],"wp:attachment":[{"href":"https:\/\/www.visit-ulcinj.com\/blog\/wp-json\/wp\/v2\/media?parent=51223"}],"wp:term":[{"taxonomy":"category","embeddable":true,"href":"https:\/\/www.visit-ulcinj.com\/blog\/wp-json\/wp\/v2\/categories?post=51223"},{"taxonomy":"post_tag","embeddable":true,"href":"https:\/\/www.visit-ulcinj.com\/blog\/wp-json\/wp\/v2\/tags?post=51223"}],"curies":[{"name":"wp","href":"https:\/\/api.w.org\/{rel}","templated":true}]}}