{"id":51228,"date":"2011-09-22T17:50:45","date_gmt":"2011-09-22T16:50:45","guid":{"rendered":"http:\/\/www.visit-ulcinj.com\/blog\/?p=51228"},"modified":"2011-09-22T20:06:54","modified_gmt":"2011-09-22T19:06:54","slug":"nazif-cungu-izabran-za-gradonacelnika-ulcinja","status":"publish","type":"post","link":"https:\/\/www.visit-ulcinj.com\/blog\/2011\/09\/22\/nazif-cungu-izabran-za-gradonacelnika-ulcinja\/","title":{"rendered":"Nazif Cungu izabran za gradona\u010delnika Ulcinja"},"content":{"rendered":"<p><a href=\"http:\/\/www.visit-ulcinj.com\/blog\/wp-content\/uploads\/2011\/09\/Nazif-Cungu-izabran-za-gradonacelnika-Ulcinja.jpg\"><img loading=\"lazy\" class=\"alignleft size-full wp-image-51234\" title=\"Nazif Cungu izabran za gradonacelnika Ulcinja\" src=\"http:\/\/www.visit-ulcinj.com\/blog\/wp-content\/uploads\/2011\/09\/Nazif-Cungu-izabran-za-gradonacelnika-Ulcinja.jpg\" alt=\"\" width=\"508\" height=\"380\" \/><\/a>Lider Force Nazif Cungu je ve\u0107inom glasova odbornika ulcinjskog parlamenta izabran za predsjednika Op\u0161tine, a biv\u0161i funkciner Demokratske unije Albanac Milazim Mustafa za \u0161efa lokalnog parlamenta.<\/p>\n<p>Oni su na tim funkcijama zamijenili visokog funkcionera Demokratske unije Albanaca Gzima Hajdinagu i \u0161efa op\u0161tinskog odbora DPS-a Ljui\u0111a \u0160krelju.<\/p>\n<p>Nova skup\u0161tinska ve\u0107ina koju \u010dine 11 odbornika Force, dva Socijaldemokratske partije, jedan Perspektive i \u010detiri Demokratske unije Albanaca iz anamalskog ogranka koji je otkazao poslu\u0161nost centrali pro\u0161log mjeseca podnijeli inicijativu za sazivanje vanrednog zasijedanja sa tri ta\u010dke dnevnog reda &#8211; predlog odluka o razrje\u0161enju predsjednika skup\u0161tine, predlog odluke za izbor novog predsjednika skup\u0161tine i predlog odluke o izboru predsjednika op\u0161tine.<\/p>\n<p>\u0160krelja je odr\u017eao obe\u0107anje da ne\u0107e biti razrije\u0161en- prije sjednice lokalnog parlamenta koja je kasnila sat, on je podnio neopozivu ostavku na tu funkciju. Za razliku od njega, Hajdinaga nije prisustvovao sjednici.<\/p>\n<p><a href=\"http:\/\/www.vijesti.me\/vijesti\/cungu-izabran-gradonacelnika-ulcinja-clanak-39076\" target=\"_blank\"><strong>Samir Adrovi\u0107<\/strong><br \/>\n<strong>Vijesti<\/strong><\/a><br \/>\n\n\t\t<style type=\"text\/css\">\n\t\t\t#gallery-1 {\n\t\t\t\tmargin: auto;\n\t\t\t}\n\t\t\t#gallery-1 .gallery-item {\n\t\t\t\tfloat: left;\n\t\t\t\tmargin-top: 10px;\n\t\t\t\ttext-align: center;\n\t\t\t\twidth: 33%;\n\t\t\t}\n\t\t\t#gallery-1 img {\n\t\t\t\tborder: 2px solid #cfcfcf;\n\t\t\t}\n\t\t\t#gallery-1 .gallery-caption {\n\t\t\t\tmargin-left: 0;\n\t\t\t}\n\t\t\t\/* see gallery_shortcode() in wp-includes\/media.php *\/\n\t\t<\/style>\n\t\t<div id='gallery-1' class='gallery galleryid-51228 gallery-columns-3 gallery-size-thumbnail'><dl class='gallery-item'>\n\t\t\t<dt class='gallery-icon landscape'>\n\t\t\t\t<a href='https:\/\/www.visit-ulcinj.com\/blog\/wp-content\/uploads\/2011\/09\/Nazif-Cungu-izabran-za-gradonacelnika-Ulcinja.1.jpg'><img width=\"150\" height=\"150\" src=\"https:\/\/www.visit-ulcinj.com\/blog\/wp-content\/uploads\/2011\/09\/Nazif-Cungu-izabran-za-gradonacelnika-Ulcinja.1-150x150.jpg\" class=\"attachment-thumbnail size-thumbnail\" alt=\"\" loading=\"lazy\" \/><\/a>\n\t\t\t<\/dt><\/dl><dl class='gallery-item'>\n\t\t\t<dt class='gallery-icon landscape'>\n\t\t\t\t<a href='https:\/\/www.visit-ulcinj.com\/blog\/wp-content\/uploads\/2011\/09\/Nazif-Cungu-izabran-za-gradonacelnika-Ulcinja.2.jpg'><img width=\"150\" height=\"150\" src=\"https:\/\/www.visit-ulcinj.com\/blog\/wp-content\/uploads\/2011\/09\/Nazif-Cungu-izabran-za-gradonacelnika-Ulcinja.2-150x150.jpg\" class=\"attachment-thumbnail size-thumbnail\" alt=\"\" loading=\"lazy\" \/><\/a>\n\t\t\t<\/dt><\/dl><dl class='gallery-item'>\n\t\t\t<dt class='gallery-icon landscape'>\n\t\t\t\t<a href='https:\/\/www.visit-ulcinj.com\/blog\/wp-content\/uploads\/2011\/09\/Nazif-Cungu-izabran-za-gradonacelnika-Ulcinja.3.jpg'><img width=\"150\" height=\"150\" src=\"https:\/\/www.visit-ulcinj.com\/blog\/wp-content\/uploads\/2011\/09\/Nazif-Cungu-izabran-za-gradonacelnika-Ulcinja.3-150x150.jpg\" class=\"attachment-thumbnail size-thumbnail\" alt=\"\" loading=\"lazy\" \/><\/a>\n\t\t\t<\/dt><\/dl><br style=\"clear: both\" \/><dl class='gallery-item'>\n\t\t\t<dt class='gallery-icon landscape'>\n\t\t\t\t<a href='https:\/\/www.visit-ulcinj.com\/blog\/wp-content\/uploads\/2011\/09\/Nazif-Cungu-izabran-za-gradonacelnika-Ulcinja.4.jpg'><img width=\"150\" height=\"150\" src=\"https:\/\/www.visit-ulcinj.com\/blog\/wp-content\/uploads\/2011\/09\/Nazif-Cungu-izabran-za-gradonacelnika-Ulcinja.4-150x150.jpg\" class=\"attachment-thumbnail size-thumbnail\" alt=\"\" loading=\"lazy\" \/><\/a>\n\t\t\t<\/dt><\/dl><dl class='gallery-item'>\n\t\t\t<dt class='gallery-icon landscape'>\n\t\t\t\t<a href='https:\/\/www.visit-ulcinj.com\/blog\/wp-content\/uploads\/2011\/09\/Nazif-Cungu-izabran-za-gradonacelnika-Ulcinja.5.jpg'><img width=\"150\" height=\"150\" src=\"https:\/\/www.visit-ulcinj.com\/blog\/wp-content\/uploads\/2011\/09\/Nazif-Cungu-izabran-za-gradonacelnika-Ulcinja.5-150x150.jpg\" class=\"attachment-thumbnail size-thumbnail\" alt=\"\" loading=\"lazy\" \/><\/a>\n\t\t\t<\/dt><\/dl><dl class='gallery-item'>\n\t\t\t<dt class='gallery-icon landscape'>\n\t\t\t\t<a href='https:\/\/www.visit-ulcinj.com\/blog\/wp-content\/uploads\/2011\/09\/Nazif-Cungu-izabran-za-gradonacelnika-Ulcinja.jpg'><img width=\"150\" height=\"150\" src=\"https:\/\/www.visit-ulcinj.com\/blog\/wp-content\/uploads\/2011\/09\/Nazif-Cungu-izabran-za-gradonacelnika-Ulcinja-150x150.jpg\" class=\"attachment-thumbnail size-thumbnail\" alt=\"\" loading=\"lazy\" \/><\/a>\n\t\t\t<\/dt><\/dl><br style=\"clear: both\" \/>\n\t\t<\/div>\n<br \/>\n<!--YouTube Error: bad URL entered--><\/p>\n","protected":false},"excerpt":{"rendered":"<p>Lider Force Nazif Cungu je ve\u0107inom glasova odbornika ulcinjskog parlamenta izabran za predsjednika Op\u0161tine, a biv\u0161i funkciner Demokratske unije Albanac Milazim Mustafa za \u0161efa lokalnog parlamenta. Oni su na tim funkcijama zamijenili visokog funkcionera Demokratske unije Albanaca Gzima Hajdinagu i \u0161efa op\u0161tinskog odbora DPS-a Ljui\u0111a \u0160krelju. Nova skup\u0161tinska ve\u0107ina koju \u010dine 11 odbornika Force, dva [&hellip;]<\/p>\n","protected":false},"author":1,"featured_media":0,"comment_status":"open","ping_status":"closed","sticky":false,"template":"","format":"standard","meta":{"spay_email":"","jetpack_publicize_message":"","jetpack_is_tweetstorm":false,"jetpack_publicize_feature_enabled":true},"categories":[8337],"tags":[20,19115,19],"jetpack_publicize_connections":[],"yoast_head":"<!-- This site is optimized with the Yoast SEO plugin v19.1 - https:\/\/yoast.com\/wordpress\/plugins\/seo\/ -->\n<title>Nazif Cungu izabran za gradona\u010delnika Ulcinja - Lajme nga Ulqini<\/title>\n<meta name=\"description\" content=\"Lider Force Nazif Cungu je ve\u0107inom glasova odbornika ulcinjskog parlamenta izabran za predsjednika Op\u0161tine, a biv\u0161i funkciner Demokratske unije Albanac\" \/>\n<meta name=\"robots\" content=\"index, follow, max-snippet:-1, max-image-preview:large, max-video-preview:-1\" \/>\n<link rel=\"canonical\" href=\"https:\/\/www.visit-ulcinj.com\/blog\/2011\/09\/22\/nazif-cungu-izabran-za-gradonacelnika-ulcinja\/\" \/>\n<meta property=\"og:locale\" content=\"en_US\" \/>\n<meta property=\"og:type\" content=\"article\" \/>\n<meta property=\"og:title\" content=\"Nazif Cungu izabran za gradona\u010delnika Ulcinja - Lajme nga Ulqini\" \/>\n<meta property=\"og:description\" content=\"Lider Force Nazif Cungu je ve\u0107inom glasova odbornika ulcinjskog parlamenta izabran za predsjednika Op\u0161tine, a biv\u0161i funkciner Demokratske unije Albanac\" \/>\n<meta property=\"og:url\" content=\"https:\/\/www.visit-ulcinj.com\/blog\/2011\/09\/22\/nazif-cungu-izabran-za-gradonacelnika-ulcinja\/\" \/>\n<meta property=\"og:site_name\" content=\"Lajme nga Ulqini\" \/>\n<meta property=\"article:published_time\" content=\"2011-09-22T16:50:45+00:00\" \/>\n<meta property=\"article:modified_time\" content=\"2011-09-22T19:06:54+00:00\" \/>\n<meta property=\"og:image\" content=\"https:\/\/www.visit-ulcinj.com\/blog\/wp-content\/uploads\/2011\/09\/Nazif-Cungu-izabran-za-gradonacelnika-Ulcinja.1-150x150.jpg\" \/>\n<meta name=\"twitter:label1\" content=\"Written by\" \/>\n\t<meta name=\"twitter:data1\" content=\"ulqini\" \/>\n\t<meta name=\"twitter:label2\" content=\"Est. reading time\" \/>\n\t<meta name=\"twitter:data2\" content=\"1 minute\" \/>\n<script type=\"application\/ld+json\" class=\"yoast-schema-graph\">{\"@context\":\"https:\/\/schema.org\",\"@graph\":[{\"@type\":\"WebSite\",\"@id\":\"https:\/\/www.visit-ulcinj.com\/blog\/#website\",\"url\":\"https:\/\/www.visit-ulcinj.com\/blog\/\",\"name\":\"Lajme nga Ulqini\",\"description\":\"Lajme,Vijesti,Ulqini,Ulqin,Crna Gora,Mali i Zi\",\"potentialAction\":[{\"@type\":\"SearchAction\",\"target\":{\"@type\":\"EntryPoint\",\"urlTemplate\":\"https:\/\/www.visit-ulcinj.com\/blog\/?s={search_term_string}\"},\"query-input\":\"required name=search_term_string\"}],\"inLanguage\":\"en-US\"},{\"@type\":\"ImageObject\",\"inLanguage\":\"en-US\",\"@id\":\"https:\/\/www.visit-ulcinj.com\/blog\/2011\/09\/22\/nazif-cungu-izabran-za-gradonacelnika-ulcinja\/#primaryimage\",\"url\":\"https:\/\/www.visit-ulcinj.com\/blog\/wp-content\/uploads\/2011\/09\/Nazif-Cungu-izabran-za-gradonacelnika-Ulcinja.jpg\",\"contentUrl\":\"https:\/\/www.visit-ulcinj.com\/blog\/wp-content\/uploads\/2011\/09\/Nazif-Cungu-izabran-za-gradonacelnika-Ulcinja.jpg\",\"width\":\"720\",\"height\":\"480\"},{\"@type\":\"WebPage\",\"@id\":\"https:\/\/www.visit-ulcinj.com\/blog\/2011\/09\/22\/nazif-cungu-izabran-za-gradonacelnika-ulcinja\/#webpage\",\"url\":\"https:\/\/www.visit-ulcinj.com\/blog\/2011\/09\/22\/nazif-cungu-izabran-za-gradonacelnika-ulcinja\/\",\"name\":\"Nazif Cungu izabran za gradona\u010delnika Ulcinja - Lajme nga Ulqini\",\"isPartOf\":{\"@id\":\"https:\/\/www.visit-ulcinj.com\/blog\/#website\"},\"primaryImageOfPage\":{\"@id\":\"https:\/\/www.visit-ulcinj.com\/blog\/2011\/09\/22\/nazif-cungu-izabran-za-gradonacelnika-ulcinja\/#primaryimage\"},\"datePublished\":\"2011-09-22T16:50:45+00:00\",\"dateModified\":\"2011-09-22T19:06:54+00:00\",\"author\":{\"@id\":\"https:\/\/www.visit-ulcinj.com\/blog\/#\/schema\/person\/dcab619c614d3038751c63bc2aadc06d\"},\"description\":\"Lider Force Nazif Cungu je ve\u0107inom glasova odbornika ulcinjskog parlamenta izabran za predsjednika Op\u0161tine, a biv\u0161i funkciner Demokratske unije Albanac\",\"breadcrumb\":{\"@id\":\"https:\/\/www.visit-ulcinj.com\/blog\/2011\/09\/22\/nazif-cungu-izabran-za-gradonacelnika-ulcinja\/#breadcrumb\"},\"inLanguage\":\"en-US\",\"potentialAction\":[{\"@type\":\"ReadAction\",\"target\":[\"https:\/\/www.visit-ulcinj.com\/blog\/2011\/09\/22\/nazif-cungu-izabran-za-gradonacelnika-ulcinja\/\"]}]},{\"@type\":\"BreadcrumbList\",\"@id\":\"https:\/\/www.visit-ulcinj.com\/blog\/2011\/09\/22\/nazif-cungu-izabran-za-gradonacelnika-ulcinja\/#breadcrumb\",\"itemListElement\":[{\"@type\":\"ListItem\",\"position\":1,\"name\":\"Nazif Cungu izabran za gradona\u010delnika Ulcinja\"}]},{\"@type\":\"Person\",\"@id\":\"https:\/\/www.visit-ulcinj.com\/blog\/#\/schema\/person\/dcab619c614d3038751c63bc2aadc06d\",\"name\":\"ulqini\",\"sameAs\":[\"http:\/\/www.visit-ulcinj.com\"],\"url\":\"https:\/\/www.visit-ulcinj.com\/blog\/author\/admin\/\"}]}<\/script>\n<!-- \/ Yoast SEO plugin. -->","yoast_head_json":{"title":"Nazif Cungu izabran za gradona\u010delnika Ulcinja - Lajme nga Ulqini","description":"Lider Force Nazif Cungu je ve\u0107inom glasova odbornika ulcinjskog parlamenta izabran za predsjednika Op\u0161tine, a biv\u0161i funkciner Demokratske unije Albanac","robots":{"index":"index","follow":"follow","max-snippet":"max-snippet:-1","max-image-preview":"max-image-preview:large","max-video-preview":"max-video-preview:-1"},"canonical":"https:\/\/www.visit-ulcinj.com\/blog\/2011\/09\/22\/nazif-cungu-izabran-za-gradonacelnika-ulcinja\/","og_locale":"en_US","og_type":"article","og_title":"Nazif Cungu izabran za gradona\u010delnika Ulcinja - Lajme nga Ulqini","og_description":"Lider Force Nazif Cungu je ve\u0107inom glasova odbornika ulcinjskog parlamenta izabran za predsjednika Op\u0161tine, a biv\u0161i funkciner Demokratske unije Albanac","og_url":"https:\/\/www.visit-ulcinj.com\/blog\/2011\/09\/22\/nazif-cungu-izabran-za-gradonacelnika-ulcinja\/","og_site_name":"Lajme nga Ulqini","article_published_time":"2011-09-22T16:50:45+00:00","article_modified_time":"2011-09-22T19:06:54+00:00","og_image":[{"url":"https:\/\/www.visit-ulcinj.com\/blog\/wp-content\/uploads\/2011\/09\/Nazif-Cungu-izabran-za-gradonacelnika-Ulcinja.1-150x150.jpg"}],"twitter_misc":{"Written by":"ulqini","Est. reading time":"1 minute"},"schema":{"@context":"https:\/\/schema.org","@graph":[{"@type":"WebSite","@id":"https:\/\/www.visit-ulcinj.com\/blog\/#website","url":"https:\/\/www.visit-ulcinj.com\/blog\/","name":"Lajme nga Ulqini","description":"Lajme,Vijesti,Ulqini,Ulqin,Crna Gora,Mali i Zi","potentialAction":[{"@type":"SearchAction","target":{"@type":"EntryPoint","urlTemplate":"https:\/\/www.visit-ulcinj.com\/blog\/?s={search_term_string}"},"query-input":"required name=search_term_string"}],"inLanguage":"en-US"},{"@type":"ImageObject","inLanguage":"en-US","@id":"https:\/\/www.visit-ulcinj.com\/blog\/2011\/09\/22\/nazif-cungu-izabran-za-gradonacelnika-ulcinja\/#primaryimage","url":"https:\/\/www.visit-ulcinj.com\/blog\/wp-content\/uploads\/2011\/09\/Nazif-Cungu-izabran-za-gradonacelnika-Ulcinja.jpg","contentUrl":"https:\/\/www.visit-ulcinj.com\/blog\/wp-content\/uploads\/2011\/09\/Nazif-Cungu-izabran-za-gradonacelnika-Ulcinja.jpg","width":"720","height":"480"},{"@type":"WebPage","@id":"https:\/\/www.visit-ulcinj.com\/blog\/2011\/09\/22\/nazif-cungu-izabran-za-gradonacelnika-ulcinja\/#webpage","url":"https:\/\/www.visit-ulcinj.com\/blog\/2011\/09\/22\/nazif-cungu-izabran-za-gradonacelnika-ulcinja\/","name":"Nazif Cungu izabran za gradona\u010delnika Ulcinja - Lajme nga Ulqini","isPartOf":{"@id":"https:\/\/www.visit-ulcinj.com\/blog\/#website"},"primaryImageOfPage":{"@id":"https:\/\/www.visit-ulcinj.com\/blog\/2011\/09\/22\/nazif-cungu-izabran-za-gradonacelnika-ulcinja\/#primaryimage"},"datePublished":"2011-09-22T16:50:45+00:00","dateModified":"2011-09-22T19:06:54+00:00","author":{"@id":"https:\/\/www.visit-ulcinj.com\/blog\/#\/schema\/person\/dcab619c614d3038751c63bc2aadc06d"},"description":"Lider Force Nazif Cungu je ve\u0107inom glasova odbornika ulcinjskog parlamenta izabran za predsjednika Op\u0161tine, a biv\u0161i funkciner Demokratske unije Albanac","breadcrumb":{"@id":"https:\/\/www.visit-ulcinj.com\/blog\/2011\/09\/22\/nazif-cungu-izabran-za-gradonacelnika-ulcinja\/#breadcrumb"},"inLanguage":"en-US","potentialAction":[{"@type":"ReadAction","target":["https:\/\/www.visit-ulcinj.com\/blog\/2011\/09\/22\/nazif-cungu-izabran-za-gradonacelnika-ulcinja\/"]}]},{"@type":"BreadcrumbList","@id":"https:\/\/www.visit-ulcinj.com\/blog\/2011\/09\/22\/nazif-cungu-izabran-za-gradonacelnika-ulcinja\/#breadcrumb","itemListElement":[{"@type":"ListItem","position":1,"name":"Nazif Cungu izabran za gradona\u010delnika Ulcinja"}]},{"@type":"Person","@id":"https:\/\/www.visit-ulcinj.com\/blog\/#\/schema\/person\/dcab619c614d3038751c63bc2aadc06d","name":"ulqini","sameAs":["http:\/\/www.visit-ulcinj.com"],"url":"https:\/\/www.visit-ulcinj.com\/blog\/author\/admin\/"}]}},"jetpack_featured_media_url":"","jetpack_sharing_enabled":true,"jetpack_shortlink":"https:\/\/wp.me\/pe6lTn-dkg","_links":{"self":[{"href":"https:\/\/www.visit-ulcinj.com\/blog\/wp-json\/wp\/v2\/posts\/51228"}],"collection":[{"href":"https:\/\/www.visit-ulcinj.com\/blog\/wp-json\/wp\/v2\/posts"}],"about":[{"href":"https:\/\/www.visit-ulcinj.com\/blog\/wp-json\/wp\/v2\/types\/post"}],"author":[{"embeddable":true,"href":"https:\/\/www.visit-ulcinj.com\/blog\/wp-json\/wp\/v2\/users\/1"}],"replies":[{"embeddable":true,"href":"https:\/\/www.visit-ulcinj.com\/blog\/wp-json\/wp\/v2\/comments?post=51228"}],"version-history":[{"count":3,"href":"https:\/\/www.visit-ulcinj.com\/blog\/wp-json\/wp\/v2\/posts\/51228\/revisions"}],"predecessor-version":[{"id":51274,"href":"https:\/\/www.visit-ulcinj.com\/blog\/wp-json\/wp\/v2\/posts\/51228\/revisions\/51274"}],"wp:attachment":[{"href":"https:\/\/www.visit-ulcinj.com\/blog\/wp-json\/wp\/v2\/media?parent=51228"}],"wp:term":[{"taxonomy":"category","embeddable":true,"href":"https:\/\/www.visit-ulcinj.com\/blog\/wp-json\/wp\/v2\/categories?post=51228"},{"taxonomy":"post_tag","embeddable":true,"href":"https:\/\/www.visit-ulcinj.com\/blog\/wp-json\/wp\/v2\/tags?post=51228"}],"curies":[{"name":"wp","href":"https:\/\/api.w.org\/{rel}","templated":true}]}}