{"id":5124,"date":"2008-10-27T11:40:09","date_gmt":"2008-10-27T16:40:09","guid":{"rendered":"http:\/\/www.visit-ulcinj.com\/blog\/?p=5124"},"modified":"2008-10-27T11:40:09","modified_gmt":"2008-10-27T16:40:09","slug":"ulcinjski-odbor-pokreta-za-promjene-napustilo-15-clanova","status":"publish","type":"post","link":"https:\/\/www.visit-ulcinj.com\/blog\/2008\/10\/27\/ulcinjski-odbor-pokreta-za-promjene-napustilo-15-clanova\/","title":{"rendered":"Ulcinjski odbor pokreta za promjene napustilo 15 ?lanova"},"content":{"rendered":"<p><a href=\"http:\/\/www.visit-ulcinj.com\/blog\/wp-content\/uploads\/2008\/10\/ivo-lukic_pzp-ulcinj.jpg\"><img loading=\"lazy\" class=\"alignleft size-medium wp-image-5125\" title=\"ivo-lukic_pzp-ulcinj\" src=\"http:\/\/www.visit-ulcinj.com\/blog\/wp-content\/uploads\/2008\/10\/ivo-lukic_pzp-ulcinj-300x222.jpg\" alt=\"\" width=\"300\" height=\"222\" srcset=\"https:\/\/www.visit-ulcinj.com\/blog\/wp-content\/uploads\/2008\/10\/ivo-lukic_pzp-ulcinj-300x222.jpg 300w, https:\/\/www.visit-ulcinj.com\/blog\/wp-content\/uploads\/2008\/10\/ivo-lukic_pzp-ulcinj.jpg 432w\" sizes=\"(max-width: 300px) 100vw, 300px\" \/><\/a><strong>Ostavke zbog Kosova <\/strong><br \/>\nUlcinj &#8211; Zbog odluke lidera Pokreta za promjene Neboj\u0161e Medojevi?a da podr\u017ei zahtjeve opozicije za povla?enje odluke o priznanju Kosova, 15 ?lanova Inicijativnog odbora te partije u Ulcinju napustilo je stranku. Kako saznaju \u201cVijesti\u201d iz vi\u0161e dobro obavije\u0161tenih izvora, 15 ?lanova albanske nacionalnosti napustili su partijsko tijelo koje broji 18 ?lanova. Oni su podnijeli ostavke na sve funkcije i napustili partiju.<br \/>\nTako radikalan potez biv\u0161i ?lanovi Inicijativnog odbora obja\u0161njavaju odlukom vrha PZP-a da zajedno sa prosrpskim partijama zatra\u017ei od Vlade da poni\u0161ti odluku o priznanju Kosova i da prisustvuju skupu ispred Skup\u0161tine Crne Gore. Na sastanku Odbora, odr\u017eanom kasno preksino?, ?lanovi albanske nacionalnosti trebalo je i zvani?no da istupe iz partije, ali se u prostorijama PZP u Ulcinju niko nije pojavio iz predsjedni\u0161tva.<br \/>\n\u201cSastanku je prisustvovalo 10 ?lanova odbora, ali nije bilo nikog iz vrha partije, iako smo centrali u Podgorici blagovremeno uputili zahtjev u pisanoj formi i istakli da je neophodno prisustvo ?elnika ili nekog od ?lanova predsjedni\u0161tva. Iskreno, o?ekivali smo Medojevi?a\u201d, kazao je jedan od biv\u0161ih ?lanova.<br \/>\nOn je objasnio da su svi ?lanovi albanske nacionalnosti odlu?ili da napuste partiju, jer smatraju da su \u201ctakvom politikom PZP izmanipulisani i izigrani\u201d.<br \/>\nPotvr?uju?i informacije o ostavkama, biv\u0161i ?lan inicijativnog odbora Amir Resulbegovi?, koji je prisustvovao sastanku, naglasio je \u201cda je digao ruke od PzP\u201d.<br \/>\n\u201cNa sastanku sam otvoreno rekao da me PzP vi\u0161e ne zanima. Ne toliko zbog njihovog stava oko Kosova, ve? ?injenice da su u?estvovali na mitingu u Podgorici koji je bio direktno uperen protiv interesa Crne Gore. Ne protiv dr\u017eavnih ?elnika, ve? njenih institucija. Ja sam dr\u017eavljanin ove zemlje i nemam drugu. Prevario sam se misle?i da tako razmi\u0161ljaju i ?elnici moje doju?era\u0161nje partije\u201d, kazao je Resulbegovi? \u201cVijestima\u201d.<br \/>\nPodsje?aju?i da je jedini ?lan Odbora koji je javno istupio iz Pokreta, Resulbegovi? je kazao da su mu sunarodnici iz IO nagovijestili da ?e u?initi isto na sastanku koji ?e biti odr\u017ean tokom naredne sedmice.<br \/>\nPredsjednik ulcinjskog Odbora Ivo Luki? odbio je ju?e da komentari\u0161e masovno istupanje svojih sunarodnika iz partije. On nije \u017eelio da potvrdi, ali ni da demantuje vijest o ostavkama.<br \/>\n\u201cJavnost ?e o svemu biti blagovremeno obavije\u0161tena tokom naredne sedmice nakon sastanka na kome o?ekujemo prisustvo nekog iz vrha PzP\u201d, bilo je sve \u0161to je Luki? u telefonskom razgovoru kazao novinaru \u201cVijesti\u201d.<br \/>\nBiv\u0161i ?lanovi Odbora o?ekuju da ?e narednih dana biti pritisaka da odustanu od odluke ili \u201cda sve pro?e bez velike pompe\u201d, isti?u?i da je ve?ina ?vrsto odlu?ila da istupi.<br \/>\n<strong>S.ADROVI?<br \/>\nIzvor \/ Vijesti<\/strong><\/p>\n<!--YouTube Error: bad URL entered-->\n","protected":false},"excerpt":{"rendered":"<p>Ostavke zbog Kosova Ulcinj &#8211; Zbog odluke lidera Pokreta za promjene Neboj\u0161e Medojevi?a da podr\u017ei zahtjeve opozicije za povla?enje odluke o priznanju Kosova, 15 ?lanova Inicijativnog odbora te partije u Ulcinju napustilo je stranku. Kako saznaju \u201cVijesti\u201d iz vi\u0161e dobro obavije\u0161tenih izvora, 15 ?lanova albanske nacionalnosti napustili su partijsko tijelo koje broji 18 ?lanova. Oni [&hellip;]<\/p>\n","protected":false},"author":1,"featured_media":0,"comment_status":"open","ping_status":"closed","sticky":false,"template":"","format":"standard","meta":{"spay_email":"","jetpack_publicize_message":"","jetpack_is_tweetstorm":false,"jetpack_publicize_feature_enabled":true},"categories":[6,12],"tags":[4838],"jetpack_publicize_connections":[],"yoast_head":"<!-- This site is optimized with the Yoast SEO plugin v19.1 - https:\/\/yoast.com\/wordpress\/plugins\/seo\/ -->\n<title>Ulcinjski odbor pokreta za promjene napustilo 15 ?lanova - Lajme nga Ulqini<\/title>\n<meta name=\"description\" content=\"Ostavke zbog Kosova Ulcinj - Zbog odluke lidera Pokreta za promjene Neboj\u0161e Medojevi?a da podr\u017ei zahtjeve opozicije za povla?enje odluke o priznanju\" \/>\n<meta name=\"robots\" content=\"index, follow, max-snippet:-1, max-image-preview:large, max-video-preview:-1\" \/>\n<link rel=\"canonical\" href=\"https:\/\/www.visit-ulcinj.com\/blog\/2008\/10\/27\/ulcinjski-odbor-pokreta-za-promjene-napustilo-15-clanova\/\" \/>\n<meta property=\"og:locale\" content=\"en_US\" \/>\n<meta property=\"og:type\" content=\"article\" \/>\n<meta property=\"og:title\" content=\"Ulcinjski odbor pokreta za promjene napustilo 15 ?lanova - Lajme nga Ulqini\" \/>\n<meta property=\"og:description\" content=\"Ostavke zbog Kosova Ulcinj - Zbog odluke lidera Pokreta za promjene Neboj\u0161e Medojevi?a da podr\u017ei zahtjeve opozicije za povla?enje odluke o priznanju\" \/>\n<meta property=\"og:url\" content=\"https:\/\/www.visit-ulcinj.com\/blog\/2008\/10\/27\/ulcinjski-odbor-pokreta-za-promjene-napustilo-15-clanova\/\" \/>\n<meta property=\"og:site_name\" content=\"Lajme nga Ulqini\" \/>\n<meta property=\"article:published_time\" content=\"2008-10-27T16:40:09+00:00\" \/>\n<meta property=\"og:image\" content=\"http:\/\/www.visit-ulcinj.com\/blog\/wp-content\/uploads\/2008\/10\/ivo-lukic_pzp-ulcinj-300x222.jpg\" \/>\n<meta name=\"twitter:label1\" content=\"Written by\" \/>\n\t<meta name=\"twitter:data1\" content=\"ulqini\" \/>\n\t<meta name=\"twitter:label2\" content=\"Est. reading time\" \/>\n\t<meta name=\"twitter:data2\" content=\"2 minutes\" \/>\n<script type=\"application\/ld+json\" class=\"yoast-schema-graph\">{\"@context\":\"https:\/\/schema.org\",\"@graph\":[{\"@type\":\"WebSite\",\"@id\":\"https:\/\/www.visit-ulcinj.com\/blog\/#website\",\"url\":\"https:\/\/www.visit-ulcinj.com\/blog\/\",\"name\":\"Lajme nga Ulqini\",\"description\":\"Lajme,Vijesti,Ulqini,Ulqin,Crna Gora,Mali i Zi\",\"potentialAction\":[{\"@type\":\"SearchAction\",\"target\":{\"@type\":\"EntryPoint\",\"urlTemplate\":\"https:\/\/www.visit-ulcinj.com\/blog\/?s={search_term_string}\"},\"query-input\":\"required name=search_term_string\"}],\"inLanguage\":\"en-US\"},{\"@type\":\"ImageObject\",\"inLanguage\":\"en-US\",\"@id\":\"https:\/\/www.visit-ulcinj.com\/blog\/2008\/10\/27\/ulcinjski-odbor-pokreta-za-promjene-napustilo-15-clanova\/#primaryimage\",\"url\":\"http:\/\/www.visit-ulcinj.com\/blog\/wp-content\/uploads\/2008\/10\/ivo-lukic_pzp-ulcinj-300x222.jpg\",\"contentUrl\":\"http:\/\/www.visit-ulcinj.com\/blog\/wp-content\/uploads\/2008\/10\/ivo-lukic_pzp-ulcinj-300x222.jpg\"},{\"@type\":\"WebPage\",\"@id\":\"https:\/\/www.visit-ulcinj.com\/blog\/2008\/10\/27\/ulcinjski-odbor-pokreta-za-promjene-napustilo-15-clanova\/#webpage\",\"url\":\"https:\/\/www.visit-ulcinj.com\/blog\/2008\/10\/27\/ulcinjski-odbor-pokreta-za-promjene-napustilo-15-clanova\/\",\"name\":\"Ulcinjski odbor pokreta za promjene napustilo 15 ?lanova - Lajme nga Ulqini\",\"isPartOf\":{\"@id\":\"https:\/\/www.visit-ulcinj.com\/blog\/#website\"},\"primaryImageOfPage\":{\"@id\":\"https:\/\/www.visit-ulcinj.com\/blog\/2008\/10\/27\/ulcinjski-odbor-pokreta-za-promjene-napustilo-15-clanova\/#primaryimage\"},\"datePublished\":\"2008-10-27T16:40:09+00:00\",\"dateModified\":\"2008-10-27T16:40:09+00:00\",\"author\":{\"@id\":\"https:\/\/www.visit-ulcinj.com\/blog\/#\/schema\/person\/dcab619c614d3038751c63bc2aadc06d\"},\"description\":\"Ostavke zbog Kosova Ulcinj - Zbog odluke lidera Pokreta za promjene Neboj\u0161e Medojevi?a da podr\u017ei zahtjeve opozicije za povla?enje odluke o priznanju\",\"breadcrumb\":{\"@id\":\"https:\/\/www.visit-ulcinj.com\/blog\/2008\/10\/27\/ulcinjski-odbor-pokreta-za-promjene-napustilo-15-clanova\/#breadcrumb\"},\"inLanguage\":\"en-US\",\"potentialAction\":[{\"@type\":\"ReadAction\",\"target\":[\"https:\/\/www.visit-ulcinj.com\/blog\/2008\/10\/27\/ulcinjski-odbor-pokreta-za-promjene-napustilo-15-clanova\/\"]}]},{\"@type\":\"BreadcrumbList\",\"@id\":\"https:\/\/www.visit-ulcinj.com\/blog\/2008\/10\/27\/ulcinjski-odbor-pokreta-za-promjene-napustilo-15-clanova\/#breadcrumb\",\"itemListElement\":[{\"@type\":\"ListItem\",\"position\":1,\"name\":\"Ulcinjski odbor pokreta za promjene napustilo 15 ?lanova\"}]},{\"@type\":\"Person\",\"@id\":\"https:\/\/www.visit-ulcinj.com\/blog\/#\/schema\/person\/dcab619c614d3038751c63bc2aadc06d\",\"name\":\"ulqini\",\"sameAs\":[\"http:\/\/www.visit-ulcinj.com\"],\"url\":\"https:\/\/www.visit-ulcinj.com\/blog\/author\/admin\/\"}]}<\/script>\n<!-- \/ Yoast SEO plugin. -->","yoast_head_json":{"title":"Ulcinjski odbor pokreta za promjene napustilo 15 ?lanova - Lajme nga Ulqini","description":"Ostavke zbog Kosova Ulcinj - Zbog odluke lidera Pokreta za promjene Neboj\u0161e Medojevi?a da podr\u017ei zahtjeve opozicije za povla?enje odluke o priznanju","robots":{"index":"index","follow":"follow","max-snippet":"max-snippet:-1","max-image-preview":"max-image-preview:large","max-video-preview":"max-video-preview:-1"},"canonical":"https:\/\/www.visit-ulcinj.com\/blog\/2008\/10\/27\/ulcinjski-odbor-pokreta-za-promjene-napustilo-15-clanova\/","og_locale":"en_US","og_type":"article","og_title":"Ulcinjski odbor pokreta za promjene napustilo 15 ?lanova - Lajme nga Ulqini","og_description":"Ostavke zbog Kosova Ulcinj - Zbog odluke lidera Pokreta za promjene Neboj\u0161e Medojevi?a da podr\u017ei zahtjeve opozicije za povla?enje odluke o priznanju","og_url":"https:\/\/www.visit-ulcinj.com\/blog\/2008\/10\/27\/ulcinjski-odbor-pokreta-za-promjene-napustilo-15-clanova\/","og_site_name":"Lajme nga Ulqini","article_published_time":"2008-10-27T16:40:09+00:00","og_image":[{"url":"http:\/\/www.visit-ulcinj.com\/blog\/wp-content\/uploads\/2008\/10\/ivo-lukic_pzp-ulcinj-300x222.jpg"}],"twitter_misc":{"Written by":"ulqini","Est. reading time":"2 minutes"},"schema":{"@context":"https:\/\/schema.org","@graph":[{"@type":"WebSite","@id":"https:\/\/www.visit-ulcinj.com\/blog\/#website","url":"https:\/\/www.visit-ulcinj.com\/blog\/","name":"Lajme nga Ulqini","description":"Lajme,Vijesti,Ulqini,Ulqin,Crna Gora,Mali i Zi","potentialAction":[{"@type":"SearchAction","target":{"@type":"EntryPoint","urlTemplate":"https:\/\/www.visit-ulcinj.com\/blog\/?s={search_term_string}"},"query-input":"required name=search_term_string"}],"inLanguage":"en-US"},{"@type":"ImageObject","inLanguage":"en-US","@id":"https:\/\/www.visit-ulcinj.com\/blog\/2008\/10\/27\/ulcinjski-odbor-pokreta-za-promjene-napustilo-15-clanova\/#primaryimage","url":"http:\/\/www.visit-ulcinj.com\/blog\/wp-content\/uploads\/2008\/10\/ivo-lukic_pzp-ulcinj-300x222.jpg","contentUrl":"http:\/\/www.visit-ulcinj.com\/blog\/wp-content\/uploads\/2008\/10\/ivo-lukic_pzp-ulcinj-300x222.jpg"},{"@type":"WebPage","@id":"https:\/\/www.visit-ulcinj.com\/blog\/2008\/10\/27\/ulcinjski-odbor-pokreta-za-promjene-napustilo-15-clanova\/#webpage","url":"https:\/\/www.visit-ulcinj.com\/blog\/2008\/10\/27\/ulcinjski-odbor-pokreta-za-promjene-napustilo-15-clanova\/","name":"Ulcinjski odbor pokreta za promjene napustilo 15 ?lanova - Lajme nga Ulqini","isPartOf":{"@id":"https:\/\/www.visit-ulcinj.com\/blog\/#website"},"primaryImageOfPage":{"@id":"https:\/\/www.visit-ulcinj.com\/blog\/2008\/10\/27\/ulcinjski-odbor-pokreta-za-promjene-napustilo-15-clanova\/#primaryimage"},"datePublished":"2008-10-27T16:40:09+00:00","dateModified":"2008-10-27T16:40:09+00:00","author":{"@id":"https:\/\/www.visit-ulcinj.com\/blog\/#\/schema\/person\/dcab619c614d3038751c63bc2aadc06d"},"description":"Ostavke zbog Kosova Ulcinj - Zbog odluke lidera Pokreta za promjene Neboj\u0161e Medojevi?a da podr\u017ei zahtjeve opozicije za povla?enje odluke o priznanju","breadcrumb":{"@id":"https:\/\/www.visit-ulcinj.com\/blog\/2008\/10\/27\/ulcinjski-odbor-pokreta-za-promjene-napustilo-15-clanova\/#breadcrumb"},"inLanguage":"en-US","potentialAction":[{"@type":"ReadAction","target":["https:\/\/www.visit-ulcinj.com\/blog\/2008\/10\/27\/ulcinjski-odbor-pokreta-za-promjene-napustilo-15-clanova\/"]}]},{"@type":"BreadcrumbList","@id":"https:\/\/www.visit-ulcinj.com\/blog\/2008\/10\/27\/ulcinjski-odbor-pokreta-za-promjene-napustilo-15-clanova\/#breadcrumb","itemListElement":[{"@type":"ListItem","position":1,"name":"Ulcinjski odbor pokreta za promjene napustilo 15 ?lanova"}]},{"@type":"Person","@id":"https:\/\/www.visit-ulcinj.com\/blog\/#\/schema\/person\/dcab619c614d3038751c63bc2aadc06d","name":"ulqini","sameAs":["http:\/\/www.visit-ulcinj.com"],"url":"https:\/\/www.visit-ulcinj.com\/blog\/author\/admin\/"}]}},"jetpack_featured_media_url":"","jetpack_sharing_enabled":true,"jetpack_shortlink":"https:\/\/wp.me\/pe6lTn-1kE","_links":{"self":[{"href":"https:\/\/www.visit-ulcinj.com\/blog\/wp-json\/wp\/v2\/posts\/5124"}],"collection":[{"href":"https:\/\/www.visit-ulcinj.com\/blog\/wp-json\/wp\/v2\/posts"}],"about":[{"href":"https:\/\/www.visit-ulcinj.com\/blog\/wp-json\/wp\/v2\/types\/post"}],"author":[{"embeddable":true,"href":"https:\/\/www.visit-ulcinj.com\/blog\/wp-json\/wp\/v2\/users\/1"}],"replies":[{"embeddable":true,"href":"https:\/\/www.visit-ulcinj.com\/blog\/wp-json\/wp\/v2\/comments?post=5124"}],"version-history":[{"count":0,"href":"https:\/\/www.visit-ulcinj.com\/blog\/wp-json\/wp\/v2\/posts\/5124\/revisions"}],"wp:attachment":[{"href":"https:\/\/www.visit-ulcinj.com\/blog\/wp-json\/wp\/v2\/media?parent=5124"}],"wp:term":[{"taxonomy":"category","embeddable":true,"href":"https:\/\/www.visit-ulcinj.com\/blog\/wp-json\/wp\/v2\/categories?post=5124"},{"taxonomy":"post_tag","embeddable":true,"href":"https:\/\/www.visit-ulcinj.com\/blog\/wp-json\/wp\/v2\/tags?post=5124"}],"curies":[{"name":"wp","href":"https:\/\/api.w.org\/{rel}","templated":true}]}}