{"id":51271,"date":"2011-09-22T19:30:45","date_gmt":"2011-09-22T18:30:45","guid":{"rendered":"http:\/\/www.visit-ulcinj.com\/blog\/?p=51271"},"modified":"2011-09-22T20:17:17","modified_gmt":"2011-09-22T19:17:17","slug":"nazif-cungu-le-nouveau-maire-de-ulcinjprend-fonction","status":"publish","type":"post","link":"https:\/\/www.visit-ulcinj.com\/blog\/2011\/09\/22\/nazif-cungu-le-nouveau-maire-de-ulcinjprend-fonction\/","title":{"rendered":"Nazif Cungu le nouveau Maire de Ulcinj,prend fonction"},"content":{"rendered":"<p><a href=\"http:\/\/www.visit-ulcinj.com\/blog\/wp-content\/uploads\/2011\/09\/Nazif-Cungu-le-nouveau-Maire-de-Ulcinj_Montenegro.jpg\"><img loading=\"lazy\" class=\"alignleft size-full wp-image-51272\" title=\"Nazif Cungu le nouveau Maire de Ulcinj_Montenegro\" src=\"http:\/\/www.visit-ulcinj.com\/blog\/wp-content\/uploads\/2011\/09\/Nazif-Cungu-le-nouveau-Maire-de-Ulcinj_Montenegro.jpg\" alt=\"\" width=\"490\" height=\"380\" \/><\/a>Le Conseil de la ville de Ulcinj-Mont\u00e9negro est d\u00e9sormais op\u00e9rationnel avec l\u2019\u00e9lection ce jeudi du nouveau Maire de Ulcinj Monsieur Nazif Cungu.<\/p>\n<p>\u00ab\u00a0Ma mission est de r\u00e9pondre aux probl\u00e9matiques de la population de Ulcinj, de g\u00e9rer le quotidien, et d\u2019offrir des services suffisants et de qualit\u00e9\u00a0; mais \u00eatre maire, c\u2019est aussi savoir \u00eatre volontaire, visionnaire et ambitieux, n\u00e9anmoins raisonnable pour offrir un avenir heureux\u00a0\u00bb a-t-il d\u00e9clar\u00e9 a la presse.<\/p>\n<p>Le nouveau Maire de la ville de Ulcinj, Monsieur Nazif Cungu,\u00e9tait candidat unique \u00e0 se poste, il a recueilli 21 voix sur 33, 8 candidat ont abstenus,quand les 4 candidats ont vot\u00e9 contre,cette \u00e9crit dans la proc\u00e9dure de l\u2019\u00e9lection.<\/p>\n<p><strong>Nazif Cungu Maire de Ulcinj<\/strong><\/p>\n","protected":false},"excerpt":{"rendered":"<p>Le Conseil de la ville de Ulcinj-Mont\u00e9negro est d\u00e9sormais op\u00e9rationnel avec l\u2019\u00e9lection ce jeudi du nouveau Maire de Ulcinj Monsieur Nazif Cungu. \u00ab\u00a0Ma mission est de r\u00e9pondre aux probl\u00e9matiques de la population de Ulcinj, de g\u00e9rer le quotidien, et d\u2019offrir des services suffisants et de qualit\u00e9\u00a0; mais \u00eatre maire, c\u2019est aussi savoir \u00eatre volontaire, visionnaire [&hellip;]<\/p>\n","protected":false},"author":1,"featured_media":0,"comment_status":"open","ping_status":"closed","sticky":false,"template":"","format":"standard","meta":{"spay_email":"","jetpack_publicize_message":"","jetpack_is_tweetstorm":false,"jetpack_publicize_feature_enabled":true},"categories":[7],"tags":[19117,79,118],"jetpack_publicize_connections":[],"yoast_head":"<!-- This site is optimized with the Yoast SEO plugin v19.1 - https:\/\/yoast.com\/wordpress\/plugins\/seo\/ -->\n<title>Nazif Cungu le nouveau Maire de Ulcinj,prend fonction - Lajme nga Ulqini<\/title>\n<meta name=\"description\" content=\"Le Conseil de la ville de Ulcinj-Mont\u00e9negro est d\u00e9sormais op\u00e9rationnel avec l\u2019\u00e9lection ce jeudi du nouveau Maire de Ulcinj Monsieur Nazif Cungu. \u00ab\u00a0Ma\" \/>\n<meta name=\"robots\" content=\"index, follow, max-snippet:-1, max-image-preview:large, max-video-preview:-1\" \/>\n<link rel=\"canonical\" href=\"https:\/\/www.visit-ulcinj.com\/blog\/2011\/09\/22\/nazif-cungu-le-nouveau-maire-de-ulcinjprend-fonction\/\" \/>\n<meta property=\"og:locale\" content=\"en_US\" \/>\n<meta property=\"og:type\" content=\"article\" \/>\n<meta property=\"og:title\" content=\"Nazif Cungu le nouveau Maire de Ulcinj,prend fonction - Lajme nga Ulqini\" \/>\n<meta property=\"og:description\" content=\"Le Conseil de la ville de Ulcinj-Mont\u00e9negro est d\u00e9sormais op\u00e9rationnel avec l\u2019\u00e9lection ce jeudi du nouveau Maire de Ulcinj Monsieur Nazif Cungu. \u00ab\u00a0Ma\" \/>\n<meta property=\"og:url\" content=\"https:\/\/www.visit-ulcinj.com\/blog\/2011\/09\/22\/nazif-cungu-le-nouveau-maire-de-ulcinjprend-fonction\/\" \/>\n<meta property=\"og:site_name\" content=\"Lajme nga Ulqini\" \/>\n<meta property=\"article:published_time\" content=\"2011-09-22T18:30:45+00:00\" \/>\n<meta property=\"article:modified_time\" content=\"2011-09-22T19:17:17+00:00\" \/>\n<meta property=\"og:image\" content=\"http:\/\/www.visit-ulcinj.com\/blog\/wp-content\/uploads\/2011\/09\/Nazif-Cungu-le-nouveau-Maire-de-Ulcinj_Montenegro.jpg\" \/>\n<meta name=\"twitter:label1\" content=\"Written by\" \/>\n\t<meta name=\"twitter:data1\" content=\"ulqini\" \/>\n\t<meta name=\"twitter:label2\" content=\"Est. reading time\" \/>\n\t<meta name=\"twitter:data2\" content=\"1 minute\" \/>\n<script type=\"application\/ld+json\" class=\"yoast-schema-graph\">{\"@context\":\"https:\/\/schema.org\",\"@graph\":[{\"@type\":\"WebSite\",\"@id\":\"https:\/\/www.visit-ulcinj.com\/blog\/#website\",\"url\":\"https:\/\/www.visit-ulcinj.com\/blog\/\",\"name\":\"Lajme nga Ulqini\",\"description\":\"Lajme,Vijesti,Ulqini,Ulqin,Crna Gora,Mali i Zi\",\"potentialAction\":[{\"@type\":\"SearchAction\",\"target\":{\"@type\":\"EntryPoint\",\"urlTemplate\":\"https:\/\/www.visit-ulcinj.com\/blog\/?s={search_term_string}\"},\"query-input\":\"required name=search_term_string\"}],\"inLanguage\":\"en-US\"},{\"@type\":\"ImageObject\",\"inLanguage\":\"en-US\",\"@id\":\"https:\/\/www.visit-ulcinj.com\/blog\/2011\/09\/22\/nazif-cungu-le-nouveau-maire-de-ulcinjprend-fonction\/#primaryimage\",\"url\":\"https:\/\/www.visit-ulcinj.com\/blog\/wp-content\/uploads\/2011\/09\/Nazif-Cungu-le-nouveau-Maire-de-Ulcinj_Montenegro.jpg\",\"contentUrl\":\"https:\/\/www.visit-ulcinj.com\/blog\/wp-content\/uploads\/2011\/09\/Nazif-Cungu-le-nouveau-Maire-de-Ulcinj_Montenegro.jpg\",\"width\":\"484\",\"height\":\"400\"},{\"@type\":\"WebPage\",\"@id\":\"https:\/\/www.visit-ulcinj.com\/blog\/2011\/09\/22\/nazif-cungu-le-nouveau-maire-de-ulcinjprend-fonction\/#webpage\",\"url\":\"https:\/\/www.visit-ulcinj.com\/blog\/2011\/09\/22\/nazif-cungu-le-nouveau-maire-de-ulcinjprend-fonction\/\",\"name\":\"Nazif Cungu le nouveau Maire de Ulcinj,prend fonction - Lajme nga Ulqini\",\"isPartOf\":{\"@id\":\"https:\/\/www.visit-ulcinj.com\/blog\/#website\"},\"primaryImageOfPage\":{\"@id\":\"https:\/\/www.visit-ulcinj.com\/blog\/2011\/09\/22\/nazif-cungu-le-nouveau-maire-de-ulcinjprend-fonction\/#primaryimage\"},\"datePublished\":\"2011-09-22T18:30:45+00:00\",\"dateModified\":\"2011-09-22T19:17:17+00:00\",\"author\":{\"@id\":\"https:\/\/www.visit-ulcinj.com\/blog\/#\/schema\/person\/dcab619c614d3038751c63bc2aadc06d\"},\"description\":\"Le Conseil de la ville de Ulcinj-Mont\u00e9negro est d\u00e9sormais op\u00e9rationnel avec l\u2019\u00e9lection ce jeudi du nouveau Maire de Ulcinj Monsieur Nazif Cungu. \u00ab\u00a0Ma\",\"breadcrumb\":{\"@id\":\"https:\/\/www.visit-ulcinj.com\/blog\/2011\/09\/22\/nazif-cungu-le-nouveau-maire-de-ulcinjprend-fonction\/#breadcrumb\"},\"inLanguage\":\"en-US\",\"potentialAction\":[{\"@type\":\"ReadAction\",\"target\":[\"https:\/\/www.visit-ulcinj.com\/blog\/2011\/09\/22\/nazif-cungu-le-nouveau-maire-de-ulcinjprend-fonction\/\"]}]},{\"@type\":\"BreadcrumbList\",\"@id\":\"https:\/\/www.visit-ulcinj.com\/blog\/2011\/09\/22\/nazif-cungu-le-nouveau-maire-de-ulcinjprend-fonction\/#breadcrumb\",\"itemListElement\":[{\"@type\":\"ListItem\",\"position\":1,\"name\":\"Nazif Cungu le nouveau Maire de Ulcinj,prend fonction\"}]},{\"@type\":\"Person\",\"@id\":\"https:\/\/www.visit-ulcinj.com\/blog\/#\/schema\/person\/dcab619c614d3038751c63bc2aadc06d\",\"name\":\"ulqini\",\"sameAs\":[\"http:\/\/www.visit-ulcinj.com\"],\"url\":\"https:\/\/www.visit-ulcinj.com\/blog\/author\/admin\/\"}]}<\/script>\n<!-- \/ Yoast SEO plugin. -->","yoast_head_json":{"title":"Nazif Cungu le nouveau Maire de Ulcinj,prend fonction - Lajme nga Ulqini","description":"Le Conseil de la ville de Ulcinj-Mont\u00e9negro est d\u00e9sormais op\u00e9rationnel avec l\u2019\u00e9lection ce jeudi du nouveau Maire de Ulcinj Monsieur Nazif Cungu. \u00ab\u00a0Ma","robots":{"index":"index","follow":"follow","max-snippet":"max-snippet:-1","max-image-preview":"max-image-preview:large","max-video-preview":"max-video-preview:-1"},"canonical":"https:\/\/www.visit-ulcinj.com\/blog\/2011\/09\/22\/nazif-cungu-le-nouveau-maire-de-ulcinjprend-fonction\/","og_locale":"en_US","og_type":"article","og_title":"Nazif Cungu le nouveau Maire de Ulcinj,prend fonction - Lajme nga Ulqini","og_description":"Le Conseil de la ville de Ulcinj-Mont\u00e9negro est d\u00e9sormais op\u00e9rationnel avec l\u2019\u00e9lection ce jeudi du nouveau Maire de Ulcinj Monsieur Nazif Cungu. \u00ab\u00a0Ma","og_url":"https:\/\/www.visit-ulcinj.com\/blog\/2011\/09\/22\/nazif-cungu-le-nouveau-maire-de-ulcinjprend-fonction\/","og_site_name":"Lajme nga Ulqini","article_published_time":"2011-09-22T18:30:45+00:00","article_modified_time":"2011-09-22T19:17:17+00:00","og_image":[{"url":"http:\/\/www.visit-ulcinj.com\/blog\/wp-content\/uploads\/2011\/09\/Nazif-Cungu-le-nouveau-Maire-de-Ulcinj_Montenegro.jpg"}],"twitter_misc":{"Written by":"ulqini","Est. reading time":"1 minute"},"schema":{"@context":"https:\/\/schema.org","@graph":[{"@type":"WebSite","@id":"https:\/\/www.visit-ulcinj.com\/blog\/#website","url":"https:\/\/www.visit-ulcinj.com\/blog\/","name":"Lajme nga Ulqini","description":"Lajme,Vijesti,Ulqini,Ulqin,Crna Gora,Mali i Zi","potentialAction":[{"@type":"SearchAction","target":{"@type":"EntryPoint","urlTemplate":"https:\/\/www.visit-ulcinj.com\/blog\/?s={search_term_string}"},"query-input":"required name=search_term_string"}],"inLanguage":"en-US"},{"@type":"ImageObject","inLanguage":"en-US","@id":"https:\/\/www.visit-ulcinj.com\/blog\/2011\/09\/22\/nazif-cungu-le-nouveau-maire-de-ulcinjprend-fonction\/#primaryimage","url":"https:\/\/www.visit-ulcinj.com\/blog\/wp-content\/uploads\/2011\/09\/Nazif-Cungu-le-nouveau-Maire-de-Ulcinj_Montenegro.jpg","contentUrl":"https:\/\/www.visit-ulcinj.com\/blog\/wp-content\/uploads\/2011\/09\/Nazif-Cungu-le-nouveau-Maire-de-Ulcinj_Montenegro.jpg","width":"484","height":"400"},{"@type":"WebPage","@id":"https:\/\/www.visit-ulcinj.com\/blog\/2011\/09\/22\/nazif-cungu-le-nouveau-maire-de-ulcinjprend-fonction\/#webpage","url":"https:\/\/www.visit-ulcinj.com\/blog\/2011\/09\/22\/nazif-cungu-le-nouveau-maire-de-ulcinjprend-fonction\/","name":"Nazif Cungu le nouveau Maire de Ulcinj,prend fonction - Lajme nga Ulqini","isPartOf":{"@id":"https:\/\/www.visit-ulcinj.com\/blog\/#website"},"primaryImageOfPage":{"@id":"https:\/\/www.visit-ulcinj.com\/blog\/2011\/09\/22\/nazif-cungu-le-nouveau-maire-de-ulcinjprend-fonction\/#primaryimage"},"datePublished":"2011-09-22T18:30:45+00:00","dateModified":"2011-09-22T19:17:17+00:00","author":{"@id":"https:\/\/www.visit-ulcinj.com\/blog\/#\/schema\/person\/dcab619c614d3038751c63bc2aadc06d"},"description":"Le Conseil de la ville de Ulcinj-Mont\u00e9negro est d\u00e9sormais op\u00e9rationnel avec l\u2019\u00e9lection ce jeudi du nouveau Maire de Ulcinj Monsieur Nazif Cungu. \u00ab\u00a0Ma","breadcrumb":{"@id":"https:\/\/www.visit-ulcinj.com\/blog\/2011\/09\/22\/nazif-cungu-le-nouveau-maire-de-ulcinjprend-fonction\/#breadcrumb"},"inLanguage":"en-US","potentialAction":[{"@type":"ReadAction","target":["https:\/\/www.visit-ulcinj.com\/blog\/2011\/09\/22\/nazif-cungu-le-nouveau-maire-de-ulcinjprend-fonction\/"]}]},{"@type":"BreadcrumbList","@id":"https:\/\/www.visit-ulcinj.com\/blog\/2011\/09\/22\/nazif-cungu-le-nouveau-maire-de-ulcinjprend-fonction\/#breadcrumb","itemListElement":[{"@type":"ListItem","position":1,"name":"Nazif Cungu le nouveau Maire de Ulcinj,prend fonction"}]},{"@type":"Person","@id":"https:\/\/www.visit-ulcinj.com\/blog\/#\/schema\/person\/dcab619c614d3038751c63bc2aadc06d","name":"ulqini","sameAs":["http:\/\/www.visit-ulcinj.com"],"url":"https:\/\/www.visit-ulcinj.com\/blog\/author\/admin\/"}]}},"jetpack_featured_media_url":"","jetpack_sharing_enabled":true,"jetpack_shortlink":"https:\/\/wp.me\/pe6lTn-dkX","_links":{"self":[{"href":"https:\/\/www.visit-ulcinj.com\/blog\/wp-json\/wp\/v2\/posts\/51271"}],"collection":[{"href":"https:\/\/www.visit-ulcinj.com\/blog\/wp-json\/wp\/v2\/posts"}],"about":[{"href":"https:\/\/www.visit-ulcinj.com\/blog\/wp-json\/wp\/v2\/types\/post"}],"author":[{"embeddable":true,"href":"https:\/\/www.visit-ulcinj.com\/blog\/wp-json\/wp\/v2\/users\/1"}],"replies":[{"embeddable":true,"href":"https:\/\/www.visit-ulcinj.com\/blog\/wp-json\/wp\/v2\/comments?post=51271"}],"version-history":[{"count":3,"href":"https:\/\/www.visit-ulcinj.com\/blog\/wp-json\/wp\/v2\/posts\/51271\/revisions"}],"predecessor-version":[{"id":51277,"href":"https:\/\/www.visit-ulcinj.com\/blog\/wp-json\/wp\/v2\/posts\/51271\/revisions\/51277"}],"wp:attachment":[{"href":"https:\/\/www.visit-ulcinj.com\/blog\/wp-json\/wp\/v2\/media?parent=51271"}],"wp:term":[{"taxonomy":"category","embeddable":true,"href":"https:\/\/www.visit-ulcinj.com\/blog\/wp-json\/wp\/v2\/categories?post=51271"},{"taxonomy":"post_tag","embeddable":true,"href":"https:\/\/www.visit-ulcinj.com\/blog\/wp-json\/wp\/v2\/tags?post=51271"}],"curies":[{"name":"wp","href":"https:\/\/api.w.org\/{rel}","templated":true}]}}