{"id":51280,"date":"2011-09-23T15:11:40","date_gmt":"2011-09-23T14:11:40","guid":{"rendered":"http:\/\/www.visit-ulcinj.com\/blog\/?p=51280"},"modified":"2011-09-25T20:16:33","modified_gmt":"2011-09-25T19:16:33","slug":"rrezart-cungu-fitues-i-turneut","status":"publish","type":"post","link":"https:\/\/www.visit-ulcinj.com\/blog\/2011\/09\/23\/rrezart-cungu-fitues-i-turneut\/","title":{"rendered":"Rrezart Cungu, fitues i turneut"},"content":{"rendered":"<p><a href=\"http:\/\/www.visit-ulcinj.com\/blog\/wp-content\/uploads\/2011\/09\/Rrezart-Cungu-fitues-i-turneut.2011.jpg\"><img loading=\"lazy\" class=\"alignleft size-full wp-image-51286\" title=\"Rrezart Cungu, fitues i turneut.2011\" src=\"http:\/\/www.visit-ulcinj.com\/blog\/wp-content\/uploads\/2011\/09\/Rrezart-Cungu-fitues-i-turneut.2011.jpg\" alt=\"\" width=\"330\" height=\"460\" \/><\/a>Tenisti i ri ulqinak, Rrezart Cungu, vazhdon\u00a0t\u00eb arrij\u00eb fitore t\u00eb reja n\u00eb tenis. Ky tenist,\u00a0bart\u00ebs i titullit t\u00eb tenistit m\u00eb t\u00eb mir\u00eb n\u00eb Mal t\u00eb\u00a0Zi p\u00ebr vitin e kaluar, deri n\u00eb mosh\u00ebn 12 vje\u00e7,\u00a0shk\u00eblqeu edhe n\u00eb turneun dyditor t\u00eb tenisit,\u00a0i cili u mbajt fundjav\u00ebn q\u00eb lam\u00eb pas n\u00eb Ulqin.\u00a0Cungu para publikut t\u00eb vet e arsyetoi rolin e\u00a0favoritit dhe vitrin\u00ebs s\u00eb tij t\u00eb trofeve i shtoi\u00a0edhe nj\u00eb kup\u00eb, duke triumfuar bindsh\u00ebm n\u00eb\u00a0dy sete ndaj kund\u00ebrshtarit Vladimir Boshkoviq\u00a0nga Nikshiqi me rezultatin 6:2 dhe 6:1.\u00a0Q\u00eb n\u00eb fillim t\u00eb k\u00ebsaj ndeshjeje, Rrezarti u\u00a0shfaq n\u00eb form\u00ebn e tij m\u00eb t\u00eb mir\u00eb dhe nuk i lejoi\u00a0kund\u00ebrshtarit asnj\u00eb shans p\u00ebr fitore, edhe\u00a0pse n\u00eb gjysm\u00ebfinale ishte lodhur shum\u00eb n\u00eb\u00a0ndeshjen me tenistin Bodin Aleksiq nga\u00a0Budva, t\u00eb cilin pas gati tri or\u00eb loj\u00eb arriti ta\u00a0fitoj\u00eb me rezultat tep\u00ebr t\u00eb ngusht\u00eb 6:4,\u00a06:7, 7:6. Aleksiq \u00ebsht\u00eb par\u00eb nga publiku q\u00eb\u00a0t\u00eb derdh\u00eb lot n\u00eb fund t\u00eb k\u00ebsaj p\u00ebrballje me\u00a0Cungun.\u00a0Deri m\u00eb tani Cungu ka triumfuar n\u00eb disa\u00a0turne n\u00eb kategorin\u00eb deri n\u00eb 12 vje\u00e7, nd\u00ebr\u00a0t\u00eb cil\u00ebt ve\u00e7ojm\u00eb: turneun \u201cNada\u201d n\u00eb klubin\u00a0\u201cDiplomatik\u201d, KT \u201cBellevue\u201d- Ulqin, \u201cBudva\u00a0Open\u201d n\u00eb klubin KT \u201cBudva\u201d, KT \u201cBar\u201d dhe turneun\u00a0dim\u00ebror t\u00eb Malit t\u00eb Zi n\u00eb KT \u201cEminent\u201d\u00a0n\u00eb Podgoric\u00eb. Nd\u00ebrkaq n\u00eb kategorin\u00eb deri n\u00eb 14 vje\u00e7 ka z\u00ebn\u00eb vendin e par\u00eb n\u00eb turneun\u00a0\u201cKotor Open\u201d n\u00eb Kotorr, vendin e dyt\u00eb n\u00eb\u00a0turneun \u201cSrna Cup\u201d n\u00eb Nikshiq etj. K\u00ebto dhe\u00a0rezultatet e tjera t\u00eb k\u00ebtij tenisti d\u00ebshmojn\u00eb\u00a0se fjala \u00ebsht\u00eb p\u00ebr nj\u00eb talent, i cili, n\u00ebse vazhdon\u00a0me ritmin e deritash\u00ebm, i hapen shtigje\u00a0t\u00eb reja n\u00eb rrug\u00ebn t\u00eb tenisit. Cungu gjat\u00eb\u00a0dy viteve q\u00eb ushtron tenisin prezentoi n\u00eb\u00a0m\u00ebnyr\u00ebn m\u00eb t\u00eb mir\u00eb t\u00eb mundshme jo vet\u00ebm\u00a0veten e tij dhe klubin \u201cBellevue\u201d, por promovoi\u00a0edhe qytetin e tij t\u00eb lindjes &#8211; Ulqinin.\u00a0N\u00eb konkurrenc\u00ebn e vajzave fituese e k\u00ebtij turneu, n\u00eb t\u00eb cilin mor\u00ebn pjes\u00eb 37 tenist\u00eb\u00a0(11 vajza dhe 26 djem) nga Mali i Zi dhe\u00a0Shqip\u00ebria deri n\u00eb mosh\u00ebn 14 vje\u00e7, u shpall\u00a0Emilija Obradoviq nga Herceg Novi e cila n\u00eb\u00a0finale ishte m\u00eb e mir\u00eb se Itana Pejoviq nga\u00a0Podgorica, me rezultat 6:2-6:0. Nga KT \u201cBellevue\u201d\u00a0n\u00eb k\u00ebt\u00eb turne garuan Aksa Muratoviq,\u00a0Selma Mujiq, Anja Martinoviq, Kristina\u00a0Junkoviq, Fjolla Brisku, Emina Nimanbegu,\u00a0Haris Sarvan, Edin Sarvan, Kenan Nimanbegu,\u00a0Arijan Marini, Benijamin Dobarxhiq, Nermin\u00a0Hoxha, Genc Selita dhe Rrezart Cungu.<br \/>\n<a href=\"http:\/\/www.visit-ulcinj.com\/blog\/wp-content\/uploads\/2011\/09\/Rrezart-Cungu-fitues-i-turneut.2011.5.jpg\"><img loading=\"lazy\" class=\"alignleft size-full wp-image-51285\" title=\"Rrezart Cungu, fitues i turneut.2011.5\" src=\"http:\/\/www.visit-ulcinj.com\/blog\/wp-content\/uploads\/2011\/09\/Rrezart-Cungu-fitues-i-turneut.2011.5.jpg\" alt=\"\" width=\"508\" height=\"278\" \/><\/a><br \/>\nKT \u201cBellevue\u201d edhe k\u00ebsaj radhe u d\u00ebshmua\u00a0se \u00ebsht\u00eb nikoqir i mir\u00eb dhe organizator i suksessh\u00ebm\u00a0i turneve, gj\u00eb t\u00eb cil\u00ebn e ka v\u00ebrtetuar\u00a0sidomos n\u00eb Turneun e Par\u00eb Evropian \u201cCungu\u00a0Open 2011\u201d.\u00a0Menaxheri i k\u00ebtij klubi, Avdulla Dervishi,\u00a0duke u shprehur i k\u00ebnaqur me organizimin,\u00a0numrin e pjes\u00ebmarr\u00ebsve, cil\u00ebsin\u00eb e\u00a0tenisit t\u00eb treguar n\u00eb fush\u00eb dhe me publikun,\u00a0paraljm\u00ebron se m\u00eb 8-9 tetor n\u00eb Ulqin do t\u00eb\u00a0organizohet turneu tradicional p\u00ebr veteran\u00eb.<\/p>\n<p><strong>Gjek\u00eb Gjonaj<\/strong><strong><br \/>\nKoha Javore<br \/>\n\n\t\t<style type=\"text\/css\">\n\t\t\t#gallery-1 {\n\t\t\t\tmargin: auto;\n\t\t\t}\n\t\t\t#gallery-1 .gallery-item {\n\t\t\t\tfloat: left;\n\t\t\t\tmargin-top: 10px;\n\t\t\t\ttext-align: center;\n\t\t\t\twidth: 33%;\n\t\t\t}\n\t\t\t#gallery-1 img {\n\t\t\t\tborder: 2px solid #cfcfcf;\n\t\t\t}\n\t\t\t#gallery-1 .gallery-caption {\n\t\t\t\tmargin-left: 0;\n\t\t\t}\n\t\t\t\/* see gallery_shortcode() in wp-includes\/media.php *\/\n\t\t<\/style>\n\t\t<div id='gallery-1' class='gallery galleryid-51280 gallery-columns-3 gallery-size-thumbnail'><dl class='gallery-item'>\n\t\t\t<dt class='gallery-icon portrait'>\n\t\t\t\t<a href='https:\/\/www.visit-ulcinj.com\/blog\/wp-content\/uploads\/2011\/09\/Rrezart-Cungu-fitues-i-turneut.2011.1.jpg'><img width=\"150\" height=\"150\" src=\"https:\/\/www.visit-ulcinj.com\/blog\/wp-content\/uploads\/2011\/09\/Rrezart-Cungu-fitues-i-turneut.2011.1-150x150.jpg\" class=\"attachment-thumbnail size-thumbnail\" alt=\"\" loading=\"lazy\" \/><\/a>\n\t\t\t<\/dt><\/dl><dl class='gallery-item'>\n\t\t\t<dt class='gallery-icon portrait'>\n\t\t\t\t<a href='https:\/\/www.visit-ulcinj.com\/blog\/wp-content\/uploads\/2011\/09\/Rrezart-Cungu-fitues-i-turneut.2011.2.jpg'><img width=\"150\" height=\"150\" src=\"https:\/\/www.visit-ulcinj.com\/blog\/wp-content\/uploads\/2011\/09\/Rrezart-Cungu-fitues-i-turneut.2011.2-150x150.jpg\" class=\"attachment-thumbnail size-thumbnail\" alt=\"\" loading=\"lazy\" \/><\/a>\n\t\t\t<\/dt><\/dl><dl class='gallery-item'>\n\t\t\t<dt class='gallery-icon landscape'>\n\t\t\t\t<a href='https:\/\/www.visit-ulcinj.com\/blog\/wp-content\/uploads\/2011\/09\/Rrezart-Cungu-fitues-i-turneut.2011.3.jpg'><img width=\"150\" height=\"150\" src=\"https:\/\/www.visit-ulcinj.com\/blog\/wp-content\/uploads\/2011\/09\/Rrezart-Cungu-fitues-i-turneut.2011.3-150x150.jpg\" class=\"attachment-thumbnail size-thumbnail\" alt=\"\" loading=\"lazy\" \/><\/a>\n\t\t\t<\/dt><\/dl><br style=\"clear: both\" \/><dl class='gallery-item'>\n\t\t\t<dt class='gallery-icon portrait'>\n\t\t\t\t<a href='https:\/\/www.visit-ulcinj.com\/blog\/wp-content\/uploads\/2011\/09\/Rrezart-Cungu-fitues-i-turneut.2011.4.jpg'><img width=\"150\" height=\"150\" src=\"https:\/\/www.visit-ulcinj.com\/blog\/wp-content\/uploads\/2011\/09\/Rrezart-Cungu-fitues-i-turneut.2011.4-150x150.jpg\" class=\"attachment-thumbnail size-thumbnail\" alt=\"\" loading=\"lazy\" \/><\/a>\n\t\t\t<\/dt><\/dl><dl class='gallery-item'>\n\t\t\t<dt class='gallery-icon landscape'>\n\t\t\t\t<a href='https:\/\/www.visit-ulcinj.com\/blog\/wp-content\/uploads\/2011\/09\/Rrezart-Cungu-fitues-i-turneut.2011.5.jpg'><img width=\"150\" height=\"150\" src=\"https:\/\/www.visit-ulcinj.com\/blog\/wp-content\/uploads\/2011\/09\/Rrezart-Cungu-fitues-i-turneut.2011.5-150x150.jpg\" class=\"attachment-thumbnail size-thumbnail\" alt=\"\" loading=\"lazy\" \/><\/a>\n\t\t\t<\/dt><\/dl><dl class='gallery-item'>\n\t\t\t<dt class='gallery-icon portrait'>\n\t\t\t\t<a href='https:\/\/www.visit-ulcinj.com\/blog\/wp-content\/uploads\/2011\/09\/Rrezart-Cungu-fitues-i-turneut.2011.jpg'><img width=\"150\" height=\"150\" src=\"https:\/\/www.visit-ulcinj.com\/blog\/wp-content\/uploads\/2011\/09\/Rrezart-Cungu-fitues-i-turneut.2011-150x150.jpg\" class=\"attachment-thumbnail size-thumbnail\" alt=\"\" loading=\"lazy\" \/><\/a>\n\t\t\t<\/dt><\/dl><br style=\"clear: both\" \/>\n\t\t<\/div>\n<br \/>\n<\/strong><\/p>\n","protected":false},"excerpt":{"rendered":"<p>Tenisti i ri ulqinak, Rrezart Cungu, vazhdon\u00a0t\u00eb arrij\u00eb fitore t\u00eb reja n\u00eb tenis. Ky tenist,\u00a0bart\u00ebs i titullit t\u00eb tenistit m\u00eb t\u00eb mir\u00eb n\u00eb Mal t\u00eb\u00a0Zi p\u00ebr vitin e kaluar, deri n\u00eb mosh\u00ebn 12 vje\u00e7,\u00a0shk\u00eblqeu edhe n\u00eb turneun dyditor t\u00eb tenisit,\u00a0i cili u mbajt fundjav\u00ebn q\u00eb lam\u00eb pas n\u00eb Ulqin.\u00a0Cungu para publikut t\u00eb vet e arsyetoi [&hellip;]<\/p>\n","protected":false},"author":1,"featured_media":0,"comment_status":"open","ping_status":"closed","sticky":false,"template":"","format":"standard","meta":{"spay_email":"","jetpack_publicize_message":"","jetpack_is_tweetstorm":false,"jetpack_publicize_feature_enabled":true},"categories":[3],"tags":[19118,14441,200,18],"jetpack_publicize_connections":[],"yoast_head":"<!-- This site is optimized with the Yoast SEO plugin v19.1 - https:\/\/yoast.com\/wordpress\/plugins\/seo\/ -->\n<title>Rrezart Cungu, fitues i turneut - Lajme nga Ulqini<\/title>\n<meta name=\"description\" content=\"Tenisti i ri ulqinak, Rrezart Cungu, vazhdon\u00a0t\u00eb arrij\u00eb fitore t\u00eb reja n\u00eb tenis. Ky tenist,\u00a0bart\u00ebs i titullit t\u00eb tenistit m\u00eb t\u00eb mir\u00eb n\u00eb Mal t\u00eb\u00a0Zi p\u00ebr vitin\" \/>\n<meta name=\"robots\" content=\"index, follow, max-snippet:-1, max-image-preview:large, max-video-preview:-1\" \/>\n<link rel=\"canonical\" href=\"https:\/\/www.visit-ulcinj.com\/blog\/2011\/09\/23\/rrezart-cungu-fitues-i-turneut\/\" \/>\n<meta property=\"og:locale\" content=\"en_US\" \/>\n<meta property=\"og:type\" content=\"article\" \/>\n<meta property=\"og:title\" content=\"Rrezart Cungu, fitues i turneut - Lajme nga Ulqini\" \/>\n<meta property=\"og:description\" content=\"Tenisti i ri ulqinak, Rrezart Cungu, vazhdon\u00a0t\u00eb arrij\u00eb fitore t\u00eb reja n\u00eb tenis. Ky tenist,\u00a0bart\u00ebs i titullit t\u00eb tenistit m\u00eb t\u00eb mir\u00eb n\u00eb Mal t\u00eb\u00a0Zi p\u00ebr vitin\" \/>\n<meta property=\"og:url\" content=\"https:\/\/www.visit-ulcinj.com\/blog\/2011\/09\/23\/rrezart-cungu-fitues-i-turneut\/\" \/>\n<meta property=\"og:site_name\" content=\"Lajme nga Ulqini\" \/>\n<meta property=\"article:published_time\" content=\"2011-09-23T14:11:40+00:00\" \/>\n<meta property=\"article:modified_time\" content=\"2011-09-25T19:16:33+00:00\" \/>\n<meta property=\"og:image\" content=\"https:\/\/www.visit-ulcinj.com\/blog\/wp-content\/uploads\/2011\/09\/Rrezart-Cungu-fitues-i-turneut.2011.1-150x150.jpg\" \/>\n<meta name=\"twitter:label1\" content=\"Written by\" \/>\n\t<meta name=\"twitter:data1\" content=\"ulqini\" \/>\n\t<meta name=\"twitter:label2\" content=\"Est. reading time\" \/>\n\t<meta name=\"twitter:data2\" content=\"3 minutes\" \/>\n<script type=\"application\/ld+json\" class=\"yoast-schema-graph\">{\"@context\":\"https:\/\/schema.org\",\"@graph\":[{\"@type\":\"WebSite\",\"@id\":\"https:\/\/www.visit-ulcinj.com\/blog\/#website\",\"url\":\"https:\/\/www.visit-ulcinj.com\/blog\/\",\"name\":\"Lajme nga Ulqini\",\"description\":\"Lajme,Vijesti,Ulqini,Ulqin,Crna Gora,Mali i Zi\",\"potentialAction\":[{\"@type\":\"SearchAction\",\"target\":{\"@type\":\"EntryPoint\",\"urlTemplate\":\"https:\/\/www.visit-ulcinj.com\/blog\/?s={search_term_string}\"},\"query-input\":\"required name=search_term_string\"}],\"inLanguage\":\"en-US\"},{\"@type\":\"ImageObject\",\"inLanguage\":\"en-US\",\"@id\":\"https:\/\/www.visit-ulcinj.com\/blog\/2011\/09\/23\/rrezart-cungu-fitues-i-turneut\/#primaryimage\",\"url\":\"https:\/\/www.visit-ulcinj.com\/blog\/wp-content\/uploads\/2011\/09\/Rrezart-Cungu-fitues-i-turneut.2011.jpg\",\"contentUrl\":\"https:\/\/www.visit-ulcinj.com\/blog\/wp-content\/uploads\/2011\/09\/Rrezart-Cungu-fitues-i-turneut.2011.jpg\",\"width\":\"392\",\"height\":\"568\"},{\"@type\":\"WebPage\",\"@id\":\"https:\/\/www.visit-ulcinj.com\/blog\/2011\/09\/23\/rrezart-cungu-fitues-i-turneut\/#webpage\",\"url\":\"https:\/\/www.visit-ulcinj.com\/blog\/2011\/09\/23\/rrezart-cungu-fitues-i-turneut\/\",\"name\":\"Rrezart Cungu, fitues i turneut - Lajme nga Ulqini\",\"isPartOf\":{\"@id\":\"https:\/\/www.visit-ulcinj.com\/blog\/#website\"},\"primaryImageOfPage\":{\"@id\":\"https:\/\/www.visit-ulcinj.com\/blog\/2011\/09\/23\/rrezart-cungu-fitues-i-turneut\/#primaryimage\"},\"datePublished\":\"2011-09-23T14:11:40+00:00\",\"dateModified\":\"2011-09-25T19:16:33+00:00\",\"author\":{\"@id\":\"https:\/\/www.visit-ulcinj.com\/blog\/#\/schema\/person\/dcab619c614d3038751c63bc2aadc06d\"},\"description\":\"Tenisti i ri ulqinak, Rrezart Cungu, vazhdon\u00a0t\u00eb arrij\u00eb fitore t\u00eb reja n\u00eb tenis. Ky tenist,\u00a0bart\u00ebs i titullit t\u00eb tenistit m\u00eb t\u00eb mir\u00eb n\u00eb Mal t\u00eb\u00a0Zi p\u00ebr vitin\",\"breadcrumb\":{\"@id\":\"https:\/\/www.visit-ulcinj.com\/blog\/2011\/09\/23\/rrezart-cungu-fitues-i-turneut\/#breadcrumb\"},\"inLanguage\":\"en-US\",\"potentialAction\":[{\"@type\":\"ReadAction\",\"target\":[\"https:\/\/www.visit-ulcinj.com\/blog\/2011\/09\/23\/rrezart-cungu-fitues-i-turneut\/\"]}]},{\"@type\":\"BreadcrumbList\",\"@id\":\"https:\/\/www.visit-ulcinj.com\/blog\/2011\/09\/23\/rrezart-cungu-fitues-i-turneut\/#breadcrumb\",\"itemListElement\":[{\"@type\":\"ListItem\",\"position\":1,\"name\":\"Rrezart Cungu, fitues i turneut\"}]},{\"@type\":\"Person\",\"@id\":\"https:\/\/www.visit-ulcinj.com\/blog\/#\/schema\/person\/dcab619c614d3038751c63bc2aadc06d\",\"name\":\"ulqini\",\"sameAs\":[\"http:\/\/www.visit-ulcinj.com\"],\"url\":\"https:\/\/www.visit-ulcinj.com\/blog\/author\/admin\/\"}]}<\/script>\n<!-- \/ Yoast SEO plugin. -->","yoast_head_json":{"title":"Rrezart Cungu, fitues i turneut - Lajme nga Ulqini","description":"Tenisti i ri ulqinak, Rrezart Cungu, vazhdon\u00a0t\u00eb arrij\u00eb fitore t\u00eb reja n\u00eb tenis. Ky tenist,\u00a0bart\u00ebs i titullit t\u00eb tenistit m\u00eb t\u00eb mir\u00eb n\u00eb Mal t\u00eb\u00a0Zi p\u00ebr vitin","robots":{"index":"index","follow":"follow","max-snippet":"max-snippet:-1","max-image-preview":"max-image-preview:large","max-video-preview":"max-video-preview:-1"},"canonical":"https:\/\/www.visit-ulcinj.com\/blog\/2011\/09\/23\/rrezart-cungu-fitues-i-turneut\/","og_locale":"en_US","og_type":"article","og_title":"Rrezart Cungu, fitues i turneut - Lajme nga Ulqini","og_description":"Tenisti i ri ulqinak, Rrezart Cungu, vazhdon\u00a0t\u00eb arrij\u00eb fitore t\u00eb reja n\u00eb tenis. Ky tenist,\u00a0bart\u00ebs i titullit t\u00eb tenistit m\u00eb t\u00eb mir\u00eb n\u00eb Mal t\u00eb\u00a0Zi p\u00ebr vitin","og_url":"https:\/\/www.visit-ulcinj.com\/blog\/2011\/09\/23\/rrezart-cungu-fitues-i-turneut\/","og_site_name":"Lajme nga Ulqini","article_published_time":"2011-09-23T14:11:40+00:00","article_modified_time":"2011-09-25T19:16:33+00:00","og_image":[{"url":"https:\/\/www.visit-ulcinj.com\/blog\/wp-content\/uploads\/2011\/09\/Rrezart-Cungu-fitues-i-turneut.2011.1-150x150.jpg"}],"twitter_misc":{"Written by":"ulqini","Est. reading time":"3 minutes"},"schema":{"@context":"https:\/\/schema.org","@graph":[{"@type":"WebSite","@id":"https:\/\/www.visit-ulcinj.com\/blog\/#website","url":"https:\/\/www.visit-ulcinj.com\/blog\/","name":"Lajme nga Ulqini","description":"Lajme,Vijesti,Ulqini,Ulqin,Crna Gora,Mali i Zi","potentialAction":[{"@type":"SearchAction","target":{"@type":"EntryPoint","urlTemplate":"https:\/\/www.visit-ulcinj.com\/blog\/?s={search_term_string}"},"query-input":"required name=search_term_string"}],"inLanguage":"en-US"},{"@type":"ImageObject","inLanguage":"en-US","@id":"https:\/\/www.visit-ulcinj.com\/blog\/2011\/09\/23\/rrezart-cungu-fitues-i-turneut\/#primaryimage","url":"https:\/\/www.visit-ulcinj.com\/blog\/wp-content\/uploads\/2011\/09\/Rrezart-Cungu-fitues-i-turneut.2011.jpg","contentUrl":"https:\/\/www.visit-ulcinj.com\/blog\/wp-content\/uploads\/2011\/09\/Rrezart-Cungu-fitues-i-turneut.2011.jpg","width":"392","height":"568"},{"@type":"WebPage","@id":"https:\/\/www.visit-ulcinj.com\/blog\/2011\/09\/23\/rrezart-cungu-fitues-i-turneut\/#webpage","url":"https:\/\/www.visit-ulcinj.com\/blog\/2011\/09\/23\/rrezart-cungu-fitues-i-turneut\/","name":"Rrezart Cungu, fitues i turneut - Lajme nga Ulqini","isPartOf":{"@id":"https:\/\/www.visit-ulcinj.com\/blog\/#website"},"primaryImageOfPage":{"@id":"https:\/\/www.visit-ulcinj.com\/blog\/2011\/09\/23\/rrezart-cungu-fitues-i-turneut\/#primaryimage"},"datePublished":"2011-09-23T14:11:40+00:00","dateModified":"2011-09-25T19:16:33+00:00","author":{"@id":"https:\/\/www.visit-ulcinj.com\/blog\/#\/schema\/person\/dcab619c614d3038751c63bc2aadc06d"},"description":"Tenisti i ri ulqinak, Rrezart Cungu, vazhdon\u00a0t\u00eb arrij\u00eb fitore t\u00eb reja n\u00eb tenis. Ky tenist,\u00a0bart\u00ebs i titullit t\u00eb tenistit m\u00eb t\u00eb mir\u00eb n\u00eb Mal t\u00eb\u00a0Zi p\u00ebr vitin","breadcrumb":{"@id":"https:\/\/www.visit-ulcinj.com\/blog\/2011\/09\/23\/rrezart-cungu-fitues-i-turneut\/#breadcrumb"},"inLanguage":"en-US","potentialAction":[{"@type":"ReadAction","target":["https:\/\/www.visit-ulcinj.com\/blog\/2011\/09\/23\/rrezart-cungu-fitues-i-turneut\/"]}]},{"@type":"BreadcrumbList","@id":"https:\/\/www.visit-ulcinj.com\/blog\/2011\/09\/23\/rrezart-cungu-fitues-i-turneut\/#breadcrumb","itemListElement":[{"@type":"ListItem","position":1,"name":"Rrezart Cungu, fitues i turneut"}]},{"@type":"Person","@id":"https:\/\/www.visit-ulcinj.com\/blog\/#\/schema\/person\/dcab619c614d3038751c63bc2aadc06d","name":"ulqini","sameAs":["http:\/\/www.visit-ulcinj.com"],"url":"https:\/\/www.visit-ulcinj.com\/blog\/author\/admin\/"}]}},"jetpack_featured_media_url":"","jetpack_sharing_enabled":true,"jetpack_shortlink":"https:\/\/wp.me\/pe6lTn-dl6","_links":{"self":[{"href":"https:\/\/www.visit-ulcinj.com\/blog\/wp-json\/wp\/v2\/posts\/51280"}],"collection":[{"href":"https:\/\/www.visit-ulcinj.com\/blog\/wp-json\/wp\/v2\/posts"}],"about":[{"href":"https:\/\/www.visit-ulcinj.com\/blog\/wp-json\/wp\/v2\/types\/post"}],"author":[{"embeddable":true,"href":"https:\/\/www.visit-ulcinj.com\/blog\/wp-json\/wp\/v2\/users\/1"}],"replies":[{"embeddable":true,"href":"https:\/\/www.visit-ulcinj.com\/blog\/wp-json\/wp\/v2\/comments?post=51280"}],"version-history":[{"count":3,"href":"https:\/\/www.visit-ulcinj.com\/blog\/wp-json\/wp\/v2\/posts\/51280\/revisions"}],"predecessor-version":[{"id":51366,"href":"https:\/\/www.visit-ulcinj.com\/blog\/wp-json\/wp\/v2\/posts\/51280\/revisions\/51366"}],"wp:attachment":[{"href":"https:\/\/www.visit-ulcinj.com\/blog\/wp-json\/wp\/v2\/media?parent=51280"}],"wp:term":[{"taxonomy":"category","embeddable":true,"href":"https:\/\/www.visit-ulcinj.com\/blog\/wp-json\/wp\/v2\/categories?post=51280"},{"taxonomy":"post_tag","embeddable":true,"href":"https:\/\/www.visit-ulcinj.com\/blog\/wp-json\/wp\/v2\/tags?post=51280"}],"curies":[{"name":"wp","href":"https:\/\/api.w.org\/{rel}","templated":true}]}}