{"id":51301,"date":"2011-09-23T18:40:55","date_gmt":"2011-09-23T17:40:55","guid":{"rendered":"http:\/\/www.visit-ulcinj.com\/blog\/?p=51301"},"modified":"2011-09-23T18:48:40","modified_gmt":"2011-09-23T17:48:40","slug":"nazif-cungupredsjednik-opstine-ulcinj","status":"publish","type":"post","link":"https:\/\/www.visit-ulcinj.com\/blog\/2011\/09\/23\/nazif-cungupredsjednik-opstine-ulcinj\/","title":{"rendered":"Nazif Cungu,Predsjednik op\u0161tine Ulcinj"},"content":{"rendered":"<p><a href=\"http:\/\/www.visit-ulcinj.com\/blog\/wp-content\/uploads\/2011\/09\/Nazif-CunguPredsjednik-opstine-Ulcinj.1.jpg\"><img loading=\"lazy\" class=\"alignleft size-full wp-image-51307\" title=\"Nazif Cungu,Predsjednik opstine Ulcinj.1\" src=\"http:\/\/www.visit-ulcinj.com\/blog\/wp-content\/uploads\/2011\/09\/Nazif-CunguPredsjednik-opstine-Ulcinj.1.jpg\" alt=\"\" width=\"508\" height=\"380\" \/><\/a>Dosada\u0161nji predsjednik parlamenta Ljui\u0111 \u0160krelja podnio je ju\u010de neopozivu ostavku, a za njegovog nasljednika izabran je Miljazim Mustafa. Novi gradona\u010delnik je Nazif Cungu, jer dosada\u0161njem Gzimu Hajdinagi mandat isti\u010de 28. septembra<\/p>\n<p>ULCINJ &#8211; Novokonstituisani koalicioni blok partija koji \u010dine Forca, SDP, Perspektiva, Anamalski ogranak DUA sa \u010detiri odbornika, formalizovao je na ju\u010dera\u0161njoj sjednici Skup\u0161tine ina\u010de nespornu politi\u010dku \u010dinjenicu i preuzeo parlamentarnu i izvr\u0161nu vlast. Sam po\u010detak zasijedanja, osim jedno\u010dasovnog ka\u0161njenja, obilje\u017eila je i ostavka dosada\u0161njeg predsjednika parlamenta Ljui\u0111a \u0160krelje koji je na taj na\u010din preduhitrio ve\u0107 pripremljenu odluku nove ve\u0107ine o njegovoj smjeni, odnosno razrje\u0161enju. Odbornike je o ostavci obavijestio D\u017eevdet Cakuli, a \u0160krelja je u emotivnom i veoma o\u0161trom izlaganju naglasio da je ovim gestom razo\u010darao sve koji su pri\u017eeljkivali da u\u010dini ono \u0161to bi oni svakako u\u010dinili &#8211; opstrui\u0161u\u0107i cijeli postupak i dezavui\u0161u\u0107i demokratske principe partije kojoj pripada.<br \/>\n<a href=\"http:\/\/www.visit-ulcinj.com\/blog\/wp-content\/uploads\/2011\/09\/Luidj-Lui-Skrela_Nazif-Cungu.jpg\"><img loading=\"lazy\" class=\"alignleft size-full wp-image-51306\" title=\"Luidj Lui Skrela_Nazif Cungu\" src=\"http:\/\/www.visit-ulcinj.com\/blog\/wp-content\/uploads\/2011\/09\/Luidj-Lui-Skrela_Nazif-Cungu.jpg\" alt=\"\" width=\"508\" height=\"340\" srcset=\"https:\/\/www.visit-ulcinj.com\/blog\/wp-content\/uploads\/2011\/09\/Luidj-Lui-Skrela_Nazif-Cungu.jpg 720w, https:\/\/www.visit-ulcinj.com\/blog\/wp-content\/uploads\/2011\/09\/Luidj-Lui-Skrela_Nazif-Cungu-300x200.jpg 300w\" sizes=\"(max-width: 508px) 100vw, 508px\" \/><\/a><\/p>\n<p>&#8211; Vjerovatno \u0107u ostati upam\u0107en kao jedini predsjednik ulcinjske skup\u0161tine koji je tu funkciju obavljao volonterski. Bez i jednog centa nadoknade, ali i predsjednik sa najkra\u0107im mandatom, naglasio je, izme\u0111u ostalog, on.<\/p>\n<p>Prebjezi i izdajnici<\/p>\n<p>Zahvaljuju\u0107i izdaji upravo onih ljudi koji su me do prije par mjeseci molili i kumili da ih, u politi\u010dkom smislu, ne ostavljam, i ja, i moja partija i ostale \u010dlanice koalicije do\u0161li smo u situaciju da ispostavljene fakture pla\u0107amo upravo i na ovoj sjednici. \u0160to god se iza toga nalazilo, \u0161to god ovakvu situaciju uzrokovalo, i kao pojedinci i kao stranka prema svemu \u0107emo se odnijeti dostojanstveno i u skladu sa demokratskim principima.<\/p>\n<p>Nakon \u0160kreljine ostavke, za novog predsjednika Skup\u0161tine izabran je diplomirani ekonomista Miljazim Mustafa a ne\u0161to kasnije, javnim glasanjem odbornici su, uz osam uzdr\u017eanih glasova, odlu\u010dili da novi gradona\u010delnik bude Nazif Cungu, lider Force koja u novoj koaliciji ima najvi\u0161e &#8211; jedanaest odbornika. S obzirom da dosada\u0161njem predsjedniku op\u0161tine Gzimu Hajdinagi mandat isti\u010de 28. septembra, Cungu \u0107e zakletvu polo\u017eiti na posebnoj, sve\u010danoj sjednici Skup\u0161tine.<\/p>\n<p>Ina\u010de, izme\u0111u dva izborna postupka i ju\u010de su se mogla \u010duti kontroverzna, odnosno dijametralno suprotna tuma\u010denja konstituisanja nove koalicione ve\u0107ine koja je nastala zahvaljuju\u0107i odlukama \u010detvorice odbornika anamalskog dijela Demokratske unije Albanaca koji su se priklju\u010dili dotada\u0161njoj opozicionoj politi\u010dkoj grupaciji i u startu joj obezbijedili glas \u201edovoljnog vi\u0161ka\u201c. Na primjer:<\/p>\n<p>Ko jednom prevari&#8230;<\/p>\n<p>Mehmet Zenka je ukorio kolege da su \u201enapravili ve\u0107inu\u201c kojom se ne mogu di\u010diti, a lidera Force i novoizabranog gradona\u010delnika upozorio, aludiraju\u0107i na \u010detvoricu \u201eprebjega\u201c da ko jednom prevari, prevari\u0107e i drugi put, a ko izda jednog, izda\u0107e najvjerovatnije i drugog politi\u010dkog partnera. Jo\u0161 o\u0161trija u ocjenama bila je odbornica Hatid\u017ea \u0110oni, poru\u010duju\u0107i da \u0107e DUA i pored svega ostati partija dosljednih i jasnih politi\u010dkih ciljeva a zatim je, obra\u0107aju\u0107i se novoizabranim \u010delnicima kazala:<\/p>\n<p>Nikada ne\u0107u i ne mogu prihvatiti izdaju i politi\u010dke no\u017eeve u le\u0111ima kao metode borbe za vlast. Mo\u017eete se koliko god ho\u0107ete kititi i di\u010diti sa funkcijama, ali ozbiljna i velika djela ne mogu se praviti sa preleta\u010dima i izdajnicima.<\/p>\n<p>I odgovori na ovakve i sli\u010dne stavove, druge politi\u010dke opcije bili su jednako o\u0161tri i emotivni, pa je odbornik Genc Nimanbegu ju\u010dera\u0161nje preuzimanje izvr\u0161ne i parlamentarne vlasti ozna\u010dio po\u010detkom nove epohe u razvoju Ulcinja i radikalne promjene u stilu demokratskog vladanja ovim gradom. Rije\u010di odu\u0161evljenja novom vla\u0161\u0107u nije \u0161tedio ni Astrid Kurti saop\u0161tavaju\u0107i da je i najve\u0107i dio rukovodstva PDP spreman na podr\u0161ku, a njegov odborni\u010dki glas ionako je &#8211; kako je rekao, nesporan. Dodu\u0161e, niti li\u010dno, a ni predsjedavaju\u0107i ju\u010dera\u0161njim zasijedanjem nijesu razjasnili dilemu je li \u010dovjek zbilja odbornik, s obzirom da je prethodno podnio ostavku, o \u010demu je Skup\u0161tina obavije\u0161tena na samom po\u010detku sjednice.<\/p>\n<p>Kako god, me\u0111utim, nova ulcinjska vlast ima sasvim komotnu ve\u0107inu za sve budu\u0107e odluke, a jedna od prioritetnih, prema najavama novog gradona\u010delnika je &#8211; izrada nove razvojne strategije ulcinjske op\u0161tine.<br \/>\n<a href=\"http:\/\/www.visit-ulcinj.com\/blog\/wp-content\/uploads\/2011\/09\/Miljazim-Mustafa_Nazif-CunguPredsjednik-opstine-Ulcinj.jpg\"><img loading=\"lazy\" class=\"alignleft size-full wp-image-51311\" title=\"Miljazim Mustafa_Nazif Cungu,Predsjednik opstine Ulcinj\" src=\"http:\/\/www.visit-ulcinj.com\/blog\/wp-content\/uploads\/2011\/09\/Miljazim-Mustafa_Nazif-CunguPredsjednik-opstine-Ulcinj.jpg\" alt=\"\" width=\"508\" height=\"340\" srcset=\"https:\/\/www.visit-ulcinj.com\/blog\/wp-content\/uploads\/2011\/09\/Miljazim-Mustafa_Nazif-CunguPredsjednik-opstine-Ulcinj.jpg 720w, https:\/\/www.visit-ulcinj.com\/blog\/wp-content\/uploads\/2011\/09\/Miljazim-Mustafa_Nazif-CunguPredsjednik-opstine-Ulcinj-300x200.jpg 300w\" sizes=\"(max-width: 508px) 100vw, 508px\" \/><\/a><\/p>\n<p><strong>Dosljednost nesporna<\/strong><\/p>\n<p>&#8211; Sa jednakim politi\u010dkim dostojanstvom i dosljednim po\u0161tovanjem ciljeva intenzivnog razvoja evropskog Ulcinja u evropskoj Crnoj Gori, DPS \u0107e djelovati i iz opozicionih klupa &#8211; rekao je ju\u010de Ljui\u0111 \u0160krelja, odbornik i predsjednik Op\u0161tinskog odbora DPS. I pored svega \u0161to nam je u politi\u010dkom smislu prire\u0111eno, ne\u0107emo biti opozicija ni jednoj dobroj inicijativi, ni jednoj dobroj odluci, ni jednom razvojnom projektu.<\/p>\n<p>Naprotiv, bi\u0107emo uvijek spremni da pomognemo u svakom pogledu, ali \u0107e na\u0161a dosljednost ostati nesporna&#8230;<\/p>\n<p><a href=\"http:\/\/www.pobjeda.co.me\/citanje.php?datum=2011-09-23&amp;id=219444\" target=\"_blank\"><strong>Radomir Tomi\u0107<br \/>\nPobjeda<\/strong>\n\t\t<style type=\"text\/css\">\n\t\t\t#gallery-1 {\n\t\t\t\tmargin: auto;\n\t\t\t}\n\t\t\t#gallery-1 .gallery-item {\n\t\t\t\tfloat: left;\n\t\t\t\tmargin-top: 10px;\n\t\t\t\ttext-align: center;\n\t\t\t\twidth: 33%;\n\t\t\t}\n\t\t\t#gallery-1 img {\n\t\t\t\tborder: 2px solid #cfcfcf;\n\t\t\t}\n\t\t\t#gallery-1 .gallery-caption {\n\t\t\t\tmargin-left: 0;\n\t\t\t}\n\t\t\t\/* see gallery_shortcode() in wp-includes\/media.php *\/\n\t\t<\/style>\n\t\t<div id='gallery-1' class='gallery galleryid-51301 gallery-columns-3 gallery-size-thumbnail'><dl class='gallery-item'>\n\t\t\t<dt class='gallery-icon landscape'>\n\t\t\t\t<a href='https:\/\/www.visit-ulcinj.com\/blog\/wp-content\/uploads\/2011\/09\/Ali-Redza_Nazif-Cungu.jpg'><img width=\"150\" height=\"150\" src=\"https:\/\/www.visit-ulcinj.com\/blog\/wp-content\/uploads\/2011\/09\/Ali-Redza_Nazif-Cungu-150x150.jpg\" class=\"attachment-thumbnail size-thumbnail\" alt=\"\" loading=\"lazy\" \/><\/a>\n\t\t\t<\/dt><\/dl><dl class='gallery-item'>\n\t\t\t<dt class='gallery-icon landscape'>\n\t\t\t\t<a href='https:\/\/www.visit-ulcinj.com\/blog\/wp-content\/uploads\/2011\/09\/Amir-Hollaj_Nazif-Cungu.jpg'><img width=\"150\" height=\"150\" src=\"https:\/\/www.visit-ulcinj.com\/blog\/wp-content\/uploads\/2011\/09\/Amir-Hollaj_Nazif-Cungu-150x150.jpg\" class=\"attachment-thumbnail size-thumbnail\" alt=\"\" loading=\"lazy\" \/><\/a>\n\t\t\t<\/dt><\/dl><dl class='gallery-item'>\n\t\t\t<dt class='gallery-icon landscape'>\n\t\t\t\t<a href='https:\/\/www.visit-ulcinj.com\/blog\/wp-content\/uploads\/2011\/09\/Dzemal-Vukovic_Nazif-Cungu.jpg'><img width=\"150\" height=\"150\" src=\"https:\/\/www.visit-ulcinj.com\/blog\/wp-content\/uploads\/2011\/09\/Dzemal-Vukovic_Nazif-Cungu-150x150.jpg\" class=\"attachment-thumbnail size-thumbnail\" alt=\"\" loading=\"lazy\" \/><\/a>\n\t\t\t<\/dt><\/dl><br style=\"clear: both\" \/><dl class='gallery-item'>\n\t\t\t<dt class='gallery-icon landscape'>\n\t\t\t\t<a href='https:\/\/www.visit-ulcinj.com\/blog\/wp-content\/uploads\/2011\/09\/Kapllan-Muca_Naziv-Cungu.jpg'><img width=\"150\" height=\"150\" src=\"https:\/\/www.visit-ulcinj.com\/blog\/wp-content\/uploads\/2011\/09\/Kapllan-Muca_Naziv-Cungu-150x150.jpg\" class=\"attachment-thumbnail size-thumbnail\" alt=\"\" loading=\"lazy\" \/><\/a>\n\t\t\t<\/dt><\/dl><dl class='gallery-item'>\n\t\t\t<dt class='gallery-icon landscape'>\n\t\t\t\t<a href='https:\/\/www.visit-ulcinj.com\/blog\/wp-content\/uploads\/2011\/09\/Luidj-Lui-Skrela_Nazif-Cungu.jpg'><img width=\"150\" height=\"150\" src=\"https:\/\/www.visit-ulcinj.com\/blog\/wp-content\/uploads\/2011\/09\/Luidj-Lui-Skrela_Nazif-Cungu-150x150.jpg\" class=\"attachment-thumbnail size-thumbnail\" alt=\"\" loading=\"lazy\" \/><\/a>\n\t\t\t<\/dt><\/dl><dl class='gallery-item'>\n\t\t\t<dt class='gallery-icon landscape'>\n\t\t\t\t<a href='https:\/\/www.visit-ulcinj.com\/blog\/wp-content\/uploads\/2011\/09\/Nazif-CunguPredsjednik-opstine-Ulcinj.1.jpg'><img width=\"150\" height=\"150\" src=\"https:\/\/www.visit-ulcinj.com\/blog\/wp-content\/uploads\/2011\/09\/Nazif-CunguPredsjednik-opstine-Ulcinj.1-150x150.jpg\" class=\"attachment-thumbnail size-thumbnail\" alt=\"\" loading=\"lazy\" \/><\/a>\n\t\t\t<\/dt><\/dl><br style=\"clear: both\" \/><dl class='gallery-item'>\n\t\t\t<dt class='gallery-icon landscape'>\n\t\t\t\t<a href='https:\/\/www.visit-ulcinj.com\/blog\/wp-content\/uploads\/2011\/09\/Selim-Resulbegovic_Nazif-Cungu.jpg'><img width=\"150\" height=\"150\" src=\"https:\/\/www.visit-ulcinj.com\/blog\/wp-content\/uploads\/2011\/09\/Selim-Resulbegovic_Nazif-Cungu-150x150.jpg\" class=\"attachment-thumbnail size-thumbnail\" alt=\"\" loading=\"lazy\" \/><\/a>\n\t\t\t<\/dt><\/dl><dl class='gallery-item'>\n\t\t\t<dt class='gallery-icon landscape'>\n\t\t\t\t<a href='https:\/\/www.visit-ulcinj.com\/blog\/wp-content\/uploads\/2011\/09\/Skender-Elezagic_Nazif-Cungu.jpg'><img width=\"150\" height=\"150\" src=\"https:\/\/www.visit-ulcinj.com\/blog\/wp-content\/uploads\/2011\/09\/Skender-Elezagic_Nazif-Cungu-150x150.jpg\" class=\"attachment-thumbnail size-thumbnail\" alt=\"\" loading=\"lazy\" \/><\/a>\n\t\t\t<\/dt><\/dl><dl class='gallery-item'>\n\t\t\t<dt class='gallery-icon landscape'>\n\t\t\t\t<a href='https:\/\/www.visit-ulcinj.com\/blog\/wp-content\/uploads\/2011\/09\/Miljazim-Mustafa_Nazif-CunguPredsjednik-opstine-Ulcinj.jpg'><img width=\"150\" height=\"150\" src=\"https:\/\/www.visit-ulcinj.com\/blog\/wp-content\/uploads\/2011\/09\/Miljazim-Mustafa_Nazif-CunguPredsjednik-opstine-Ulcinj-150x150.jpg\" class=\"attachment-thumbnail size-thumbnail\" alt=\"\" loading=\"lazy\" \/><\/a>\n\t\t\t<\/dt><\/dl><br style=\"clear: both\" \/>\n\t\t<\/div>\n<br \/>\n<!--YouTube Error: bad URL entered--><\/a><\/p>\n","protected":false},"excerpt":{"rendered":"<p>Dosada\u0161nji predsjednik parlamenta Ljui\u0111 \u0160krelja podnio je ju\u010de neopozivu ostavku, a za njegovog nasljednika izabran je Miljazim Mustafa. Novi gradona\u010delnik je Nazif Cungu, jer dosada\u0161njem Gzimu Hajdinagi mandat isti\u010de 28. septembra ULCINJ &#8211; Novokonstituisani koalicioni blok partija koji \u010dine Forca, SDP, Perspektiva, Anamalski ogranak DUA sa \u010detiri odbornika, formalizovao je na ju\u010dera\u0161njoj sjednici Skup\u0161tine ina\u010de [&hellip;]<\/p>\n","protected":false},"author":1,"featured_media":0,"comment_status":"open","ping_status":"closed","sticky":false,"template":"","format":"standard","meta":{"spay_email":"","jetpack_publicize_message":"","jetpack_is_tweetstorm":false,"jetpack_publicize_feature_enabled":true},"categories":[8337],"tags":[118,3168,19],"jetpack_publicize_connections":[],"yoast_head":"<!-- This site is optimized with the Yoast SEO plugin v19.1 - https:\/\/yoast.com\/wordpress\/plugins\/seo\/ -->\n<title>Nazif Cungu,Predsjednik op\u0161tine Ulcinj - Lajme nga Ulqini<\/title>\n<meta name=\"description\" content=\"Dosada\u0161nji predsjednik parlamenta Ljui\u0111 \u0160krelja podnio je ju\u010de neopozivu ostavku, a za njegovog nasljednika izabran je Miljazim Mustafa. Novi\" \/>\n<meta name=\"robots\" content=\"index, follow, max-snippet:-1, max-image-preview:large, max-video-preview:-1\" \/>\n<link rel=\"canonical\" href=\"https:\/\/www.visit-ulcinj.com\/blog\/2011\/09\/23\/nazif-cungupredsjednik-opstine-ulcinj\/\" \/>\n<meta property=\"og:locale\" content=\"en_US\" \/>\n<meta property=\"og:type\" content=\"article\" \/>\n<meta property=\"og:title\" content=\"Nazif Cungu,Predsjednik op\u0161tine Ulcinj - Lajme nga Ulqini\" \/>\n<meta property=\"og:description\" content=\"Dosada\u0161nji predsjednik parlamenta Ljui\u0111 \u0160krelja podnio je ju\u010de neopozivu ostavku, a za njegovog nasljednika izabran je Miljazim Mustafa. Novi\" \/>\n<meta property=\"og:url\" content=\"https:\/\/www.visit-ulcinj.com\/blog\/2011\/09\/23\/nazif-cungupredsjednik-opstine-ulcinj\/\" \/>\n<meta property=\"og:site_name\" content=\"Lajme nga Ulqini\" \/>\n<meta property=\"article:published_time\" content=\"2011-09-23T17:40:55+00:00\" \/>\n<meta property=\"article:modified_time\" content=\"2011-09-23T17:48:40+00:00\" \/>\n<meta property=\"og:image\" content=\"https:\/\/www.visit-ulcinj.com\/blog\/wp-content\/uploads\/2011\/09\/Ali-Redza_Nazif-Cungu-150x150.jpg\" \/>\n<meta name=\"twitter:label1\" content=\"Written by\" \/>\n\t<meta name=\"twitter:data1\" content=\"ulqini\" \/>\n\t<meta name=\"twitter:label2\" content=\"Est. reading time\" \/>\n\t<meta name=\"twitter:data2\" content=\"4 minutes\" \/>\n<script type=\"application\/ld+json\" class=\"yoast-schema-graph\">{\"@context\":\"https:\/\/schema.org\",\"@graph\":[{\"@type\":\"WebSite\",\"@id\":\"https:\/\/www.visit-ulcinj.com\/blog\/#website\",\"url\":\"https:\/\/www.visit-ulcinj.com\/blog\/\",\"name\":\"Lajme nga Ulqini\",\"description\":\"Lajme,Vijesti,Ulqini,Ulqin,Crna Gora,Mali i Zi\",\"potentialAction\":[{\"@type\":\"SearchAction\",\"target\":{\"@type\":\"EntryPoint\",\"urlTemplate\":\"https:\/\/www.visit-ulcinj.com\/blog\/?s={search_term_string}\"},\"query-input\":\"required name=search_term_string\"}],\"inLanguage\":\"en-US\"},{\"@type\":\"ImageObject\",\"inLanguage\":\"en-US\",\"@id\":\"https:\/\/www.visit-ulcinj.com\/blog\/2011\/09\/23\/nazif-cungupredsjednik-opstine-ulcinj\/#primaryimage\",\"url\":\"https:\/\/www.visit-ulcinj.com\/blog\/wp-content\/uploads\/2011\/09\/Nazif-CunguPredsjednik-opstine-Ulcinj.1.jpg\",\"contentUrl\":\"https:\/\/www.visit-ulcinj.com\/blog\/wp-content\/uploads\/2011\/09\/Nazif-CunguPredsjednik-opstine-Ulcinj.1.jpg\",\"width\":\"720\",\"height\":\"480\"},{\"@type\":\"WebPage\",\"@id\":\"https:\/\/www.visit-ulcinj.com\/blog\/2011\/09\/23\/nazif-cungupredsjednik-opstine-ulcinj\/#webpage\",\"url\":\"https:\/\/www.visit-ulcinj.com\/blog\/2011\/09\/23\/nazif-cungupredsjednik-opstine-ulcinj\/\",\"name\":\"Nazif Cungu,Predsjednik op\u0161tine Ulcinj - Lajme nga Ulqini\",\"isPartOf\":{\"@id\":\"https:\/\/www.visit-ulcinj.com\/blog\/#website\"},\"primaryImageOfPage\":{\"@id\":\"https:\/\/www.visit-ulcinj.com\/blog\/2011\/09\/23\/nazif-cungupredsjednik-opstine-ulcinj\/#primaryimage\"},\"datePublished\":\"2011-09-23T17:40:55+00:00\",\"dateModified\":\"2011-09-23T17:48:40+00:00\",\"author\":{\"@id\":\"https:\/\/www.visit-ulcinj.com\/blog\/#\/schema\/person\/dcab619c614d3038751c63bc2aadc06d\"},\"description\":\"Dosada\u0161nji predsjednik parlamenta Ljui\u0111 \u0160krelja podnio je ju\u010de neopozivu ostavku, a za njegovog nasljednika izabran je Miljazim Mustafa. Novi\",\"breadcrumb\":{\"@id\":\"https:\/\/www.visit-ulcinj.com\/blog\/2011\/09\/23\/nazif-cungupredsjednik-opstine-ulcinj\/#breadcrumb\"},\"inLanguage\":\"en-US\",\"potentialAction\":[{\"@type\":\"ReadAction\",\"target\":[\"https:\/\/www.visit-ulcinj.com\/blog\/2011\/09\/23\/nazif-cungupredsjednik-opstine-ulcinj\/\"]}]},{\"@type\":\"BreadcrumbList\",\"@id\":\"https:\/\/www.visit-ulcinj.com\/blog\/2011\/09\/23\/nazif-cungupredsjednik-opstine-ulcinj\/#breadcrumb\",\"itemListElement\":[{\"@type\":\"ListItem\",\"position\":1,\"name\":\"Nazif Cungu,Predsjednik op\u0161tine Ulcinj\"}]},{\"@type\":\"Person\",\"@id\":\"https:\/\/www.visit-ulcinj.com\/blog\/#\/schema\/person\/dcab619c614d3038751c63bc2aadc06d\",\"name\":\"ulqini\",\"sameAs\":[\"http:\/\/www.visit-ulcinj.com\"],\"url\":\"https:\/\/www.visit-ulcinj.com\/blog\/author\/admin\/\"}]}<\/script>\n<!-- \/ Yoast SEO plugin. -->","yoast_head_json":{"title":"Nazif Cungu,Predsjednik op\u0161tine Ulcinj - Lajme nga Ulqini","description":"Dosada\u0161nji predsjednik parlamenta Ljui\u0111 \u0160krelja podnio je ju\u010de neopozivu ostavku, a za njegovog nasljednika izabran je Miljazim Mustafa. Novi","robots":{"index":"index","follow":"follow","max-snippet":"max-snippet:-1","max-image-preview":"max-image-preview:large","max-video-preview":"max-video-preview:-1"},"canonical":"https:\/\/www.visit-ulcinj.com\/blog\/2011\/09\/23\/nazif-cungupredsjednik-opstine-ulcinj\/","og_locale":"en_US","og_type":"article","og_title":"Nazif Cungu,Predsjednik op\u0161tine Ulcinj - Lajme nga Ulqini","og_description":"Dosada\u0161nji predsjednik parlamenta Ljui\u0111 \u0160krelja podnio je ju\u010de neopozivu ostavku, a za njegovog nasljednika izabran je Miljazim Mustafa. Novi","og_url":"https:\/\/www.visit-ulcinj.com\/blog\/2011\/09\/23\/nazif-cungupredsjednik-opstine-ulcinj\/","og_site_name":"Lajme nga Ulqini","article_published_time":"2011-09-23T17:40:55+00:00","article_modified_time":"2011-09-23T17:48:40+00:00","og_image":[{"url":"https:\/\/www.visit-ulcinj.com\/blog\/wp-content\/uploads\/2011\/09\/Ali-Redza_Nazif-Cungu-150x150.jpg"}],"twitter_misc":{"Written by":"ulqini","Est. reading time":"4 minutes"},"schema":{"@context":"https:\/\/schema.org","@graph":[{"@type":"WebSite","@id":"https:\/\/www.visit-ulcinj.com\/blog\/#website","url":"https:\/\/www.visit-ulcinj.com\/blog\/","name":"Lajme nga Ulqini","description":"Lajme,Vijesti,Ulqini,Ulqin,Crna Gora,Mali i Zi","potentialAction":[{"@type":"SearchAction","target":{"@type":"EntryPoint","urlTemplate":"https:\/\/www.visit-ulcinj.com\/blog\/?s={search_term_string}"},"query-input":"required name=search_term_string"}],"inLanguage":"en-US"},{"@type":"ImageObject","inLanguage":"en-US","@id":"https:\/\/www.visit-ulcinj.com\/blog\/2011\/09\/23\/nazif-cungupredsjednik-opstine-ulcinj\/#primaryimage","url":"https:\/\/www.visit-ulcinj.com\/blog\/wp-content\/uploads\/2011\/09\/Nazif-CunguPredsjednik-opstine-Ulcinj.1.jpg","contentUrl":"https:\/\/www.visit-ulcinj.com\/blog\/wp-content\/uploads\/2011\/09\/Nazif-CunguPredsjednik-opstine-Ulcinj.1.jpg","width":"720","height":"480"},{"@type":"WebPage","@id":"https:\/\/www.visit-ulcinj.com\/blog\/2011\/09\/23\/nazif-cungupredsjednik-opstine-ulcinj\/#webpage","url":"https:\/\/www.visit-ulcinj.com\/blog\/2011\/09\/23\/nazif-cungupredsjednik-opstine-ulcinj\/","name":"Nazif Cungu,Predsjednik op\u0161tine Ulcinj - Lajme nga Ulqini","isPartOf":{"@id":"https:\/\/www.visit-ulcinj.com\/blog\/#website"},"primaryImageOfPage":{"@id":"https:\/\/www.visit-ulcinj.com\/blog\/2011\/09\/23\/nazif-cungupredsjednik-opstine-ulcinj\/#primaryimage"},"datePublished":"2011-09-23T17:40:55+00:00","dateModified":"2011-09-23T17:48:40+00:00","author":{"@id":"https:\/\/www.visit-ulcinj.com\/blog\/#\/schema\/person\/dcab619c614d3038751c63bc2aadc06d"},"description":"Dosada\u0161nji predsjednik parlamenta Ljui\u0111 \u0160krelja podnio je ju\u010de neopozivu ostavku, a za njegovog nasljednika izabran je Miljazim Mustafa. Novi","breadcrumb":{"@id":"https:\/\/www.visit-ulcinj.com\/blog\/2011\/09\/23\/nazif-cungupredsjednik-opstine-ulcinj\/#breadcrumb"},"inLanguage":"en-US","potentialAction":[{"@type":"ReadAction","target":["https:\/\/www.visit-ulcinj.com\/blog\/2011\/09\/23\/nazif-cungupredsjednik-opstine-ulcinj\/"]}]},{"@type":"BreadcrumbList","@id":"https:\/\/www.visit-ulcinj.com\/blog\/2011\/09\/23\/nazif-cungupredsjednik-opstine-ulcinj\/#breadcrumb","itemListElement":[{"@type":"ListItem","position":1,"name":"Nazif Cungu,Predsjednik op\u0161tine Ulcinj"}]},{"@type":"Person","@id":"https:\/\/www.visit-ulcinj.com\/blog\/#\/schema\/person\/dcab619c614d3038751c63bc2aadc06d","name":"ulqini","sameAs":["http:\/\/www.visit-ulcinj.com"],"url":"https:\/\/www.visit-ulcinj.com\/blog\/author\/admin\/"}]}},"jetpack_featured_media_url":"","jetpack_sharing_enabled":true,"jetpack_shortlink":"https:\/\/wp.me\/pe6lTn-dlr","_links":{"self":[{"href":"https:\/\/www.visit-ulcinj.com\/blog\/wp-json\/wp\/v2\/posts\/51301"}],"collection":[{"href":"https:\/\/www.visit-ulcinj.com\/blog\/wp-json\/wp\/v2\/posts"}],"about":[{"href":"https:\/\/www.visit-ulcinj.com\/blog\/wp-json\/wp\/v2\/types\/post"}],"author":[{"embeddable":true,"href":"https:\/\/www.visit-ulcinj.com\/blog\/wp-json\/wp\/v2\/users\/1"}],"replies":[{"embeddable":true,"href":"https:\/\/www.visit-ulcinj.com\/blog\/wp-json\/wp\/v2\/comments?post=51301"}],"version-history":[{"count":4,"href":"https:\/\/www.visit-ulcinj.com\/blog\/wp-json\/wp\/v2\/posts\/51301\/revisions"}],"predecessor-version":[{"id":51315,"href":"https:\/\/www.visit-ulcinj.com\/blog\/wp-json\/wp\/v2\/posts\/51301\/revisions\/51315"}],"wp:attachment":[{"href":"https:\/\/www.visit-ulcinj.com\/blog\/wp-json\/wp\/v2\/media?parent=51301"}],"wp:term":[{"taxonomy":"category","embeddable":true,"href":"https:\/\/www.visit-ulcinj.com\/blog\/wp-json\/wp\/v2\/categories?post=51301"},{"taxonomy":"post_tag","embeddable":true,"href":"https:\/\/www.visit-ulcinj.com\/blog\/wp-json\/wp\/v2\/tags?post=51301"}],"curies":[{"name":"wp","href":"https:\/\/api.w.org\/{rel}","templated":true}]}}