{"id":51320,"date":"2011-09-24T15:45:11","date_gmt":"2011-09-24T14:45:11","guid":{"rendered":"http:\/\/www.visit-ulcinj.com\/blog\/?p=51320"},"modified":"2011-09-24T15:45:39","modified_gmt":"2011-09-24T14:45:39","slug":"kodi-zgjedhor-dhe-shqiptaret","status":"publish","type":"post","link":"https:\/\/www.visit-ulcinj.com\/blog\/2011\/09\/24\/kodi-zgjedhor-dhe-shqiptaret\/","title":{"rendered":"Kodi zgjedhor dhe shqiptar\u00ebt"},"content":{"rendered":"<div id=\"attachment_51321\" style=\"width: 518px\" class=\"wp-caption alignleft\"><a href=\"http:\/\/www.visit-ulcinj.com\/blog\/wp-content\/uploads\/2011\/09\/Kodi-zgjedhor-dhe-shqiptar%C3%ABt.jpg\"><img aria-describedby=\"caption-attachment-51321\" loading=\"lazy\" class=\"size-full wp-image-51321\" title=\"Kodi zgjedhor dhe shqiptar\u00ebt\" src=\"http:\/\/www.visit-ulcinj.com\/blog\/wp-content\/uploads\/2011\/09\/Kodi-zgjedhor-dhe-shqiptar%C3%ABt.jpg\" alt=\"\" width=\"508\" height=\"380\" \/><\/a><p id=\"caption-attachment-51321\" class=\"wp-caption-text\">Foto: F.Gjokaj<\/p><\/div>\n<p><strong>Nga Sabri SALAJ<\/strong><br \/>\nDeputet\u00ebt e Parlamentit t\u00eb Malit t\u00eb Zi me shumic\u00eb votash miratuan Kodin e ri zgjedhor. Votimi u b\u00eb pas debateve q\u00eb u zhvilluan n\u00eb Parlamentin e Malit t\u00eb Zi n\u00eb mes t\u00eb opozit\u00ebs dhe pozit\u00ebs. P\u00ebr miratimin e projektligjit t\u00eb propozuar duheshin nj\u00eb shumic\u00eb prej 2\/3 e votave t\u00eb t\u00eb gjith\u00eb deputet\u00ebve.<\/p>\n<p>Nj\u00eb nd\u00ebr shtat\u00eb kushtet q\u00eb Bashkimi Evropian p\u00ebr t\u00eb hapur negociatat p\u00ebr an\u00ebtar\u00ebsimin e Malit t\u00eb Zi ishte edhe miratimi i k\u00ebtij kodi, por me kusht q\u00eb kjo t\u00eb arrihet pas nj\u00eb konsensuesi t\u00eb gjer\u00eb n\u00eb mes t\u00eb partive politike. Kodi zgjedhor u miratua pik\u00ebrisht me konsensus t\u00eb shumic\u00ebs parlamentare, por pa subjektet politike shqiptare. Subjektet politike shqiptare votuan me largimin nga salla e parlamentit me arsyen se nuk ishte marr\u00eb parasysh amandamenti i propozuar nga ana e tyre. N\u00eb amandamentin e tyre partit\u00eb shqiptare k\u00ebrkuan q\u00eb shqiptar\u00ebve t\u2019u garantohen pes\u00eb mandate nj\u00eblloj si edhe m\u00eb par\u00eb. T\u00eb drejt\u00ebn p\u00ebr t\u00eb pasur pes\u00eb mandate n\u00eb Parlamentin e Malit t\u00eb Zi deputet\u00ebt shqiptar\u00eb e mbrojt\u00ebn edhe gjat\u00eb debateve duke potencuar se kjo ishte m\u00eb p\u00ebrfaq\u00ebsuese p\u00ebr shqiptar\u00ebt n\u00eb Mal t\u00eb Zi , duke p\u00ebrmendur dhe faktin se subjektet politike shqiptare ishin faktor vendimtar n\u00eb pavar\u00ebsin\u00eb e shtetit t\u00eb Malit t\u00eb Zi.<br \/>\nPor, pavar\u00ebsisht t\u00eb gjitha k\u00ebtyre shumica parlamentare miratoi Kodin e ri zgjedhor dhe vendosi q\u00eb shqiptar\u00ebt n\u00eb Mal t\u00eb Zi do p\u00ebrfaq\u00ebsohen n\u00eb Parlamentin e Malit t\u00eb Zi dhe do b\u00ebhen parti parlamentare at\u00ebher\u00eb kur t\u00eb kalojn\u00eb pragun zgjedhor i cili me ligjin e ri zgjedhor \u00ebsht\u00eb 3%. Partit\u00eb politike shqiptare shprehen pak\u00ebnaq\u00ebsit\u00eb e tyre duke argumentuar se kjo bie ndesh me parimet demokratike ku kemi t\u00eb b\u00ebjm\u00eb me diskriminimin e shqiptar\u00ebve n\u00eb Mal t\u00eb Zi dhe mohimin e drejtave t\u00eb fituara.<br \/>\nT\u00eb jesh parti parlamentare, deputet do t\u00eb thot\u00eb t\u00eb p\u00ebrfaq\u00ebsosh interesat e popullit t\u00ebnd n\u00eb at\u00eb parlament, t\u00eb miratosh ligje q\u00eb garantojn\u00eb dhe hapin perspektiv\u00eb e t\u00eb drejta t\u00eb njer\u00ebzve , kulturave dhe platformave q\u00eb p\u00ebrfaq\u00ebsojn\u00eb duke u bazuar n\u00eb rrethanat dhe fuqin\u00eb q\u00eb kan\u00eb n\u00eb at\u00eb parlament. K\u00ebshtu p\u00ebrfaq\u00ebsimi n\u00eb radh\u00eb t\u00eb par\u00eb \u00ebsht\u00eb p\u00ebrgjegj\u00ebsi shum\u00eb e madhe dhe p\u00ebr ket\u00eb t\u00eb largosh p\u00ebrgjegj\u00ebsit\u00eb politike nga vetja dhe t\u2019i adresosh popullit t\u00eb vet vet\u00ebm e vet\u00ebm p\u00ebr interesa personale e karierizma do t\u00eb thot\u00eb t\u00eb punosh kund\u00ebr popullit t\u00eb vet.<br \/>\nN\u00eb rastin ton\u00eb deputet\u00ebt q\u00eb p\u00ebrfaq\u00ebsojn\u00eb shqiptar\u00ebt n\u00eb Malin e Zi duhet ta din\u00eb e q\u00eb tani do t\u00eb duhet t\u00eb thuhej se duhej ta kishin ditur se politika kuror\u00ebzohet me marr\u00ebveshje politike e jo m\u00eb folklore politike. B\u00ebrja e politik\u00ebs me finalizimin e marr\u00ebveshjeve politike shkon n\u00eb dobi t\u00eb shqiptar\u00ebve, kurse retorika e patriotizmit shterp shkon n\u00eb d\u00ebm t\u00eb shqiptar\u00ebve. Dija duhet t\u00eb jet\u00eb imperative q\u00eb nj\u00eb praktik\u00eb e till\u00eb t\u00eb realizohet. Shqiptar\u00ebt n\u00eb Mal t\u00eb Zi jan\u00eb kontribuuesit m\u00eb t\u00eb m\u00ebdhenj t\u00eb pavar\u00ebsis\u00eb dhe stabilitetit politik n\u00eb Mal t\u00eb Zi, dhe nj\u00eb qasje e till\u00eb duhet t\u00eb vazhdohet, sepse shembuj t\u00eb till\u00eb shqiptar\u00ebt kan\u00eb dh\u00ebn\u00eb n\u00eb t\u00eb gjith\u00eb rajonin. Por, ndjekja e nj\u00eb rruge t\u00eb till\u00eb s\u2019do t\u00eb thot\u00eb se shqiptar\u00ebt dhe p\u00ebrfaq\u00ebsuesit e tyre duhet t\u00eb lejojn\u00eb politika diskriminuese.<br \/>\nPor a kishte nj\u00eb marr\u00ebveshje politike apo juridike n\u00eb mes t\u00eb subjekteve politike shqiptare dhe atyre nacionale malazeze n\u00eb pavar\u00ebsimin e Malit t\u00eb Zi?<br \/>\nJo. E them k\u00ebt\u00eb, sepse deputet\u00ebt shqiptar\u00eb nuk p\u00ebrmendin ndonj\u00eb marr\u00ebveshje rreth k\u00ebsaj problematike.doshta si\u00e7 duket interesat personale , karierizmat e shum\u00eb t\u00eb tjera ishin m\u00eb primare sesa interesat e shqiptar\u00ebve, p\u00ebrfshi k\u00ebtu edhe propagand\u00ebn politike. Derisa shteti i Malit t\u00eb Zi vazhdon n\u00eb konsolidimin dhe demokratizimin e tij subjektet politike shqiptare vazhdojn\u00eb hutin\u00eb q\u00eb sjell\u00eb vazhdimisht dhe p\u00ebr\u00e7arjen dhe \u00e7do her\u00eb m\u00eb propagand\u00ebn e till\u00eb se pushteti qendror na i paska fajet duke mos marr\u00eb p\u00ebrsip\u00ebr ato p\u00ebrgjegj\u00ebsi q\u00eb ne kemi mund\u00ebsi t\u2019i p\u00ebrmbushim.<br \/>\nKjo ndodhi edhe me Kodin e ri zgjedhor ku p\u00ebrs\u00ebri akuzojn\u00eb e b\u00ebrtasin sikur ka ndodhur di\u00e7ka tragjike, di\u00e7ka e cila ishte e papritur p\u00ebr ne. N\u00eb politik\u00eb nuk ka asgj\u00eb t\u00eb papritur apo rast\u00ebsi, \u00e7do gj\u00eb projektohet me an\u00eb t\u00eb nj\u00eb strategji n\u00ebse ke q\u00ebllime se ku do t\u00eb arrish. B\u00ebrja e politik\u00ebs nga subjektet politike shqiptare n\u00eb k\u00ebt\u00eb form\u00eb pa nj\u00eb strategji dhe nj\u00eb synim se ku do t\u00eb arrijm\u00eb, dhe m\u00eb e keqja vazhdimi i p\u00ebr\u00e7arjes politike n\u00eb mes veti do na largoj\u00eb jo vet\u00ebm nga Parlamenti i Malit t\u00eb Zi, por edhe prej p\u00ebrfaq\u00ebsimeve tjera.<br \/>\nPor a ka nj\u00eb zgjidhje dhe cila do ishte m\u00eb e mira e mundshme?<br \/>\nN\u00eb radh\u00eb t\u00eb par\u00eb duhet bashk\u00ebpunim, unifikim dhe koordinim i t\u00eb gjitha subjekteve politike shqiptare dhe hartimi i platformave politike p\u00ebr ardhm\u00ebrin\u00eb e shqiptar\u00ebve n\u00eb Mal t\u00eb Zi. Pastaj e gjith\u00eb kjo nuk mund t\u00eb arrihet pa kuadro dhe njoh\u00ebs t\u00eb fushave q\u00eb lidhen m\u00eb k\u00ebto problematika. Prandaj bashk\u00ebpunimi dhe koordinimi me specialist\u00eb t\u00eb fushave \u00ebsht\u00eb i domosdosh\u00ebm, n\u00eb m\u00ebnyr\u00eb q\u00eb n\u00eb nj\u00eb t\u00eb ardhme t\u00eb kemi q\u00ebllime t\u00eb qarta dhe t\u00eb plot\u00ebsojm\u00eb jo vet\u00ebm sken\u00ebn politike t\u00eb Malit t\u00eb Zi, por edhe t\u00eb jemi faktor\u00eb dhe kontribuues kryesor n\u00eb demokratizimin e Malit t\u00eb Zi dhe n\u00eb perspektiv\u00ebn e ardhshme drejt\u00eb Bashkimit Evropian.<br \/>\nN\u00eb fund duhet t\u00eb theksoj se miratimi i Kodit t\u00eb ri zgjedhor i cili parasheh nj\u00eb p\u00ebrqindje prej 3% q\u00eb subjektet politike t\u00eb b\u00ebhen parti parlamentare do t\u00eb thot\u00eb bashkim i t\u00eb gjitha subjekteve politike shqiptare n\u00eb nj\u00eb list\u00eb t\u00eb p\u00ebrbashk\u00ebt, gjithashtu hapjen e nj\u00eb p\u00ebrspektive t\u00eb re t\u00eb t\u00eb b\u00ebrit politik\u00eb ku me nj\u00eb vizion t\u00eb qart\u00eb dhe nj\u00eb vullnet t\u00eb mir\u00eb k\u00ebsaj liste mund dhe duhet t\u2019i bashkohen edhe subjekte tjera politike jo shqiptare. Po k\u00ebshtu n\u00eb p\u00ebrfaq\u00ebsim dhe n\u00eb stafe profesionale duhet t\u00eb p\u00ebrfshihen grupmoshat duke pasur si kriter gjithmon\u00eb p\u00ebrgatitjen profesionale. Bashk\u00ebpunimi , koordinimi dhe unifikimi i t\u00eb b\u00ebrit politik \u00ebsht\u00eb form\u00eb e popujve t\u00eb civilizuar dhe e vendeve demokratike.<br \/>\nKrejt n\u00eb fund duhet t\u00eb citoj mendimin e nj\u00eb politikani i cili thot\u00eb: \u201ccivilizimi arsimon , kultura edukon, i pari k\u00ebrkon m\u00ebsim e dyta meditim. Shkollimi yn\u00eb nd\u00ebrton vet\u00ebm civilizimin ton\u00eb dhe vet\u00eb ai nuk kontribuon kultur\u00ebn ton\u00eb\u201d.<\/p>\n<p><strong>(Autori \u00ebsht\u00eb jurist i diplomuar dhe kandidat p\u00ebr master n\u00eb programin Politik\u00eb Nd\u00ebrkomb\u00ebtare dhe Diplomaci)<\/strong><\/p>\n<p><strong>KOHA JAVORE<\/strong><\/p>\n<p>&nbsp;<\/p>\n","protected":false},"excerpt":{"rendered":"<p>Nga Sabri SALAJ Deputet\u00ebt e Parlamentit t\u00eb Malit t\u00eb Zi me shumic\u00eb votash miratuan Kodin e ri zgjedhor. Votimi u b\u00eb pas debateve q\u00eb u zhvilluan n\u00eb Parlamentin e Malit t\u00eb Zi n\u00eb mes t\u00eb opozit\u00ebs dhe pozit\u00ebs. P\u00ebr miratimin e projektligjit t\u00eb propozuar duheshin nj\u00eb shumic\u00eb prej 2\/3 e votave t\u00eb t\u00eb gjith\u00eb deputet\u00ebve. [&hellip;]<\/p>\n","protected":false},"author":1,"featured_media":0,"comment_status":"open","ping_status":"closed","sticky":false,"template":"","format":"standard","meta":{"spay_email":"","jetpack_publicize_message":"","jetpack_is_tweetstorm":false,"jetpack_publicize_feature_enabled":true},"categories":[14249],"tags":[95,5615,200],"jetpack_publicize_connections":[],"yoast_head":"<!-- This site is optimized with the Yoast SEO plugin v19.1 - https:\/\/yoast.com\/wordpress\/plugins\/seo\/ -->\n<title>Kodi zgjedhor dhe shqiptar\u00ebt - Lajme nga Ulqini<\/title>\n<meta name=\"description\" content=\"Nga Sabri SALAJ Deputet\u00ebt e Parlamentit t\u00eb Malit t\u00eb Zi me shumic\u00eb votash miratuan Kodin e ri zgjedhor. Votimi u b\u00eb pas debateve q\u00eb u zhvilluan n\u00eb\" \/>\n<meta name=\"robots\" content=\"index, follow, max-snippet:-1, max-image-preview:large, max-video-preview:-1\" \/>\n<link rel=\"canonical\" href=\"https:\/\/www.visit-ulcinj.com\/blog\/2011\/09\/24\/kodi-zgjedhor-dhe-shqiptaret\/\" \/>\n<meta property=\"og:locale\" content=\"en_US\" \/>\n<meta property=\"og:type\" content=\"article\" \/>\n<meta property=\"og:title\" content=\"Kodi zgjedhor dhe shqiptar\u00ebt - Lajme nga Ulqini\" \/>\n<meta property=\"og:description\" content=\"Nga Sabri SALAJ Deputet\u00ebt e Parlamentit t\u00eb Malit t\u00eb Zi me shumic\u00eb votash miratuan Kodin e ri zgjedhor. Votimi u b\u00eb pas debateve q\u00eb u zhvilluan n\u00eb\" \/>\n<meta property=\"og:url\" content=\"https:\/\/www.visit-ulcinj.com\/blog\/2011\/09\/24\/kodi-zgjedhor-dhe-shqiptaret\/\" \/>\n<meta property=\"og:site_name\" content=\"Lajme nga Ulqini\" \/>\n<meta property=\"article:published_time\" content=\"2011-09-24T14:45:11+00:00\" \/>\n<meta property=\"article:modified_time\" content=\"2011-09-24T14:45:39+00:00\" \/>\n<meta property=\"og:image\" content=\"http:\/\/www.visit-ulcinj.com\/blog\/wp-content\/uploads\/2011\/09\/Kodi-zgjedhor-dhe-shqiptar%C3%ABt.jpg\" \/>\n<meta name=\"twitter:label1\" content=\"Written by\" \/>\n\t<meta name=\"twitter:data1\" content=\"ulqini\" \/>\n\t<meta name=\"twitter:label2\" content=\"Est. reading time\" \/>\n\t<meta name=\"twitter:data2\" content=\"6 minutes\" \/>\n<script type=\"application\/ld+json\" class=\"yoast-schema-graph\">{\"@context\":\"https:\/\/schema.org\",\"@graph\":[{\"@type\":\"WebSite\",\"@id\":\"https:\/\/www.visit-ulcinj.com\/blog\/#website\",\"url\":\"https:\/\/www.visit-ulcinj.com\/blog\/\",\"name\":\"Lajme nga Ulqini\",\"description\":\"Lajme,Vijesti,Ulqini,Ulqin,Crna Gora,Mali i Zi\",\"potentialAction\":[{\"@type\":\"SearchAction\",\"target\":{\"@type\":\"EntryPoint\",\"urlTemplate\":\"https:\/\/www.visit-ulcinj.com\/blog\/?s={search_term_string}\"},\"query-input\":\"required name=search_term_string\"}],\"inLanguage\":\"en-US\"},{\"@type\":\"ImageObject\",\"inLanguage\":\"en-US\",\"@id\":\"https:\/\/www.visit-ulcinj.com\/blog\/2011\/09\/24\/kodi-zgjedhor-dhe-shqiptaret\/#primaryimage\",\"url\":\"http:\/\/www.visit-ulcinj.com\/blog\/wp-content\/uploads\/2011\/09\/Kodi-zgjedhor-dhe-shqiptar%C3%ABt.jpg\",\"contentUrl\":\"http:\/\/www.visit-ulcinj.com\/blog\/wp-content\/uploads\/2011\/09\/Kodi-zgjedhor-dhe-shqiptar%C3%ABt.jpg\"},{\"@type\":\"WebPage\",\"@id\":\"https:\/\/www.visit-ulcinj.com\/blog\/2011\/09\/24\/kodi-zgjedhor-dhe-shqiptaret\/#webpage\",\"url\":\"https:\/\/www.visit-ulcinj.com\/blog\/2011\/09\/24\/kodi-zgjedhor-dhe-shqiptaret\/\",\"name\":\"Kodi zgjedhor dhe shqiptar\u00ebt - Lajme nga Ulqini\",\"isPartOf\":{\"@id\":\"https:\/\/www.visit-ulcinj.com\/blog\/#website\"},\"primaryImageOfPage\":{\"@id\":\"https:\/\/www.visit-ulcinj.com\/blog\/2011\/09\/24\/kodi-zgjedhor-dhe-shqiptaret\/#primaryimage\"},\"datePublished\":\"2011-09-24T14:45:11+00:00\",\"dateModified\":\"2011-09-24T14:45:39+00:00\",\"author\":{\"@id\":\"https:\/\/www.visit-ulcinj.com\/blog\/#\/schema\/person\/dcab619c614d3038751c63bc2aadc06d\"},\"description\":\"Nga Sabri SALAJ Deputet\u00ebt e Parlamentit t\u00eb Malit t\u00eb Zi me shumic\u00eb votash miratuan Kodin e ri zgjedhor. Votimi u b\u00eb pas debateve q\u00eb u zhvilluan n\u00eb\",\"breadcrumb\":{\"@id\":\"https:\/\/www.visit-ulcinj.com\/blog\/2011\/09\/24\/kodi-zgjedhor-dhe-shqiptaret\/#breadcrumb\"},\"inLanguage\":\"en-US\",\"potentialAction\":[{\"@type\":\"ReadAction\",\"target\":[\"https:\/\/www.visit-ulcinj.com\/blog\/2011\/09\/24\/kodi-zgjedhor-dhe-shqiptaret\/\"]}]},{\"@type\":\"BreadcrumbList\",\"@id\":\"https:\/\/www.visit-ulcinj.com\/blog\/2011\/09\/24\/kodi-zgjedhor-dhe-shqiptaret\/#breadcrumb\",\"itemListElement\":[{\"@type\":\"ListItem\",\"position\":1,\"name\":\"Kodi zgjedhor dhe shqiptar\u00ebt\"}]},{\"@type\":\"Person\",\"@id\":\"https:\/\/www.visit-ulcinj.com\/blog\/#\/schema\/person\/dcab619c614d3038751c63bc2aadc06d\",\"name\":\"ulqini\",\"sameAs\":[\"http:\/\/www.visit-ulcinj.com\"],\"url\":\"https:\/\/www.visit-ulcinj.com\/blog\/author\/admin\/\"}]}<\/script>\n<!-- \/ Yoast SEO plugin. -->","yoast_head_json":{"title":"Kodi zgjedhor dhe shqiptar\u00ebt - Lajme nga Ulqini","description":"Nga Sabri SALAJ Deputet\u00ebt e Parlamentit t\u00eb Malit t\u00eb Zi me shumic\u00eb votash miratuan Kodin e ri zgjedhor. Votimi u b\u00eb pas debateve q\u00eb u zhvilluan n\u00eb","robots":{"index":"index","follow":"follow","max-snippet":"max-snippet:-1","max-image-preview":"max-image-preview:large","max-video-preview":"max-video-preview:-1"},"canonical":"https:\/\/www.visit-ulcinj.com\/blog\/2011\/09\/24\/kodi-zgjedhor-dhe-shqiptaret\/","og_locale":"en_US","og_type":"article","og_title":"Kodi zgjedhor dhe shqiptar\u00ebt - Lajme nga Ulqini","og_description":"Nga Sabri SALAJ Deputet\u00ebt e Parlamentit t\u00eb Malit t\u00eb Zi me shumic\u00eb votash miratuan Kodin e ri zgjedhor. Votimi u b\u00eb pas debateve q\u00eb u zhvilluan n\u00eb","og_url":"https:\/\/www.visit-ulcinj.com\/blog\/2011\/09\/24\/kodi-zgjedhor-dhe-shqiptaret\/","og_site_name":"Lajme nga Ulqini","article_published_time":"2011-09-24T14:45:11+00:00","article_modified_time":"2011-09-24T14:45:39+00:00","og_image":[{"url":"http:\/\/www.visit-ulcinj.com\/blog\/wp-content\/uploads\/2011\/09\/Kodi-zgjedhor-dhe-shqiptar%C3%ABt.jpg"}],"twitter_misc":{"Written by":"ulqini","Est. reading time":"6 minutes"},"schema":{"@context":"https:\/\/schema.org","@graph":[{"@type":"WebSite","@id":"https:\/\/www.visit-ulcinj.com\/blog\/#website","url":"https:\/\/www.visit-ulcinj.com\/blog\/","name":"Lajme nga Ulqini","description":"Lajme,Vijesti,Ulqini,Ulqin,Crna Gora,Mali i Zi","potentialAction":[{"@type":"SearchAction","target":{"@type":"EntryPoint","urlTemplate":"https:\/\/www.visit-ulcinj.com\/blog\/?s={search_term_string}"},"query-input":"required name=search_term_string"}],"inLanguage":"en-US"},{"@type":"ImageObject","inLanguage":"en-US","@id":"https:\/\/www.visit-ulcinj.com\/blog\/2011\/09\/24\/kodi-zgjedhor-dhe-shqiptaret\/#primaryimage","url":"http:\/\/www.visit-ulcinj.com\/blog\/wp-content\/uploads\/2011\/09\/Kodi-zgjedhor-dhe-shqiptar%C3%ABt.jpg","contentUrl":"http:\/\/www.visit-ulcinj.com\/blog\/wp-content\/uploads\/2011\/09\/Kodi-zgjedhor-dhe-shqiptar%C3%ABt.jpg"},{"@type":"WebPage","@id":"https:\/\/www.visit-ulcinj.com\/blog\/2011\/09\/24\/kodi-zgjedhor-dhe-shqiptaret\/#webpage","url":"https:\/\/www.visit-ulcinj.com\/blog\/2011\/09\/24\/kodi-zgjedhor-dhe-shqiptaret\/","name":"Kodi zgjedhor dhe shqiptar\u00ebt - Lajme nga Ulqini","isPartOf":{"@id":"https:\/\/www.visit-ulcinj.com\/blog\/#website"},"primaryImageOfPage":{"@id":"https:\/\/www.visit-ulcinj.com\/blog\/2011\/09\/24\/kodi-zgjedhor-dhe-shqiptaret\/#primaryimage"},"datePublished":"2011-09-24T14:45:11+00:00","dateModified":"2011-09-24T14:45:39+00:00","author":{"@id":"https:\/\/www.visit-ulcinj.com\/blog\/#\/schema\/person\/dcab619c614d3038751c63bc2aadc06d"},"description":"Nga Sabri SALAJ Deputet\u00ebt e Parlamentit t\u00eb Malit t\u00eb Zi me shumic\u00eb votash miratuan Kodin e ri zgjedhor. Votimi u b\u00eb pas debateve q\u00eb u zhvilluan n\u00eb","breadcrumb":{"@id":"https:\/\/www.visit-ulcinj.com\/blog\/2011\/09\/24\/kodi-zgjedhor-dhe-shqiptaret\/#breadcrumb"},"inLanguage":"en-US","potentialAction":[{"@type":"ReadAction","target":["https:\/\/www.visit-ulcinj.com\/blog\/2011\/09\/24\/kodi-zgjedhor-dhe-shqiptaret\/"]}]},{"@type":"BreadcrumbList","@id":"https:\/\/www.visit-ulcinj.com\/blog\/2011\/09\/24\/kodi-zgjedhor-dhe-shqiptaret\/#breadcrumb","itemListElement":[{"@type":"ListItem","position":1,"name":"Kodi zgjedhor dhe shqiptar\u00ebt"}]},{"@type":"Person","@id":"https:\/\/www.visit-ulcinj.com\/blog\/#\/schema\/person\/dcab619c614d3038751c63bc2aadc06d","name":"ulqini","sameAs":["http:\/\/www.visit-ulcinj.com"],"url":"https:\/\/www.visit-ulcinj.com\/blog\/author\/admin\/"}]}},"jetpack_featured_media_url":"","jetpack_sharing_enabled":true,"jetpack_shortlink":"https:\/\/wp.me\/pe6lTn-dlK","_links":{"self":[{"href":"https:\/\/www.visit-ulcinj.com\/blog\/wp-json\/wp\/v2\/posts\/51320"}],"collection":[{"href":"https:\/\/www.visit-ulcinj.com\/blog\/wp-json\/wp\/v2\/posts"}],"about":[{"href":"https:\/\/www.visit-ulcinj.com\/blog\/wp-json\/wp\/v2\/types\/post"}],"author":[{"embeddable":true,"href":"https:\/\/www.visit-ulcinj.com\/blog\/wp-json\/wp\/v2\/users\/1"}],"replies":[{"embeddable":true,"href":"https:\/\/www.visit-ulcinj.com\/blog\/wp-json\/wp\/v2\/comments?post=51320"}],"version-history":[{"count":2,"href":"https:\/\/www.visit-ulcinj.com\/blog\/wp-json\/wp\/v2\/posts\/51320\/revisions"}],"predecessor-version":[{"id":51323,"href":"https:\/\/www.visit-ulcinj.com\/blog\/wp-json\/wp\/v2\/posts\/51320\/revisions\/51323"}],"wp:attachment":[{"href":"https:\/\/www.visit-ulcinj.com\/blog\/wp-json\/wp\/v2\/media?parent=51320"}],"wp:term":[{"taxonomy":"category","embeddable":true,"href":"https:\/\/www.visit-ulcinj.com\/blog\/wp-json\/wp\/v2\/categories?post=51320"},{"taxonomy":"post_tag","embeddable":true,"href":"https:\/\/www.visit-ulcinj.com\/blog\/wp-json\/wp\/v2\/tags?post=51320"}],"curies":[{"name":"wp","href":"https:\/\/api.w.org\/{rel}","templated":true}]}}