{"id":51334,"date":"2011-09-24T18:05:35","date_gmt":"2011-09-24T17:05:35","guid":{"rendered":"http:\/\/www.visit-ulcinj.com\/blog\/?p=51334"},"modified":"2011-09-24T18:05:35","modified_gmt":"2011-09-24T17:05:35","slug":"odluka-o-novom-tenderu-za-valdanos-nakon-detaljne-analize","status":"publish","type":"post","link":"https:\/\/www.visit-ulcinj.com\/blog\/2011\/09\/24\/odluka-o-novom-tenderu-za-valdanos-nakon-detaljne-analize\/","title":{"rendered":"Odluka o novom tenderu za Valdanos nakon detaljne analize"},"content":{"rendered":"<p><a href=\"http:\/\/www.visit-ulcinj.com\/blog\/wp-content\/uploads\/2011\/09\/tender-za-Valdanos.jpg\"><img loading=\"lazy\" class=\"alignleft size-full wp-image-51335\" title=\"tender za Valdanos\" src=\"http:\/\/www.visit-ulcinj.com\/blog\/wp-content\/uploads\/2011\/09\/tender-za-Valdanos.jpg\" alt=\"\" width=\"508\" height=\"380\" \/><\/a>Nakon \u0161to je propao i drugi tender za zakup uvale Valdanos u Vladi su oprezni o eventualnom raspisivanju novog.\u00a0Predjednik tenderske komisije Predrag Sekuli\u0107 ka\u017ee za radio Antena M da \u0107e odluku o tome donijeti Savjet za privatizaciju nakon \u0161to pa\u017eljivo razmotri razloge dva neuspjela tendera.U Agenciji za promociju stranih investicija nijesu iznena\u0111eni i smatraju da je neuspjeh drugog tendera bio o\u010dekivan.<\/p>\n<p>Na drugi tender za valorizaciju ulcinjske uvale Valdanos do predvi\u0111enog roka ,19. septembra nijedna kompanija nije dostavila ponudu. O eventualnom raspisivanju novog tendera odlu\u010di\u0107e Savjet za privatizaciju, ka\u017ee za radio Antenu M \u00a0predsjednik tenderske komisije Predrag Sekulic:<\/p>\n<p>\u00abU ovom trenutku te\u0161ko je precizirati datum, mislim da smo svi zajedno du\u017eni da vidimo koji su razlozi zbog kojih dva tendera nijesu uspjela. Mislim da nakon te analize i nakon \u0161to o svemu\u00a0 budemo raspravili na sjednici Savjeta za privatizaciju, mo\u017eemo da govorimo i o konkretnim rje\u0161enjima tj. o narednim potezima.\u00bb<\/p>\n<p>Prvi tender raspisan je u decembru 2008 me, na kojem je prvorangirana bila britanska firma Kjubus luks. Iako su iz Savjeta za privatizaciju tada poru\u010dili da je tenderska komisija transparentno sprovela postupak za izdavanje Valdanosa, \u00a0iz pojedinih nevladinih organizacija ukazivali su na negativne finansijske iskaze Kjubus Luksa. \u00a0Ubrzo zatim, Vlada je poni\u0161tila tender.<\/p>\n<p>Propast i drugog\u00a0 za direktora Agencije za promociju stranih investicija Petra Ivanovi\u0107a bio je o\u010dekivan. \u00a0De\u0161avanja u vezi sa britanskom kompanijom i negativna kampanja pojedinih nevladinih organizacija poslali su lo\u0161u poruku stranim investitorima, smatra Ivanovi\u0107.<\/p>\n<p>\u00abPoslata je lo\u0161a poruka ne samo Kubus luxu ve\u0107 i svim ostalim investitorima. Jer u svijetu ozbiljnih investitora va\u017ei po\u0161tovanje pravila. A\u00a0 ako se pravila igre mijenjaju tokom samog postupka, izbora i selekcije investitora onda to nije dobar signal o ozbiljnosti onih koji se pripremaju za tender.\u00bb<\/p>\n<p>Poruke koje su tada poslate investitorima bile su u potpunosti jasne i izbacile su na povr\u0161inu dva problema, dodaje Ivanovic:<\/p>\n<p>\u201cKakav je odnos izme\u0111u dr\u017eave i lokalnih vlasti , jer ako postoje bilo kakvi nesporazumi i neslaganja onda ih je potrebno skloniti prije zapo\u010dinjanja javnog ogla\u0161avanja a ne naknadno, jer u suprotnom \u0161tetimo ugledu dr\u017eave Crne Gore , a tada gube i op\u0161tine i dr\u017eava. Drugo, \u010dini mi se da postoji nerazumijevanje u Crnoj Gori , koje se odnosi na ekonomsku situaciju u regionu i u Evropi i svijetu. \u00a0Po mom mi\u0161ljenju nema razvoja Crne Gore bez investicija . Nema novog zapo\u0161ljavanja,ve\u0107ih plata, pove\u0107anja standarda. \u201c<\/p>\n<p>Predrag Sekulic ne spori da investitori itekako vode ra\u010duna gdje ula\u017eu svoj kapital:<\/p>\n<p>\u201c U svakom slu\u010daju moramo da vodimo ra\u010duna da investitori vode brigu o tome u kakav ambijent , u koju dr\u017eave \u017eele da ulo\u017ee svoj kapital. Osim \u010dinjenice da smo zemlja koja je na putu evropskih integracija, da nas vrlo brzo o\u010dekuje \u010dlanstvo u NATO , da smo zemlja sa stabilnom ekonomijom i stabilnom valutom i zemlja koja koristi euro. Sa druge strane vjerovatno da investitori vode ra\u010duna i o drugim okolnostima koje su ne manje va\u017ene za ulaganje kapitala.\u201d<\/p>\n<p>Savjet je 21. juna raspisao drugi tender za dugoro\u010dni zakup biv\u0161eg vojnog kompleksa Valdsanos, na 30 godina, sa mogu\u0107no\u0161\u0107u produ\u017eenja. U oglasu je bilo navedeno da se mogu prijaviti kompanije ili konzorcijumi koji otkupe tendersku dokumentaciju, koja ko\u0161ta 20 hiljada eura i potpi\u0161u izjavu o povjerljivosti.<\/p>\n<p><a href=\"http:\/\/www.portalanalitika.me\/ekonomija\/vijesti\/38059-odluka-o-novom-tenderu-za-valdanos-nakon-detaljne-analize.html\" target=\"_blank\"><strong>Analitika &#8211; Informativni Portal<\/strong><\/a><\/p>\n","protected":false},"excerpt":{"rendered":"<p>Nakon \u0161to je propao i drugi tender za zakup uvale Valdanos u Vladi su oprezni o eventualnom raspisivanju novog.\u00a0Predjednik tenderske komisije Predrag Sekuli\u0107 ka\u017ee za radio Antena M da \u0107e odluku o tome donijeti Savjet za privatizaciju nakon \u0161to pa\u017eljivo razmotri razloge dva neuspjela tendera.U Agenciji za promociju stranih investicija nijesu iznena\u0111eni i smatraju da [&hellip;]<\/p>\n","protected":false},"author":1,"featured_media":0,"comment_status":"open","ping_status":"closed","sticky":false,"template":"","format":"standard","meta":{"spay_email":"","jetpack_publicize_message":"","jetpack_is_tweetstorm":false,"jetpack_publicize_feature_enabled":true},"categories":[8337],"tags":[20,19,136],"jetpack_publicize_connections":[],"yoast_head":"<!-- This site is optimized with the Yoast SEO plugin v19.1 - https:\/\/yoast.com\/wordpress\/plugins\/seo\/ -->\n<title>Odluka o novom tenderu za Valdanos nakon detaljne analize - Lajme nga Ulqini<\/title>\n<meta name=\"description\" content=\"Nakon \u0161to je propao i drugi tender za zakup uvale Valdanos u Vladi su oprezni o eventualnom raspisivanju novog.\u00a0Predjednik tenderske komisije Predrag\" \/>\n<meta name=\"robots\" content=\"index, follow, max-snippet:-1, max-image-preview:large, max-video-preview:-1\" \/>\n<link rel=\"canonical\" href=\"https:\/\/www.visit-ulcinj.com\/blog\/2011\/09\/24\/odluka-o-novom-tenderu-za-valdanos-nakon-detaljne-analize\/\" \/>\n<meta property=\"og:locale\" content=\"en_US\" \/>\n<meta property=\"og:type\" content=\"article\" \/>\n<meta property=\"og:title\" content=\"Odluka o novom tenderu za Valdanos nakon detaljne analize - Lajme nga Ulqini\" \/>\n<meta property=\"og:description\" content=\"Nakon \u0161to je propao i drugi tender za zakup uvale Valdanos u Vladi su oprezni o eventualnom raspisivanju novog.\u00a0Predjednik tenderske komisije Predrag\" \/>\n<meta property=\"og:url\" content=\"https:\/\/www.visit-ulcinj.com\/blog\/2011\/09\/24\/odluka-o-novom-tenderu-za-valdanos-nakon-detaljne-analize\/\" \/>\n<meta property=\"og:site_name\" content=\"Lajme nga Ulqini\" \/>\n<meta property=\"article:published_time\" content=\"2011-09-24T17:05:35+00:00\" \/>\n<meta property=\"og:image\" content=\"http:\/\/www.visit-ulcinj.com\/blog\/wp-content\/uploads\/2011\/09\/tender-za-Valdanos.jpg\" \/>\n<meta name=\"twitter:label1\" content=\"Written by\" \/>\n\t<meta name=\"twitter:data1\" content=\"ulqini\" \/>\n\t<meta name=\"twitter:label2\" content=\"Est. reading time\" \/>\n\t<meta name=\"twitter:data2\" content=\"3 minutes\" \/>\n<script type=\"application\/ld+json\" class=\"yoast-schema-graph\">{\"@context\":\"https:\/\/schema.org\",\"@graph\":[{\"@type\":\"WebSite\",\"@id\":\"https:\/\/www.visit-ulcinj.com\/blog\/#website\",\"url\":\"https:\/\/www.visit-ulcinj.com\/blog\/\",\"name\":\"Lajme nga Ulqini\",\"description\":\"Lajme,Vijesti,Ulqini,Ulqin,Crna Gora,Mali i Zi\",\"potentialAction\":[{\"@type\":\"SearchAction\",\"target\":{\"@type\":\"EntryPoint\",\"urlTemplate\":\"https:\/\/www.visit-ulcinj.com\/blog\/?s={search_term_string}\"},\"query-input\":\"required name=search_term_string\"}],\"inLanguage\":\"en-US\"},{\"@type\":\"ImageObject\",\"inLanguage\":\"en-US\",\"@id\":\"https:\/\/www.visit-ulcinj.com\/blog\/2011\/09\/24\/odluka-o-novom-tenderu-za-valdanos-nakon-detaljne-analize\/#primaryimage\",\"url\":\"https:\/\/www.visit-ulcinj.com\/blog\/wp-content\/uploads\/2011\/09\/tender-za-Valdanos.jpg\",\"contentUrl\":\"https:\/\/www.visit-ulcinj.com\/blog\/wp-content\/uploads\/2011\/09\/tender-za-Valdanos.jpg\",\"width\":\"904\",\"height\":\"603\"},{\"@type\":\"WebPage\",\"@id\":\"https:\/\/www.visit-ulcinj.com\/blog\/2011\/09\/24\/odluka-o-novom-tenderu-za-valdanos-nakon-detaljne-analize\/#webpage\",\"url\":\"https:\/\/www.visit-ulcinj.com\/blog\/2011\/09\/24\/odluka-o-novom-tenderu-za-valdanos-nakon-detaljne-analize\/\",\"name\":\"Odluka o novom tenderu za Valdanos nakon detaljne analize - Lajme nga Ulqini\",\"isPartOf\":{\"@id\":\"https:\/\/www.visit-ulcinj.com\/blog\/#website\"},\"primaryImageOfPage\":{\"@id\":\"https:\/\/www.visit-ulcinj.com\/blog\/2011\/09\/24\/odluka-o-novom-tenderu-za-valdanos-nakon-detaljne-analize\/#primaryimage\"},\"datePublished\":\"2011-09-24T17:05:35+00:00\",\"dateModified\":\"2011-09-24T17:05:35+00:00\",\"author\":{\"@id\":\"https:\/\/www.visit-ulcinj.com\/blog\/#\/schema\/person\/dcab619c614d3038751c63bc2aadc06d\"},\"description\":\"Nakon \u0161to je propao i drugi tender za zakup uvale Valdanos u Vladi su oprezni o eventualnom raspisivanju novog.\u00a0Predjednik tenderske komisije Predrag\",\"breadcrumb\":{\"@id\":\"https:\/\/www.visit-ulcinj.com\/blog\/2011\/09\/24\/odluka-o-novom-tenderu-za-valdanos-nakon-detaljne-analize\/#breadcrumb\"},\"inLanguage\":\"en-US\",\"potentialAction\":[{\"@type\":\"ReadAction\",\"target\":[\"https:\/\/www.visit-ulcinj.com\/blog\/2011\/09\/24\/odluka-o-novom-tenderu-za-valdanos-nakon-detaljne-analize\/\"]}]},{\"@type\":\"BreadcrumbList\",\"@id\":\"https:\/\/www.visit-ulcinj.com\/blog\/2011\/09\/24\/odluka-o-novom-tenderu-za-valdanos-nakon-detaljne-analize\/#breadcrumb\",\"itemListElement\":[{\"@type\":\"ListItem\",\"position\":1,\"name\":\"Odluka o novom tenderu za Valdanos nakon detaljne analize\"}]},{\"@type\":\"Person\",\"@id\":\"https:\/\/www.visit-ulcinj.com\/blog\/#\/schema\/person\/dcab619c614d3038751c63bc2aadc06d\",\"name\":\"ulqini\",\"sameAs\":[\"http:\/\/www.visit-ulcinj.com\"],\"url\":\"https:\/\/www.visit-ulcinj.com\/blog\/author\/admin\/\"}]}<\/script>\n<!-- \/ Yoast SEO plugin. -->","yoast_head_json":{"title":"Odluka o novom tenderu za Valdanos nakon detaljne analize - Lajme nga Ulqini","description":"Nakon \u0161to je propao i drugi tender za zakup uvale Valdanos u Vladi su oprezni o eventualnom raspisivanju novog.\u00a0Predjednik tenderske komisije Predrag","robots":{"index":"index","follow":"follow","max-snippet":"max-snippet:-1","max-image-preview":"max-image-preview:large","max-video-preview":"max-video-preview:-1"},"canonical":"https:\/\/www.visit-ulcinj.com\/blog\/2011\/09\/24\/odluka-o-novom-tenderu-za-valdanos-nakon-detaljne-analize\/","og_locale":"en_US","og_type":"article","og_title":"Odluka o novom tenderu za Valdanos nakon detaljne analize - Lajme nga Ulqini","og_description":"Nakon \u0161to je propao i drugi tender za zakup uvale Valdanos u Vladi su oprezni o eventualnom raspisivanju novog.\u00a0Predjednik tenderske komisije Predrag","og_url":"https:\/\/www.visit-ulcinj.com\/blog\/2011\/09\/24\/odluka-o-novom-tenderu-za-valdanos-nakon-detaljne-analize\/","og_site_name":"Lajme nga Ulqini","article_published_time":"2011-09-24T17:05:35+00:00","og_image":[{"url":"http:\/\/www.visit-ulcinj.com\/blog\/wp-content\/uploads\/2011\/09\/tender-za-Valdanos.jpg"}],"twitter_misc":{"Written by":"ulqini","Est. reading time":"3 minutes"},"schema":{"@context":"https:\/\/schema.org","@graph":[{"@type":"WebSite","@id":"https:\/\/www.visit-ulcinj.com\/blog\/#website","url":"https:\/\/www.visit-ulcinj.com\/blog\/","name":"Lajme nga Ulqini","description":"Lajme,Vijesti,Ulqini,Ulqin,Crna Gora,Mali i Zi","potentialAction":[{"@type":"SearchAction","target":{"@type":"EntryPoint","urlTemplate":"https:\/\/www.visit-ulcinj.com\/blog\/?s={search_term_string}"},"query-input":"required name=search_term_string"}],"inLanguage":"en-US"},{"@type":"ImageObject","inLanguage":"en-US","@id":"https:\/\/www.visit-ulcinj.com\/blog\/2011\/09\/24\/odluka-o-novom-tenderu-za-valdanos-nakon-detaljne-analize\/#primaryimage","url":"https:\/\/www.visit-ulcinj.com\/blog\/wp-content\/uploads\/2011\/09\/tender-za-Valdanos.jpg","contentUrl":"https:\/\/www.visit-ulcinj.com\/blog\/wp-content\/uploads\/2011\/09\/tender-za-Valdanos.jpg","width":"904","height":"603"},{"@type":"WebPage","@id":"https:\/\/www.visit-ulcinj.com\/blog\/2011\/09\/24\/odluka-o-novom-tenderu-za-valdanos-nakon-detaljne-analize\/#webpage","url":"https:\/\/www.visit-ulcinj.com\/blog\/2011\/09\/24\/odluka-o-novom-tenderu-za-valdanos-nakon-detaljne-analize\/","name":"Odluka o novom tenderu za Valdanos nakon detaljne analize - Lajme nga Ulqini","isPartOf":{"@id":"https:\/\/www.visit-ulcinj.com\/blog\/#website"},"primaryImageOfPage":{"@id":"https:\/\/www.visit-ulcinj.com\/blog\/2011\/09\/24\/odluka-o-novom-tenderu-za-valdanos-nakon-detaljne-analize\/#primaryimage"},"datePublished":"2011-09-24T17:05:35+00:00","dateModified":"2011-09-24T17:05:35+00:00","author":{"@id":"https:\/\/www.visit-ulcinj.com\/blog\/#\/schema\/person\/dcab619c614d3038751c63bc2aadc06d"},"description":"Nakon \u0161to je propao i drugi tender za zakup uvale Valdanos u Vladi su oprezni o eventualnom raspisivanju novog.\u00a0Predjednik tenderske komisije Predrag","breadcrumb":{"@id":"https:\/\/www.visit-ulcinj.com\/blog\/2011\/09\/24\/odluka-o-novom-tenderu-za-valdanos-nakon-detaljne-analize\/#breadcrumb"},"inLanguage":"en-US","potentialAction":[{"@type":"ReadAction","target":["https:\/\/www.visit-ulcinj.com\/blog\/2011\/09\/24\/odluka-o-novom-tenderu-za-valdanos-nakon-detaljne-analize\/"]}]},{"@type":"BreadcrumbList","@id":"https:\/\/www.visit-ulcinj.com\/blog\/2011\/09\/24\/odluka-o-novom-tenderu-za-valdanos-nakon-detaljne-analize\/#breadcrumb","itemListElement":[{"@type":"ListItem","position":1,"name":"Odluka o novom tenderu za Valdanos nakon detaljne analize"}]},{"@type":"Person","@id":"https:\/\/www.visit-ulcinj.com\/blog\/#\/schema\/person\/dcab619c614d3038751c63bc2aadc06d","name":"ulqini","sameAs":["http:\/\/www.visit-ulcinj.com"],"url":"https:\/\/www.visit-ulcinj.com\/blog\/author\/admin\/"}]}},"jetpack_featured_media_url":"","jetpack_sharing_enabled":true,"jetpack_shortlink":"https:\/\/wp.me\/pe6lTn-dlY","_links":{"self":[{"href":"https:\/\/www.visit-ulcinj.com\/blog\/wp-json\/wp\/v2\/posts\/51334"}],"collection":[{"href":"https:\/\/www.visit-ulcinj.com\/blog\/wp-json\/wp\/v2\/posts"}],"about":[{"href":"https:\/\/www.visit-ulcinj.com\/blog\/wp-json\/wp\/v2\/types\/post"}],"author":[{"embeddable":true,"href":"https:\/\/www.visit-ulcinj.com\/blog\/wp-json\/wp\/v2\/users\/1"}],"replies":[{"embeddable":true,"href":"https:\/\/www.visit-ulcinj.com\/blog\/wp-json\/wp\/v2\/comments?post=51334"}],"version-history":[{"count":1,"href":"https:\/\/www.visit-ulcinj.com\/blog\/wp-json\/wp\/v2\/posts\/51334\/revisions"}],"predecessor-version":[{"id":51336,"href":"https:\/\/www.visit-ulcinj.com\/blog\/wp-json\/wp\/v2\/posts\/51334\/revisions\/51336"}],"wp:attachment":[{"href":"https:\/\/www.visit-ulcinj.com\/blog\/wp-json\/wp\/v2\/media?parent=51334"}],"wp:term":[{"taxonomy":"category","embeddable":true,"href":"https:\/\/www.visit-ulcinj.com\/blog\/wp-json\/wp\/v2\/categories?post=51334"},{"taxonomy":"post_tag","embeddable":true,"href":"https:\/\/www.visit-ulcinj.com\/blog\/wp-json\/wp\/v2\/tags?post=51334"}],"curies":[{"name":"wp","href":"https:\/\/api.w.org\/{rel}","templated":true}]}}