{"id":51356,"date":"2011-09-25T19:28:55","date_gmt":"2011-09-25T18:28:55","guid":{"rendered":"http:\/\/www.visit-ulcinj.com\/blog\/?p=51356"},"modified":"2011-09-26T11:25:58","modified_gmt":"2011-09-26T10:25:58","slug":"vdiq-skender-pelivani-zhygjeli-ne-moshen-72-vjecare","status":"publish","type":"post","link":"https:\/\/www.visit-ulcinj.com\/blog\/2011\/09\/25\/vdiq-skender-pelivani-zhygjeli-ne-moshen-72-vjecare\/","title":{"rendered":"Vdiq Skender Pelivani Zhygjeli &#8211; Ne moshen 72 vje\u00e7are!!!"},"content":{"rendered":"<p><a href=\"http:\/\/www.visit-ulcinj.com\/blog\/wp-content\/uploads\/2011\/09\/SKENDER-PELIVANI-ZHYGJELI.jpg\"><img loading=\"lazy\" class=\"alignleft size-full wp-image-51357\" title=\"SKENDER PELIVANI ZHYGJELI\" src=\"http:\/\/www.visit-ulcinj.com\/blog\/wp-content\/uploads\/2011\/09\/SKENDER-PELIVANI-ZHYGJELI.jpg\" alt=\"\" width=\"508\" height=\"380\" srcset=\"https:\/\/www.visit-ulcinj.com\/blog\/wp-content\/uploads\/2011\/09\/SKENDER-PELIVANI-ZHYGJELI.jpg 720w, https:\/\/www.visit-ulcinj.com\/blog\/wp-content\/uploads\/2011\/09\/SKENDER-PELIVANI-ZHYGJELI-300x225.jpg 300w\" sizes=\"(max-width: 508px) 100vw, 508px\" \/><\/a>Para 72 vitesh lindi iluzionisti Ulqinak Skender Pelivani Zhygjeli. Ai ka qen\u00eb mjesht\u00ebr i magjis\u00eb, aktor dhe producent. P\u00ebr magjin\u00eb dhe iluzionismin e tij flitet ende edhe sot n\u00eb Ulqin dhe n\u00eb Gjermani. Ai mund t\u00eb lirohej nga prangat ose zinxhir\u00ebt sa qel e mbyll syt\u00eb, nd\u00ebrsa m\u00eb i njohur mbetet p\u00ebr numrat e tij t\u00eb lirimit nga situata t\u00eb pamundura, si\u00e7 jan\u00eb mbyllja n\u00eb rezervuar t\u00eb mbushur me uj\u00eb, derisa t\u00eb gjith\u00eb drynat i kishte t\u00eb mbyllur n\u00eb zinxhir\u00eb.Skender Pelivani Zhygjeli edhe sot mbetet mister p\u00ebr Ulqinak\u00ebt.<\/p>\n<p>Ai pa kurrfar\u00eb problemi lirohej nga prangat, zinxhir\u00ebt, k\u00ebmish\u00ebt e t\u00eb \u00e7mendurve&#8230; Disa nga numrat e tij edhe sot mbeten mister.<\/p>\n<p>Kur e kuptoi se d\u00ebshiron t\u00eb b\u00ebhej iluzionist me dit\u00eb t\u00eb t\u00ebra b\u00ebnte p\u00ebrgatitjet n\u00eb sht\u00ebpi dhe nuk iu nevojit shum\u00eb koh\u00eb p\u00ebr tu b\u00ebr\u00eb i famsh\u00ebm.Tradit\u00ebn e babait t\u00eb famsh\u00ebm Daut Pelivanit e vazhdoi djali I tij\u00eb Skender Pelivani,I cili kap\u00ebrceu kufijt lokal\u00eb dhe ariti t\u00eb jet\u00eb an\u00ebtar I trup\u00ebs \u201cCirkus Crome\u201d t\u00eb Gjermanis\u00eb.<\/p>\n<p>Iu bashkua nj\u00eb cirku sh\u00ebtit\u00ebs dhe pas vet\u00ebm nj\u00eb turneu u b\u00eb i famsh\u00ebm p\u00ebr magjin\u00eb e tij me \u201cCirkus Crome\u201d t\u00eb Gjermanis\u00eb.<\/p>\n<p>Edhe turneu i tij evropian doli shum\u00eb i suksessh\u00ebm. Gjithmon\u00eb i shkonte p\u00ebr dore tu ikte nga kafazi I metalit dhe t\u00eb gjendet mbas 10 sekondave n\u00eb publik\u00eb.<\/p>\n<p>Ai publikoi edhe disa libra n\u00eb t\u00eb cilat zbuloi disa nga sekretet e numrave t\u00eb tij, nd\u00ebrsa provoi edhe talentin e tij si aktor.<\/p>\n<p>Ulqinak\u00ebt edhe sot e p\u00ebrmendin shpesh iluzionistin e madh, i cili edhe sot vler\u00ebsohet si nd\u00ebr m\u00eb t\u00eb m\u00ebdhenjt\u00eb n\u00eb Mal t\u00eb Zi.<\/p>\n","protected":false},"excerpt":{"rendered":"<p>Para 72 vitesh lindi iluzionisti Ulqinak Skender Pelivani Zhygjeli. Ai ka qen\u00eb mjesht\u00ebr i magjis\u00eb, aktor dhe producent. P\u00ebr magjin\u00eb dhe iluzionismin e tij flitet ende edhe sot n\u00eb Ulqin dhe n\u00eb Gjermani. Ai mund t\u00eb lirohej nga prangat ose zinxhir\u00ebt sa qel e mbyll syt\u00eb, nd\u00ebrsa m\u00eb i njohur mbetet p\u00ebr numrat e tij [&hellip;]<\/p>\n","protected":false},"author":1,"featured_media":0,"comment_status":"open","ping_status":"closed","sticky":false,"template":"","format":"standard","meta":{"spay_email":"","jetpack_publicize_message":"","jetpack_is_tweetstorm":false,"jetpack_publicize_feature_enabled":true},"categories":[1,6950],"tags":[19120,200,18,14639],"jetpack_publicize_connections":[],"yoast_head":"<!-- This site is optimized with the Yoast SEO plugin v19.1 - https:\/\/yoast.com\/wordpress\/plugins\/seo\/ -->\n<title>Vdiq Skender Pelivani Zhygjeli - Ne moshen 72 vje\u00e7are!!! - Lajme nga Ulqini<\/title>\n<meta name=\"description\" content=\"Para 72 vitesh lindi iluzionisti Ulqinak Skender Pelivani Zhygjeli. Ai ka qen\u00eb mjesht\u00ebr i magjis\u00eb, aktor dhe producent. P\u00ebr magjin\u00eb dhe iluzionismin e tij\" \/>\n<meta name=\"robots\" content=\"index, follow, max-snippet:-1, max-image-preview:large, max-video-preview:-1\" \/>\n<link rel=\"canonical\" href=\"https:\/\/www.visit-ulcinj.com\/blog\/2011\/09\/25\/vdiq-skender-pelivani-zhygjeli-ne-moshen-72-vjecare\/\" \/>\n<meta property=\"og:locale\" content=\"en_US\" \/>\n<meta property=\"og:type\" content=\"article\" \/>\n<meta property=\"og:title\" content=\"Vdiq Skender Pelivani Zhygjeli - Ne moshen 72 vje\u00e7are!!! - Lajme nga Ulqini\" \/>\n<meta property=\"og:description\" content=\"Para 72 vitesh lindi iluzionisti Ulqinak Skender Pelivani Zhygjeli. Ai ka qen\u00eb mjesht\u00ebr i magjis\u00eb, aktor dhe producent. P\u00ebr magjin\u00eb dhe iluzionismin e tij\" \/>\n<meta property=\"og:url\" content=\"https:\/\/www.visit-ulcinj.com\/blog\/2011\/09\/25\/vdiq-skender-pelivani-zhygjeli-ne-moshen-72-vjecare\/\" \/>\n<meta property=\"og:site_name\" content=\"Lajme nga Ulqini\" \/>\n<meta property=\"article:published_time\" content=\"2011-09-25T18:28:55+00:00\" \/>\n<meta property=\"article:modified_time\" content=\"2011-09-26T10:25:58+00:00\" \/>\n<meta property=\"og:image\" content=\"http:\/\/www.visit-ulcinj.com\/blog\/wp-content\/uploads\/2011\/09\/SKENDER-PELIVANI-ZHYGJELI.jpg\" \/>\n<meta name=\"twitter:label1\" content=\"Written by\" \/>\n\t<meta name=\"twitter:data1\" content=\"ulqini\" \/>\n\t<meta name=\"twitter:label2\" content=\"Est. reading time\" \/>\n\t<meta name=\"twitter:data2\" content=\"2 minutes\" \/>\n<script type=\"application\/ld+json\" class=\"yoast-schema-graph\">{\"@context\":\"https:\/\/schema.org\",\"@graph\":[{\"@type\":\"WebSite\",\"@id\":\"https:\/\/www.visit-ulcinj.com\/blog\/#website\",\"url\":\"https:\/\/www.visit-ulcinj.com\/blog\/\",\"name\":\"Lajme nga Ulqini\",\"description\":\"Lajme,Vijesti,Ulqini,Ulqin,Crna Gora,Mali i Zi\",\"potentialAction\":[{\"@type\":\"SearchAction\",\"target\":{\"@type\":\"EntryPoint\",\"urlTemplate\":\"https:\/\/www.visit-ulcinj.com\/blog\/?s={search_term_string}\"},\"query-input\":\"required name=search_term_string\"}],\"inLanguage\":\"en-US\"},{\"@type\":\"ImageObject\",\"inLanguage\":\"en-US\",\"@id\":\"https:\/\/www.visit-ulcinj.com\/blog\/2011\/09\/25\/vdiq-skender-pelivani-zhygjeli-ne-moshen-72-vjecare\/#primaryimage\",\"url\":\"https:\/\/www.visit-ulcinj.com\/blog\/wp-content\/uploads\/2011\/09\/SKENDER-PELIVANI-ZHYGJELI.jpg\",\"contentUrl\":\"https:\/\/www.visit-ulcinj.com\/blog\/wp-content\/uploads\/2011\/09\/SKENDER-PELIVANI-ZHYGJELI.jpg\",\"width\":\"720\",\"height\":\"540\"},{\"@type\":\"WebPage\",\"@id\":\"https:\/\/www.visit-ulcinj.com\/blog\/2011\/09\/25\/vdiq-skender-pelivani-zhygjeli-ne-moshen-72-vjecare\/#webpage\",\"url\":\"https:\/\/www.visit-ulcinj.com\/blog\/2011\/09\/25\/vdiq-skender-pelivani-zhygjeli-ne-moshen-72-vjecare\/\",\"name\":\"Vdiq Skender Pelivani Zhygjeli - Ne moshen 72 vje\u00e7are!!! - Lajme nga Ulqini\",\"isPartOf\":{\"@id\":\"https:\/\/www.visit-ulcinj.com\/blog\/#website\"},\"primaryImageOfPage\":{\"@id\":\"https:\/\/www.visit-ulcinj.com\/blog\/2011\/09\/25\/vdiq-skender-pelivani-zhygjeli-ne-moshen-72-vjecare\/#primaryimage\"},\"datePublished\":\"2011-09-25T18:28:55+00:00\",\"dateModified\":\"2011-09-26T10:25:58+00:00\",\"author\":{\"@id\":\"https:\/\/www.visit-ulcinj.com\/blog\/#\/schema\/person\/dcab619c614d3038751c63bc2aadc06d\"},\"description\":\"Para 72 vitesh lindi iluzionisti Ulqinak Skender Pelivani Zhygjeli. Ai ka qen\u00eb mjesht\u00ebr i magjis\u00eb, aktor dhe producent. P\u00ebr magjin\u00eb dhe iluzionismin e tij\",\"breadcrumb\":{\"@id\":\"https:\/\/www.visit-ulcinj.com\/blog\/2011\/09\/25\/vdiq-skender-pelivani-zhygjeli-ne-moshen-72-vjecare\/#breadcrumb\"},\"inLanguage\":\"en-US\",\"potentialAction\":[{\"@type\":\"ReadAction\",\"target\":[\"https:\/\/www.visit-ulcinj.com\/blog\/2011\/09\/25\/vdiq-skender-pelivani-zhygjeli-ne-moshen-72-vjecare\/\"]}]},{\"@type\":\"BreadcrumbList\",\"@id\":\"https:\/\/www.visit-ulcinj.com\/blog\/2011\/09\/25\/vdiq-skender-pelivani-zhygjeli-ne-moshen-72-vjecare\/#breadcrumb\",\"itemListElement\":[{\"@type\":\"ListItem\",\"position\":1,\"name\":\"Vdiq Skender Pelivani Zhygjeli &#8211; Ne moshen 72 vje\u00e7are!!!\"}]},{\"@type\":\"Person\",\"@id\":\"https:\/\/www.visit-ulcinj.com\/blog\/#\/schema\/person\/dcab619c614d3038751c63bc2aadc06d\",\"name\":\"ulqini\",\"sameAs\":[\"http:\/\/www.visit-ulcinj.com\"],\"url\":\"https:\/\/www.visit-ulcinj.com\/blog\/author\/admin\/\"}]}<\/script>\n<!-- \/ Yoast SEO plugin. -->","yoast_head_json":{"title":"Vdiq Skender Pelivani Zhygjeli - Ne moshen 72 vje\u00e7are!!! - Lajme nga Ulqini","description":"Para 72 vitesh lindi iluzionisti Ulqinak Skender Pelivani Zhygjeli. Ai ka qen\u00eb mjesht\u00ebr i magjis\u00eb, aktor dhe producent. P\u00ebr magjin\u00eb dhe iluzionismin e tij","robots":{"index":"index","follow":"follow","max-snippet":"max-snippet:-1","max-image-preview":"max-image-preview:large","max-video-preview":"max-video-preview:-1"},"canonical":"https:\/\/www.visit-ulcinj.com\/blog\/2011\/09\/25\/vdiq-skender-pelivani-zhygjeli-ne-moshen-72-vjecare\/","og_locale":"en_US","og_type":"article","og_title":"Vdiq Skender Pelivani Zhygjeli - Ne moshen 72 vje\u00e7are!!! - Lajme nga Ulqini","og_description":"Para 72 vitesh lindi iluzionisti Ulqinak Skender Pelivani Zhygjeli. Ai ka qen\u00eb mjesht\u00ebr i magjis\u00eb, aktor dhe producent. P\u00ebr magjin\u00eb dhe iluzionismin e tij","og_url":"https:\/\/www.visit-ulcinj.com\/blog\/2011\/09\/25\/vdiq-skender-pelivani-zhygjeli-ne-moshen-72-vjecare\/","og_site_name":"Lajme nga Ulqini","article_published_time":"2011-09-25T18:28:55+00:00","article_modified_time":"2011-09-26T10:25:58+00:00","og_image":[{"url":"http:\/\/www.visit-ulcinj.com\/blog\/wp-content\/uploads\/2011\/09\/SKENDER-PELIVANI-ZHYGJELI.jpg"}],"twitter_misc":{"Written by":"ulqini","Est. reading time":"2 minutes"},"schema":{"@context":"https:\/\/schema.org","@graph":[{"@type":"WebSite","@id":"https:\/\/www.visit-ulcinj.com\/blog\/#website","url":"https:\/\/www.visit-ulcinj.com\/blog\/","name":"Lajme nga Ulqini","description":"Lajme,Vijesti,Ulqini,Ulqin,Crna Gora,Mali i Zi","potentialAction":[{"@type":"SearchAction","target":{"@type":"EntryPoint","urlTemplate":"https:\/\/www.visit-ulcinj.com\/blog\/?s={search_term_string}"},"query-input":"required name=search_term_string"}],"inLanguage":"en-US"},{"@type":"ImageObject","inLanguage":"en-US","@id":"https:\/\/www.visit-ulcinj.com\/blog\/2011\/09\/25\/vdiq-skender-pelivani-zhygjeli-ne-moshen-72-vjecare\/#primaryimage","url":"https:\/\/www.visit-ulcinj.com\/blog\/wp-content\/uploads\/2011\/09\/SKENDER-PELIVANI-ZHYGJELI.jpg","contentUrl":"https:\/\/www.visit-ulcinj.com\/blog\/wp-content\/uploads\/2011\/09\/SKENDER-PELIVANI-ZHYGJELI.jpg","width":"720","height":"540"},{"@type":"WebPage","@id":"https:\/\/www.visit-ulcinj.com\/blog\/2011\/09\/25\/vdiq-skender-pelivani-zhygjeli-ne-moshen-72-vjecare\/#webpage","url":"https:\/\/www.visit-ulcinj.com\/blog\/2011\/09\/25\/vdiq-skender-pelivani-zhygjeli-ne-moshen-72-vjecare\/","name":"Vdiq Skender Pelivani Zhygjeli - Ne moshen 72 vje\u00e7are!!! - Lajme nga Ulqini","isPartOf":{"@id":"https:\/\/www.visit-ulcinj.com\/blog\/#website"},"primaryImageOfPage":{"@id":"https:\/\/www.visit-ulcinj.com\/blog\/2011\/09\/25\/vdiq-skender-pelivani-zhygjeli-ne-moshen-72-vjecare\/#primaryimage"},"datePublished":"2011-09-25T18:28:55+00:00","dateModified":"2011-09-26T10:25:58+00:00","author":{"@id":"https:\/\/www.visit-ulcinj.com\/blog\/#\/schema\/person\/dcab619c614d3038751c63bc2aadc06d"},"description":"Para 72 vitesh lindi iluzionisti Ulqinak Skender Pelivani Zhygjeli. Ai ka qen\u00eb mjesht\u00ebr i magjis\u00eb, aktor dhe producent. P\u00ebr magjin\u00eb dhe iluzionismin e tij","breadcrumb":{"@id":"https:\/\/www.visit-ulcinj.com\/blog\/2011\/09\/25\/vdiq-skender-pelivani-zhygjeli-ne-moshen-72-vjecare\/#breadcrumb"},"inLanguage":"en-US","potentialAction":[{"@type":"ReadAction","target":["https:\/\/www.visit-ulcinj.com\/blog\/2011\/09\/25\/vdiq-skender-pelivani-zhygjeli-ne-moshen-72-vjecare\/"]}]},{"@type":"BreadcrumbList","@id":"https:\/\/www.visit-ulcinj.com\/blog\/2011\/09\/25\/vdiq-skender-pelivani-zhygjeli-ne-moshen-72-vjecare\/#breadcrumb","itemListElement":[{"@type":"ListItem","position":1,"name":"Vdiq Skender Pelivani Zhygjeli &#8211; Ne moshen 72 vje\u00e7are!!!"}]},{"@type":"Person","@id":"https:\/\/www.visit-ulcinj.com\/blog\/#\/schema\/person\/dcab619c614d3038751c63bc2aadc06d","name":"ulqini","sameAs":["http:\/\/www.visit-ulcinj.com"],"url":"https:\/\/www.visit-ulcinj.com\/blog\/author\/admin\/"}]}},"jetpack_featured_media_url":"","jetpack_sharing_enabled":true,"jetpack_shortlink":"https:\/\/wp.me\/pe6lTn-dmk","_links":{"self":[{"href":"https:\/\/www.visit-ulcinj.com\/blog\/wp-json\/wp\/v2\/posts\/51356"}],"collection":[{"href":"https:\/\/www.visit-ulcinj.com\/blog\/wp-json\/wp\/v2\/posts"}],"about":[{"href":"https:\/\/www.visit-ulcinj.com\/blog\/wp-json\/wp\/v2\/types\/post"}],"author":[{"embeddable":true,"href":"https:\/\/www.visit-ulcinj.com\/blog\/wp-json\/wp\/v2\/users\/1"}],"replies":[{"embeddable":true,"href":"https:\/\/www.visit-ulcinj.com\/blog\/wp-json\/wp\/v2\/comments?post=51356"}],"version-history":[{"count":3,"href":"https:\/\/www.visit-ulcinj.com\/blog\/wp-json\/wp\/v2\/posts\/51356\/revisions"}],"predecessor-version":[{"id":51373,"href":"https:\/\/www.visit-ulcinj.com\/blog\/wp-json\/wp\/v2\/posts\/51356\/revisions\/51373"}],"wp:attachment":[{"href":"https:\/\/www.visit-ulcinj.com\/blog\/wp-json\/wp\/v2\/media?parent=51356"}],"wp:term":[{"taxonomy":"category","embeddable":true,"href":"https:\/\/www.visit-ulcinj.com\/blog\/wp-json\/wp\/v2\/categories?post=51356"},{"taxonomy":"post_tag","embeddable":true,"href":"https:\/\/www.visit-ulcinj.com\/blog\/wp-json\/wp\/v2\/tags?post=51356"}],"curies":[{"name":"wp","href":"https:\/\/api.w.org\/{rel}","templated":true}]}}