{"id":51360,"date":"2011-09-25T19:56:47","date_gmt":"2011-09-25T18:56:47","guid":{"rendered":"http:\/\/www.visit-ulcinj.com\/blog\/?p=51360"},"modified":"2011-09-25T19:56:47","modified_gmt":"2011-09-25T18:56:47","slug":"%c2%bbnekrolog%c2%ab-jednoj-politici-koja-ce-biti-obiljezena-crnim-slovima-na-margini-istorije-naseg-grada","status":"publish","type":"post","link":"https:\/\/www.visit-ulcinj.com\/blog\/2011\/09\/25\/%c2%bbnekrolog%c2%ab-jednoj-politici-koja-ce-biti-obiljezena-crnim-slovima-na-margini-istorije-naseg-grada\/","title":{"rendered":"\u00bbNEKROLOG\u00ab jednoj politici, koja \u0107e biti obilje\u017eena crnim slovima na margini istorije na\u0161eg grada.."},"content":{"rendered":"<p><a href=\"http:\/\/www.visit-ulcinj.com\/blog\/wp-content\/uploads\/2011\/09\/Ulcinj.jpg\"><img loading=\"lazy\" class=\"alignleft size-full wp-image-51361\" title=\"Ulcinj\" src=\"http:\/\/www.visit-ulcinj.com\/blog\/wp-content\/uploads\/2011\/09\/Ulcinj.jpg\" alt=\"\" width=\"508\" height=\"380\" \/><\/a>Ovih toplih avgustovskih dana, de\u0161avaju se kod nas neke krupne promjene u politici, koje \u0107e bitno uticati na razvoj grada. O\u010digledno je da sada\u0161nja garnitura na vlasti nije uspjela da se otrgne i da li\u010dne i partijske interese stavi iznad op\u0161tih. Tu\u017eno je sve to s obzirom da je ve\u0107ina gra\u0111ana iz grada i okoline, \u010diji su oni bili legitimni predstavnici i koja im je dala povjerenje, bila razo\u010darana njihovom politikom. Posebno su bili razo\u010darani njihovi bira\u010di, jer odlaze\u0107a garnitura nije ispunjavala svoja predizborna obe\u0107anja. Mi ostali smo se uzdali u Boga i strahovali, jer nezamislivo je, a i te\u0161ko bilo gledati ih kako jo\u0161 dugo godina jedan tako divan grad svojom nesposobno\u0161\u0107u dovode na niske grane. Za \u017ealjenje je konstatacija da je na\u0161 grad zadnjih godina tranzicije i privatizacije doveden na nivo jedne palanke u svemu. Te\u0161ko je zdravom razumu da shvatiti namjerno uni\u0161tavanje na\u0161eg turizma, ru\u0161enje hotela, te rasprodaju nekih objekata pod sumnjivim okolnostima. A samo do 90-tih na\u0161 grad, je bio prva \u00bbvaro\u0161\u00ab Crne Gore u turizmu. Na po\u010detku tog stolje\u0107a je 1913 je bio zvani\u010dno druga varo\u0161 Kraljevine Crne Gore. Upore\u0111ivali su ga i sa Dubrovnikom.<\/p>\n<p>I zato bi ovaj doga\u0111aj, rekao bih politi\u010dki \u00bbzemljotres\u00ab, zaista trebao biti prekretnica u razvoju grada. On i jeste nada svima nama da \u0107e se mo\u017eda Ulcinj ponovo uzdignuti kao kakav feniks iz pepela. Ho\u0107u da vjerujem da \u0107e se, mo\u017eda, napokon, makar i donekle, ostvariti san mnogih koji su radili i \u017eivjeli u onom zlatnom vremenu na\u0161eg turizma. I zato se vra\u010dam na onu \u00bb\u010duvenu\u00ab Galilejevu, koji se nakon suda Inkvizicije, morao odre\u0107i svog u\u010denja, ali koji se okrenuo dok je izlazio i tiho na vratima rekao da se \u00bbipak se okre\u0107e\u00ab<\/p>\n<p>Vjerujem da \u0107e nove vlasti uspjeti da povrate stari sjaj, bez obzira \u0161to niko nema \u010darobni stapi\u0107. Da ne govorimo o opstrukciji odlaze\u0107e garniture, i naslje\u0111u \u00bbfotelja\u00ab i raznih benificija, koje se te\u0161ko mogu ostaviti. Strah od napu\u0161tanja fotelja je jako veliki, uzimaju\u0107i u obzir da su dugo u njima i da su toliko pohabane i klizave da se boje klizanja i opasnih padova&#8230; Poku\u0161aj korupcije, javno preko TV ekrana (!), nu\u0111enje pozicija u vlasti, \u010dak i ministarskog samo da se \u00bbodbjegli\u00ab vrate, su dio repertoara kojima se poku\u0161avaju odr\u017eati na vlasti. Javna priznanja oko pomo\u0107i u \u0161kolovanju i drugo, su samo poslednji trzaji i vapaji da ostanu tamo gdje su. Na kraju strahoviti pritisak partija na vlasti, na \u00bbodbjegle\u00ab i ne samo na njih ve\u0107 i na njihove porodice. Te\u0161ko je sve to izdr\u017eati i oduprijeti se.<\/p>\n<p>Nijesam siguran da li zaslu\u017euju epitet \u010detiri \u00bbmusketara\u00ab ili ne, ali u svakom slu\u010daju njih \u010detvoro \u0107e biti upisana zlatnim slovima na politi\u010dkoj mapi na\u0161eg grada. Uspjeli su da se uzdignu iznad partijskih okvira i kona\u010dno rekli NE jednoj suludoj politici grupacije, koja je, na\u017ealost, voljom gra\u0111ana, raznim manipulacijama, ovaj grad dovela do ivice ponora.<\/p>\n<p>Projekte koje su svih ovih godina finansirali Ministarstvo za ljudska i manjinska prava i lokalna vlast, su uglavnom bili projekti njihovih miljenika i poslu\u0161nika. Na\u0161em Udru\u017eenju nijesu dali ni 100 eura za \u0161tampanje godi\u0161njeg kalendara, a da ne govorimo o finansiranju projekta za UNESKO. Stari grad im je uglavnom visio po kancelarijama, ulaganja samo na papiru i u glavama kao mislene imenice&#8230; Ova je vlast imala \u0161ansu. No, svojim odnosom prema gradu tako slavne i impozantne kulturne ba\u0161tine doprinijela je da je narod ne pamti po ni\u010demu dobrome. Mislim da bi nakon njenog odlaska trebalo organizovati narodno veselje.<\/p>\n<p>Bi\u0107e upam\u0107eni po megalomanskom projektima u glavama op\u0161tinskih mo\u0107nika, prvenstveno odlaze\u0107eg gradona\u010delnika. Pamti\u0107emo ih po hvalospjevima sami sebi, po va\u0161arima i sajmovima knjiga organizovanin me\u0111u \u0107evapima i hamburgerima na Pristanu, po godinama lo\u0161e organizovanoj \u00bbLjetnjoj sceni\u00ab na jednom od najljep\u0161ih trgova na Jadranu., \u00bbTrgu robova\u00ab ili \u00bbTrgu Servantesa\u00ab. Megalomanski most na Port Mileni se gradi da bi se prodali Ada i Velika pla\u017ea, o Valdanosu da i ne govorimo, jer je pri\u010da do sada ispri\u010dana ve\u0107 vi\u0161e puta. Nijesu valjda toliko naivni da narod ne zna da su to projekti koja Dr\u017eava gradi za svoj interes&#8230; Dakle, \u010ditav Ulcinj je na raznim tenderima, sa izuzetkom Starog grada, jer im on sada nije potreban. Ali, tenderi \u0107e kad-tad pro\u0107i, i grad \u0107e se, ukoliko se ne odupremo, rasprodati. Dovoljno je prisjetiti se samo hotela \u00bbGaleb\u00ab i njegovog ru\u0161enja. Te\u0161ko da \u0107e ovi ljudi, ma kakav bio njihov moral, imati mirnu savjest.Te\u0161ko je buditi se i ne vidjeti ga vi\u0161e, a biti u\u010desnik u njegovom ru\u0161enju&#8230; Nudili su \u00bbEvropski Ulcinj\u00ab a dozvolili su gradnu sto hiljada le\u017eaja u privatnom smje\u0161taju, zar postoji turisti\u010dka destinacija bez kvalitetnih hotela. To znaju svi pravi turisti\u010dki radnici i poznati touroperatori,..na\u0161im politi\u010darima su to mislene imenice..Turisti\u010dka destinacija je Budva, goste nama dovode samo na izlete gdje zbog kratko\u0107e boravka ne ostavljaju nijedan euro&#8230; Da su bili i ostali samo dekor u Vladi Republike Crne Gore, jeste dokaz u participaciji u \u00bbMorskom dobru\u00ab gdje nam \u00bbTzunami\u00abbiblijskih razmjera prodire 2800 m. u dubini Velike pla\u017ee,.. a da ne govorimo o zadnjim de\u0161avanjima oko \u00bbmaternjeg jezika\u00ab, gdje nigdje nema abanskog jezika..naroda koji je autohton na ovim prostorima i koji je skoro 100 posto glasao za ovu Dr\u017eavu&#8230;Jasno mi je da nijeste samo vi krivi, ali ste tu, i to glavni..<\/p>\n<p>\u017delio bih da nove vlasti nau\u010de lekciju i ne ponove gre\u0161ke predhodnika. Jasno mi je da moraju da zapo\u0161ljavaju svoje kadrove i kadrove svojih koalicionih partnera, ali neka bar biraju prave ljude na pravim mjestima. I ako ve\u0107 moraju svoje, onda neka ih stave u druge redove. Zamislite da \u00bbBarselona\u00ab uzima i anga\u017euje fudbalere samo iz Katalonije i okoline, da li bi bila najbolja na Planeti. Mislim da je odgovor i laiku jasan. Zato i treba uzimati prave sposobne ljudi koji \u0107e odgovoriti zadacima, izazovima i imperativu vremena.<\/p>\n<p><strong>Ulcinj, septembar 2011 Ismet KARAMANAGA<\/strong><\/p>\n<p><a href=\"https:\/\/www.facebook.com\/notes\/ismet-karamanaga\/nekrolog-jednoj-politici-koja-%C4%87e-biti-obilje%C5%BEena-crnim-slovima-na-margini-istori\/2405592703429\" target=\"_blank\"><strong>Ismet Karamanaga Facebook<\/strong><\/a><\/p>\n<!--YouTube Error: bad URL entered-->\n","protected":false},"excerpt":{"rendered":"<p>Ovih toplih avgustovskih dana, de\u0161avaju se kod nas neke krupne promjene u politici, koje \u0107e bitno uticati na razvoj grada. O\u010digledno je da sada\u0161nja garnitura na vlasti nije uspjela da se otrgne i da li\u010dne i partijske interese stavi iznad op\u0161tih. Tu\u017eno je sve to s obzirom da je ve\u0107ina gra\u0111ana iz grada i okoline, [&hellip;]<\/p>\n","protected":false},"author":1,"featured_media":0,"comment_status":"open","ping_status":"closed","sticky":false,"template":"","format":"standard","meta":{"spay_email":"","jetpack_publicize_message":"","jetpack_is_tweetstorm":false,"jetpack_publicize_feature_enabled":true},"categories":[8337],"tags":[19],"jetpack_publicize_connections":[],"yoast_head":"<!-- This site is optimized with the Yoast SEO plugin v19.1 - https:\/\/yoast.com\/wordpress\/plugins\/seo\/ -->\n<title>\u00bbNEKROLOG\u00ab jednoj politici, koja \u0107e biti obilje\u017eena crnim slovima na margini istorije na\u0161eg grada.. - Lajme nga Ulqini<\/title>\n<meta name=\"description\" content=\"Ovih toplih avgustovskih dana, de\u0161avaju se kod nas neke krupne promjene u politici, koje \u0107e bitno uticati na razvoj grada. O\u010digledno je da sada\u0161nja\" \/>\n<meta name=\"robots\" content=\"index, follow, max-snippet:-1, max-image-preview:large, max-video-preview:-1\" \/>\n<link rel=\"canonical\" href=\"https:\/\/www.visit-ulcinj.com\/blog\/2011\/09\/25\/\u00bbnekrolog\u00ab-jednoj-politici-koja-ce-biti-obiljezena-crnim-slovima-na-margini-istorije-naseg-grada\/\" \/>\n<meta property=\"og:locale\" content=\"en_US\" \/>\n<meta property=\"og:type\" content=\"article\" \/>\n<meta property=\"og:title\" content=\"\u00bbNEKROLOG\u00ab jednoj politici, koja \u0107e biti obilje\u017eena crnim slovima na margini istorije na\u0161eg grada.. - Lajme nga Ulqini\" \/>\n<meta property=\"og:description\" content=\"Ovih toplih avgustovskih dana, de\u0161avaju se kod nas neke krupne promjene u politici, koje \u0107e bitno uticati na razvoj grada. O\u010digledno je da sada\u0161nja\" \/>\n<meta property=\"og:url\" content=\"https:\/\/www.visit-ulcinj.com\/blog\/2011\/09\/25\/\u00bbnekrolog\u00ab-jednoj-politici-koja-ce-biti-obiljezena-crnim-slovima-na-margini-istorije-naseg-grada\/\" \/>\n<meta property=\"og:site_name\" content=\"Lajme nga Ulqini\" \/>\n<meta property=\"article:published_time\" content=\"2011-09-25T18:56:47+00:00\" \/>\n<meta property=\"og:image\" content=\"http:\/\/www.visit-ulcinj.com\/blog\/wp-content\/uploads\/2011\/09\/Ulcinj.jpg\" \/>\n<meta name=\"twitter:label1\" content=\"Written by\" \/>\n\t<meta name=\"twitter:data1\" content=\"ulqini\" \/>\n\t<meta name=\"twitter:label2\" content=\"Est. reading time\" \/>\n\t<meta name=\"twitter:data2\" content=\"5 minutes\" \/>\n<script type=\"application\/ld+json\" class=\"yoast-schema-graph\">{\"@context\":\"https:\/\/schema.org\",\"@graph\":[{\"@type\":\"WebSite\",\"@id\":\"https:\/\/www.visit-ulcinj.com\/blog\/#website\",\"url\":\"https:\/\/www.visit-ulcinj.com\/blog\/\",\"name\":\"Lajme nga Ulqini\",\"description\":\"Lajme,Vijesti,Ulqini,Ulqin,Crna Gora,Mali i Zi\",\"potentialAction\":[{\"@type\":\"SearchAction\",\"target\":{\"@type\":\"EntryPoint\",\"urlTemplate\":\"https:\/\/www.visit-ulcinj.com\/blog\/?s={search_term_string}\"},\"query-input\":\"required name=search_term_string\"}],\"inLanguage\":\"en-US\"},{\"@type\":\"ImageObject\",\"inLanguage\":\"en-US\",\"@id\":\"https:\/\/www.visit-ulcinj.com\/blog\/2011\/09\/25\/%c2%bbnekrolog%c2%ab-jednoj-politici-koja-ce-biti-obiljezena-crnim-slovima-na-margini-istorije-naseg-grada\/#primaryimage\",\"url\":\"https:\/\/www.visit-ulcinj.com\/blog\/wp-content\/uploads\/2011\/09\/Ulcinj.jpg\",\"contentUrl\":\"https:\/\/www.visit-ulcinj.com\/blog\/wp-content\/uploads\/2011\/09\/Ulcinj.jpg\",\"width\":\"800\",\"height\":\"471\"},{\"@type\":\"WebPage\",\"@id\":\"https:\/\/www.visit-ulcinj.com\/blog\/2011\/09\/25\/%c2%bbnekrolog%c2%ab-jednoj-politici-koja-ce-biti-obiljezena-crnim-slovima-na-margini-istorije-naseg-grada\/#webpage\",\"url\":\"https:\/\/www.visit-ulcinj.com\/blog\/2011\/09\/25\/%c2%bbnekrolog%c2%ab-jednoj-politici-koja-ce-biti-obiljezena-crnim-slovima-na-margini-istorije-naseg-grada\/\",\"name\":\"\u00bbNEKROLOG\u00ab jednoj politici, koja \u0107e biti obilje\u017eena crnim slovima na margini istorije na\u0161eg grada.. - Lajme nga Ulqini\",\"isPartOf\":{\"@id\":\"https:\/\/www.visit-ulcinj.com\/blog\/#website\"},\"primaryImageOfPage\":{\"@id\":\"https:\/\/www.visit-ulcinj.com\/blog\/2011\/09\/25\/%c2%bbnekrolog%c2%ab-jednoj-politici-koja-ce-biti-obiljezena-crnim-slovima-na-margini-istorije-naseg-grada\/#primaryimage\"},\"datePublished\":\"2011-09-25T18:56:47+00:00\",\"dateModified\":\"2011-09-25T18:56:47+00:00\",\"author\":{\"@id\":\"https:\/\/www.visit-ulcinj.com\/blog\/#\/schema\/person\/dcab619c614d3038751c63bc2aadc06d\"},\"description\":\"Ovih toplih avgustovskih dana, de\u0161avaju se kod nas neke krupne promjene u politici, koje \u0107e bitno uticati na razvoj grada. O\u010digledno je da sada\u0161nja\",\"breadcrumb\":{\"@id\":\"https:\/\/www.visit-ulcinj.com\/blog\/2011\/09\/25\/%c2%bbnekrolog%c2%ab-jednoj-politici-koja-ce-biti-obiljezena-crnim-slovima-na-margini-istorije-naseg-grada\/#breadcrumb\"},\"inLanguage\":\"en-US\",\"potentialAction\":[{\"@type\":\"ReadAction\",\"target\":[\"https:\/\/www.visit-ulcinj.com\/blog\/2011\/09\/25\/%c2%bbnekrolog%c2%ab-jednoj-politici-koja-ce-biti-obiljezena-crnim-slovima-na-margini-istorije-naseg-grada\/\"]}]},{\"@type\":\"BreadcrumbList\",\"@id\":\"https:\/\/www.visit-ulcinj.com\/blog\/2011\/09\/25\/%c2%bbnekrolog%c2%ab-jednoj-politici-koja-ce-biti-obiljezena-crnim-slovima-na-margini-istorije-naseg-grada\/#breadcrumb\",\"itemListElement\":[{\"@type\":\"ListItem\",\"position\":1,\"name\":\"\u00bbNEKROLOG\u00ab jednoj politici, koja \u0107e biti obilje\u017eena crnim slovima na margini istorije na\u0161eg grada..\"}]},{\"@type\":\"Person\",\"@id\":\"https:\/\/www.visit-ulcinj.com\/blog\/#\/schema\/person\/dcab619c614d3038751c63bc2aadc06d\",\"name\":\"ulqini\",\"sameAs\":[\"http:\/\/www.visit-ulcinj.com\"],\"url\":\"https:\/\/www.visit-ulcinj.com\/blog\/author\/admin\/\"}]}<\/script>\n<!-- \/ Yoast SEO plugin. -->","yoast_head_json":{"title":"\u00bbNEKROLOG\u00ab jednoj politici, koja \u0107e biti obilje\u017eena crnim slovima na margini istorije na\u0161eg grada.. - Lajme nga Ulqini","description":"Ovih toplih avgustovskih dana, de\u0161avaju se kod nas neke krupne promjene u politici, koje \u0107e bitno uticati na razvoj grada. O\u010digledno je da sada\u0161nja","robots":{"index":"index","follow":"follow","max-snippet":"max-snippet:-1","max-image-preview":"max-image-preview:large","max-video-preview":"max-video-preview:-1"},"canonical":"https:\/\/www.visit-ulcinj.com\/blog\/2011\/09\/25\/\u00bbnekrolog\u00ab-jednoj-politici-koja-ce-biti-obiljezena-crnim-slovima-na-margini-istorije-naseg-grada\/","og_locale":"en_US","og_type":"article","og_title":"\u00bbNEKROLOG\u00ab jednoj politici, koja \u0107e biti obilje\u017eena crnim slovima na margini istorije na\u0161eg grada.. - Lajme nga Ulqini","og_description":"Ovih toplih avgustovskih dana, de\u0161avaju se kod nas neke krupne promjene u politici, koje \u0107e bitno uticati na razvoj grada. O\u010digledno je da sada\u0161nja","og_url":"https:\/\/www.visit-ulcinj.com\/blog\/2011\/09\/25\/\u00bbnekrolog\u00ab-jednoj-politici-koja-ce-biti-obiljezena-crnim-slovima-na-margini-istorije-naseg-grada\/","og_site_name":"Lajme nga Ulqini","article_published_time":"2011-09-25T18:56:47+00:00","og_image":[{"url":"http:\/\/www.visit-ulcinj.com\/blog\/wp-content\/uploads\/2011\/09\/Ulcinj.jpg"}],"twitter_misc":{"Written by":"ulqini","Est. reading time":"5 minutes"},"schema":{"@context":"https:\/\/schema.org","@graph":[{"@type":"WebSite","@id":"https:\/\/www.visit-ulcinj.com\/blog\/#website","url":"https:\/\/www.visit-ulcinj.com\/blog\/","name":"Lajme nga Ulqini","description":"Lajme,Vijesti,Ulqini,Ulqin,Crna Gora,Mali i Zi","potentialAction":[{"@type":"SearchAction","target":{"@type":"EntryPoint","urlTemplate":"https:\/\/www.visit-ulcinj.com\/blog\/?s={search_term_string}"},"query-input":"required name=search_term_string"}],"inLanguage":"en-US"},{"@type":"ImageObject","inLanguage":"en-US","@id":"https:\/\/www.visit-ulcinj.com\/blog\/2011\/09\/25\/%c2%bbnekrolog%c2%ab-jednoj-politici-koja-ce-biti-obiljezena-crnim-slovima-na-margini-istorije-naseg-grada\/#primaryimage","url":"https:\/\/www.visit-ulcinj.com\/blog\/wp-content\/uploads\/2011\/09\/Ulcinj.jpg","contentUrl":"https:\/\/www.visit-ulcinj.com\/blog\/wp-content\/uploads\/2011\/09\/Ulcinj.jpg","width":"800","height":"471"},{"@type":"WebPage","@id":"https:\/\/www.visit-ulcinj.com\/blog\/2011\/09\/25\/%c2%bbnekrolog%c2%ab-jednoj-politici-koja-ce-biti-obiljezena-crnim-slovima-na-margini-istorije-naseg-grada\/#webpage","url":"https:\/\/www.visit-ulcinj.com\/blog\/2011\/09\/25\/%c2%bbnekrolog%c2%ab-jednoj-politici-koja-ce-biti-obiljezena-crnim-slovima-na-margini-istorije-naseg-grada\/","name":"\u00bbNEKROLOG\u00ab jednoj politici, koja \u0107e biti obilje\u017eena crnim slovima na margini istorije na\u0161eg grada.. - Lajme nga Ulqini","isPartOf":{"@id":"https:\/\/www.visit-ulcinj.com\/blog\/#website"},"primaryImageOfPage":{"@id":"https:\/\/www.visit-ulcinj.com\/blog\/2011\/09\/25\/%c2%bbnekrolog%c2%ab-jednoj-politici-koja-ce-biti-obiljezena-crnim-slovima-na-margini-istorije-naseg-grada\/#primaryimage"},"datePublished":"2011-09-25T18:56:47+00:00","dateModified":"2011-09-25T18:56:47+00:00","author":{"@id":"https:\/\/www.visit-ulcinj.com\/blog\/#\/schema\/person\/dcab619c614d3038751c63bc2aadc06d"},"description":"Ovih toplih avgustovskih dana, de\u0161avaju se kod nas neke krupne promjene u politici, koje \u0107e bitno uticati na razvoj grada. O\u010digledno je da sada\u0161nja","breadcrumb":{"@id":"https:\/\/www.visit-ulcinj.com\/blog\/2011\/09\/25\/%c2%bbnekrolog%c2%ab-jednoj-politici-koja-ce-biti-obiljezena-crnim-slovima-na-margini-istorije-naseg-grada\/#breadcrumb"},"inLanguage":"en-US","potentialAction":[{"@type":"ReadAction","target":["https:\/\/www.visit-ulcinj.com\/blog\/2011\/09\/25\/%c2%bbnekrolog%c2%ab-jednoj-politici-koja-ce-biti-obiljezena-crnim-slovima-na-margini-istorije-naseg-grada\/"]}]},{"@type":"BreadcrumbList","@id":"https:\/\/www.visit-ulcinj.com\/blog\/2011\/09\/25\/%c2%bbnekrolog%c2%ab-jednoj-politici-koja-ce-biti-obiljezena-crnim-slovima-na-margini-istorije-naseg-grada\/#breadcrumb","itemListElement":[{"@type":"ListItem","position":1,"name":"\u00bbNEKROLOG\u00ab jednoj politici, koja \u0107e biti obilje\u017eena crnim slovima na margini istorije na\u0161eg grada.."}]},{"@type":"Person","@id":"https:\/\/www.visit-ulcinj.com\/blog\/#\/schema\/person\/dcab619c614d3038751c63bc2aadc06d","name":"ulqini","sameAs":["http:\/\/www.visit-ulcinj.com"],"url":"https:\/\/www.visit-ulcinj.com\/blog\/author\/admin\/"}]}},"jetpack_featured_media_url":"","jetpack_sharing_enabled":true,"jetpack_shortlink":"https:\/\/wp.me\/pe6lTn-dmo","_links":{"self":[{"href":"https:\/\/www.visit-ulcinj.com\/blog\/wp-json\/wp\/v2\/posts\/51360"}],"collection":[{"href":"https:\/\/www.visit-ulcinj.com\/blog\/wp-json\/wp\/v2\/posts"}],"about":[{"href":"https:\/\/www.visit-ulcinj.com\/blog\/wp-json\/wp\/v2\/types\/post"}],"author":[{"embeddable":true,"href":"https:\/\/www.visit-ulcinj.com\/blog\/wp-json\/wp\/v2\/users\/1"}],"replies":[{"embeddable":true,"href":"https:\/\/www.visit-ulcinj.com\/blog\/wp-json\/wp\/v2\/comments?post=51360"}],"version-history":[{"count":1,"href":"https:\/\/www.visit-ulcinj.com\/blog\/wp-json\/wp\/v2\/posts\/51360\/revisions"}],"predecessor-version":[{"id":51362,"href":"https:\/\/www.visit-ulcinj.com\/blog\/wp-json\/wp\/v2\/posts\/51360\/revisions\/51362"}],"wp:attachment":[{"href":"https:\/\/www.visit-ulcinj.com\/blog\/wp-json\/wp\/v2\/media?parent=51360"}],"wp:term":[{"taxonomy":"category","embeddable":true,"href":"https:\/\/www.visit-ulcinj.com\/blog\/wp-json\/wp\/v2\/categories?post=51360"},{"taxonomy":"post_tag","embeddable":true,"href":"https:\/\/www.visit-ulcinj.com\/blog\/wp-json\/wp\/v2\/tags?post=51360"}],"curies":[{"name":"wp","href":"https:\/\/api.w.org\/{rel}","templated":true}]}}