{"id":51363,"date":"2011-09-25T20:12:05","date_gmt":"2011-09-25T19:12:05","guid":{"rendered":"http:\/\/www.visit-ulcinj.com\/blog\/?p=51363"},"modified":"2011-09-25T20:12:05","modified_gmt":"2011-09-25T19:12:05","slug":"shasi-gjurme-te-civilizimit-te-lashte","status":"publish","type":"post","link":"https:\/\/www.visit-ulcinj.com\/blog\/2011\/09\/25\/shasi-gjurme-te-civilizimit-te-lashte\/","title":{"rendered":"SHASI: Gjurm\u00eb t\u00eb civilizimit t\u00eb lasht\u00eb"},"content":{"rendered":"<p><strong><a href=\"http:\/\/www.visit-ulcinj.com\/blog\/wp-content\/uploads\/2011\/09\/SHASI_ANA-MALIT.jpg\"><img loading=\"lazy\" class=\"alignleft size-full wp-image-51364\" title=\"SHASI_ANA MALIT\" src=\"http:\/\/www.visit-ulcinj.com\/blog\/wp-content\/uploads\/2011\/09\/SHASI_ANA-MALIT.jpg\" alt=\"\" width=\"508\" height=\"380\" \/><\/a>T\u00eb dh\u00ebna onomastike dhe demografike p\u00ebr Shasin dhe vendbanimet e nahijes s\u00eb Bun\u00ebs s\u00eb p\u00ebrtejme sipas defter\u00ebve osman\u00eb t\u00eb shekujve XV dhe XVI (1)\u00a0\u00a0<\/strong><\/p>\n<p><strong>Prof. dr. Iljaz Rexha<br \/>\n<\/strong>Hyrje<\/p>\n<p>N\u00eb baz\u00eb t\u00eb k\u00ebtij materiali t\u00eb begatsh\u00ebm onomastik\u00a0q\u00eb na ofrojn\u00eb regjistrat kadastral\u00eb\u00a0osman\u00eb p\u00ebr k\u00ebt\u00eb rajon mund t\u00eb studiohet\u00a0historia gjeografike e vendbanimeve, l\u00ebvizjet\u00a0dhe migrimet e k\u00ebsaj popullsie prej nj\u00eb vendi\u00a0n\u00eb nj\u00eb vend tjet\u00ebr. Nd\u00ebrsa n\u00eb baz\u00eb t\u00eb t\u00eb dh\u00ebnave\u00a0antroponimike dhe patronimike mund\u00a0t\u00eb studiohet struktura etnike, religjioze dhe\u00a0pozita sociale e shoq\u00ebrore e popullsis\u00eb.\u00a0Nj\u00ebkoh\u00ebsisht mund t\u00eb hetohen dhe zbulohen\u00a0gjurm\u00ebt dhe vendet e monumenteve\u00a0t\u00eb kultit dhe t\u00eb kultur\u00ebs n\u00eb p\u00ebrgjith\u00ebsi, meq\u00eb\u00a0n\u00eb k\u00ebto burime zakonisht p\u00ebrmenden kishat\u00a0apo vendet e monumenteve t\u00eb kultur\u00ebs ku\u00a0ato m\u00eb her\u00ebt kan\u00eb ekzistuar, n\u00ebse kan\u00eb qen\u00eb\u00a0t\u00eb p\u00ebrfshira n\u00eb sistemin e timarit t\u00eb spahinj\u00ebve\u00a0osman\u00eb q\u00eb u jan\u00eb n\u00ebnshtruar sistemit\u00a0fiskal t\u00eb administrat\u00ebs osmane.\u00a0\u00cbsht\u00eb i njohur fakti se hap\u00ebsira gjeografike e\u00a0An\u00ebs s\u00eb Malit n\u00eb p\u00ebrgjith\u00ebsi, e sidomos vet\u00eb\u00a0qyteti antik i Shasit me rrethin\u00eb n\u00eb ve\u00e7anti,\u00a0deri n\u00eb mesjet\u00ebn e hershme, ishte i pasur me\u00a0monumentet e kultit dhe me monumente\u00a0t\u00eb tjera kulturo-historike, jo vet\u00ebm p\u00ebr k\u00ebt\u00eb\u00a0trev\u00eb, por edhe m\u00eb gjer\u00eb n\u00eb Ballkan. N\u00eb t\u00eb\u00a0v\u00ebrtet\u00eb, p\u00ebr shkak t\u00eb pozit\u00ebs s\u00eb saj gjeografike dhe strategjike, hap\u00ebsira e An\u00ebs s\u00eb Malit ka\u00a0luajtur nj\u00eb rol mjaft me r\u00ebnd\u00ebsi n\u00eb antik\u00eb dhe\u00a0deri n\u00eb mesjet\u00ebn e hershme, sepse, g\u00ebrmadhat\u00a0q\u00eb jan\u00eb gjetur dhe zbulimet arkeologjike\u00a0q\u00eb jan\u00eb b\u00ebr\u00eb pjes\u00ebrisht, tregojn\u00eb se n\u00eb k\u00ebt\u00eb\u00a0hap\u00ebsir\u00eb jan\u00eb kryq\u00ebzuar disa kultura dhe\u00a0shtresime t\u00eb ndryshme gjuh\u00ebsore, duke filluar\u00a0prej asaj iliro &#8211; albane, romano &#8211; latine,\u00a0greko &#8211; bizantine, veneto &#8211; italiane, otomane\u00a0&#8211; turke dhe m\u00eb von\u00eb asaj sllave. Nga ajo koh\u00eb\u00a0kan\u00eb mbetur vet\u00ebm g\u00ebrmadhat e k\u00ebshtjell\u00ebs\u00a0s\u00eb Shasit dhe muret e nj\u00eb katedraleje katolike\u00a0deri n\u00eb shekullin XIII, themelet e 10-11\u00a0kish\u00ebzave &#8211; kapelave t\u00eb vogla katolike, tregu\u00a0i mbuluar me dyqane dhe rrugica t\u00eb ngushta\u00a0t\u00eb stilit dhe arkitektur\u00ebs latino &#8211; romane, q\u00eb\u00a0jan\u00eb zbuluar koh\u00ebve t\u00eb fundit nga hulumtuesit\u00a0dhe arkeolog\u00ebt e Cetin\u00ebs, gj\u00eb q\u00eb tregojn\u00eb\u00a0se n\u00eb lokalitetin e Qytetit t\u00eb Vjet\u00ebr t\u00eb Shasit me rrethin\u00eb ka ekzistuar nj\u00eb civilizim\u00a0i lasht\u00eb. Si duket, pjesa m\u00eb e madhe e atyre\u00a0monumenteve kulturo-historike kan\u00eb ekzistuar\u00a0jasht\u00eb mureve t\u00eb qytetit antik t\u00eb Shasit,\u00a0meq\u00eb n\u00eb hap\u00ebsir\u00ebn e gjer\u00eb t\u00eb tij hasen gjurm\u00ebt\u00a0e atyre monumenteve t\u00eb kultit q\u00eb jan\u00eb\u00a0ruajtur n\u00eb emrat e toponimeve q\u00eb sot i mbajn\u00eb\u00a0fshatrat e An\u00ebs s\u00eb Malit.\u00a0Lidhur me k\u00ebto monumente t\u00eb kultit \u00ebsht\u00eb\u00a0krijuar edhe goj\u00ebdh\u00ebna se n\u00eb Shas kan\u00eb\u00a0ekzistuar 365 kisha, \u00e7ka bie ndesh me logjik\u00ebn\u00a0e sh\u00ebndosh\u00eb dhe realitetin shkencor,\u00a0meq\u00eb kjo goj\u00ebdh\u00ebn\u00eb s\u2019ka mb\u00ebshtetje as n\u00eb\u00a0gjetjet arkeologjike, as n\u00eb burimet e shkruara\u00a0historike mesjetare. Me siguri nj\u00eb num\u00ebr i\u00a0konsideruesh\u00ebm i monumenteve t\u00eb kultit ka\u00a0ekzistuar n\u00eb hap\u00ebsir\u00ebn mes Tivarit \u2013 Ulqinit &#8211;\u00a0Shkodr\u00ebs dhe Shasit dhe e t\u00ebr\u00eb kjo hap\u00ebsir\u00eb\u00a0e gjer\u00eb lidhet sipas goj\u00ebdh\u00ebn\u00ebs popullore vet\u00ebm me hap\u00ebsir\u00ebn e qytetit antik dhe mesjetar\u00a0t\u00eb Shasit, q\u00eb p\u00ebrfshinte nj\u00eb sip\u00ebrfaqe\u00a0relativisht t\u00eb vog\u00ebl \u2013 3-4 ha tok\u00eb.\u00a0Por g\u00ebrmimet dhe gjetjet e reja arkeologjike\u00a0nga ana e ekspert\u00ebve t\u00eb k\u00ebsaj l\u00ebmie do ta\u00a0thon\u00eb fjal\u00ebn e fundit p\u00ebr r\u00ebnd\u00ebsin\u00eb e Shasit\u00a0t\u00eb lasht\u00eb q\u00eb ai ka si lokalitet arkeologjik, si\u00a0monument i kultit dhe i trash\u00ebgimis\u00eb s\u00eb kultur\u00ebs\u00a0materiale, historike dhe arkitektonike\u00a0me vlera shum\u00ebdimensionale jo vet\u00ebm p\u00ebr\u00a0hap\u00ebsir\u00ebn gjeografike t\u00eb An\u00ebs s\u00eb Malit, por\u00a0edhe m\u00eb gjer\u00eb, e sidomos p\u00ebr zhvillimin e\u00a0turizmit bashk\u00ebkohor t\u00eb k\u00ebsaj ane.\u00a0N\u00eb munges\u00eb t\u00eb materialeve epigrafike,\u00a0mbishkrimeve arkaike nga koha antike,\u00a0mesjeta e hershme dhe ajo e von\u00eb p\u00ebr rajonin\u00a0n\u00eb fjal\u00eb, at\u00ebher\u00eb t\u00eb dh\u00ebnat onomastike\u00a0n\u00eb p\u00ebrgjith\u00ebsi dhe ato toponomastike n\u00eb\u00a0ve\u00e7anti, mund t\u00eb sh\u00ebrbejn\u00eb si ndihmes\u00eb p\u00ebr\u00a0t\u00eb zbuluar disa elemente t\u00eb monumenteve\u00a0t\u00eb kultit si edhe t\u00eb atyre kulturo-historike,\u00a0qofshin ato t\u00eb sfer\u00ebs sakrale apo profane, e\u00a0sidomos p\u00ebr t\u00eb studiuar struktur\u00ebn etnike\u00a0dhe konfesionale t\u00eb banor\u00ebve q\u00eb kan\u00eb jetuar\u00a0dhe jetojn\u00eb n\u00eb k\u00ebto hap\u00ebsira gjeografike.\u00a0N\u00eb vazhdim t\u00eb k\u00ebtij punimi do t\u00eb prezentojm\u00eb\u00a0materialin e d\u00ebshifruar dhe t\u00eb p\u00ebrkthyer,\u00a0si\u00e7 e theksuam n\u00eb fillim, duke sjell\u00eb t\u00eb dh\u00ebna\u00a0onomastike dhe demografike t\u00eb cilat i kemi\u00a0nxjerr\u00eb nga defter\u00ebt osman\u00eb t\u00eb shekullit XVXVI,\u00a0dhe q\u00eb deri m\u00eb tani nuk jan\u00eb botuar p\u00ebr\u00a0hap\u00ebsir\u00ebn e An\u00ebs s\u00eb Malit..<strong>\u00a0<\/strong><\/p>\n<p><strong>KOHA\u00a0 JAVORE<br \/>\n<!--YouTube Error: bad URL entered--><br \/>\n<\/strong><\/p>\n","protected":false},"excerpt":{"rendered":"<p>T\u00eb dh\u00ebna onomastike dhe demografike p\u00ebr Shasin dhe vendbanimet e nahijes s\u00eb Bun\u00ebs s\u00eb p\u00ebrtejme sipas defter\u00ebve osman\u00eb t\u00eb shekujve XV dhe XVI (1)\u00a0\u00a0 Prof. dr. Iljaz Rexha Hyrje N\u00eb baz\u00eb t\u00eb k\u00ebtij materiali t\u00eb begatsh\u00ebm onomastik\u00a0q\u00eb na ofrojn\u00eb regjistrat kadastral\u00eb\u00a0osman\u00eb p\u00ebr k\u00ebt\u00eb rajon mund t\u00eb studiohet\u00a0historia gjeografike e vendbanimeve, l\u00ebvizjet\u00a0dhe migrimet e k\u00ebsaj popullsie [&hellip;]<\/p>\n","protected":false},"author":1,"featured_media":0,"comment_status":"open","ping_status":"closed","sticky":false,"template":"","format":"standard","meta":{"spay_email":"","jetpack_publicize_message":"","jetpack_is_tweetstorm":false,"jetpack_publicize_feature_enabled":true},"categories":[11],"tags":[212,3231],"jetpack_publicize_connections":[],"yoast_head":"<!-- This site is optimized with the Yoast SEO plugin v19.1 - https:\/\/yoast.com\/wordpress\/plugins\/seo\/ -->\n<title>SHASI: Gjurm\u00eb t\u00eb civilizimit t\u00eb lasht\u00eb - Lajme nga Ulqini<\/title>\n<meta name=\"description\" content=\"T\u00eb dh\u00ebna onomastike dhe demografike p\u00ebr Shasin dhe vendbanimet e nahijes s\u00eb Bun\u00ebs s\u00eb p\u00ebrtejme sipas defter\u00ebve osman\u00eb t\u00eb shekujve XV dhe XVI (1)\u00a0\u00a0 Prof.\" \/>\n<meta name=\"robots\" content=\"index, follow, max-snippet:-1, max-image-preview:large, max-video-preview:-1\" \/>\n<link rel=\"canonical\" href=\"https:\/\/www.visit-ulcinj.com\/blog\/2011\/09\/25\/shasi-gjurme-te-civilizimit-te-lashte\/\" \/>\n<meta property=\"og:locale\" content=\"en_US\" \/>\n<meta property=\"og:type\" content=\"article\" \/>\n<meta property=\"og:title\" content=\"SHASI: Gjurm\u00eb t\u00eb civilizimit t\u00eb lasht\u00eb - Lajme nga Ulqini\" \/>\n<meta property=\"og:description\" content=\"T\u00eb dh\u00ebna onomastike dhe demografike p\u00ebr Shasin dhe vendbanimet e nahijes s\u00eb Bun\u00ebs s\u00eb p\u00ebrtejme sipas defter\u00ebve osman\u00eb t\u00eb shekujve XV dhe XVI (1)\u00a0\u00a0 Prof.\" \/>\n<meta property=\"og:url\" content=\"https:\/\/www.visit-ulcinj.com\/blog\/2011\/09\/25\/shasi-gjurme-te-civilizimit-te-lashte\/\" \/>\n<meta property=\"og:site_name\" content=\"Lajme nga Ulqini\" \/>\n<meta property=\"article:published_time\" content=\"2011-09-25T19:12:05+00:00\" \/>\n<meta property=\"og:image\" content=\"http:\/\/www.visit-ulcinj.com\/blog\/wp-content\/uploads\/2011\/09\/SHASI_ANA-MALIT.jpg\" \/>\n<meta name=\"twitter:label1\" content=\"Written by\" \/>\n\t<meta name=\"twitter:data1\" content=\"ulqini\" \/>\n\t<meta name=\"twitter:label2\" content=\"Est. reading time\" \/>\n\t<meta name=\"twitter:data2\" content=\"4 minutes\" \/>\n<script type=\"application\/ld+json\" class=\"yoast-schema-graph\">{\"@context\":\"https:\/\/schema.org\",\"@graph\":[{\"@type\":\"WebSite\",\"@id\":\"https:\/\/www.visit-ulcinj.com\/blog\/#website\",\"url\":\"https:\/\/www.visit-ulcinj.com\/blog\/\",\"name\":\"Lajme nga Ulqini\",\"description\":\"Lajme,Vijesti,Ulqini,Ulqin,Crna Gora,Mali i Zi\",\"potentialAction\":[{\"@type\":\"SearchAction\",\"target\":{\"@type\":\"EntryPoint\",\"urlTemplate\":\"https:\/\/www.visit-ulcinj.com\/blog\/?s={search_term_string}\"},\"query-input\":\"required name=search_term_string\"}],\"inLanguage\":\"en-US\"},{\"@type\":\"ImageObject\",\"inLanguage\":\"en-US\",\"@id\":\"https:\/\/www.visit-ulcinj.com\/blog\/2011\/09\/25\/shasi-gjurme-te-civilizimit-te-lashte\/#primaryimage\",\"url\":\"https:\/\/www.visit-ulcinj.com\/blog\/wp-content\/uploads\/2011\/09\/SHASI_ANA-MALIT.jpg\",\"contentUrl\":\"https:\/\/www.visit-ulcinj.com\/blog\/wp-content\/uploads\/2011\/09\/SHASI_ANA-MALIT.jpg\",\"width\":\"800\",\"height\":\"399\"},{\"@type\":\"WebPage\",\"@id\":\"https:\/\/www.visit-ulcinj.com\/blog\/2011\/09\/25\/shasi-gjurme-te-civilizimit-te-lashte\/#webpage\",\"url\":\"https:\/\/www.visit-ulcinj.com\/blog\/2011\/09\/25\/shasi-gjurme-te-civilizimit-te-lashte\/\",\"name\":\"SHASI: Gjurm\u00eb t\u00eb civilizimit t\u00eb lasht\u00eb - Lajme nga Ulqini\",\"isPartOf\":{\"@id\":\"https:\/\/www.visit-ulcinj.com\/blog\/#website\"},\"primaryImageOfPage\":{\"@id\":\"https:\/\/www.visit-ulcinj.com\/blog\/2011\/09\/25\/shasi-gjurme-te-civilizimit-te-lashte\/#primaryimage\"},\"datePublished\":\"2011-09-25T19:12:05+00:00\",\"dateModified\":\"2011-09-25T19:12:05+00:00\",\"author\":{\"@id\":\"https:\/\/www.visit-ulcinj.com\/blog\/#\/schema\/person\/dcab619c614d3038751c63bc2aadc06d\"},\"description\":\"T\u00eb dh\u00ebna onomastike dhe demografike p\u00ebr Shasin dhe vendbanimet e nahijes s\u00eb Bun\u00ebs s\u00eb p\u00ebrtejme sipas defter\u00ebve osman\u00eb t\u00eb shekujve XV dhe XVI (1)\u00a0\u00a0 Prof.\",\"breadcrumb\":{\"@id\":\"https:\/\/www.visit-ulcinj.com\/blog\/2011\/09\/25\/shasi-gjurme-te-civilizimit-te-lashte\/#breadcrumb\"},\"inLanguage\":\"en-US\",\"potentialAction\":[{\"@type\":\"ReadAction\",\"target\":[\"https:\/\/www.visit-ulcinj.com\/blog\/2011\/09\/25\/shasi-gjurme-te-civilizimit-te-lashte\/\"]}]},{\"@type\":\"BreadcrumbList\",\"@id\":\"https:\/\/www.visit-ulcinj.com\/blog\/2011\/09\/25\/shasi-gjurme-te-civilizimit-te-lashte\/#breadcrumb\",\"itemListElement\":[{\"@type\":\"ListItem\",\"position\":1,\"name\":\"SHASI: Gjurm\u00eb t\u00eb civilizimit t\u00eb lasht\u00eb\"}]},{\"@type\":\"Person\",\"@id\":\"https:\/\/www.visit-ulcinj.com\/blog\/#\/schema\/person\/dcab619c614d3038751c63bc2aadc06d\",\"name\":\"ulqini\",\"sameAs\":[\"http:\/\/www.visit-ulcinj.com\"],\"url\":\"https:\/\/www.visit-ulcinj.com\/blog\/author\/admin\/\"}]}<\/script>\n<!-- \/ Yoast SEO plugin. -->","yoast_head_json":{"title":"SHASI: Gjurm\u00eb t\u00eb civilizimit t\u00eb lasht\u00eb - Lajme nga Ulqini","description":"T\u00eb dh\u00ebna onomastike dhe demografike p\u00ebr Shasin dhe vendbanimet e nahijes s\u00eb Bun\u00ebs s\u00eb p\u00ebrtejme sipas defter\u00ebve osman\u00eb t\u00eb shekujve XV dhe XVI (1)\u00a0\u00a0 Prof.","robots":{"index":"index","follow":"follow","max-snippet":"max-snippet:-1","max-image-preview":"max-image-preview:large","max-video-preview":"max-video-preview:-1"},"canonical":"https:\/\/www.visit-ulcinj.com\/blog\/2011\/09\/25\/shasi-gjurme-te-civilizimit-te-lashte\/","og_locale":"en_US","og_type":"article","og_title":"SHASI: Gjurm\u00eb t\u00eb civilizimit t\u00eb lasht\u00eb - Lajme nga Ulqini","og_description":"T\u00eb dh\u00ebna onomastike dhe demografike p\u00ebr Shasin dhe vendbanimet e nahijes s\u00eb Bun\u00ebs s\u00eb p\u00ebrtejme sipas defter\u00ebve osman\u00eb t\u00eb shekujve XV dhe XVI (1)\u00a0\u00a0 Prof.","og_url":"https:\/\/www.visit-ulcinj.com\/blog\/2011\/09\/25\/shasi-gjurme-te-civilizimit-te-lashte\/","og_site_name":"Lajme nga Ulqini","article_published_time":"2011-09-25T19:12:05+00:00","og_image":[{"url":"http:\/\/www.visit-ulcinj.com\/blog\/wp-content\/uploads\/2011\/09\/SHASI_ANA-MALIT.jpg"}],"twitter_misc":{"Written by":"ulqini","Est. reading time":"4 minutes"},"schema":{"@context":"https:\/\/schema.org","@graph":[{"@type":"WebSite","@id":"https:\/\/www.visit-ulcinj.com\/blog\/#website","url":"https:\/\/www.visit-ulcinj.com\/blog\/","name":"Lajme nga Ulqini","description":"Lajme,Vijesti,Ulqini,Ulqin,Crna Gora,Mali i Zi","potentialAction":[{"@type":"SearchAction","target":{"@type":"EntryPoint","urlTemplate":"https:\/\/www.visit-ulcinj.com\/blog\/?s={search_term_string}"},"query-input":"required name=search_term_string"}],"inLanguage":"en-US"},{"@type":"ImageObject","inLanguage":"en-US","@id":"https:\/\/www.visit-ulcinj.com\/blog\/2011\/09\/25\/shasi-gjurme-te-civilizimit-te-lashte\/#primaryimage","url":"https:\/\/www.visit-ulcinj.com\/blog\/wp-content\/uploads\/2011\/09\/SHASI_ANA-MALIT.jpg","contentUrl":"https:\/\/www.visit-ulcinj.com\/blog\/wp-content\/uploads\/2011\/09\/SHASI_ANA-MALIT.jpg","width":"800","height":"399"},{"@type":"WebPage","@id":"https:\/\/www.visit-ulcinj.com\/blog\/2011\/09\/25\/shasi-gjurme-te-civilizimit-te-lashte\/#webpage","url":"https:\/\/www.visit-ulcinj.com\/blog\/2011\/09\/25\/shasi-gjurme-te-civilizimit-te-lashte\/","name":"SHASI: Gjurm\u00eb t\u00eb civilizimit t\u00eb lasht\u00eb - Lajme nga Ulqini","isPartOf":{"@id":"https:\/\/www.visit-ulcinj.com\/blog\/#website"},"primaryImageOfPage":{"@id":"https:\/\/www.visit-ulcinj.com\/blog\/2011\/09\/25\/shasi-gjurme-te-civilizimit-te-lashte\/#primaryimage"},"datePublished":"2011-09-25T19:12:05+00:00","dateModified":"2011-09-25T19:12:05+00:00","author":{"@id":"https:\/\/www.visit-ulcinj.com\/blog\/#\/schema\/person\/dcab619c614d3038751c63bc2aadc06d"},"description":"T\u00eb dh\u00ebna onomastike dhe demografike p\u00ebr Shasin dhe vendbanimet e nahijes s\u00eb Bun\u00ebs s\u00eb p\u00ebrtejme sipas defter\u00ebve osman\u00eb t\u00eb shekujve XV dhe XVI (1)\u00a0\u00a0 Prof.","breadcrumb":{"@id":"https:\/\/www.visit-ulcinj.com\/blog\/2011\/09\/25\/shasi-gjurme-te-civilizimit-te-lashte\/#breadcrumb"},"inLanguage":"en-US","potentialAction":[{"@type":"ReadAction","target":["https:\/\/www.visit-ulcinj.com\/blog\/2011\/09\/25\/shasi-gjurme-te-civilizimit-te-lashte\/"]}]},{"@type":"BreadcrumbList","@id":"https:\/\/www.visit-ulcinj.com\/blog\/2011\/09\/25\/shasi-gjurme-te-civilizimit-te-lashte\/#breadcrumb","itemListElement":[{"@type":"ListItem","position":1,"name":"SHASI: Gjurm\u00eb t\u00eb civilizimit t\u00eb lasht\u00eb"}]},{"@type":"Person","@id":"https:\/\/www.visit-ulcinj.com\/blog\/#\/schema\/person\/dcab619c614d3038751c63bc2aadc06d","name":"ulqini","sameAs":["http:\/\/www.visit-ulcinj.com"],"url":"https:\/\/www.visit-ulcinj.com\/blog\/author\/admin\/"}]}},"jetpack_featured_media_url":"","jetpack_sharing_enabled":true,"jetpack_shortlink":"https:\/\/wp.me\/pe6lTn-dmr","_links":{"self":[{"href":"https:\/\/www.visit-ulcinj.com\/blog\/wp-json\/wp\/v2\/posts\/51363"}],"collection":[{"href":"https:\/\/www.visit-ulcinj.com\/blog\/wp-json\/wp\/v2\/posts"}],"about":[{"href":"https:\/\/www.visit-ulcinj.com\/blog\/wp-json\/wp\/v2\/types\/post"}],"author":[{"embeddable":true,"href":"https:\/\/www.visit-ulcinj.com\/blog\/wp-json\/wp\/v2\/users\/1"}],"replies":[{"embeddable":true,"href":"https:\/\/www.visit-ulcinj.com\/blog\/wp-json\/wp\/v2\/comments?post=51363"}],"version-history":[{"count":1,"href":"https:\/\/www.visit-ulcinj.com\/blog\/wp-json\/wp\/v2\/posts\/51363\/revisions"}],"predecessor-version":[{"id":51365,"href":"https:\/\/www.visit-ulcinj.com\/blog\/wp-json\/wp\/v2\/posts\/51363\/revisions\/51365"}],"wp:attachment":[{"href":"https:\/\/www.visit-ulcinj.com\/blog\/wp-json\/wp\/v2\/media?parent=51363"}],"wp:term":[{"taxonomy":"category","embeddable":true,"href":"https:\/\/www.visit-ulcinj.com\/blog\/wp-json\/wp\/v2\/categories?post=51363"},{"taxonomy":"post_tag","embeddable":true,"href":"https:\/\/www.visit-ulcinj.com\/blog\/wp-json\/wp\/v2\/tags?post=51363"}],"curies":[{"name":"wp","href":"https:\/\/api.w.org\/{rel}","templated":true}]}}