{"id":51368,"date":"2011-09-25T22:46:20","date_gmt":"2011-09-25T21:46:20","guid":{"rendered":"http:\/\/www.visit-ulcinj.com\/blog\/?p=51368"},"modified":"2011-09-25T22:46:20","modified_gmt":"2011-09-25T21:46:20","slug":"insomnia-disco-club-te-gjithe-me-eglin-tous-avec-egli","status":"publish","type":"post","link":"https:\/\/www.visit-ulcinj.com\/blog\/2011\/09\/25\/insomnia-disco-club-te-gjithe-me-eglin-tous-avec-egli\/","title":{"rendered":"Insomnia Disco Club : T\u00eb Gjith\u00eb Me Eglin &#8211; TOUS AVEC EGLI"},"content":{"rendered":"<p><a href=\"http:\/\/www.visit-ulcinj.com\/blog\/wp-content\/uploads\/2011\/09\/Insomnia-Disco-Club-_T%C3%AB-Gjith%C3%AB-Me-Eglin-TOUS-AVEC-EGLI.jpg\"><img loading=\"lazy\" class=\"alignleft size-full wp-image-51370\" title=\"Insomnia Disco Club _T\u00eb Gjith\u00eb Me Eglin - TOUS AVEC EGLI\" src=\"http:\/\/www.visit-ulcinj.com\/blog\/wp-content\/uploads\/2011\/09\/Insomnia-Disco-Club-_T%C3%AB-Gjith%C3%AB-Me-Eglin-TOUS-AVEC-EGLI.jpg\" alt=\"\" width=\"508\" height=\"620\" \/><\/a>L&#8217;association \u00ab Tous avec Egli \u00bb, fond\u00e9e en ao\u00fbt 2011, a pour but de soutenir financi\u00e8rement, administrativement et moralement Egli ainsi que sa famille. En effet, ce jeune aiglon de 21 ans a du subir une amputation d&#8217;une de ses jambes en raison d&#8217;une tumeur diagnostiqu\u00e9e au genou \u00e0 l&#8217;automne 2010. Ayant \u00e9t\u00e9 profond\u00e9ment boulevers\u00e9s par cette nouvelle et connaissant la grande passion que vouait Egli pour le football, nous avons alors pens\u00e9 qu&#8217;il \u00e9tait de notre devoir, en tant qu&#8217;Aiglon et en tant qu&#8217;amis, de lui apporter le maximum de soutien. Bien \u00e9videmment nous ne pourrons pas lui rendre sa jambe, n\u00e9anmoins, et avec les grandes avanc\u00e9es m\u00e9dicales actuelles, nous avons la possibilit\u00e9 de lui rendre les capacit\u00e9s de se lever et de se d\u00e9placer seul. Pour ce faire il lui faudra alors une proth\u00e8se qui est estim\u00e9e \u00e0 36&#8217;000.-, ajout\u00e9s \u00e0 tous les autres frais m\u00e9dicaux (d\u00e9placements, traitement, r\u00e9\u00e9ducation, assurances, etc.).<\/p>\n<p>Cette association a donc pour but de r\u00e9colter de l&#8217;argent afin d&#8217;atteindre au minimum la somme de 36&#8217;000.- en vue de financer la pose de cette pr\u00e9cieuse proth\u00e8se. Cette r\u00e9colte se fera \u00e0 l&#8217;aide d&#8217;organisation d&#8217;\u00e9v\u00e9nements et, surtout, via les dons de solidarit\u00e9. Bien \u00e9videmment, l&#8217;id\u00e9al serait de surpasser ce montant en vue de couvrir le plus possible les autres frais m\u00e9dicaux ainsi que d&#8217;offrir \u00e0 Egli quelques surprises.<\/p>\n<p>C&#8217;est alors que j&#8217;appelle explicitement \u00e0 la solidarit\u00e9 de tous, car seuls nous ne pourrons jamais parvenir \u00e0 cet objectif qui nous tient tant \u00e0 coeur. Pour ce faire il est possible, depuis le 31 ao\u00fbt 2011, d&#8217;effectuer des dons via notre compte bancaire. Bien \u00e9videmment, libre \u00e0 chacun de donner selon ses moyens et sa g\u00e9n\u00e9rosit\u00e9. La grandeur d&#8217;un geste se mesure avant tout par ce geste m\u00eame et par le sens qu&#8217;on lui donne.<\/p>\n<p>L&#8217;association remercie d&#8217;avance toutes les personnes qui tendront la main en vue d&#8217;atteindre ce but commun. Egli et sa famille ont besoin de nous ! Nous avons besoin de vous tous !<br \/>\n<a href=\"http:\/\/www.visit-ulcinj.com\/blog\/wp-content\/uploads\/2011\/09\/T%C3%AB-Gjith%C3%AB-Me-Eglin-TOUS-AVEC-EGLI.jpg\"><img loading=\"lazy\" class=\"alignleft size-full wp-image-51371\" title=\"T\u00eb Gjith\u00eb Me Eglin - TOUS AVEC EGLI\" src=\"http:\/\/www.visit-ulcinj.com\/blog\/wp-content\/uploads\/2011\/09\/T%C3%AB-Gjith%C3%AB-Me-Eglin-TOUS-AVEC-EGLI.jpg\" alt=\"\" width=\"508\" height=\"620\" \/><\/a><br \/>\n<strong>L&#8217;association \u00ab Tous avec Egli \u00bb, Aigle, le 31 ao\u00fbt 2011.<\/strong><\/p>\n<p><strong>Informations g\u00e9n\u00e9rales<\/strong><\/p>\n<p><strong>No de compte :<\/strong><\/p>\n<p><strong> Banque UBS<\/strong><br \/>\n<strong> IBAN: CH510024324311103640X<\/strong><\/p>\n<p>Pour les versements via internet :<br \/>\n<strong>Nom : Tous avec Egli<\/strong><br \/>\n<strong> Adresse : CP 390, 1860 Aigle<\/strong><\/p>\n<p>Des bulletins de versement seront \u00e9galement disponibles.<\/p>\n<p>Divers et informations :<\/p>\n<p><strong>Contacter en Message Priv\u00e9 (Facebook)<\/strong><br \/>\n<strong> Fiton Ajdini<\/strong><br \/>\n<strong> Shukri Latifi<\/strong><br \/>\n<strong> Fatlume Tahiri<\/strong><br \/>\n<strong> Roberto Fucile<\/strong><\/p>\n<p>L&#8217;association Tous avec Egli et la bo\u00eete albanaise : Insomnia Disco Club organisent le dimanche 02 octobre un concert humanitaire qui aura lieu dans les locaux de l&#8217;Insomnia. Ce concert a pour but d&#8217;aider financi\u00e8rement, mentalement Egli et toutes sa familles. Egli a \u00e9t\u00e9 amput\u00e9 de sa jambe gauche mardi 30 ao\u00fbt, pour cause d&#8217;une tumeur au genoux. Les chanteurs : Bekim Kumanova, Labinot Rexha, Shqipe Fazlija, Eltoni et les groupes : Double-K, 2faces, El One &amp; Vitiano, Macro, Loni Ak 47 seront pr\u00e9sent \u00e0 l&#8217;\u00e9v\u00e9nement. Merci de faire tourner le message et que tous le monde soit avec Egli !!!<\/p>\n<p>Pour de plus amples informations ou r\u00e9servations :<\/p>\n<p><strong>Naser (Insomnia) : 076\/306.79.21<\/strong><br \/>\n<strong> Fiton Ajdini : 079\/468.84.48<\/strong><\/p>\n<p>T\u00eb nd\u00ebruar bashkatdhetar\u00eb.<br \/>\nJu ftojm\u00eb,si gjithmon\u00eb qe t\u00eb bashkuar n\u00eb ndihm\u00eb t\u00eb nj\u00ebri-tjetrit dhe t\u00eb komunitett shqiptar n\u00eb p\u00ebrgjith\u00ebsi.<br \/>\nJu ftojm\u00eb t\u00eb merrni pjes\u00eb n\u00eb Koncertin Humanitar \u00ab T\u00eb gjith\u00eb me Eglin \u00bbE ardhmja e v\u00ebllait ton\u00eb,Eglit 21 vje\u00e7ar\u00eb,varet nga kontributi yn\u00eb i p\u00ebrbashk\u00ebt.<br \/>\nN\u00eb koncert do t\u00eb marrin pjes\u00eb k\u00ebng\u00ebtar\u00ebt tan\u00eb t\u00eb mir\u00ebnjohur .<br \/>\nBekim Kumanova, Labinot Rexha, Shqipe Fazlija, Eltoni si dhe grupetDouble-K, 2faces, El One &amp; Vitiano, Macro dhe Loni Ak 47.<\/p>\n<p>Per tjera informata ose rezervime :<\/p>\n<p><strong>Naser (Insomnia) : 076\/306.79.21<\/strong><br \/>\n<strong> Fiton Ajdini : 079\/468.84.48<\/strong><\/p>\n<!--YouTube Error: bad URL entered-->\n","protected":false},"excerpt":{"rendered":"<p>L&#8217;association \u00ab Tous avec Egli \u00bb, fond\u00e9e en ao\u00fbt 2011, a pour but de soutenir financi\u00e8rement, administrativement et moralement Egli ainsi que sa famille. En effet, ce jeune aiglon de 21 ans a du subir une amputation d&#8217;une de ses jambes en raison d&#8217;une tumeur diagnostiqu\u00e9e au genou \u00e0 l&#8217;automne 2010. Ayant \u00e9t\u00e9 profond\u00e9ment boulevers\u00e9s [&hellip;]<\/p>\n","protected":false},"author":1,"featured_media":0,"comment_status":"open","ping_status":"closed","sticky":false,"template":"","format":"standard","meta":{"spay_email":"","jetpack_publicize_message":"","jetpack_is_tweetstorm":false,"jetpack_publicize_feature_enabled":true},"categories":[1],"tags":[19124,7037,19122,19121,19127,19123,19126,8776,6985,6987,10207,19128,19125,15707],"jetpack_publicize_connections":[],"yoast_head":"<!-- This site is optimized with the Yoast SEO plugin v19.1 - https:\/\/yoast.com\/wordpress\/plugins\/seo\/ -->\n<title>Insomnia Disco Club : T\u00eb Gjith\u00eb Me Eglin - TOUS AVEC EGLI - Lajme nga Ulqini<\/title>\n<meta name=\"description\" content=\"L&#039;association \u00ab Tous avec Egli \u00bb, fond\u00e9e en ao\u00fbt 2011, a pour but de soutenir financi\u00e8rement, administrativement et moralement Egli ainsi que sa famille.\" \/>\n<meta name=\"robots\" content=\"index, follow, max-snippet:-1, max-image-preview:large, max-video-preview:-1\" \/>\n<link rel=\"canonical\" href=\"https:\/\/www.visit-ulcinj.com\/blog\/2011\/09\/25\/insomnia-disco-club-te-gjithe-me-eglin-tous-avec-egli\/\" \/>\n<meta property=\"og:locale\" content=\"en_US\" \/>\n<meta property=\"og:type\" content=\"article\" \/>\n<meta property=\"og:title\" content=\"Insomnia Disco Club : T\u00eb Gjith\u00eb Me Eglin - TOUS AVEC EGLI - Lajme nga Ulqini\" \/>\n<meta property=\"og:description\" content=\"L&#039;association \u00ab Tous avec Egli \u00bb, fond\u00e9e en ao\u00fbt 2011, a pour but de soutenir financi\u00e8rement, administrativement et moralement Egli ainsi que sa famille.\" \/>\n<meta property=\"og:url\" content=\"https:\/\/www.visit-ulcinj.com\/blog\/2011\/09\/25\/insomnia-disco-club-te-gjithe-me-eglin-tous-avec-egli\/\" \/>\n<meta property=\"og:site_name\" content=\"Lajme nga Ulqini\" \/>\n<meta property=\"article:published_time\" content=\"2011-09-25T21:46:20+00:00\" \/>\n<meta property=\"og:image\" content=\"http:\/\/www.visit-ulcinj.com\/blog\/wp-content\/uploads\/2011\/09\/Insomnia-Disco-Club-_T%C3%AB-Gjith%C3%AB-Me-Eglin-TOUS-AVEC-EGLI.jpg\" \/>\n<meta name=\"twitter:label1\" content=\"Written by\" \/>\n\t<meta name=\"twitter:data1\" content=\"ulqini\" \/>\n\t<meta name=\"twitter:label2\" content=\"Est. reading time\" \/>\n\t<meta name=\"twitter:data2\" content=\"3 minutes\" \/>\n<script type=\"application\/ld+json\" class=\"yoast-schema-graph\">{\"@context\":\"https:\/\/schema.org\",\"@graph\":[{\"@type\":\"WebSite\",\"@id\":\"https:\/\/www.visit-ulcinj.com\/blog\/#website\",\"url\":\"https:\/\/www.visit-ulcinj.com\/blog\/\",\"name\":\"Lajme nga Ulqini\",\"description\":\"Lajme,Vijesti,Ulqini,Ulqin,Crna Gora,Mali i Zi\",\"potentialAction\":[{\"@type\":\"SearchAction\",\"target\":{\"@type\":\"EntryPoint\",\"urlTemplate\":\"https:\/\/www.visit-ulcinj.com\/blog\/?s={search_term_string}\"},\"query-input\":\"required name=search_term_string\"}],\"inLanguage\":\"en-US\"},{\"@type\":\"ImageObject\",\"inLanguage\":\"en-US\",\"@id\":\"https:\/\/www.visit-ulcinj.com\/blog\/2011\/09\/25\/insomnia-disco-club-te-gjithe-me-eglin-tous-avec-egli\/#primaryimage\",\"url\":\"http:\/\/www.visit-ulcinj.com\/blog\/wp-content\/uploads\/2011\/09\/Insomnia-Disco-Club-_T%C3%AB-Gjith%C3%AB-Me-Eglin-TOUS-AVEC-EGLI.jpg\",\"contentUrl\":\"http:\/\/www.visit-ulcinj.com\/blog\/wp-content\/uploads\/2011\/09\/Insomnia-Disco-Club-_T%C3%AB-Gjith%C3%AB-Me-Eglin-TOUS-AVEC-EGLI.jpg\"},{\"@type\":\"WebPage\",\"@id\":\"https:\/\/www.visit-ulcinj.com\/blog\/2011\/09\/25\/insomnia-disco-club-te-gjithe-me-eglin-tous-avec-egli\/#webpage\",\"url\":\"https:\/\/www.visit-ulcinj.com\/blog\/2011\/09\/25\/insomnia-disco-club-te-gjithe-me-eglin-tous-avec-egli\/\",\"name\":\"Insomnia Disco Club : T\u00eb Gjith\u00eb Me Eglin - TOUS AVEC EGLI - Lajme nga Ulqini\",\"isPartOf\":{\"@id\":\"https:\/\/www.visit-ulcinj.com\/blog\/#website\"},\"primaryImageOfPage\":{\"@id\":\"https:\/\/www.visit-ulcinj.com\/blog\/2011\/09\/25\/insomnia-disco-club-te-gjithe-me-eglin-tous-avec-egli\/#primaryimage\"},\"datePublished\":\"2011-09-25T21:46:20+00:00\",\"dateModified\":\"2011-09-25T21:46:20+00:00\",\"author\":{\"@id\":\"https:\/\/www.visit-ulcinj.com\/blog\/#\/schema\/person\/dcab619c614d3038751c63bc2aadc06d\"},\"description\":\"L'association \u00ab Tous avec Egli \u00bb, fond\u00e9e en ao\u00fbt 2011, a pour but de soutenir financi\u00e8rement, administrativement et moralement Egli ainsi que sa famille.\",\"breadcrumb\":{\"@id\":\"https:\/\/www.visit-ulcinj.com\/blog\/2011\/09\/25\/insomnia-disco-club-te-gjithe-me-eglin-tous-avec-egli\/#breadcrumb\"},\"inLanguage\":\"en-US\",\"potentialAction\":[{\"@type\":\"ReadAction\",\"target\":[\"https:\/\/www.visit-ulcinj.com\/blog\/2011\/09\/25\/insomnia-disco-club-te-gjithe-me-eglin-tous-avec-egli\/\"]}]},{\"@type\":\"BreadcrumbList\",\"@id\":\"https:\/\/www.visit-ulcinj.com\/blog\/2011\/09\/25\/insomnia-disco-club-te-gjithe-me-eglin-tous-avec-egli\/#breadcrumb\",\"itemListElement\":[{\"@type\":\"ListItem\",\"position\":1,\"name\":\"Insomnia Disco Club : T\u00eb Gjith\u00eb Me Eglin &#8211; TOUS AVEC EGLI\"}]},{\"@type\":\"Person\",\"@id\":\"https:\/\/www.visit-ulcinj.com\/blog\/#\/schema\/person\/dcab619c614d3038751c63bc2aadc06d\",\"name\":\"ulqini\",\"sameAs\":[\"http:\/\/www.visit-ulcinj.com\"],\"url\":\"https:\/\/www.visit-ulcinj.com\/blog\/author\/admin\/\"}]}<\/script>\n<!-- \/ Yoast SEO plugin. -->","yoast_head_json":{"title":"Insomnia Disco Club : T\u00eb Gjith\u00eb Me Eglin - TOUS AVEC EGLI - Lajme nga Ulqini","description":"L'association \u00ab Tous avec Egli \u00bb, fond\u00e9e en ao\u00fbt 2011, a pour but de soutenir financi\u00e8rement, administrativement et moralement Egli ainsi que sa famille.","robots":{"index":"index","follow":"follow","max-snippet":"max-snippet:-1","max-image-preview":"max-image-preview:large","max-video-preview":"max-video-preview:-1"},"canonical":"https:\/\/www.visit-ulcinj.com\/blog\/2011\/09\/25\/insomnia-disco-club-te-gjithe-me-eglin-tous-avec-egli\/","og_locale":"en_US","og_type":"article","og_title":"Insomnia Disco Club : T\u00eb Gjith\u00eb Me Eglin - TOUS AVEC EGLI - Lajme nga Ulqini","og_description":"L'association \u00ab Tous avec Egli \u00bb, fond\u00e9e en ao\u00fbt 2011, a pour but de soutenir financi\u00e8rement, administrativement et moralement Egli ainsi que sa famille.","og_url":"https:\/\/www.visit-ulcinj.com\/blog\/2011\/09\/25\/insomnia-disco-club-te-gjithe-me-eglin-tous-avec-egli\/","og_site_name":"Lajme nga Ulqini","article_published_time":"2011-09-25T21:46:20+00:00","og_image":[{"url":"http:\/\/www.visit-ulcinj.com\/blog\/wp-content\/uploads\/2011\/09\/Insomnia-Disco-Club-_T%C3%AB-Gjith%C3%AB-Me-Eglin-TOUS-AVEC-EGLI.jpg"}],"twitter_misc":{"Written by":"ulqini","Est. reading time":"3 minutes"},"schema":{"@context":"https:\/\/schema.org","@graph":[{"@type":"WebSite","@id":"https:\/\/www.visit-ulcinj.com\/blog\/#website","url":"https:\/\/www.visit-ulcinj.com\/blog\/","name":"Lajme nga Ulqini","description":"Lajme,Vijesti,Ulqini,Ulqin,Crna Gora,Mali i Zi","potentialAction":[{"@type":"SearchAction","target":{"@type":"EntryPoint","urlTemplate":"https:\/\/www.visit-ulcinj.com\/blog\/?s={search_term_string}"},"query-input":"required name=search_term_string"}],"inLanguage":"en-US"},{"@type":"ImageObject","inLanguage":"en-US","@id":"https:\/\/www.visit-ulcinj.com\/blog\/2011\/09\/25\/insomnia-disco-club-te-gjithe-me-eglin-tous-avec-egli\/#primaryimage","url":"http:\/\/www.visit-ulcinj.com\/blog\/wp-content\/uploads\/2011\/09\/Insomnia-Disco-Club-_T%C3%AB-Gjith%C3%AB-Me-Eglin-TOUS-AVEC-EGLI.jpg","contentUrl":"http:\/\/www.visit-ulcinj.com\/blog\/wp-content\/uploads\/2011\/09\/Insomnia-Disco-Club-_T%C3%AB-Gjith%C3%AB-Me-Eglin-TOUS-AVEC-EGLI.jpg"},{"@type":"WebPage","@id":"https:\/\/www.visit-ulcinj.com\/blog\/2011\/09\/25\/insomnia-disco-club-te-gjithe-me-eglin-tous-avec-egli\/#webpage","url":"https:\/\/www.visit-ulcinj.com\/blog\/2011\/09\/25\/insomnia-disco-club-te-gjithe-me-eglin-tous-avec-egli\/","name":"Insomnia Disco Club : T\u00eb Gjith\u00eb Me Eglin - TOUS AVEC EGLI - Lajme nga Ulqini","isPartOf":{"@id":"https:\/\/www.visit-ulcinj.com\/blog\/#website"},"primaryImageOfPage":{"@id":"https:\/\/www.visit-ulcinj.com\/blog\/2011\/09\/25\/insomnia-disco-club-te-gjithe-me-eglin-tous-avec-egli\/#primaryimage"},"datePublished":"2011-09-25T21:46:20+00:00","dateModified":"2011-09-25T21:46:20+00:00","author":{"@id":"https:\/\/www.visit-ulcinj.com\/blog\/#\/schema\/person\/dcab619c614d3038751c63bc2aadc06d"},"description":"L'association \u00ab Tous avec Egli \u00bb, fond\u00e9e en ao\u00fbt 2011, a pour but de soutenir financi\u00e8rement, administrativement et moralement Egli ainsi que sa famille.","breadcrumb":{"@id":"https:\/\/www.visit-ulcinj.com\/blog\/2011\/09\/25\/insomnia-disco-club-te-gjithe-me-eglin-tous-avec-egli\/#breadcrumb"},"inLanguage":"en-US","potentialAction":[{"@type":"ReadAction","target":["https:\/\/www.visit-ulcinj.com\/blog\/2011\/09\/25\/insomnia-disco-club-te-gjithe-me-eglin-tous-avec-egli\/"]}]},{"@type":"BreadcrumbList","@id":"https:\/\/www.visit-ulcinj.com\/blog\/2011\/09\/25\/insomnia-disco-club-te-gjithe-me-eglin-tous-avec-egli\/#breadcrumb","itemListElement":[{"@type":"ListItem","position":1,"name":"Insomnia Disco Club : T\u00eb Gjith\u00eb Me Eglin &#8211; TOUS AVEC EGLI"}]},{"@type":"Person","@id":"https:\/\/www.visit-ulcinj.com\/blog\/#\/schema\/person\/dcab619c614d3038751c63bc2aadc06d","name":"ulqini","sameAs":["http:\/\/www.visit-ulcinj.com"],"url":"https:\/\/www.visit-ulcinj.com\/blog\/author\/admin\/"}]}},"jetpack_featured_media_url":"","jetpack_sharing_enabled":true,"jetpack_shortlink":"https:\/\/wp.me\/pe6lTn-dmw","_links":{"self":[{"href":"https:\/\/www.visit-ulcinj.com\/blog\/wp-json\/wp\/v2\/posts\/51368"}],"collection":[{"href":"https:\/\/www.visit-ulcinj.com\/blog\/wp-json\/wp\/v2\/posts"}],"about":[{"href":"https:\/\/www.visit-ulcinj.com\/blog\/wp-json\/wp\/v2\/types\/post"}],"author":[{"embeddable":true,"href":"https:\/\/www.visit-ulcinj.com\/blog\/wp-json\/wp\/v2\/users\/1"}],"replies":[{"embeddable":true,"href":"https:\/\/www.visit-ulcinj.com\/blog\/wp-json\/wp\/v2\/comments?post=51368"}],"version-history":[{"count":1,"href":"https:\/\/www.visit-ulcinj.com\/blog\/wp-json\/wp\/v2\/posts\/51368\/revisions"}],"predecessor-version":[{"id":51372,"href":"https:\/\/www.visit-ulcinj.com\/blog\/wp-json\/wp\/v2\/posts\/51368\/revisions\/51372"}],"wp:attachment":[{"href":"https:\/\/www.visit-ulcinj.com\/blog\/wp-json\/wp\/v2\/media?parent=51368"}],"wp:term":[{"taxonomy":"category","embeddable":true,"href":"https:\/\/www.visit-ulcinj.com\/blog\/wp-json\/wp\/v2\/categories?post=51368"},{"taxonomy":"post_tag","embeddable":true,"href":"https:\/\/www.visit-ulcinj.com\/blog\/wp-json\/wp\/v2\/tags?post=51368"}],"curies":[{"name":"wp","href":"https:\/\/api.w.org\/{rel}","templated":true}]}}