{"id":51383,"date":"2011-09-26T12:13:03","date_gmt":"2011-09-26T11:13:03","guid":{"rendered":"http:\/\/www.visit-ulcinj.com\/blog\/?p=51383"},"modified":"2011-09-26T12:13:03","modified_gmt":"2011-09-26T11:13:03","slug":"nora-shijon-pushimet-ne-amerike","status":"publish","type":"post","link":"https:\/\/www.visit-ulcinj.com\/blog\/2011\/09\/26\/nora-shijon-pushimet-ne-amerike\/","title":{"rendered":"Nora shijon pushimet n\u00eb Amerik\u00eb"},"content":{"rendered":"<p><strong><a href=\"http:\/\/www.visit-ulcinj.com\/blog\/wp-content\/uploads\/2011\/09\/Nora-Istrefi-dhe-Roberti-ne-Las-Vegas.jpg\"><img loading=\"lazy\" class=\"alignleft size-full wp-image-51384\" title=\"Nora Istrefi  dhe Roberti ne Las Vegas\" src=\"http:\/\/www.visit-ulcinj.com\/blog\/wp-content\/uploads\/2011\/09\/Nora-Istrefi-dhe-Roberti-ne-Las-Vegas.jpg\" alt=\"\" width=\"508\" height=\"380\" srcset=\"https:\/\/www.visit-ulcinj.com\/blog\/wp-content\/uploads\/2011\/09\/Nora-Istrefi-dhe-Roberti-ne-Las-Vegas.jpg 960w, https:\/\/www.visit-ulcinj.com\/blog\/wp-content\/uploads\/2011\/09\/Nora-Istrefi-dhe-Roberti-ne-Las-Vegas-300x224.jpg 300w\" sizes=\"(max-width: 508px) 100vw, 508px\" \/><\/a>Nora Istrefi k\u00ebto dit\u00eb i ka b\u00ebr\u00eb vetes pushim. Ajo s\u00eb bashku me t\u00eb fejuarin e saj jan\u00eb duke kaluar pushimet n\u00eb Amerik\u00eb.<\/strong><\/p>\n<p>N\u00eb disa foto t\u00eb postuara t\u00eb rrjetin social \u201cFacebook\u201d ajo shihet duke shijuar k\u00ebto pushime s\u00eb bashku me Robertin. Dyshja jan\u00eb fotografuar n\u00eb nj\u00eb kazino n\u00eb Las Vegas.<\/p>\n<p>Nora s\u00eb fundi ka realizuar k\u00ebng\u00ebn \u201cAsni zo\u201d n\u00eb bashk\u00ebpunim me reperin Mc Kresh\u00ebn.<\/p>\n<p><strong>Telegrafi<br \/>\n<strong><!--YouTube Error: bad URL entered--><\/strong><br \/>\n<\/strong><\/p>\n","protected":false},"excerpt":{"rendered":"<p>Nora Istrefi k\u00ebto dit\u00eb i ka b\u00ebr\u00eb vetes pushim. Ajo s\u00eb bashku me t\u00eb fejuarin e saj jan\u00eb duke kaluar pushimet n\u00eb Amerik\u00eb. N\u00eb disa foto t\u00eb postuara t\u00eb rrjetin social \u201cFacebook\u201d ajo shihet duke shijuar k\u00ebto pushime s\u00eb bashku me Robertin. Dyshja jan\u00eb fotografuar n\u00eb nj\u00eb kazino n\u00eb Las Vegas. Nora s\u00eb fundi ka [&hellip;]<\/p>\n","protected":false},"author":1,"featured_media":0,"comment_status":"open","ping_status":"closed","sticky":false,"template":"","format":"standard","meta":{"spay_email":"","jetpack_publicize_message":"","jetpack_is_tweetstorm":false,"jetpack_publicize_feature_enabled":true},"categories":[1],"tags":[4965],"jetpack_publicize_connections":[],"yoast_head":"<!-- This site is optimized with the Yoast SEO plugin v19.1 - https:\/\/yoast.com\/wordpress\/plugins\/seo\/ -->\n<title>Nora shijon pushimet n\u00eb Amerik\u00eb - Lajme nga Ulqini<\/title>\n<meta name=\"description\" content=\"Nora Istrefi k\u00ebto dit\u00eb i ka b\u00ebr\u00eb vetes pushim. Ajo s\u00eb bashku me t\u00eb fejuarin e saj jan\u00eb duke kaluar pushimet n\u00eb Amerik\u00eb. N\u00eb disa foto t\u00eb postuara t\u00eb\" \/>\n<meta name=\"robots\" content=\"index, follow, max-snippet:-1, max-image-preview:large, max-video-preview:-1\" \/>\n<link rel=\"canonical\" href=\"https:\/\/www.visit-ulcinj.com\/blog\/2011\/09\/26\/nora-shijon-pushimet-ne-amerike\/\" \/>\n<meta property=\"og:locale\" content=\"en_US\" \/>\n<meta property=\"og:type\" content=\"article\" \/>\n<meta property=\"og:title\" content=\"Nora shijon pushimet n\u00eb Amerik\u00eb - Lajme nga Ulqini\" \/>\n<meta property=\"og:description\" content=\"Nora Istrefi k\u00ebto dit\u00eb i ka b\u00ebr\u00eb vetes pushim. Ajo s\u00eb bashku me t\u00eb fejuarin e saj jan\u00eb duke kaluar pushimet n\u00eb Amerik\u00eb. N\u00eb disa foto t\u00eb postuara t\u00eb\" \/>\n<meta property=\"og:url\" content=\"https:\/\/www.visit-ulcinj.com\/blog\/2011\/09\/26\/nora-shijon-pushimet-ne-amerike\/\" \/>\n<meta property=\"og:site_name\" content=\"Lajme nga Ulqini\" \/>\n<meta property=\"article:published_time\" content=\"2011-09-26T11:13:03+00:00\" \/>\n<meta property=\"og:image\" content=\"http:\/\/www.visit-ulcinj.com\/blog\/wp-content\/uploads\/2011\/09\/Nora-Istrefi-dhe-Roberti-ne-Las-Vegas.jpg\" \/>\n<meta name=\"twitter:label1\" content=\"Written by\" \/>\n\t<meta name=\"twitter:data1\" content=\"ulqini\" \/>\n<script type=\"application\/ld+json\" class=\"yoast-schema-graph\">{\"@context\":\"https:\/\/schema.org\",\"@graph\":[{\"@type\":\"WebSite\",\"@id\":\"https:\/\/www.visit-ulcinj.com\/blog\/#website\",\"url\":\"https:\/\/www.visit-ulcinj.com\/blog\/\",\"name\":\"Lajme nga Ulqini\",\"description\":\"Lajme,Vijesti,Ulqini,Ulqin,Crna Gora,Mali i Zi\",\"potentialAction\":[{\"@type\":\"SearchAction\",\"target\":{\"@type\":\"EntryPoint\",\"urlTemplate\":\"https:\/\/www.visit-ulcinj.com\/blog\/?s={search_term_string}\"},\"query-input\":\"required name=search_term_string\"}],\"inLanguage\":\"en-US\"},{\"@type\":\"ImageObject\",\"inLanguage\":\"en-US\",\"@id\":\"https:\/\/www.visit-ulcinj.com\/blog\/2011\/09\/26\/nora-shijon-pushimet-ne-amerike\/#primaryimage\",\"url\":\"https:\/\/www.visit-ulcinj.com\/blog\/wp-content\/uploads\/2011\/09\/Nora-Istrefi-dhe-Roberti-ne-Las-Vegas.jpg\",\"contentUrl\":\"https:\/\/www.visit-ulcinj.com\/blog\/wp-content\/uploads\/2011\/09\/Nora-Istrefi-dhe-Roberti-ne-Las-Vegas.jpg\",\"width\":\"960\",\"height\":\"717\"},{\"@type\":\"WebPage\",\"@id\":\"https:\/\/www.visit-ulcinj.com\/blog\/2011\/09\/26\/nora-shijon-pushimet-ne-amerike\/#webpage\",\"url\":\"https:\/\/www.visit-ulcinj.com\/blog\/2011\/09\/26\/nora-shijon-pushimet-ne-amerike\/\",\"name\":\"Nora shijon pushimet n\u00eb Amerik\u00eb - Lajme nga Ulqini\",\"isPartOf\":{\"@id\":\"https:\/\/www.visit-ulcinj.com\/blog\/#website\"},\"primaryImageOfPage\":{\"@id\":\"https:\/\/www.visit-ulcinj.com\/blog\/2011\/09\/26\/nora-shijon-pushimet-ne-amerike\/#primaryimage\"},\"datePublished\":\"2011-09-26T11:13:03+00:00\",\"dateModified\":\"2011-09-26T11:13:03+00:00\",\"author\":{\"@id\":\"https:\/\/www.visit-ulcinj.com\/blog\/#\/schema\/person\/dcab619c614d3038751c63bc2aadc06d\"},\"description\":\"Nora Istrefi k\u00ebto dit\u00eb i ka b\u00ebr\u00eb vetes pushim. Ajo s\u00eb bashku me t\u00eb fejuarin e saj jan\u00eb duke kaluar pushimet n\u00eb Amerik\u00eb. N\u00eb disa foto t\u00eb postuara t\u00eb\",\"breadcrumb\":{\"@id\":\"https:\/\/www.visit-ulcinj.com\/blog\/2011\/09\/26\/nora-shijon-pushimet-ne-amerike\/#breadcrumb\"},\"inLanguage\":\"en-US\",\"potentialAction\":[{\"@type\":\"ReadAction\",\"target\":[\"https:\/\/www.visit-ulcinj.com\/blog\/2011\/09\/26\/nora-shijon-pushimet-ne-amerike\/\"]}]},{\"@type\":\"BreadcrumbList\",\"@id\":\"https:\/\/www.visit-ulcinj.com\/blog\/2011\/09\/26\/nora-shijon-pushimet-ne-amerike\/#breadcrumb\",\"itemListElement\":[{\"@type\":\"ListItem\",\"position\":1,\"name\":\"Nora shijon pushimet n\u00eb Amerik\u00eb\"}]},{\"@type\":\"Person\",\"@id\":\"https:\/\/www.visit-ulcinj.com\/blog\/#\/schema\/person\/dcab619c614d3038751c63bc2aadc06d\",\"name\":\"ulqini\",\"sameAs\":[\"http:\/\/www.visit-ulcinj.com\"],\"url\":\"https:\/\/www.visit-ulcinj.com\/blog\/author\/admin\/\"}]}<\/script>\n<!-- \/ Yoast SEO plugin. -->","yoast_head_json":{"title":"Nora shijon pushimet n\u00eb Amerik\u00eb - Lajme nga Ulqini","description":"Nora Istrefi k\u00ebto dit\u00eb i ka b\u00ebr\u00eb vetes pushim. Ajo s\u00eb bashku me t\u00eb fejuarin e saj jan\u00eb duke kaluar pushimet n\u00eb Amerik\u00eb. N\u00eb disa foto t\u00eb postuara t\u00eb","robots":{"index":"index","follow":"follow","max-snippet":"max-snippet:-1","max-image-preview":"max-image-preview:large","max-video-preview":"max-video-preview:-1"},"canonical":"https:\/\/www.visit-ulcinj.com\/blog\/2011\/09\/26\/nora-shijon-pushimet-ne-amerike\/","og_locale":"en_US","og_type":"article","og_title":"Nora shijon pushimet n\u00eb Amerik\u00eb - Lajme nga Ulqini","og_description":"Nora Istrefi k\u00ebto dit\u00eb i ka b\u00ebr\u00eb vetes pushim. Ajo s\u00eb bashku me t\u00eb fejuarin e saj jan\u00eb duke kaluar pushimet n\u00eb Amerik\u00eb. N\u00eb disa foto t\u00eb postuara t\u00eb","og_url":"https:\/\/www.visit-ulcinj.com\/blog\/2011\/09\/26\/nora-shijon-pushimet-ne-amerike\/","og_site_name":"Lajme nga Ulqini","article_published_time":"2011-09-26T11:13:03+00:00","og_image":[{"url":"http:\/\/www.visit-ulcinj.com\/blog\/wp-content\/uploads\/2011\/09\/Nora-Istrefi-dhe-Roberti-ne-Las-Vegas.jpg"}],"twitter_misc":{"Written by":"ulqini"},"schema":{"@context":"https:\/\/schema.org","@graph":[{"@type":"WebSite","@id":"https:\/\/www.visit-ulcinj.com\/blog\/#website","url":"https:\/\/www.visit-ulcinj.com\/blog\/","name":"Lajme nga Ulqini","description":"Lajme,Vijesti,Ulqini,Ulqin,Crna Gora,Mali i Zi","potentialAction":[{"@type":"SearchAction","target":{"@type":"EntryPoint","urlTemplate":"https:\/\/www.visit-ulcinj.com\/blog\/?s={search_term_string}"},"query-input":"required name=search_term_string"}],"inLanguage":"en-US"},{"@type":"ImageObject","inLanguage":"en-US","@id":"https:\/\/www.visit-ulcinj.com\/blog\/2011\/09\/26\/nora-shijon-pushimet-ne-amerike\/#primaryimage","url":"https:\/\/www.visit-ulcinj.com\/blog\/wp-content\/uploads\/2011\/09\/Nora-Istrefi-dhe-Roberti-ne-Las-Vegas.jpg","contentUrl":"https:\/\/www.visit-ulcinj.com\/blog\/wp-content\/uploads\/2011\/09\/Nora-Istrefi-dhe-Roberti-ne-Las-Vegas.jpg","width":"960","height":"717"},{"@type":"WebPage","@id":"https:\/\/www.visit-ulcinj.com\/blog\/2011\/09\/26\/nora-shijon-pushimet-ne-amerike\/#webpage","url":"https:\/\/www.visit-ulcinj.com\/blog\/2011\/09\/26\/nora-shijon-pushimet-ne-amerike\/","name":"Nora shijon pushimet n\u00eb Amerik\u00eb - Lajme nga Ulqini","isPartOf":{"@id":"https:\/\/www.visit-ulcinj.com\/blog\/#website"},"primaryImageOfPage":{"@id":"https:\/\/www.visit-ulcinj.com\/blog\/2011\/09\/26\/nora-shijon-pushimet-ne-amerike\/#primaryimage"},"datePublished":"2011-09-26T11:13:03+00:00","dateModified":"2011-09-26T11:13:03+00:00","author":{"@id":"https:\/\/www.visit-ulcinj.com\/blog\/#\/schema\/person\/dcab619c614d3038751c63bc2aadc06d"},"description":"Nora Istrefi k\u00ebto dit\u00eb i ka b\u00ebr\u00eb vetes pushim. Ajo s\u00eb bashku me t\u00eb fejuarin e saj jan\u00eb duke kaluar pushimet n\u00eb Amerik\u00eb. N\u00eb disa foto t\u00eb postuara t\u00eb","breadcrumb":{"@id":"https:\/\/www.visit-ulcinj.com\/blog\/2011\/09\/26\/nora-shijon-pushimet-ne-amerike\/#breadcrumb"},"inLanguage":"en-US","potentialAction":[{"@type":"ReadAction","target":["https:\/\/www.visit-ulcinj.com\/blog\/2011\/09\/26\/nora-shijon-pushimet-ne-amerike\/"]}]},{"@type":"BreadcrumbList","@id":"https:\/\/www.visit-ulcinj.com\/blog\/2011\/09\/26\/nora-shijon-pushimet-ne-amerike\/#breadcrumb","itemListElement":[{"@type":"ListItem","position":1,"name":"Nora shijon pushimet n\u00eb Amerik\u00eb"}]},{"@type":"Person","@id":"https:\/\/www.visit-ulcinj.com\/blog\/#\/schema\/person\/dcab619c614d3038751c63bc2aadc06d","name":"ulqini","sameAs":["http:\/\/www.visit-ulcinj.com"],"url":"https:\/\/www.visit-ulcinj.com\/blog\/author\/admin\/"}]}},"jetpack_featured_media_url":"","jetpack_sharing_enabled":true,"jetpack_shortlink":"https:\/\/wp.me\/pe6lTn-dmL","_links":{"self":[{"href":"https:\/\/www.visit-ulcinj.com\/blog\/wp-json\/wp\/v2\/posts\/51383"}],"collection":[{"href":"https:\/\/www.visit-ulcinj.com\/blog\/wp-json\/wp\/v2\/posts"}],"about":[{"href":"https:\/\/www.visit-ulcinj.com\/blog\/wp-json\/wp\/v2\/types\/post"}],"author":[{"embeddable":true,"href":"https:\/\/www.visit-ulcinj.com\/blog\/wp-json\/wp\/v2\/users\/1"}],"replies":[{"embeddable":true,"href":"https:\/\/www.visit-ulcinj.com\/blog\/wp-json\/wp\/v2\/comments?post=51383"}],"version-history":[{"count":1,"href":"https:\/\/www.visit-ulcinj.com\/blog\/wp-json\/wp\/v2\/posts\/51383\/revisions"}],"predecessor-version":[{"id":51385,"href":"https:\/\/www.visit-ulcinj.com\/blog\/wp-json\/wp\/v2\/posts\/51383\/revisions\/51385"}],"wp:attachment":[{"href":"https:\/\/www.visit-ulcinj.com\/blog\/wp-json\/wp\/v2\/media?parent=51383"}],"wp:term":[{"taxonomy":"category","embeddable":true,"href":"https:\/\/www.visit-ulcinj.com\/blog\/wp-json\/wp\/v2\/categories?post=51383"},{"taxonomy":"post_tag","embeddable":true,"href":"https:\/\/www.visit-ulcinj.com\/blog\/wp-json\/wp\/v2\/tags?post=51383"}],"curies":[{"name":"wp","href":"https:\/\/api.w.org\/{rel}","templated":true}]}}