{"id":51391,"date":"2011-09-26T13:00:42","date_gmt":"2011-09-26T12:00:42","guid":{"rendered":"http:\/\/www.visit-ulcinj.com\/blog\/?p=51391"},"modified":"2011-09-26T13:00:42","modified_gmt":"2011-09-26T12:00:42","slug":"u-brohorit-nga-tifozet-%e2%80%9ckosovo-kosovo%e2%80%9d-jovanovic-i-pershendet-me-%e2%80%9cmitraloz%e2%80%9d","status":"publish","type":"post","link":"https:\/\/www.visit-ulcinj.com\/blog\/2011\/09\/26\/u-brohorit-nga-tifozet-%e2%80%9ckosovo-kosovo%e2%80%9d-jovanovic-i-pershendet-me-%e2%80%9cmitraloz%e2%80%9d\/","title":{"rendered":"U brohorit nga tifoz\u00ebt \u201cKosovo Kosovo\u201d, Jovanovic i p\u00ebrsh\u00ebndet me \u201cmitraloz\u201d"},"content":{"rendered":"<p><a href=\"http:\/\/www.visit-ulcinj.com\/blog\/wp-content\/uploads\/2011\/09\/Milan-Jovanovic-pershendet-me-mitraloz-Belgjik.jpg\"><img loading=\"lazy\" class=\"alignleft size-full wp-image-51392\" title=\"Milan Jovanovic  pershendet me mitraloz -Belgjik\" src=\"http:\/\/www.visit-ulcinj.com\/blog\/wp-content\/uploads\/2011\/09\/Milan-Jovanovic-pershendet-me-mitraloz-Belgjik.jpg\" alt=\"\" width=\"490\" height=\"339\" \/><\/a>Ai mund t\u00eb mos ket\u00eb b\u00ebr\u00eb p\u00ebrshtypje shum\u00eb n\u00eb Anfield, kur luante me Liverpool por sulmuesi serb Milan Jovanovi\u00e7 mund t\u00eb p\u00ebrballet me 5 vjet d\u00ebnim n\u00eb Belgjik\u00eb.<\/p>\n<p>Lojtari i Anderlecht mund t\u00eb d\u00ebnohet me 5 vjet jasht\u00eb fushave t\u00eb futbollit pas nj\u00eb gjesti t\u00eb turpsh\u00ebm q\u00eb ka b\u00ebr\u00eb n\u00eb drejtim t\u00eb tifoz\u00ebve pas sh\u00ebnimit t\u00eb nj\u00eb goli.<\/p>\n<p>N\u00eb ndeshjen nd\u00ebrmjet Club Brugge dhe Anderlecht, serbi sa her\u00eb q\u00eb kishte n\u00eb kontakt topin, brohoritej nga publiku me thirrjet Kosova.<\/p>\n<p>Serbi arriti q\u00eb t\u00eb sh\u00ebnonte duke barazuar shifrat e ndeshjes n\u00eb 1-1, menj\u00ebher\u00eb ai iu drejtua tifoz\u00ebve, sikur po gjuante me mitraloz n\u00eb drejtim t\u00eb tyre.<br \/>\n<a href=\"http:\/\/www.visit-ulcinj.com\/blog\/wp-content\/uploads\/2011\/09\/Milan-Jovanovic-pershendet-me-mitraloz-Belgjik.1.jpg\"><img loading=\"lazy\" class=\"alignleft size-full wp-image-51393\" title=\"Milan Jovanovic  pershendet me mitraloz -Belgjik.1\" src=\"http:\/\/www.visit-ulcinj.com\/blog\/wp-content\/uploads\/2011\/09\/Milan-Jovanovic-pershendet-me-mitraloz-Belgjik.1.jpg\" alt=\"\" width=\"490\" height=\"311\" \/><\/a><\/p>\n<p>N\u00eb videon m\u00eb poshte ju mund t\u00eb d\u00ebgjoni edhe p\u00ebrgjigjen (1 e 47 sek) q\u00eb ka dh\u00ebn\u00eb sulmuesi serb lidhur me ngjarjen, menj\u00ebher\u00eb pas ndeshjes.<\/p>\n<p>\u201cUn\u00eb i respektoj fansat e Club Brugge, por n\u00ebse ata me japin mesazhe shum\u00eb t\u00eb k\u00ebqija, ve\u00e7an\u00ebrisht mua gjat\u00eb gjith\u00eb ndeshjes,\u00a0 un\u00eb nuk jam budalla, un\u00eb i kam d\u00ebgjuar. Ata duhet t\u00eb jen\u00eb gati t\u00eb pranojn\u00eb edhe reagimin tim\u201d- shprehet ai.<\/p>\n<p><strong>Panorama<br \/>\n<!--YouTube Error: bad URL entered--><br \/>\n<\/strong><\/p>\n","protected":false},"excerpt":{"rendered":"<p>Ai mund t\u00eb mos ket\u00eb b\u00ebr\u00eb p\u00ebrshtypje shum\u00eb n\u00eb Anfield, kur luante me Liverpool por sulmuesi serb Milan Jovanovi\u00e7 mund t\u00eb p\u00ebrballet me 5 vjet d\u00ebnim n\u00eb Belgjik\u00eb. Lojtari i Anderlecht mund t\u00eb d\u00ebnohet me 5 vjet jasht\u00eb fushave t\u00eb futbollit pas nj\u00eb gjesti t\u00eb turpsh\u00ebm q\u00eb ka b\u00ebr\u00eb n\u00eb drejtim t\u00eb tifoz\u00ebve pas sh\u00ebnimit [&hellip;]<\/p>\n","protected":false},"author":1,"featured_media":0,"comment_status":"open","ping_status":"closed","sticky":false,"template":"","format":"standard","meta":{"spay_email":"","jetpack_publicize_message":"","jetpack_is_tweetstorm":false,"jetpack_publicize_feature_enabled":true},"categories":[7],"tags":[19132,19131],"jetpack_publicize_connections":[],"yoast_head":"<!-- This site is optimized with the Yoast SEO plugin v19.1 - https:\/\/yoast.com\/wordpress\/plugins\/seo\/ -->\n<title>U brohorit nga tifoz\u00ebt \u201cKosovo Kosovo\u201d, Jovanovic i p\u00ebrsh\u00ebndet me \u201cmitraloz\u201d - Lajme nga Ulqini<\/title>\n<meta name=\"description\" content=\"Ai mund t\u00eb mos ket\u00eb b\u00ebr\u00eb p\u00ebrshtypje shum\u00eb n\u00eb Anfield, kur luante me Liverpool por sulmuesi serb Milan Jovanovi\u00e7 mund t\u00eb p\u00ebrballet me 5 vjet d\u00ebnim n\u00eb\" \/>\n<meta name=\"robots\" content=\"index, follow, max-snippet:-1, max-image-preview:large, max-video-preview:-1\" \/>\n<link rel=\"canonical\" href=\"https:\/\/www.visit-ulcinj.com\/blog\/2011\/09\/26\/u-brohorit-nga-tifozet-\u201ckosovo-kosovo\u201d-jovanovic-i-pershendet-me-\u201cmitraloz\u201d\/\" \/>\n<meta property=\"og:locale\" content=\"en_US\" \/>\n<meta property=\"og:type\" content=\"article\" \/>\n<meta property=\"og:title\" content=\"U brohorit nga tifoz\u00ebt \u201cKosovo Kosovo\u201d, Jovanovic i p\u00ebrsh\u00ebndet me \u201cmitraloz\u201d - Lajme nga Ulqini\" \/>\n<meta property=\"og:description\" content=\"Ai mund t\u00eb mos ket\u00eb b\u00ebr\u00eb p\u00ebrshtypje shum\u00eb n\u00eb Anfield, kur luante me Liverpool por sulmuesi serb Milan Jovanovi\u00e7 mund t\u00eb p\u00ebrballet me 5 vjet d\u00ebnim n\u00eb\" \/>\n<meta property=\"og:url\" content=\"https:\/\/www.visit-ulcinj.com\/blog\/2011\/09\/26\/u-brohorit-nga-tifozet-\u201ckosovo-kosovo\u201d-jovanovic-i-pershendet-me-\u201cmitraloz\u201d\/\" \/>\n<meta property=\"og:site_name\" content=\"Lajme nga Ulqini\" \/>\n<meta property=\"article:published_time\" content=\"2011-09-26T12:00:42+00:00\" \/>\n<meta property=\"og:image\" content=\"http:\/\/www.visit-ulcinj.com\/blog\/wp-content\/uploads\/2011\/09\/Milan-Jovanovic-pershendet-me-mitraloz-Belgjik.jpg\" \/>\n<meta name=\"twitter:label1\" content=\"Written by\" \/>\n\t<meta name=\"twitter:data1\" content=\"ulqini\" \/>\n\t<meta name=\"twitter:label2\" content=\"Est. reading time\" \/>\n\t<meta name=\"twitter:data2\" content=\"1 minute\" \/>\n<script type=\"application\/ld+json\" class=\"yoast-schema-graph\">{\"@context\":\"https:\/\/schema.org\",\"@graph\":[{\"@type\":\"WebSite\",\"@id\":\"https:\/\/www.visit-ulcinj.com\/blog\/#website\",\"url\":\"https:\/\/www.visit-ulcinj.com\/blog\/\",\"name\":\"Lajme nga Ulqini\",\"description\":\"Lajme,Vijesti,Ulqini,Ulqin,Crna Gora,Mali i Zi\",\"potentialAction\":[{\"@type\":\"SearchAction\",\"target\":{\"@type\":\"EntryPoint\",\"urlTemplate\":\"https:\/\/www.visit-ulcinj.com\/blog\/?s={search_term_string}\"},\"query-input\":\"required name=search_term_string\"}],\"inLanguage\":\"en-US\"},{\"@type\":\"ImageObject\",\"inLanguage\":\"en-US\",\"@id\":\"https:\/\/www.visit-ulcinj.com\/blog\/2011\/09\/26\/u-brohorit-nga-tifozet-%e2%80%9ckosovo-kosovo%e2%80%9d-jovanovic-i-pershendet-me-%e2%80%9cmitraloz%e2%80%9d\/#primaryimage\",\"url\":\"http:\/\/www.visit-ulcinj.com\/blog\/wp-content\/uploads\/2011\/09\/Milan-Jovanovic-pershendet-me-mitraloz-Belgjik.jpg\",\"contentUrl\":\"http:\/\/www.visit-ulcinj.com\/blog\/wp-content\/uploads\/2011\/09\/Milan-Jovanovic-pershendet-me-mitraloz-Belgjik.jpg\"},{\"@type\":\"WebPage\",\"@id\":\"https:\/\/www.visit-ulcinj.com\/blog\/2011\/09\/26\/u-brohorit-nga-tifozet-%e2%80%9ckosovo-kosovo%e2%80%9d-jovanovic-i-pershendet-me-%e2%80%9cmitraloz%e2%80%9d\/#webpage\",\"url\":\"https:\/\/www.visit-ulcinj.com\/blog\/2011\/09\/26\/u-brohorit-nga-tifozet-%e2%80%9ckosovo-kosovo%e2%80%9d-jovanovic-i-pershendet-me-%e2%80%9cmitraloz%e2%80%9d\/\",\"name\":\"U brohorit nga tifoz\u00ebt \u201cKosovo Kosovo\u201d, Jovanovic i p\u00ebrsh\u00ebndet me \u201cmitraloz\u201d - Lajme nga Ulqini\",\"isPartOf\":{\"@id\":\"https:\/\/www.visit-ulcinj.com\/blog\/#website\"},\"primaryImageOfPage\":{\"@id\":\"https:\/\/www.visit-ulcinj.com\/blog\/2011\/09\/26\/u-brohorit-nga-tifozet-%e2%80%9ckosovo-kosovo%e2%80%9d-jovanovic-i-pershendet-me-%e2%80%9cmitraloz%e2%80%9d\/#primaryimage\"},\"datePublished\":\"2011-09-26T12:00:42+00:00\",\"dateModified\":\"2011-09-26T12:00:42+00:00\",\"author\":{\"@id\":\"https:\/\/www.visit-ulcinj.com\/blog\/#\/schema\/person\/dcab619c614d3038751c63bc2aadc06d\"},\"description\":\"Ai mund t\u00eb mos ket\u00eb b\u00ebr\u00eb p\u00ebrshtypje shum\u00eb n\u00eb Anfield, kur luante me Liverpool por sulmuesi serb Milan Jovanovi\u00e7 mund t\u00eb p\u00ebrballet me 5 vjet d\u00ebnim n\u00eb\",\"breadcrumb\":{\"@id\":\"https:\/\/www.visit-ulcinj.com\/blog\/2011\/09\/26\/u-brohorit-nga-tifozet-%e2%80%9ckosovo-kosovo%e2%80%9d-jovanovic-i-pershendet-me-%e2%80%9cmitraloz%e2%80%9d\/#breadcrumb\"},\"inLanguage\":\"en-US\",\"potentialAction\":[{\"@type\":\"ReadAction\",\"target\":[\"https:\/\/www.visit-ulcinj.com\/blog\/2011\/09\/26\/u-brohorit-nga-tifozet-%e2%80%9ckosovo-kosovo%e2%80%9d-jovanovic-i-pershendet-me-%e2%80%9cmitraloz%e2%80%9d\/\"]}]},{\"@type\":\"BreadcrumbList\",\"@id\":\"https:\/\/www.visit-ulcinj.com\/blog\/2011\/09\/26\/u-brohorit-nga-tifozet-%e2%80%9ckosovo-kosovo%e2%80%9d-jovanovic-i-pershendet-me-%e2%80%9cmitraloz%e2%80%9d\/#breadcrumb\",\"itemListElement\":[{\"@type\":\"ListItem\",\"position\":1,\"name\":\"U brohorit nga tifoz\u00ebt \u201cKosovo Kosovo\u201d, Jovanovic i p\u00ebrsh\u00ebndet me \u201cmitraloz\u201d\"}]},{\"@type\":\"Person\",\"@id\":\"https:\/\/www.visit-ulcinj.com\/blog\/#\/schema\/person\/dcab619c614d3038751c63bc2aadc06d\",\"name\":\"ulqini\",\"sameAs\":[\"http:\/\/www.visit-ulcinj.com\"],\"url\":\"https:\/\/www.visit-ulcinj.com\/blog\/author\/admin\/\"}]}<\/script>\n<!-- \/ Yoast SEO plugin. -->","yoast_head_json":{"title":"U brohorit nga tifoz\u00ebt \u201cKosovo Kosovo\u201d, Jovanovic i p\u00ebrsh\u00ebndet me \u201cmitraloz\u201d - Lajme nga Ulqini","description":"Ai mund t\u00eb mos ket\u00eb b\u00ebr\u00eb p\u00ebrshtypje shum\u00eb n\u00eb Anfield, kur luante me Liverpool por sulmuesi serb Milan Jovanovi\u00e7 mund t\u00eb p\u00ebrballet me 5 vjet d\u00ebnim n\u00eb","robots":{"index":"index","follow":"follow","max-snippet":"max-snippet:-1","max-image-preview":"max-image-preview:large","max-video-preview":"max-video-preview:-1"},"canonical":"https:\/\/www.visit-ulcinj.com\/blog\/2011\/09\/26\/u-brohorit-nga-tifozet-\u201ckosovo-kosovo\u201d-jovanovic-i-pershendet-me-\u201cmitraloz\u201d\/","og_locale":"en_US","og_type":"article","og_title":"U brohorit nga tifoz\u00ebt \u201cKosovo Kosovo\u201d, Jovanovic i p\u00ebrsh\u00ebndet me \u201cmitraloz\u201d - Lajme nga Ulqini","og_description":"Ai mund t\u00eb mos ket\u00eb b\u00ebr\u00eb p\u00ebrshtypje shum\u00eb n\u00eb Anfield, kur luante me Liverpool por sulmuesi serb Milan Jovanovi\u00e7 mund t\u00eb p\u00ebrballet me 5 vjet d\u00ebnim n\u00eb","og_url":"https:\/\/www.visit-ulcinj.com\/blog\/2011\/09\/26\/u-brohorit-nga-tifozet-\u201ckosovo-kosovo\u201d-jovanovic-i-pershendet-me-\u201cmitraloz\u201d\/","og_site_name":"Lajme nga Ulqini","article_published_time":"2011-09-26T12:00:42+00:00","og_image":[{"url":"http:\/\/www.visit-ulcinj.com\/blog\/wp-content\/uploads\/2011\/09\/Milan-Jovanovic-pershendet-me-mitraloz-Belgjik.jpg"}],"twitter_misc":{"Written by":"ulqini","Est. reading time":"1 minute"},"schema":{"@context":"https:\/\/schema.org","@graph":[{"@type":"WebSite","@id":"https:\/\/www.visit-ulcinj.com\/blog\/#website","url":"https:\/\/www.visit-ulcinj.com\/blog\/","name":"Lajme nga Ulqini","description":"Lajme,Vijesti,Ulqini,Ulqin,Crna Gora,Mali i Zi","potentialAction":[{"@type":"SearchAction","target":{"@type":"EntryPoint","urlTemplate":"https:\/\/www.visit-ulcinj.com\/blog\/?s={search_term_string}"},"query-input":"required name=search_term_string"}],"inLanguage":"en-US"},{"@type":"ImageObject","inLanguage":"en-US","@id":"https:\/\/www.visit-ulcinj.com\/blog\/2011\/09\/26\/u-brohorit-nga-tifozet-%e2%80%9ckosovo-kosovo%e2%80%9d-jovanovic-i-pershendet-me-%e2%80%9cmitraloz%e2%80%9d\/#primaryimage","url":"http:\/\/www.visit-ulcinj.com\/blog\/wp-content\/uploads\/2011\/09\/Milan-Jovanovic-pershendet-me-mitraloz-Belgjik.jpg","contentUrl":"http:\/\/www.visit-ulcinj.com\/blog\/wp-content\/uploads\/2011\/09\/Milan-Jovanovic-pershendet-me-mitraloz-Belgjik.jpg"},{"@type":"WebPage","@id":"https:\/\/www.visit-ulcinj.com\/blog\/2011\/09\/26\/u-brohorit-nga-tifozet-%e2%80%9ckosovo-kosovo%e2%80%9d-jovanovic-i-pershendet-me-%e2%80%9cmitraloz%e2%80%9d\/#webpage","url":"https:\/\/www.visit-ulcinj.com\/blog\/2011\/09\/26\/u-brohorit-nga-tifozet-%e2%80%9ckosovo-kosovo%e2%80%9d-jovanovic-i-pershendet-me-%e2%80%9cmitraloz%e2%80%9d\/","name":"U brohorit nga tifoz\u00ebt \u201cKosovo Kosovo\u201d, Jovanovic i p\u00ebrsh\u00ebndet me \u201cmitraloz\u201d - Lajme nga Ulqini","isPartOf":{"@id":"https:\/\/www.visit-ulcinj.com\/blog\/#website"},"primaryImageOfPage":{"@id":"https:\/\/www.visit-ulcinj.com\/blog\/2011\/09\/26\/u-brohorit-nga-tifozet-%e2%80%9ckosovo-kosovo%e2%80%9d-jovanovic-i-pershendet-me-%e2%80%9cmitraloz%e2%80%9d\/#primaryimage"},"datePublished":"2011-09-26T12:00:42+00:00","dateModified":"2011-09-26T12:00:42+00:00","author":{"@id":"https:\/\/www.visit-ulcinj.com\/blog\/#\/schema\/person\/dcab619c614d3038751c63bc2aadc06d"},"description":"Ai mund t\u00eb mos ket\u00eb b\u00ebr\u00eb p\u00ebrshtypje shum\u00eb n\u00eb Anfield, kur luante me Liverpool por sulmuesi serb Milan Jovanovi\u00e7 mund t\u00eb p\u00ebrballet me 5 vjet d\u00ebnim n\u00eb","breadcrumb":{"@id":"https:\/\/www.visit-ulcinj.com\/blog\/2011\/09\/26\/u-brohorit-nga-tifozet-%e2%80%9ckosovo-kosovo%e2%80%9d-jovanovic-i-pershendet-me-%e2%80%9cmitraloz%e2%80%9d\/#breadcrumb"},"inLanguage":"en-US","potentialAction":[{"@type":"ReadAction","target":["https:\/\/www.visit-ulcinj.com\/blog\/2011\/09\/26\/u-brohorit-nga-tifozet-%e2%80%9ckosovo-kosovo%e2%80%9d-jovanovic-i-pershendet-me-%e2%80%9cmitraloz%e2%80%9d\/"]}]},{"@type":"BreadcrumbList","@id":"https:\/\/www.visit-ulcinj.com\/blog\/2011\/09\/26\/u-brohorit-nga-tifozet-%e2%80%9ckosovo-kosovo%e2%80%9d-jovanovic-i-pershendet-me-%e2%80%9cmitraloz%e2%80%9d\/#breadcrumb","itemListElement":[{"@type":"ListItem","position":1,"name":"U brohorit nga tifoz\u00ebt \u201cKosovo Kosovo\u201d, Jovanovic i p\u00ebrsh\u00ebndet me \u201cmitraloz\u201d"}]},{"@type":"Person","@id":"https:\/\/www.visit-ulcinj.com\/blog\/#\/schema\/person\/dcab619c614d3038751c63bc2aadc06d","name":"ulqini","sameAs":["http:\/\/www.visit-ulcinj.com"],"url":"https:\/\/www.visit-ulcinj.com\/blog\/author\/admin\/"}]}},"jetpack_featured_media_url":"","jetpack_sharing_enabled":true,"jetpack_shortlink":"https:\/\/wp.me\/pe6lTn-dmT","_links":{"self":[{"href":"https:\/\/www.visit-ulcinj.com\/blog\/wp-json\/wp\/v2\/posts\/51391"}],"collection":[{"href":"https:\/\/www.visit-ulcinj.com\/blog\/wp-json\/wp\/v2\/posts"}],"about":[{"href":"https:\/\/www.visit-ulcinj.com\/blog\/wp-json\/wp\/v2\/types\/post"}],"author":[{"embeddable":true,"href":"https:\/\/www.visit-ulcinj.com\/blog\/wp-json\/wp\/v2\/users\/1"}],"replies":[{"embeddable":true,"href":"https:\/\/www.visit-ulcinj.com\/blog\/wp-json\/wp\/v2\/comments?post=51391"}],"version-history":[{"count":1,"href":"https:\/\/www.visit-ulcinj.com\/blog\/wp-json\/wp\/v2\/posts\/51391\/revisions"}],"predecessor-version":[{"id":51394,"href":"https:\/\/www.visit-ulcinj.com\/blog\/wp-json\/wp\/v2\/posts\/51391\/revisions\/51394"}],"wp:attachment":[{"href":"https:\/\/www.visit-ulcinj.com\/blog\/wp-json\/wp\/v2\/media?parent=51391"}],"wp:term":[{"taxonomy":"category","embeddable":true,"href":"https:\/\/www.visit-ulcinj.com\/blog\/wp-json\/wp\/v2\/categories?post=51391"},{"taxonomy":"post_tag","embeddable":true,"href":"https:\/\/www.visit-ulcinj.com\/blog\/wp-json\/wp\/v2\/tags?post=51391"}],"curies":[{"name":"wp","href":"https:\/\/api.w.org\/{rel}","templated":true}]}}