{"id":51397,"date":"2011-09-26T13:31:13","date_gmt":"2011-09-26T12:31:13","guid":{"rendered":"http:\/\/www.visit-ulcinj.com\/blog\/?p=51397"},"modified":"2011-09-26T13:31:13","modified_gmt":"2011-09-26T12:31:13","slug":"dafina-zeqiri-e-krenari-mohojne-ndarjen","status":"publish","type":"post","link":"https:\/\/www.visit-ulcinj.com\/blog\/2011\/09\/26\/dafina-zeqiri-e-krenari-mohojne-ndarjen\/","title":{"rendered":"Dafina Zeqiri e Krenari mohojn\u00eb ndarjen"},"content":{"rendered":"<p><strong><a href=\"http:\/\/www.visit-ulcinj.com\/blog\/wp-content\/uploads\/2011\/09\/DAFINA_KRENARI-_4EVER.3.jpg\"><img loading=\"lazy\" class=\"alignleft size-full wp-image-51400\" title=\"DAFINA_KRENARI _4EVER.3\" src=\"http:\/\/www.visit-ulcinj.com\/blog\/wp-content\/uploads\/2011\/09\/DAFINA_KRENARI-_4EVER.3.jpg\" alt=\"\" width=\"508\" height=\"380\" \/><\/a>Dafina Zeqiri dhe i dashuri i saj, Krenar \u00c7o\u00e7aj, kan\u00eb mohuar ndarjen e tyre, p\u00ebr t\u00eb cil\u00ebn raportuan mediet n\u00eb Shqip\u00ebri. Ata kan\u00eb th\u00ebn\u00eb se k\u00ebto jan\u00eb spekulime t\u00eb q\u00ebllimshme p\u00ebr ta d\u00ebmtuar karrier\u00ebn e Dafin\u00ebs.<\/strong><\/p>\n<p>\u201cMendoj se nuk duhet fare t\u00eb merrem me tabloide, t\u00eb cilat jan\u00eb joprofesionale, ku burimi i tyre \u00ebsht\u00eb e pav\u00ebrteta, ku n\u00eb to porositen shkrime p\u00ebr t\u00eb d\u00ebmtuar dik\u00eb.<\/p>\n<p>Mir\u00ebpo, p\u00ebr hir t\u00eb opinionit dhe realitetit, le ta din\u00eb se un\u00eb dhe Krenari jemi bashk\u00eb dhe se shkrimet n\u00eb ato tabloide nuk q\u00ebndrojn\u00eb. Kam p\u00ebrshtypjen se k\u00ebto i ka b\u00ebr\u00eb dikush me q\u00ebllim, mir\u00ebpo me k\u00ebt\u00eb nuk mund t\u00eb m\u00eb mposhtin\u201d, ka th\u00ebn\u00eb Dafina p\u00ebr gazet\u00ebn \u201cZ\u00ebri\u201d.<br \/>\n<a href=\"http:\/\/www.visit-ulcinj.com\/blog\/wp-content\/uploads\/2011\/09\/DAFINA_KRENARI-_4EVER.1.jpg\"><img loading=\"lazy\" class=\"alignleft size-full wp-image-51398\" title=\"DAFINA_KRENARI _4EVER.1\" src=\"http:\/\/www.visit-ulcinj.com\/blog\/wp-content\/uploads\/2011\/09\/DAFINA_KRENARI-_4EVER.1.jpg\" alt=\"\" width=\"580\" height=\"330\" \/><\/a><\/p>\n<p>I mllefosur \u00ebsht\u00eb shprehur edhe Krenari.<\/p>\n<p>\u201cDafina dhe un\u00eb jemi bashk\u00eb dhe t\u00eb gjitha ato shkrime jan\u00eb t\u00eb pasakta. Un\u00eb personalisht jam n\u00eb p\u00ebrfundim t\u00eb nd\u00ebrtimit t\u00eb hotelit tim, kurse sa i p\u00ebrket tabloideve q\u00eb kan\u00eb lansuar k\u00ebto t\u00eb pav\u00ebrteta, mund t\u2019ju them se buxheti p\u00ebr mir\u00ebmbajtjen e dy qenve t\u00eb mi \u00ebsht\u00eb m\u00eb i madh se buxheti i krejt stafit t\u00eb atij tabloidi\u201d, ka th\u00ebn\u00eb Krenari.<\/p>\n<p><strong>Z\u00cbRI<br \/>\n<\/strong><br \/>\n<!--YouTube Error: bad URL entered--><\/p>\n","protected":false},"excerpt":{"rendered":"<p>Dafina Zeqiri dhe i dashuri i saj, Krenar \u00c7o\u00e7aj, kan\u00eb mohuar ndarjen e tyre, p\u00ebr t\u00eb cil\u00ebn raportuan mediet n\u00eb Shqip\u00ebri. Ata kan\u00eb th\u00ebn\u00eb se k\u00ebto jan\u00eb spekulime t\u00eb q\u00ebllimshme p\u00ebr ta d\u00ebmtuar karrier\u00ebn e Dafin\u00ebs. \u201cMendoj se nuk duhet fare t\u00eb merrem me tabloide, t\u00eb cilat jan\u00eb joprofesionale, ku burimi i tyre \u00ebsht\u00eb e [&hellip;]<\/p>\n","protected":false},"author":1,"featured_media":0,"comment_status":"open","ping_status":"closed","sticky":false,"template":"","format":"standard","meta":{"spay_email":"","jetpack_publicize_message":"","jetpack_is_tweetstorm":false,"jetpack_publicize_feature_enabled":true},"categories":[1],"tags":[4926,12655],"jetpack_publicize_connections":[],"yoast_head":"<!-- This site is optimized with the Yoast SEO plugin v19.1 - https:\/\/yoast.com\/wordpress\/plugins\/seo\/ -->\n<title>Dafina Zeqiri e Krenari mohojn\u00eb ndarjen - Lajme nga Ulqini<\/title>\n<meta name=\"description\" content=\"Dafina Zeqiri dhe i dashuri i saj, Krenar \u00c7o\u00e7aj, kan\u00eb mohuar ndarjen e tyre, p\u00ebr t\u00eb cil\u00ebn raportuan mediet n\u00eb Shqip\u00ebri. Ata kan\u00eb th\u00ebn\u00eb se k\u00ebto jan\u00eb\" \/>\n<meta name=\"robots\" content=\"index, follow, max-snippet:-1, max-image-preview:large, max-video-preview:-1\" \/>\n<link rel=\"canonical\" href=\"https:\/\/www.visit-ulcinj.com\/blog\/2011\/09\/26\/dafina-zeqiri-e-krenari-mohojne-ndarjen\/\" \/>\n<meta property=\"og:locale\" content=\"en_US\" \/>\n<meta property=\"og:type\" content=\"article\" \/>\n<meta property=\"og:title\" content=\"Dafina Zeqiri e Krenari mohojn\u00eb ndarjen - Lajme nga Ulqini\" \/>\n<meta property=\"og:description\" content=\"Dafina Zeqiri dhe i dashuri i saj, Krenar \u00c7o\u00e7aj, kan\u00eb mohuar ndarjen e tyre, p\u00ebr t\u00eb cil\u00ebn raportuan mediet n\u00eb Shqip\u00ebri. Ata kan\u00eb th\u00ebn\u00eb se k\u00ebto jan\u00eb\" \/>\n<meta property=\"og:url\" content=\"https:\/\/www.visit-ulcinj.com\/blog\/2011\/09\/26\/dafina-zeqiri-e-krenari-mohojne-ndarjen\/\" \/>\n<meta property=\"og:site_name\" content=\"Lajme nga Ulqini\" \/>\n<meta property=\"article:published_time\" content=\"2011-09-26T12:31:13+00:00\" \/>\n<meta property=\"og:image\" content=\"https:\/\/www.visit-ulcinj.com\/blog\/wp-content\/uploads\/2011\/09\/DAFINA_KRENARI-_4EVER.1-150x150.jpg\" \/>\n<meta name=\"twitter:label1\" content=\"Written by\" \/>\n\t<meta name=\"twitter:data1\" content=\"ulqini\" \/>\n\t<meta name=\"twitter:label2\" content=\"Est. reading time\" \/>\n\t<meta name=\"twitter:data2\" content=\"1 minute\" \/>\n<script type=\"application\/ld+json\" class=\"yoast-schema-graph\">{\"@context\":\"https:\/\/schema.org\",\"@graph\":[{\"@type\":\"WebSite\",\"@id\":\"https:\/\/www.visit-ulcinj.com\/blog\/#website\",\"url\":\"https:\/\/www.visit-ulcinj.com\/blog\/\",\"name\":\"Lajme nga Ulqini\",\"description\":\"Lajme,Vijesti,Ulqini,Ulqin,Crna Gora,Mali i Zi\",\"potentialAction\":[{\"@type\":\"SearchAction\",\"target\":{\"@type\":\"EntryPoint\",\"urlTemplate\":\"https:\/\/www.visit-ulcinj.com\/blog\/?s={search_term_string}\"},\"query-input\":\"required name=search_term_string\"}],\"inLanguage\":\"en-US\"},{\"@type\":\"ImageObject\",\"inLanguage\":\"en-US\",\"@id\":\"https:\/\/www.visit-ulcinj.com\/blog\/2011\/09\/26\/dafina-zeqiri-e-krenari-mohojne-ndarjen\/#primaryimage\",\"url\":\"http:\/\/www.visit-ulcinj.com\/blog\/wp-content\/uploads\/2011\/09\/DAFINA_KRENARI-_4EVER.3.jpg\",\"contentUrl\":\"http:\/\/www.visit-ulcinj.com\/blog\/wp-content\/uploads\/2011\/09\/DAFINA_KRENARI-_4EVER.3.jpg\"},{\"@type\":\"WebPage\",\"@id\":\"https:\/\/www.visit-ulcinj.com\/blog\/2011\/09\/26\/dafina-zeqiri-e-krenari-mohojne-ndarjen\/#webpage\",\"url\":\"https:\/\/www.visit-ulcinj.com\/blog\/2011\/09\/26\/dafina-zeqiri-e-krenari-mohojne-ndarjen\/\",\"name\":\"Dafina Zeqiri e Krenari mohojn\u00eb ndarjen - Lajme nga Ulqini\",\"isPartOf\":{\"@id\":\"https:\/\/www.visit-ulcinj.com\/blog\/#website\"},\"primaryImageOfPage\":{\"@id\":\"https:\/\/www.visit-ulcinj.com\/blog\/2011\/09\/26\/dafina-zeqiri-e-krenari-mohojne-ndarjen\/#primaryimage\"},\"datePublished\":\"2011-09-26T12:31:13+00:00\",\"dateModified\":\"2011-09-26T12:31:13+00:00\",\"author\":{\"@id\":\"https:\/\/www.visit-ulcinj.com\/blog\/#\/schema\/person\/dcab619c614d3038751c63bc2aadc06d\"},\"description\":\"Dafina Zeqiri dhe i dashuri i saj, Krenar \u00c7o\u00e7aj, kan\u00eb mohuar ndarjen e tyre, p\u00ebr t\u00eb cil\u00ebn raportuan mediet n\u00eb Shqip\u00ebri. Ata kan\u00eb th\u00ebn\u00eb se k\u00ebto jan\u00eb\",\"breadcrumb\":{\"@id\":\"https:\/\/www.visit-ulcinj.com\/blog\/2011\/09\/26\/dafina-zeqiri-e-krenari-mohojne-ndarjen\/#breadcrumb\"},\"inLanguage\":\"en-US\",\"potentialAction\":[{\"@type\":\"ReadAction\",\"target\":[\"https:\/\/www.visit-ulcinj.com\/blog\/2011\/09\/26\/dafina-zeqiri-e-krenari-mohojne-ndarjen\/\"]}]},{\"@type\":\"BreadcrumbList\",\"@id\":\"https:\/\/www.visit-ulcinj.com\/blog\/2011\/09\/26\/dafina-zeqiri-e-krenari-mohojne-ndarjen\/#breadcrumb\",\"itemListElement\":[{\"@type\":\"ListItem\",\"position\":1,\"name\":\"Dafina Zeqiri e Krenari mohojn\u00eb ndarjen\"}]},{\"@type\":\"Person\",\"@id\":\"https:\/\/www.visit-ulcinj.com\/blog\/#\/schema\/person\/dcab619c614d3038751c63bc2aadc06d\",\"name\":\"ulqini\",\"sameAs\":[\"http:\/\/www.visit-ulcinj.com\"],\"url\":\"https:\/\/www.visit-ulcinj.com\/blog\/author\/admin\/\"}]}<\/script>\n<!-- \/ Yoast SEO plugin. -->","yoast_head_json":{"title":"Dafina Zeqiri e Krenari mohojn\u00eb ndarjen - Lajme nga Ulqini","description":"Dafina Zeqiri dhe i dashuri i saj, Krenar \u00c7o\u00e7aj, kan\u00eb mohuar ndarjen e tyre, p\u00ebr t\u00eb cil\u00ebn raportuan mediet n\u00eb Shqip\u00ebri. Ata kan\u00eb th\u00ebn\u00eb se k\u00ebto jan\u00eb","robots":{"index":"index","follow":"follow","max-snippet":"max-snippet:-1","max-image-preview":"max-image-preview:large","max-video-preview":"max-video-preview:-1"},"canonical":"https:\/\/www.visit-ulcinj.com\/blog\/2011\/09\/26\/dafina-zeqiri-e-krenari-mohojne-ndarjen\/","og_locale":"en_US","og_type":"article","og_title":"Dafina Zeqiri e Krenari mohojn\u00eb ndarjen - Lajme nga Ulqini","og_description":"Dafina Zeqiri dhe i dashuri i saj, Krenar \u00c7o\u00e7aj, kan\u00eb mohuar ndarjen e tyre, p\u00ebr t\u00eb cil\u00ebn raportuan mediet n\u00eb Shqip\u00ebri. Ata kan\u00eb th\u00ebn\u00eb se k\u00ebto jan\u00eb","og_url":"https:\/\/www.visit-ulcinj.com\/blog\/2011\/09\/26\/dafina-zeqiri-e-krenari-mohojne-ndarjen\/","og_site_name":"Lajme nga Ulqini","article_published_time":"2011-09-26T12:31:13+00:00","og_image":[{"url":"https:\/\/www.visit-ulcinj.com\/blog\/wp-content\/uploads\/2011\/09\/DAFINA_KRENARI-_4EVER.1-150x150.jpg"}],"twitter_misc":{"Written by":"ulqini","Est. reading time":"1 minute"},"schema":{"@context":"https:\/\/schema.org","@graph":[{"@type":"WebSite","@id":"https:\/\/www.visit-ulcinj.com\/blog\/#website","url":"https:\/\/www.visit-ulcinj.com\/blog\/","name":"Lajme nga Ulqini","description":"Lajme,Vijesti,Ulqini,Ulqin,Crna Gora,Mali i Zi","potentialAction":[{"@type":"SearchAction","target":{"@type":"EntryPoint","urlTemplate":"https:\/\/www.visit-ulcinj.com\/blog\/?s={search_term_string}"},"query-input":"required name=search_term_string"}],"inLanguage":"en-US"},{"@type":"ImageObject","inLanguage":"en-US","@id":"https:\/\/www.visit-ulcinj.com\/blog\/2011\/09\/26\/dafina-zeqiri-e-krenari-mohojne-ndarjen\/#primaryimage","url":"http:\/\/www.visit-ulcinj.com\/blog\/wp-content\/uploads\/2011\/09\/DAFINA_KRENARI-_4EVER.3.jpg","contentUrl":"http:\/\/www.visit-ulcinj.com\/blog\/wp-content\/uploads\/2011\/09\/DAFINA_KRENARI-_4EVER.3.jpg"},{"@type":"WebPage","@id":"https:\/\/www.visit-ulcinj.com\/blog\/2011\/09\/26\/dafina-zeqiri-e-krenari-mohojne-ndarjen\/#webpage","url":"https:\/\/www.visit-ulcinj.com\/blog\/2011\/09\/26\/dafina-zeqiri-e-krenari-mohojne-ndarjen\/","name":"Dafina Zeqiri e Krenari mohojn\u00eb ndarjen - Lajme nga Ulqini","isPartOf":{"@id":"https:\/\/www.visit-ulcinj.com\/blog\/#website"},"primaryImageOfPage":{"@id":"https:\/\/www.visit-ulcinj.com\/blog\/2011\/09\/26\/dafina-zeqiri-e-krenari-mohojne-ndarjen\/#primaryimage"},"datePublished":"2011-09-26T12:31:13+00:00","dateModified":"2011-09-26T12:31:13+00:00","author":{"@id":"https:\/\/www.visit-ulcinj.com\/blog\/#\/schema\/person\/dcab619c614d3038751c63bc2aadc06d"},"description":"Dafina Zeqiri dhe i dashuri i saj, Krenar \u00c7o\u00e7aj, kan\u00eb mohuar ndarjen e tyre, p\u00ebr t\u00eb cil\u00ebn raportuan mediet n\u00eb Shqip\u00ebri. Ata kan\u00eb th\u00ebn\u00eb se k\u00ebto jan\u00eb","breadcrumb":{"@id":"https:\/\/www.visit-ulcinj.com\/blog\/2011\/09\/26\/dafina-zeqiri-e-krenari-mohojne-ndarjen\/#breadcrumb"},"inLanguage":"en-US","potentialAction":[{"@type":"ReadAction","target":["https:\/\/www.visit-ulcinj.com\/blog\/2011\/09\/26\/dafina-zeqiri-e-krenari-mohojne-ndarjen\/"]}]},{"@type":"BreadcrumbList","@id":"https:\/\/www.visit-ulcinj.com\/blog\/2011\/09\/26\/dafina-zeqiri-e-krenari-mohojne-ndarjen\/#breadcrumb","itemListElement":[{"@type":"ListItem","position":1,"name":"Dafina Zeqiri e Krenari mohojn\u00eb ndarjen"}]},{"@type":"Person","@id":"https:\/\/www.visit-ulcinj.com\/blog\/#\/schema\/person\/dcab619c614d3038751c63bc2aadc06d","name":"ulqini","sameAs":["http:\/\/www.visit-ulcinj.com"],"url":"https:\/\/www.visit-ulcinj.com\/blog\/author\/admin\/"}]}},"jetpack_featured_media_url":"","jetpack_sharing_enabled":true,"jetpack_shortlink":"https:\/\/wp.me\/pe6lTn-dmZ","_links":{"self":[{"href":"https:\/\/www.visit-ulcinj.com\/blog\/wp-json\/wp\/v2\/posts\/51397"}],"collection":[{"href":"https:\/\/www.visit-ulcinj.com\/blog\/wp-json\/wp\/v2\/posts"}],"about":[{"href":"https:\/\/www.visit-ulcinj.com\/blog\/wp-json\/wp\/v2\/types\/post"}],"author":[{"embeddable":true,"href":"https:\/\/www.visit-ulcinj.com\/blog\/wp-json\/wp\/v2\/users\/1"}],"replies":[{"embeddable":true,"href":"https:\/\/www.visit-ulcinj.com\/blog\/wp-json\/wp\/v2\/comments?post=51397"}],"version-history":[{"count":2,"href":"https:\/\/www.visit-ulcinj.com\/blog\/wp-json\/wp\/v2\/posts\/51397\/revisions"}],"predecessor-version":[{"id":53959,"href":"https:\/\/www.visit-ulcinj.com\/blog\/wp-json\/wp\/v2\/posts\/51397\/revisions\/53959"}],"wp:attachment":[{"href":"https:\/\/www.visit-ulcinj.com\/blog\/wp-json\/wp\/v2\/media?parent=51397"}],"wp:term":[{"taxonomy":"category","embeddable":true,"href":"https:\/\/www.visit-ulcinj.com\/blog\/wp-json\/wp\/v2\/categories?post=51397"},{"taxonomy":"post_tag","embeddable":true,"href":"https:\/\/www.visit-ulcinj.com\/blog\/wp-json\/wp\/v2\/tags?post=51397"}],"curies":[{"name":"wp","href":"https:\/\/api.w.org\/{rel}","templated":true}]}}