{"id":514,"date":"2008-02-14T13:34:23","date_gmt":"2008-02-14T18:34:23","guid":{"rendered":"http:\/\/www.visit-ulcinj.com\/blog\/2008\/02\/14\/holaj-ponudio-ostavku\/"},"modified":"2008-02-15T17:09:14","modified_gmt":"2008-02-15T22:09:14","slug":"holaj-ponudio-ostavku","status":"publish","type":"post","link":"https:\/\/www.visit-ulcinj.com\/blog\/2008\/02\/14\/holaj-ponudio-ostavku\/","title":{"rendered":"Holaj ponudio ostavku"},"content":{"rendered":"<p align=\"justify\"><img loading=\"lazy\" border=\"0\" align=\"left\" width=\"400\" src=\"http:\/\/www.visit-ulcinj.com\/blog\/wp-content\/uploads\/2008\/02\/amir-hollaj-ulqin.jpg\" height=\"300\" style=\"width: 205px; height: 186px\" \/>Ulcinj &#8211; Vi\u0161emjese?na kriza u Partiji demokratskog prosperiteta kulminirala je proteklog vikenda na sjednici Glavnog odbora kada je lider stranke Amir Holaj, ostav\u0161i u manjini, ponudio ostavku.<br \/>\nVi\u0161e izvora &#8220;Vijesti&#8221; iz PDP-a, kazali su da su sjednicu, koja je trajala vi\u0161e od 8 sati, obilje\u017eili \u017eestoki verbalni dueli Holaja i predsjednika SO Ulcinj i visokog funkcionera te partije Muhameta Nike, predvodnika dviju suprotstavljenih struja.<br \/>\nSagovornici &#8220;Vijesti&#8221; ocjenjuju da je sada te\u0161ko predvidjeti da li ?e do?i do rascjepa u stranci, ali su sigurni da je vi\u0161e nego izvjesno da je PDP na pragu vanrednog kongresa.<br \/>\nNika je u pisanoj izjavi &#8220;Vijestima&#8221; kazao da je na sjednici ve?inom glasova konstatovano da odbornici te partije du\u017enost obavljaju u skladu sa ranije usvojenim preporukama i stavovima GO i potvrdio da je Holaj ponudio ostavku.<br \/>\n&#8220;Na sjednici je donijeta i odluka o nastavku pregovora sa koalicijom Za evropski Ulcinj (DUA, DPS i SDP), na osnovu Nacrta pregovora koji je ranije razmotren i utvr?en na GO i mjesnim odborima u ulcinjskoj op\u0161tini. Nakon glasanja, predsjednik partije Amir Holaj ostao je u manjini rekav\u0161i da ?e u roku od 24 sata podnijeti ostavku&#8221;, istakao je Nika.<br \/>\nOn je ju?e, me?utim, u telefonskom razgovoru &#8220;Vijestima&#8221; kazao da od Holaja jo\u0161 ni\u0161ta nije dobio u pisanoj formi.<br \/>\n&#8220;Vidje?emo da li se u me?uvremenu pokajao ili ?e odr\u017eati rije?. U svakom slu?aju, postoje zapisnici i vrlo brzo ?u inicirati novu sjednicu GO na kojoj bi raspravljali o ostavci Holaja&#8221;, kazao je Nika i dodao da, ako GO prihvati eventualnu ostavku Holaja, PDP ide na vanredni kongres.<br \/>\nHolaj nije htio da komentari\u0161e de\u0161avanja na sjednici naglasiv\u0161i da &#8220;to \u0161to se de\u0161ava nije ni\u0161ta novo u PDP-u&#8221;.<br \/>\n&#8220;Neko uporno nastavlja da doka\u017ee da je ono \u0161to nije i \u0161to mu ne pripada po funkciji poku\u0161avaju?i da preduhitri validne odluke GO sa ciljem stvaranja konfuzije. Nezvani?ne izjave u \u0161tampi ne \u017eelim da komentari\u0161em, ali je sigurno da ?e pojedini biti i te kako razo?arani mojom istrajno\u0161?u na prevazila\u017eenju krize u partiji i po\u0161tovanju validnih odluka&#8221;, kazao je Holaj u pisanoj izjavi dostavljenoj &#8220;Vijestima&#8221;.<br \/>\nSa tri odbornika, koliko ima u SO ra?unaju?i i Niku, PDP balansira lokalni parlament, budu?i da ni koalicija &#8220;Za evropski Ulcinj&#8221; niti albanske nacionalne partije (Forca, DS i DJA) bez nje nemaju potrebnu ve?inu. Nakon posljednjih lokalnih izbora, prije oko godinu i po, PDP se priklonio albanskim nacionalnim partijama, ali se nakon izvjesnog vremena ipak okrenuo koaliciji &#8220;Za evropski Ulcinj&#8221; sa kojom trenutno ?ini ve?inu u SO.<br \/>\nPrema nezvani?nim saznanjima &#8220;Vijesti&#8221;, ve?ina ?lanova GO na ?elu sa Nikom uskoro bi trebalo da odr\u017ei konferenciju za novinare i iznese razloge i svoje vi?enje izlaska iz krize.<br \/>\n<font size=\"2\" face=\"Arial\">S.A<\/font><\/p>\n<p align=\"justify\"><font size=\"2\" face=\"Arial\">www.vijesti.cg.yu<\/font><\/p>\n","protected":false},"excerpt":{"rendered":"<p><img loading=\"lazy\" border=\"0\" align=\"left\" width=\"140\" src=\"http:\/\/www.visit-ulcinj.com\/blog\/wp-content\/uploads\/2008\/02\/amir-hollaj-ulqin.jpg\" height=\"140\"a><\/p>\n","protected":false},"author":1,"featured_media":0,"comment_status":"open","ping_status":"closed","sticky":false,"template":"","format":"standard","meta":{"spay_email":"","jetpack_publicize_message":"","jetpack_is_tweetstorm":false,"jetpack_publicize_feature_enabled":true},"categories":[6],"tags":[1384,1385,1303,704,530,87,514,117,1304,1386,944,1387,1302,702,255,701,19,1388],"jetpack_publicize_connections":[],"yoast_head":"<!-- This site is optimized with the Yoast SEO plugin v19.1 - https:\/\/yoast.com\/wordpress\/plugins\/seo\/ -->\n<title>Holaj ponudio ostavku - Lajme nga Ulqini<\/title>\n<meta name=\"robots\" content=\"index, follow, max-snippet:-1, max-image-preview:large, max-video-preview:-1\" \/>\n<link rel=\"canonical\" href=\"https:\/\/www.visit-ulcinj.com\/blog\/2008\/02\/14\/holaj-ponudio-ostavku\/\" \/>\n<meta property=\"og:locale\" content=\"en_US\" \/>\n<meta property=\"og:type\" content=\"article\" \/>\n<meta property=\"og:title\" content=\"Holaj ponudio ostavku - Lajme nga Ulqini\" \/>\n<meta property=\"og:url\" content=\"https:\/\/www.visit-ulcinj.com\/blog\/2008\/02\/14\/holaj-ponudio-ostavku\/\" \/>\n<meta property=\"og:site_name\" content=\"Lajme nga Ulqini\" \/>\n<meta property=\"article:published_time\" content=\"2008-02-14T18:34:23+00:00\" \/>\n<meta property=\"article:modified_time\" content=\"2008-02-15T22:09:14+00:00\" \/>\n<meta property=\"og:image\" content=\"http:\/\/www.visit-ulcinj.com\/blog\/wp-content\/uploads\/2008\/02\/amir-hollaj-ulqin.jpg\" \/>\n<meta name=\"twitter:label1\" content=\"Written by\" \/>\n\t<meta name=\"twitter:data1\" content=\"ulqini\" \/>\n\t<meta name=\"twitter:label2\" content=\"Est. reading time\" \/>\n\t<meta name=\"twitter:data2\" content=\"2 minutes\" \/>\n<script type=\"application\/ld+json\" class=\"yoast-schema-graph\">{\"@context\":\"https:\/\/schema.org\",\"@graph\":[{\"@type\":\"WebSite\",\"@id\":\"https:\/\/www.visit-ulcinj.com\/blog\/#website\",\"url\":\"https:\/\/www.visit-ulcinj.com\/blog\/\",\"name\":\"Lajme nga Ulqini\",\"description\":\"Lajme,Vijesti,Ulqini,Ulqin,Crna Gora,Mali i Zi\",\"potentialAction\":[{\"@type\":\"SearchAction\",\"target\":{\"@type\":\"EntryPoint\",\"urlTemplate\":\"https:\/\/www.visit-ulcinj.com\/blog\/?s={search_term_string}\"},\"query-input\":\"required name=search_term_string\"}],\"inLanguage\":\"en-US\"},{\"@type\":\"ImageObject\",\"inLanguage\":\"en-US\",\"@id\":\"https:\/\/www.visit-ulcinj.com\/blog\/2008\/02\/14\/holaj-ponudio-ostavku\/#primaryimage\",\"url\":\"http:\/\/www.visit-ulcinj.com\/blog\/wp-content\/uploads\/2008\/02\/amir-hollaj-ulqin.jpg\",\"contentUrl\":\"http:\/\/www.visit-ulcinj.com\/blog\/wp-content\/uploads\/2008\/02\/amir-hollaj-ulqin.jpg\"},{\"@type\":\"WebPage\",\"@id\":\"https:\/\/www.visit-ulcinj.com\/blog\/2008\/02\/14\/holaj-ponudio-ostavku\/#webpage\",\"url\":\"https:\/\/www.visit-ulcinj.com\/blog\/2008\/02\/14\/holaj-ponudio-ostavku\/\",\"name\":\"Holaj ponudio ostavku - Lajme nga Ulqini\",\"isPartOf\":{\"@id\":\"https:\/\/www.visit-ulcinj.com\/blog\/#website\"},\"primaryImageOfPage\":{\"@id\":\"https:\/\/www.visit-ulcinj.com\/blog\/2008\/02\/14\/holaj-ponudio-ostavku\/#primaryimage\"},\"datePublished\":\"2008-02-14T18:34:23+00:00\",\"dateModified\":\"2008-02-15T22:09:14+00:00\",\"author\":{\"@id\":\"https:\/\/www.visit-ulcinj.com\/blog\/#\/schema\/person\/dcab619c614d3038751c63bc2aadc06d\"},\"breadcrumb\":{\"@id\":\"https:\/\/www.visit-ulcinj.com\/blog\/2008\/02\/14\/holaj-ponudio-ostavku\/#breadcrumb\"},\"inLanguage\":\"en-US\",\"potentialAction\":[{\"@type\":\"ReadAction\",\"target\":[\"https:\/\/www.visit-ulcinj.com\/blog\/2008\/02\/14\/holaj-ponudio-ostavku\/\"]}]},{\"@type\":\"BreadcrumbList\",\"@id\":\"https:\/\/www.visit-ulcinj.com\/blog\/2008\/02\/14\/holaj-ponudio-ostavku\/#breadcrumb\",\"itemListElement\":[{\"@type\":\"ListItem\",\"position\":1,\"name\":\"Holaj ponudio ostavku\"}]},{\"@type\":\"Person\",\"@id\":\"https:\/\/www.visit-ulcinj.com\/blog\/#\/schema\/person\/dcab619c614d3038751c63bc2aadc06d\",\"name\":\"ulqini\",\"sameAs\":[\"http:\/\/www.visit-ulcinj.com\"],\"url\":\"https:\/\/www.visit-ulcinj.com\/blog\/author\/admin\/\"}]}<\/script>\n<!-- \/ Yoast SEO plugin. -->","yoast_head_json":{"title":"Holaj ponudio ostavku - Lajme nga Ulqini","robots":{"index":"index","follow":"follow","max-snippet":"max-snippet:-1","max-image-preview":"max-image-preview:large","max-video-preview":"max-video-preview:-1"},"canonical":"https:\/\/www.visit-ulcinj.com\/blog\/2008\/02\/14\/holaj-ponudio-ostavku\/","og_locale":"en_US","og_type":"article","og_title":"Holaj ponudio ostavku - Lajme nga Ulqini","og_url":"https:\/\/www.visit-ulcinj.com\/blog\/2008\/02\/14\/holaj-ponudio-ostavku\/","og_site_name":"Lajme nga Ulqini","article_published_time":"2008-02-14T18:34:23+00:00","article_modified_time":"2008-02-15T22:09:14+00:00","og_image":[{"url":"http:\/\/www.visit-ulcinj.com\/blog\/wp-content\/uploads\/2008\/02\/amir-hollaj-ulqin.jpg"}],"twitter_misc":{"Written by":"ulqini","Est. reading time":"2 minutes"},"schema":{"@context":"https:\/\/schema.org","@graph":[{"@type":"WebSite","@id":"https:\/\/www.visit-ulcinj.com\/blog\/#website","url":"https:\/\/www.visit-ulcinj.com\/blog\/","name":"Lajme nga Ulqini","description":"Lajme,Vijesti,Ulqini,Ulqin,Crna Gora,Mali i Zi","potentialAction":[{"@type":"SearchAction","target":{"@type":"EntryPoint","urlTemplate":"https:\/\/www.visit-ulcinj.com\/blog\/?s={search_term_string}"},"query-input":"required name=search_term_string"}],"inLanguage":"en-US"},{"@type":"ImageObject","inLanguage":"en-US","@id":"https:\/\/www.visit-ulcinj.com\/blog\/2008\/02\/14\/holaj-ponudio-ostavku\/#primaryimage","url":"http:\/\/www.visit-ulcinj.com\/blog\/wp-content\/uploads\/2008\/02\/amir-hollaj-ulqin.jpg","contentUrl":"http:\/\/www.visit-ulcinj.com\/blog\/wp-content\/uploads\/2008\/02\/amir-hollaj-ulqin.jpg"},{"@type":"WebPage","@id":"https:\/\/www.visit-ulcinj.com\/blog\/2008\/02\/14\/holaj-ponudio-ostavku\/#webpage","url":"https:\/\/www.visit-ulcinj.com\/blog\/2008\/02\/14\/holaj-ponudio-ostavku\/","name":"Holaj ponudio ostavku - Lajme nga Ulqini","isPartOf":{"@id":"https:\/\/www.visit-ulcinj.com\/blog\/#website"},"primaryImageOfPage":{"@id":"https:\/\/www.visit-ulcinj.com\/blog\/2008\/02\/14\/holaj-ponudio-ostavku\/#primaryimage"},"datePublished":"2008-02-14T18:34:23+00:00","dateModified":"2008-02-15T22:09:14+00:00","author":{"@id":"https:\/\/www.visit-ulcinj.com\/blog\/#\/schema\/person\/dcab619c614d3038751c63bc2aadc06d"},"breadcrumb":{"@id":"https:\/\/www.visit-ulcinj.com\/blog\/2008\/02\/14\/holaj-ponudio-ostavku\/#breadcrumb"},"inLanguage":"en-US","potentialAction":[{"@type":"ReadAction","target":["https:\/\/www.visit-ulcinj.com\/blog\/2008\/02\/14\/holaj-ponudio-ostavku\/"]}]},{"@type":"BreadcrumbList","@id":"https:\/\/www.visit-ulcinj.com\/blog\/2008\/02\/14\/holaj-ponudio-ostavku\/#breadcrumb","itemListElement":[{"@type":"ListItem","position":1,"name":"Holaj ponudio ostavku"}]},{"@type":"Person","@id":"https:\/\/www.visit-ulcinj.com\/blog\/#\/schema\/person\/dcab619c614d3038751c63bc2aadc06d","name":"ulqini","sameAs":["http:\/\/www.visit-ulcinj.com"],"url":"https:\/\/www.visit-ulcinj.com\/blog\/author\/admin\/"}]}},"jetpack_featured_media_url":"","jetpack_sharing_enabled":true,"jetpack_shortlink":"https:\/\/wp.me\/pe6lTn-8i","_links":{"self":[{"href":"https:\/\/www.visit-ulcinj.com\/blog\/wp-json\/wp\/v2\/posts\/514"}],"collection":[{"href":"https:\/\/www.visit-ulcinj.com\/blog\/wp-json\/wp\/v2\/posts"}],"about":[{"href":"https:\/\/www.visit-ulcinj.com\/blog\/wp-json\/wp\/v2\/types\/post"}],"author":[{"embeddable":true,"href":"https:\/\/www.visit-ulcinj.com\/blog\/wp-json\/wp\/v2\/users\/1"}],"replies":[{"embeddable":true,"href":"https:\/\/www.visit-ulcinj.com\/blog\/wp-json\/wp\/v2\/comments?post=514"}],"version-history":[{"count":0,"href":"https:\/\/www.visit-ulcinj.com\/blog\/wp-json\/wp\/v2\/posts\/514\/revisions"}],"wp:attachment":[{"href":"https:\/\/www.visit-ulcinj.com\/blog\/wp-json\/wp\/v2\/media?parent=514"}],"wp:term":[{"taxonomy":"category","embeddable":true,"href":"https:\/\/www.visit-ulcinj.com\/blog\/wp-json\/wp\/v2\/categories?post=514"},{"taxonomy":"post_tag","embeddable":true,"href":"https:\/\/www.visit-ulcinj.com\/blog\/wp-json\/wp\/v2\/tags?post=514"}],"curies":[{"name":"wp","href":"https:\/\/api.w.org\/{rel}","templated":true}]}}