{"id":5140,"date":"2008-10-27T13:43:37","date_gmt":"2008-10-27T18:43:37","guid":{"rendered":"http:\/\/www.visit-ulcinj.com\/blog\/?p=5140"},"modified":"2008-10-27T13:49:52","modified_gmt":"2008-10-27T18:49:52","slug":"trazohen-shpirterat-e-opozites-malazeze","status":"publish","type":"post","link":"https:\/\/www.visit-ulcinj.com\/blog\/2008\/10\/27\/trazohen-shpirterat-e-opozites-malazeze\/","title":{"rendered":"Trazohen shpirt\u00ebrat e opozit\u00ebs malazeze"},"content":{"rendered":"<p><a href=\"http:\/\/www.voafanti.com\/gate\/big5\/www.voanews.com\/serbian\/images\/opozicija-CG_1.jpg\"><img loading=\"lazy\" class=\"alignleft\" title=\"opozita malazeze\" src=\"http:\/\/www.voafanti.com\/gate\/big5\/www.voanews.com\/serbian\/images\/opozicija-CG_1.jpg\" alt=\"\" width=\"228\" height=\"172\" \/><\/a>Njohja e pavar\u00ebsis\u00eb s\u00eb Kosov\u00ebs nga Mali i Zi trazoi shpirt\u00ebrat e opozit\u00ebs malazeze, por ata jan\u00eb vonuar dhe nuk u mbetet asgj\u00eb tjet\u00ebr p\u00ebrpos asaj se nuk \u00ebsht\u00eb e gabuar \u00ebndrra e tyre p\u00ebr t\u00eb penguar zhvillimet evroatlantike.<br \/>\nEsht\u00eb nj\u00eb lajm i keq q\u00eb opozita malazeze gjithnj\u00eb e m\u00eb tep\u00ebr nuk po mund ta gjej\u00eb veten n\u00eb funksionimin e saj p\u00ebr t\u00eb ndihmuar p\u00ebr shum\u00eb \u00e7\u00ebshtje t\u00eb r\u00ebnd\u00ebsishme q\u00eb shqet\u00ebsojn\u00eb sot kominitein e k\u00ebtush\u00ebm. Ata n\u00eb vend q\u00eb t`i ndihmojn\u00eb mbar\u00ebvajtes, mir\u00ebqenies s\u00eb qytetar\u00ebve, me sjelljet anticivilizuese t\u00eb tyre po ndikojn\u00eb n\u00eb t\u00ebrheqjen e hapava prapa me \u00e7ka duan t\u00eb tregojn\u00eb se akoma jan\u00eb t\u00eb mykur n\u00eb kokat e tyre me mite serbe p\u00ebr t\u00eb vuajtuar nga mungesa e kapitalit njer\u00ebzor. Ata po mundohen t\u00eb t\u00ebrheqin vemendjen andej nga jorealiteti p\u00ebr t\u00eb fshehur paaft\u00ebsit\u00eb e tyre nga ku nuk jan\u00eb t\u00eb gatsh\u00ebm t\u00eb shfryt\u00ebzojn\u00eb momentet apo shanset e tyre p\u00eb t\u00eb qen\u00eb pjes\u00eb e Evrop\u00ebs s\u00eb bashkuar. Jehona e tyre vazhdon t\u00eb ndihet fuqish\u00ebm me lloj-lloj retorikash, fyerjesh nga m\u00eb t\u00eb ndryshmet lidhur me njohjen e pavar\u00ebsis\u00eb s\u00eb Kosov\u00ebs, po edhe ndaj shqiptar\u00ebve n\u00eb Mal t\u00eb Zi. Ata nuk kan\u00eb nj\u00eb politik\u00eb t\u00eb qart\u00eb sepse nuk kan\u00eb parime t\u00eb p\u00ebrcaktuara e histori t\u00eb past\u00ebr nga ku nuk din\u00eb se k\u00eb kan\u00eb prind dhe duke jetur me \u00ebndrra t\u00eb ngat\u00ebrruara p\u00ebr t\u00eb ardhmen. K\u00ebto \u00ebndrra t\u00eb tyre b\u00ebhen penges\u00eb p\u00ebr realizimin e \u00ebndrrave t\u00eb qytetar\u00ebve tjer\u00eb n\u00eb Mal t\u00eb Zi q\u00eb bashk\u00ebjetojn\u00eb me ta, q\u00eb kontribuojn\u00eb nj\u00ebsoj si ata, por q\u00eb gjithmon\u00eb ndihen t\u00eb shkelur prej tyre pik\u00ebrisht duke iu referuar t\u00eb kaluar\u00ebs.<br \/>\nDisa l\u00ebvizje t\u00eb \u00e7uditshme t\u00eb lidershipit opozitar malazez n\u00eb lidhje me reagimet dhe vandalizmin e tyre t\u00eb shprehur dit\u00eb m\u00eb pare n\u00eb Podgoric\u00eb, apo edhe n\u00eb disa qytete t\u00eb tjera, t\u00eb b\u00ebjn\u00eb t\u00eb kuptosh se t\u00eb nj\u00ebjtit jan\u00eb pengje t\u00eb politik\u00ebs serbe me cka para opinionit tentojn\u00eb t\u00eb mbulojn\u00eb sekrete q\u00eb kan\u00eb marr\u00eb si premtim nga ata t\u00eb cil\u00ebt deklarojn\u00eb se: &#8220;Kjo \u00ebsht\u00eb thik\u00eb pas shpine nga ana e Mali t\u00eb Zi&#8221;. Kjo e ngjar\u00eb shtron shum\u00eb pyetje dhe t\u00eb b\u00ebn t\u00eb mendosh se lider\u00ebt opozitar\u00eb kan\u00eb marr\u00eb shum\u00eb sugjerime t\u00eb detajizuara nga Serbia duke p\u00ebrkujtuar ngjarjet e viteve t\u00eb `90-ta, p\u00ebr \u00e7ka lideri opozitar Andrija Mandiq pat deklaruar n\u00eb parlamentin malazez se ngjarjet e tilla do t\u00eb ndodhin edhe n\u00eb 2008-t\u00ebn. Kjo tashm\u00eb \u00ebsht\u00eb e qart\u00eb se ngjarjet e tilla duan t\u00eb na p\u00ebrkujtojn\u00eb ato vite prej nga ky lider me nj\u00eb sarkaz\u00ebm, por i p\u00ebrkrahur edhe nga lider\u00ebt tjer\u00eb t\u00eb opozit\u00ebs malazeze, po mundohet t\u00eb krijojn\u00eb, asgj\u00eb t\u00eb re, vet\u00ebm se nj\u00eb histori t\u00eb p\u00ebs\u00ebritur q\u00eb do t\u00eb regjistrohet n\u00eb analet e historis\u00eb serbe. N\u00eb k\u00ebto momente kur c\u00ebshtja e Kosov\u00ebs ka marr\u00eb drejtimin e vet si nj\u00eb shtet t\u00eb njohur nga fuqit\u00eb m\u00eb t\u00eb m\u00ebdha t\u00eb bot\u00ebs, p\u00ebr m\u00ebnyr\u00ebn sesi vepron opozita malazeze shtohen shum\u00eb pyetje. A thua v\u00ebrtet k\u00ebta kan\u00eb n\u00eb dor\u00eb di\u00e7ka q\u00eb mund t\u00eb ndryshojn\u00eb nga ajo q\u00eb tashm\u00eb ka p\u00ebrfunduar, a thua t\u00eb nj\u00ebjtit sikund\u00ebr deklarojn\u00eb, t\u00eb p\u00ebrkrahur edhe nga Kisha serbe, b\u00ebjn\u00eb blefe t\u00eb q\u00ebllimshme duke par\u00eb &#8220;filma&#8221; nga vendet m\u00eb t\u00eb prapambetura t\u00eb bot\u00ebs, b\u00ebhen sikur dine t\u00eb b\u00ebjn\u00eb politik\u00eb karshi atyre q\u00eb k\u00ebt\u00eb profesion e ushtrojn\u00eb nga mosha m\u00eb e re? K\u00ebta t\u00eb mjer\u00eb t\u00eb shekullit XXI nuk kan\u00eb nj\u00eb strategji t\u00eb vet\u00ebn p\u00ebr t`iu referuar fakteve dhe realitetit historik, p\u00ebr \u00e7ka duhet t`u imponohet zbardhja e s\u00eb v\u00ebrtet\u00ebs n\u00eb m\u00ebnyr\u00eb q\u00eb ky shantazh i tyre t\u00eb p\u00ebrfundoj\u00eb nj\u00ebher\u00eb e p\u00ebrgjithmon\u00eb dhe me transparence ti marrin pushtetin Gjukanoviqit n\u00ebse munden. Ndryshe, nuk mund t\u00eb tolerohet q\u00eb shumica e qytetar\u00ebve malazez\u00eb t\u00eb marr\u00eb m\u00ebkatet e lider\u00ebve opozitar\u00eb, k\u00ebt\u00eb nuk mund ta lejoj\u00eb m\u00eb as publiku. Veprimet dhe sjelljet e tyre shnd\u00ebrrohen n\u00eb helme t\u00eb tmerrshme p\u00ebr qytetar\u00ebt e Malit t\u00eb Zi.<br \/>\nSa p\u00ebr m\u00ebnyr\u00ebn e reagimit, vandalizmi i krijuar n\u00eb &#8220;mitingjet e m\u00ebdha&#8221; t\u00eb tyre ka pak shpres\u00eb p\u00ebr t\u00eb ndryshuar dicka q\u00eb do ta b\u00ebnte mas\u00ebn t`i kuponte se v\u00ebrtet jan\u00eb t\u00eb interesuar edhe aq p\u00ebr Serbin\u00eb, sa p\u00ebr privilegjet q\u00eb g\u00ebzojn\u00eb dhe postet q\u00eb mbajn\u00eb. Brohoritjet e tyre se &#8220;Kosova \u00ebsht\u00eb Serbi&#8221; \u00ebsht\u00eb nj\u00eb fraz\u00eb q\u00eb p\u00ebrdoret shum\u00eb m\u00eb heret se lind\u00ebn k\u00ebta , nga ku nuk thane dicka t\u00eb re, sepse nuk kan\u00eb lexuar histori, po edhe n\u00ebse e kan\u00eb lexuar e kan\u00eb lexuar mbrapsht, duke harruar se shqiptar\u00ebt vendosin vet si nj\u00eb popull dhe se dhuna e reprezalijet nuk kan\u00eb vend ndaj duhet t\u00eb heshtin duke menduar se duhet t\u00eb ruhet qet\u00ebsia. Serbia e fitoi betej\u00ebn n\u00eb OKB prej nga mbetet t\u00eb shikohet vendimi i Gjykat\u00ebs Nd\u00ebrkomb\u00ebtare t\u00eb Drejt\u00ebsis\u00eb n\u00eb Hag\u00eb, por kjo nuk do t\u00eb thot\u00eb se opozita malazeze ka t\u00eb drejt\u00eb t\u00eb marr\u00eb hov p\u00ebr t\u00eb rrokullisur cdo gj\u00eb, k\u00ebt\u00eb nuk e b\u00ebn as vet\u00eb Serbia e vet\u00ebdijshme se e ka humbur Kosov\u00ebn, dhe nj\u00eb dit\u00eb deshi apo jo do t\u00eb p\u00ebrballet me realitetin. K\u00ebt\u00eb gati se cdo dit\u00eb e deklarojn\u00eb disa politikan\u00eb serb\u00eb, ata q\u00eb shohin dhe e ndjejn\u00eb realitetin e krijuar. T\u00eb prirur nga intelektet e trash\u00ebguara k\u00ebta ishat e sodit lavd\u00ebrohen p\u00ebr veprimet e tyre t\u00eb &#8220;mira&#8221; dhe nuk e kan\u00eb p\u00ebr turp t\u00eb pranon\u00eb se duan t\u00eb sundojn\u00eb t\u00eb tjer\u00ebt me \u00e7ka mbjellin pabarazi dhe krijojn\u00eb var\u00ebsi.<br \/>\nMali i Zi si nj\u00eb shtet me nj\u00eb pavar\u00ebsi t\u00eb fituar para dy viteve, nisur nga euforia opozitare malazeze m\u00eb tep\u00ebr i ngjan\u00eb nj\u00eb zone t\u00eb mbyllur ku p\u00ebrplaset e kaluara q\u00eb nuk di k\u00eb ka prind dhe e sotmja me nj\u00eb t\u00eb ardhme t\u00eb qart\u00eb. Kjo tashm\u00eb p\u00ebr ta \u00ebsht\u00eb e qart\u00eb se jan\u00eb vonuar dhe nuk u mbetet gj\u00eb tjet\u00ebr p\u00ebrpos asaj se nuk \u00ebsht\u00eb e gabuar \u00ebndrra e tyre p\u00ebr t\u00eb penguar zhvillimet evroatlantike.<br \/>\n<strong>Shaban Peraj<br \/>\nKoha Javore<\/strong><\/p>\n<p><center><!--Dailymotion error: bad or missing ID--><\/center><\/p>\n","protected":false},"excerpt":{"rendered":"<p>Njohja e pavar\u00ebsis\u00eb s\u00eb Kosov\u00ebs nga Mali i Zi trazoi shpirt\u00ebrat e opozit\u00ebs malazeze, por ata jan\u00eb vonuar dhe nuk u mbetet asgj\u00eb tjet\u00ebr p\u00ebrpos asaj se nuk \u00ebsht\u00eb e gabuar \u00ebndrra e tyre p\u00ebr t\u00eb penguar zhvillimet evroatlantike. Esht\u00eb nj\u00eb lajm i keq q\u00eb opozita malazeze gjithnj\u00eb e m\u00eb tep\u00ebr nuk po mund ta [&hellip;]<\/p>\n","protected":false},"author":1,"featured_media":0,"comment_status":"open","ping_status":"closed","sticky":false,"template":"","format":"standard","meta":{"spay_email":"","jetpack_publicize_message":"","jetpack_is_tweetstorm":false,"jetpack_publicize_feature_enabled":true},"categories":[8,12],"tags":[4840],"jetpack_publicize_connections":[],"yoast_head":"<!-- This site is optimized with the Yoast SEO plugin v19.1 - https:\/\/yoast.com\/wordpress\/plugins\/seo\/ -->\n<title>Trazohen shpirt\u00ebrat e opozit\u00ebs malazeze - Lajme nga Ulqini<\/title>\n<meta name=\"description\" content=\"Njohja e pavar\u00ebsis\u00eb s\u00eb Kosov\u00ebs nga Mali i Zi trazoi shpirt\u00ebrat e opozit\u00ebs malazeze, por ata jan\u00eb vonuar dhe nuk u mbetet asgj\u00eb tjet\u00ebr p\u00ebrpos asaj se nuk\" \/>\n<meta name=\"robots\" content=\"index, follow, max-snippet:-1, max-image-preview:large, max-video-preview:-1\" \/>\n<link rel=\"canonical\" href=\"https:\/\/www.visit-ulcinj.com\/blog\/2008\/10\/27\/trazohen-shpirterat-e-opozites-malazeze\/\" \/>\n<meta property=\"og:locale\" content=\"en_US\" \/>\n<meta property=\"og:type\" content=\"article\" \/>\n<meta property=\"og:title\" content=\"Trazohen shpirt\u00ebrat e opozit\u00ebs malazeze - Lajme nga Ulqini\" \/>\n<meta property=\"og:description\" content=\"Njohja e pavar\u00ebsis\u00eb s\u00eb Kosov\u00ebs nga Mali i Zi trazoi shpirt\u00ebrat e opozit\u00ebs malazeze, por ata jan\u00eb vonuar dhe nuk u mbetet asgj\u00eb tjet\u00ebr p\u00ebrpos asaj se nuk\" \/>\n<meta property=\"og:url\" content=\"https:\/\/www.visit-ulcinj.com\/blog\/2008\/10\/27\/trazohen-shpirterat-e-opozites-malazeze\/\" \/>\n<meta property=\"og:site_name\" content=\"Lajme nga Ulqini\" \/>\n<meta property=\"article:published_time\" content=\"2008-10-27T18:43:37+00:00\" \/>\n<meta property=\"article:modified_time\" content=\"2008-10-27T18:49:52+00:00\" \/>\n<meta property=\"og:image\" content=\"http:\/\/www.voafanti.com\/gate\/big5\/www.voanews.com\/serbian\/images\/opozicija-CG_1.jpg\" \/>\n<meta name=\"twitter:label1\" content=\"Written by\" \/>\n\t<meta name=\"twitter:data1\" content=\"ulqini\" \/>\n\t<meta name=\"twitter:label2\" content=\"Est. reading time\" \/>\n\t<meta name=\"twitter:data2\" content=\"5 minutes\" \/>\n<script type=\"application\/ld+json\" class=\"yoast-schema-graph\">{\"@context\":\"https:\/\/schema.org\",\"@graph\":[{\"@type\":\"WebSite\",\"@id\":\"https:\/\/www.visit-ulcinj.com\/blog\/#website\",\"url\":\"https:\/\/www.visit-ulcinj.com\/blog\/\",\"name\":\"Lajme nga Ulqini\",\"description\":\"Lajme,Vijesti,Ulqini,Ulqin,Crna Gora,Mali i Zi\",\"potentialAction\":[{\"@type\":\"SearchAction\",\"target\":{\"@type\":\"EntryPoint\",\"urlTemplate\":\"https:\/\/www.visit-ulcinj.com\/blog\/?s={search_term_string}\"},\"query-input\":\"required name=search_term_string\"}],\"inLanguage\":\"en-US\"},{\"@type\":\"ImageObject\",\"inLanguage\":\"en-US\",\"@id\":\"https:\/\/www.visit-ulcinj.com\/blog\/2008\/10\/27\/trazohen-shpirterat-e-opozites-malazeze\/#primaryimage\",\"url\":\"http:\/\/www.voafanti.com\/gate\/big5\/www.voanews.com\/serbian\/images\/opozicija-CG_1.jpg\",\"contentUrl\":\"http:\/\/www.voafanti.com\/gate\/big5\/www.voanews.com\/serbian\/images\/opozicija-CG_1.jpg\"},{\"@type\":\"WebPage\",\"@id\":\"https:\/\/www.visit-ulcinj.com\/blog\/2008\/10\/27\/trazohen-shpirterat-e-opozites-malazeze\/#webpage\",\"url\":\"https:\/\/www.visit-ulcinj.com\/blog\/2008\/10\/27\/trazohen-shpirterat-e-opozites-malazeze\/\",\"name\":\"Trazohen shpirt\u00ebrat e opozit\u00ebs malazeze - Lajme nga Ulqini\",\"isPartOf\":{\"@id\":\"https:\/\/www.visit-ulcinj.com\/blog\/#website\"},\"primaryImageOfPage\":{\"@id\":\"https:\/\/www.visit-ulcinj.com\/blog\/2008\/10\/27\/trazohen-shpirterat-e-opozites-malazeze\/#primaryimage\"},\"datePublished\":\"2008-10-27T18:43:37+00:00\",\"dateModified\":\"2008-10-27T18:49:52+00:00\",\"author\":{\"@id\":\"https:\/\/www.visit-ulcinj.com\/blog\/#\/schema\/person\/dcab619c614d3038751c63bc2aadc06d\"},\"description\":\"Njohja e pavar\u00ebsis\u00eb s\u00eb Kosov\u00ebs nga Mali i Zi trazoi shpirt\u00ebrat e opozit\u00ebs malazeze, por ata jan\u00eb vonuar dhe nuk u mbetet asgj\u00eb tjet\u00ebr p\u00ebrpos asaj se nuk\",\"breadcrumb\":{\"@id\":\"https:\/\/www.visit-ulcinj.com\/blog\/2008\/10\/27\/trazohen-shpirterat-e-opozites-malazeze\/#breadcrumb\"},\"inLanguage\":\"en-US\",\"potentialAction\":[{\"@type\":\"ReadAction\",\"target\":[\"https:\/\/www.visit-ulcinj.com\/blog\/2008\/10\/27\/trazohen-shpirterat-e-opozites-malazeze\/\"]}]},{\"@type\":\"BreadcrumbList\",\"@id\":\"https:\/\/www.visit-ulcinj.com\/blog\/2008\/10\/27\/trazohen-shpirterat-e-opozites-malazeze\/#breadcrumb\",\"itemListElement\":[{\"@type\":\"ListItem\",\"position\":1,\"name\":\"Trazohen shpirt\u00ebrat e opozit\u00ebs malazeze\"}]},{\"@type\":\"Person\",\"@id\":\"https:\/\/www.visit-ulcinj.com\/blog\/#\/schema\/person\/dcab619c614d3038751c63bc2aadc06d\",\"name\":\"ulqini\",\"sameAs\":[\"http:\/\/www.visit-ulcinj.com\"],\"url\":\"https:\/\/www.visit-ulcinj.com\/blog\/author\/admin\/\"}]}<\/script>\n<!-- \/ Yoast SEO plugin. -->","yoast_head_json":{"title":"Trazohen shpirt\u00ebrat e opozit\u00ebs malazeze - Lajme nga Ulqini","description":"Njohja e pavar\u00ebsis\u00eb s\u00eb Kosov\u00ebs nga Mali i Zi trazoi shpirt\u00ebrat e opozit\u00ebs malazeze, por ata jan\u00eb vonuar dhe nuk u mbetet asgj\u00eb tjet\u00ebr p\u00ebrpos asaj se nuk","robots":{"index":"index","follow":"follow","max-snippet":"max-snippet:-1","max-image-preview":"max-image-preview:large","max-video-preview":"max-video-preview:-1"},"canonical":"https:\/\/www.visit-ulcinj.com\/blog\/2008\/10\/27\/trazohen-shpirterat-e-opozites-malazeze\/","og_locale":"en_US","og_type":"article","og_title":"Trazohen shpirt\u00ebrat e opozit\u00ebs malazeze - Lajme nga Ulqini","og_description":"Njohja e pavar\u00ebsis\u00eb s\u00eb Kosov\u00ebs nga Mali i Zi trazoi shpirt\u00ebrat e opozit\u00ebs malazeze, por ata jan\u00eb vonuar dhe nuk u mbetet asgj\u00eb tjet\u00ebr p\u00ebrpos asaj se nuk","og_url":"https:\/\/www.visit-ulcinj.com\/blog\/2008\/10\/27\/trazohen-shpirterat-e-opozites-malazeze\/","og_site_name":"Lajme nga Ulqini","article_published_time":"2008-10-27T18:43:37+00:00","article_modified_time":"2008-10-27T18:49:52+00:00","og_image":[{"url":"http:\/\/www.voafanti.com\/gate\/big5\/www.voanews.com\/serbian\/images\/opozicija-CG_1.jpg"}],"twitter_misc":{"Written by":"ulqini","Est. reading time":"5 minutes"},"schema":{"@context":"https:\/\/schema.org","@graph":[{"@type":"WebSite","@id":"https:\/\/www.visit-ulcinj.com\/blog\/#website","url":"https:\/\/www.visit-ulcinj.com\/blog\/","name":"Lajme nga Ulqini","description":"Lajme,Vijesti,Ulqini,Ulqin,Crna Gora,Mali i Zi","potentialAction":[{"@type":"SearchAction","target":{"@type":"EntryPoint","urlTemplate":"https:\/\/www.visit-ulcinj.com\/blog\/?s={search_term_string}"},"query-input":"required name=search_term_string"}],"inLanguage":"en-US"},{"@type":"ImageObject","inLanguage":"en-US","@id":"https:\/\/www.visit-ulcinj.com\/blog\/2008\/10\/27\/trazohen-shpirterat-e-opozites-malazeze\/#primaryimage","url":"http:\/\/www.voafanti.com\/gate\/big5\/www.voanews.com\/serbian\/images\/opozicija-CG_1.jpg","contentUrl":"http:\/\/www.voafanti.com\/gate\/big5\/www.voanews.com\/serbian\/images\/opozicija-CG_1.jpg"},{"@type":"WebPage","@id":"https:\/\/www.visit-ulcinj.com\/blog\/2008\/10\/27\/trazohen-shpirterat-e-opozites-malazeze\/#webpage","url":"https:\/\/www.visit-ulcinj.com\/blog\/2008\/10\/27\/trazohen-shpirterat-e-opozites-malazeze\/","name":"Trazohen shpirt\u00ebrat e opozit\u00ebs malazeze - Lajme nga Ulqini","isPartOf":{"@id":"https:\/\/www.visit-ulcinj.com\/blog\/#website"},"primaryImageOfPage":{"@id":"https:\/\/www.visit-ulcinj.com\/blog\/2008\/10\/27\/trazohen-shpirterat-e-opozites-malazeze\/#primaryimage"},"datePublished":"2008-10-27T18:43:37+00:00","dateModified":"2008-10-27T18:49:52+00:00","author":{"@id":"https:\/\/www.visit-ulcinj.com\/blog\/#\/schema\/person\/dcab619c614d3038751c63bc2aadc06d"},"description":"Njohja e pavar\u00ebsis\u00eb s\u00eb Kosov\u00ebs nga Mali i Zi trazoi shpirt\u00ebrat e opozit\u00ebs malazeze, por ata jan\u00eb vonuar dhe nuk u mbetet asgj\u00eb tjet\u00ebr p\u00ebrpos asaj se nuk","breadcrumb":{"@id":"https:\/\/www.visit-ulcinj.com\/blog\/2008\/10\/27\/trazohen-shpirterat-e-opozites-malazeze\/#breadcrumb"},"inLanguage":"en-US","potentialAction":[{"@type":"ReadAction","target":["https:\/\/www.visit-ulcinj.com\/blog\/2008\/10\/27\/trazohen-shpirterat-e-opozites-malazeze\/"]}]},{"@type":"BreadcrumbList","@id":"https:\/\/www.visit-ulcinj.com\/blog\/2008\/10\/27\/trazohen-shpirterat-e-opozites-malazeze\/#breadcrumb","itemListElement":[{"@type":"ListItem","position":1,"name":"Trazohen shpirt\u00ebrat e opozit\u00ebs malazeze"}]},{"@type":"Person","@id":"https:\/\/www.visit-ulcinj.com\/blog\/#\/schema\/person\/dcab619c614d3038751c63bc2aadc06d","name":"ulqini","sameAs":["http:\/\/www.visit-ulcinj.com"],"url":"https:\/\/www.visit-ulcinj.com\/blog\/author\/admin\/"}]}},"jetpack_featured_media_url":"","jetpack_sharing_enabled":true,"jetpack_shortlink":"https:\/\/wp.me\/pe6lTn-1kU","_links":{"self":[{"href":"https:\/\/www.visit-ulcinj.com\/blog\/wp-json\/wp\/v2\/posts\/5140"}],"collection":[{"href":"https:\/\/www.visit-ulcinj.com\/blog\/wp-json\/wp\/v2\/posts"}],"about":[{"href":"https:\/\/www.visit-ulcinj.com\/blog\/wp-json\/wp\/v2\/types\/post"}],"author":[{"embeddable":true,"href":"https:\/\/www.visit-ulcinj.com\/blog\/wp-json\/wp\/v2\/users\/1"}],"replies":[{"embeddable":true,"href":"https:\/\/www.visit-ulcinj.com\/blog\/wp-json\/wp\/v2\/comments?post=5140"}],"version-history":[{"count":0,"href":"https:\/\/www.visit-ulcinj.com\/blog\/wp-json\/wp\/v2\/posts\/5140\/revisions"}],"wp:attachment":[{"href":"https:\/\/www.visit-ulcinj.com\/blog\/wp-json\/wp\/v2\/media?parent=5140"}],"wp:term":[{"taxonomy":"category","embeddable":true,"href":"https:\/\/www.visit-ulcinj.com\/blog\/wp-json\/wp\/v2\/categories?post=5140"},{"taxonomy":"post_tag","embeddable":true,"href":"https:\/\/www.visit-ulcinj.com\/blog\/wp-json\/wp\/v2\/tags?post=5140"}],"curies":[{"name":"wp","href":"https:\/\/api.w.org\/{rel}","templated":true}]}}