{"id":51405,"date":"2011-09-26T13:48:58","date_gmt":"2011-09-26T12:48:58","guid":{"rendered":"http:\/\/www.visit-ulcinj.com\/blog\/?p=51405"},"modified":"2011-09-26T13:51:19","modified_gmt":"2011-09-26T12:51:19","slug":"ciljeta-synon-boten-e-kinematografise","status":"publish","type":"post","link":"https:\/\/www.visit-ulcinj.com\/blog\/2011\/09\/26\/ciljeta-synon-boten-e-kinematografise\/","title":{"rendered":"\u00c7iljeta synon bot\u00ebn e kinematografis\u00eb"},"content":{"rendered":"<p><a href=\"http:\/\/www.visit-ulcinj.com\/blog\/wp-content\/uploads\/2011\/09\/Ciljeta-Xhilaga_aktore.jpg\"><img loading=\"lazy\" class=\"alignleft size-full wp-image-51406\" title=\"Ciljeta Xhilaga_aktore\" src=\"http:\/\/www.visit-ulcinj.com\/blog\/wp-content\/uploads\/2011\/09\/Ciljeta-Xhilaga_aktore.jpg\" alt=\"\" width=\"300\" height=\"400\" \/><\/a>N\u00ebse mendoni se pas impenjimeve t\u00eb shumta t\u00eb ver\u00ebs \u00c7iljeta Xhilaga po b\u00ebn pak pushim, gaboheni. Pasi e ka p\u00ebrshkuar bregdetin shqiptar nga Veriu n\u00eb Jug me koncerte, pasi ka realizuar klipin e k\u00ebng\u00ebs \u201cSonte m\u00eb dhemb zemra\u201d, tani \u00ebsht\u00eb momenti p\u00ebr plane t\u00eb reja, por edhe p\u00ebr nj\u00eb program serioz dob\u00ebsimi n\u00eb m\u00ebnyr\u00eb q\u00eb t\u00eb ruaj\u00eb statusin e ve\u00e7ant\u00eb t\u00eb nj\u00eb femre seks simbol. Ju rr\u00ebfejm\u00eb axhend\u00ebn e re t\u00eb \u00c7iljet\u00ebs, ku nuk b\u00ebn pjes\u00eb k\u00ebnga, por\u00a0 filmi.<\/p>\n<p><strong>Aktore n\u00eb nj\u00eb film me kast aktor\u00ebsh italian\u00eb dhe shqiptar\u00eb<\/strong><br \/>\nNuk e ka p\u00ebr her\u00eb t\u00eb par\u00eb, sepse e ka provuar prej shum\u00eb vitesh n\u00eb filmin \u201cIshte koh\u00eb p\u00ebr dashuri\u201d. Me nj\u00eb rol t\u00eb vog\u00ebl n\u00eb nj\u00eb projekt shum\u00eb t\u00eb suskesh\u00ebm t\u00eb Ylli Pepos, \u00c7iljeta n\u00eb la t\u00eb kuptojm\u00eb se synon edhe bot\u00ebn e kinematografis\u00eb. Gjithsesi, nuk pam\u00eb ndonj\u00eb rol t\u00eb saj n\u00eb filmat e m\u00ebpasm\u00eb. Por, me sa duket, tani ka ardhur koha. Sipas disa burimeve tona, kemi m\u00ebsuar se \u00c7iljet\u00ebs i \u00ebsht\u00eb ofruar nj\u00eb rol i r\u00ebnd\u00ebsish\u00ebm n\u00eb nj\u00eb film, i cili do t\u00eb realizohet n\u00eb Itali me protagonist\u00eb jo vet\u00ebm aktor\u00eb shqiptar\u00eb, por edhe emra t\u00eb r\u00ebnd\u00ebsish\u00ebm t\u00eb kinematografis\u00eb italiane. E pyetur nga gazeta p\u00ebr t\u00eb m\u00ebsuar m\u00eb shum\u00eb detaje, \u00c7iljeta na tregon se nuk ka ende di\u00e7ka konktrete p\u00ebr t\u00eb na th\u00ebn\u00eb, por sapo t\u00eb jet\u00eb marr\u00eb vendimi p\u00ebrfundimtar, do t\u00eb n\u00eb rr\u00ebfej\u00eb gjith\u00e7ka.<\/p>\n<p><strong>Nj\u00eb maraton\u00eb kompeticioni me performanca live \u00a0\u00a0\u00a0\u00a0\u00a0\u00a0\u00a0\u00a0\u00a0\u00a0\u00a0\u00a0\u00a0\u00a0\u00a0\u00a0\u00a0\u00a0\u00a0\u00a0\u00a0\u00a0\u00a0\u00a0\u00a0\u00a0\u00a0\u00a0\u00a0\u00a0\u00a0\u00a0\u00a0\u00a0\u00a0\u00a0\u00a0\u00a0\u00a0\u00a0\u00a0\u00a0\u00a0\u00a0\u00a0\u00a0\u00a0\u00a0\u00a0 <\/strong><br \/>\n<a href=\"http:\/\/www.visit-ulcinj.com\/blog\/wp-content\/uploads\/2011\/09\/Ciljeta-Xhilaga_aktore.1.jpg\"><img loading=\"lazy\" class=\"alignleft size-large wp-image-51407\" title=\"Ciljeta Xhilaga_aktore.1\" src=\"http:\/\/www.visit-ulcinj.com\/blog\/wp-content\/uploads\/2011\/09\/Ciljeta-Xhilaga_aktore.1-682x1024.jpg\" alt=\"\" width=\"330\" height=\"400\" \/><\/a>Ky \u00ebsht\u00eb nj\u00eb tjet\u00ebr angazhim i k\u00ebng\u00ebtares. M\u00ebsohet se n\u00eb nj\u00eb nga programet e r\u00ebnd\u00ebsishme t\u00eb televizioneve tona, \u00c7iljeta \u00ebsht\u00eb thirrur p\u00ebr t\u2019u b\u00ebr\u00eb pjes\u00eb e nj\u00eb konkursi mes k\u00ebng\u00ebtar\u00ebsh. Kemi m\u00ebsuar se do t\u00eb jen\u00eb dhjet\u00eb k\u00ebng\u00ebtar\u00eb shum\u00eb t\u00eb njohur dhe ekspert\u00eb n\u00eb t\u00eb k\u00ebnduarit live, nd\u00ebrkoh\u00eb q\u00eb autori i programit ka preferuar q\u00eb pjes\u00eb t\u00eb k\u00ebtij kompetizioni t\u00eb ket\u00eb edhe \u00c7iljet\u00ebn. Duke qen\u00eb e njohur si k\u00ebng\u00ebtare komerciale, ku pjesa vizive \u00ebsht\u00eb aq e r\u00ebnd\u00ebsishme, saq\u00eb duket sikur muzika dhe t\u00eb k\u00ebnduarit del n\u00eb plan t\u00eb dyt\u00eb, me sa duket k\u00ebsaj here do kemi surpriza. \u00c7iljeta do t\u00eb k\u00ebndoj\u00eb live, si p\u00ebr t\u00eb na th\u00ebn\u00eb se ne jemi gabuar q\u00eb nuk e kemi marr\u00eb serizisht z\u00ebrin e saj. M\u00ebsohet se ajo nuk do t\u00eb k\u00ebndoj\u00eb repertorin e saj, por k\u00ebng\u00eb t\u00eb njohura t\u00eb emrave t\u00eb m\u00ebdhenj t\u00eb muzik\u00ebs bot\u00ebrore, gj\u00eb q\u00eb e v\u00ebshtir\u00ebson edhe m\u00eb shum\u00eb k\u00ebt\u00eb kompeticion. T\u00eb shohim n\u00ebse do t\u2019ia dal\u00eb. Por, po t\u00eb kemi parasysh rezultatin shum\u00eb t\u00eb mir\u00eb q\u00eb mori tek \u201cDancing\u201d, duke u renditur e dyta, ne kemi mundur t\u00eb zbulojm\u00eb nj\u00eb an\u00eb tjet\u00ebr t\u00eb \u00c7iljet\u00ebs, at\u00eb q\u00eb kur merr p\u00ebrsip\u00ebr di\u00e7ka, do ta b\u00ebj\u00eb at\u00eb perfekt. Ne kemi besim q\u00eb do jet\u00eb po kaq ambicioze edhe n\u00eb k\u00ebt\u00eb kompeticion.<\/p>\n<p><strong>Nj\u00eb duet me DJ Blunt p\u00ebr t\u00eb qen\u00eb n\u00eb trend<\/strong><br \/>\nNd\u00ebrkoh\u00eb q\u00eb muaj m\u00eb par\u00eb u fol p\u00ebr nj\u00eb duet t\u00eb \u00c7ilejt\u00ebs me Noizyn, n\u00eb fakt m\u00ebsojm\u00eb se ajo me t\u00eb v\u00ebrtet\u00eb do t\u00eb realizoj\u00eb nj\u00eb duet,\u00a0 jo me Noizyn por me Dj Blunt. K\u00ebnga \u00ebsht\u00eb pothuajse gati dhe po b\u00ebhen p\u00ebrgatitjet e prezantimit t\u00eb saj me nj\u00eb klip. Nd\u00ebrkoh\u00eb, \u00c7iljeta k\u00ebt\u00eb vit nuk do marr\u00eb pjes\u00eb tek festivali \u201cK\u00ebnga Magjike\u201d, pa l\u00ebn\u00eb m\u00ebnjan\u00eb k\u00ebng\u00ebt e reja, t\u00eb cilat nuk do t\u00eb jen\u00eb t\u00eb pakta.<\/p>\n<p><strong>Gjasht\u00eb kilogram\u00eb m\u00eb pak p\u00ebr t\u00eb surprizuar Aleksin<\/strong><br \/>\nAjo\u00a0 e ka th\u00ebn\u00eb vet\u00eb q\u00eb \u00ebsht\u00eb natyr\u00eb dembele por, n\u00ebse do e shihni \u00c7iljet\u00ebn n\u00eb palest\u00ebr, do kuptoni se po iu fut nj\u00eb pune, mund t\u00eb b\u00ebj\u00eb \u00e7udira. Form\u00ebn e mir\u00eb fizike q\u00eb e fitoi tek \u201cDancing\u201d, ka vendosur ta mbaj\u00eb, por pse jo edhe ta p\u00ebrsos\u00eb. Tashm\u00eb ajo ka hequr plot gjasht\u00eb kilogram\u00eb dhe ka si q\u00ebllim q\u00eb krahas dob\u00ebsimit, t\u00eb tonifikohet e t\u00eb b\u00ebhet me muskuj. K\u00ebshtu do t\u00eb mund t\u2019i b\u00ebj\u00eb nj\u00eb surpriz\u00eb t\u00eb dashurit t\u00eb saj Aleksandrit, q\u00eb jeton larg dhe q\u00eb ka nj\u00eb form\u00eb fizike shum\u00eb t\u00eb mir\u00eb, sepse \u00ebsht\u00eb mjaft i apasionuar pas palestr\u00ebs. Natyrisht q\u00eb jo vet\u00ebm Aleksandri, por edhe ne e mir\u00ebpresim \u00e7do ndryshim p\u00ebr mir\u00eb n\u00eb pamjen\u00a0 e \u00c7iljet\u00ebs.<\/p>\n<p><strong>Panorama<br \/>\n<!--YouTube Error: bad URL entered--><br \/>\n<\/strong><\/p>\n<p><strong>\u00a0<\/strong><\/p>\n","protected":false},"excerpt":{"rendered":"<p>N\u00ebse mendoni se pas impenjimeve t\u00eb shumta t\u00eb ver\u00ebs \u00c7iljeta Xhilaga po b\u00ebn pak pushim, gaboheni. Pasi e ka p\u00ebrshkuar bregdetin shqiptar nga Veriu n\u00eb Jug me koncerte, pasi ka realizuar klipin e k\u00ebng\u00ebs \u201cSonte m\u00eb dhemb zemra\u201d, tani \u00ebsht\u00eb momenti p\u00ebr plane t\u00eb reja, por edhe p\u00ebr nj\u00eb program serioz dob\u00ebsimi n\u00eb m\u00ebnyr\u00eb q\u00eb [&hellip;]<\/p>\n","protected":false},"author":1,"featured_media":0,"comment_status":"open","ping_status":"closed","sticky":false,"template":"","format":"standard","meta":{"spay_email":"","jetpack_publicize_message":"","jetpack_is_tweetstorm":false,"jetpack_publicize_feature_enabled":true},"categories":[1],"tags":[5456],"jetpack_publicize_connections":[],"yoast_head":"<!-- This site is optimized with the Yoast SEO plugin v19.1 - https:\/\/yoast.com\/wordpress\/plugins\/seo\/ -->\n<title>\u00c7iljeta synon bot\u00ebn e kinematografis\u00eb - Lajme nga Ulqini<\/title>\n<meta name=\"description\" content=\"N\u00ebse mendoni se pas impenjimeve t\u00eb shumta t\u00eb ver\u00ebs \u00c7iljeta Xhilaga po b\u00ebn pak pushim, gaboheni. Pasi e ka p\u00ebrshkuar bregdetin shqiptar nga Veriu n\u00eb Jug me\" \/>\n<meta name=\"robots\" content=\"index, follow, max-snippet:-1, max-image-preview:large, max-video-preview:-1\" \/>\n<link rel=\"canonical\" href=\"https:\/\/www.visit-ulcinj.com\/blog\/2011\/09\/26\/ciljeta-synon-boten-e-kinematografise\/\" \/>\n<meta property=\"og:locale\" content=\"en_US\" \/>\n<meta property=\"og:type\" content=\"article\" \/>\n<meta property=\"og:title\" content=\"\u00c7iljeta synon bot\u00ebn e kinematografis\u00eb - Lajme nga Ulqini\" \/>\n<meta property=\"og:description\" content=\"N\u00ebse mendoni se pas impenjimeve t\u00eb shumta t\u00eb ver\u00ebs \u00c7iljeta Xhilaga po b\u00ebn pak pushim, gaboheni. Pasi e ka p\u00ebrshkuar bregdetin shqiptar nga Veriu n\u00eb Jug me\" \/>\n<meta property=\"og:url\" content=\"https:\/\/www.visit-ulcinj.com\/blog\/2011\/09\/26\/ciljeta-synon-boten-e-kinematografise\/\" \/>\n<meta property=\"og:site_name\" content=\"Lajme nga Ulqini\" \/>\n<meta property=\"article:published_time\" content=\"2011-09-26T12:48:58+00:00\" \/>\n<meta property=\"article:modified_time\" content=\"2011-09-26T12:51:19+00:00\" \/>\n<meta property=\"og:image\" content=\"http:\/\/www.visit-ulcinj.com\/blog\/wp-content\/uploads\/2011\/09\/Ciljeta-Xhilaga_aktore.jpg\" \/>\n<meta name=\"twitter:label1\" content=\"Written by\" \/>\n\t<meta name=\"twitter:data1\" content=\"ulqini\" \/>\n\t<meta name=\"twitter:label2\" content=\"Est. reading time\" \/>\n\t<meta name=\"twitter:data2\" content=\"4 minutes\" \/>\n<script type=\"application\/ld+json\" class=\"yoast-schema-graph\">{\"@context\":\"https:\/\/schema.org\",\"@graph\":[{\"@type\":\"WebSite\",\"@id\":\"https:\/\/www.visit-ulcinj.com\/blog\/#website\",\"url\":\"https:\/\/www.visit-ulcinj.com\/blog\/\",\"name\":\"Lajme nga Ulqini\",\"description\":\"Lajme,Vijesti,Ulqini,Ulqin,Crna Gora,Mali i Zi\",\"potentialAction\":[{\"@type\":\"SearchAction\",\"target\":{\"@type\":\"EntryPoint\",\"urlTemplate\":\"https:\/\/www.visit-ulcinj.com\/blog\/?s={search_term_string}\"},\"query-input\":\"required name=search_term_string\"}],\"inLanguage\":\"en-US\"},{\"@type\":\"ImageObject\",\"inLanguage\":\"en-US\",\"@id\":\"https:\/\/www.visit-ulcinj.com\/blog\/2011\/09\/26\/ciljeta-synon-boten-e-kinematografise\/#primaryimage\",\"url\":\"http:\/\/www.visit-ulcinj.com\/blog\/wp-content\/uploads\/2011\/09\/Ciljeta-Xhilaga_aktore.jpg\",\"contentUrl\":\"http:\/\/www.visit-ulcinj.com\/blog\/wp-content\/uploads\/2011\/09\/Ciljeta-Xhilaga_aktore.jpg\"},{\"@type\":\"WebPage\",\"@id\":\"https:\/\/www.visit-ulcinj.com\/blog\/2011\/09\/26\/ciljeta-synon-boten-e-kinematografise\/#webpage\",\"url\":\"https:\/\/www.visit-ulcinj.com\/blog\/2011\/09\/26\/ciljeta-synon-boten-e-kinematografise\/\",\"name\":\"\u00c7iljeta synon bot\u00ebn e kinematografis\u00eb - Lajme nga Ulqini\",\"isPartOf\":{\"@id\":\"https:\/\/www.visit-ulcinj.com\/blog\/#website\"},\"primaryImageOfPage\":{\"@id\":\"https:\/\/www.visit-ulcinj.com\/blog\/2011\/09\/26\/ciljeta-synon-boten-e-kinematografise\/#primaryimage\"},\"datePublished\":\"2011-09-26T12:48:58+00:00\",\"dateModified\":\"2011-09-26T12:51:19+00:00\",\"author\":{\"@id\":\"https:\/\/www.visit-ulcinj.com\/blog\/#\/schema\/person\/dcab619c614d3038751c63bc2aadc06d\"},\"description\":\"N\u00ebse mendoni se pas impenjimeve t\u00eb shumta t\u00eb ver\u00ebs \u00c7iljeta Xhilaga po b\u00ebn pak pushim, gaboheni. Pasi e ka p\u00ebrshkuar bregdetin shqiptar nga Veriu n\u00eb Jug me\",\"breadcrumb\":{\"@id\":\"https:\/\/www.visit-ulcinj.com\/blog\/2011\/09\/26\/ciljeta-synon-boten-e-kinematografise\/#breadcrumb\"},\"inLanguage\":\"en-US\",\"potentialAction\":[{\"@type\":\"ReadAction\",\"target\":[\"https:\/\/www.visit-ulcinj.com\/blog\/2011\/09\/26\/ciljeta-synon-boten-e-kinematografise\/\"]}]},{\"@type\":\"BreadcrumbList\",\"@id\":\"https:\/\/www.visit-ulcinj.com\/blog\/2011\/09\/26\/ciljeta-synon-boten-e-kinematografise\/#breadcrumb\",\"itemListElement\":[{\"@type\":\"ListItem\",\"position\":1,\"name\":\"\u00c7iljeta synon bot\u00ebn e kinematografis\u00eb\"}]},{\"@type\":\"Person\",\"@id\":\"https:\/\/www.visit-ulcinj.com\/blog\/#\/schema\/person\/dcab619c614d3038751c63bc2aadc06d\",\"name\":\"ulqini\",\"sameAs\":[\"http:\/\/www.visit-ulcinj.com\"],\"url\":\"https:\/\/www.visit-ulcinj.com\/blog\/author\/admin\/\"}]}<\/script>\n<!-- \/ Yoast SEO plugin. -->","yoast_head_json":{"title":"\u00c7iljeta synon bot\u00ebn e kinematografis\u00eb - Lajme nga Ulqini","description":"N\u00ebse mendoni se pas impenjimeve t\u00eb shumta t\u00eb ver\u00ebs \u00c7iljeta Xhilaga po b\u00ebn pak pushim, gaboheni. Pasi e ka p\u00ebrshkuar bregdetin shqiptar nga Veriu n\u00eb Jug me","robots":{"index":"index","follow":"follow","max-snippet":"max-snippet:-1","max-image-preview":"max-image-preview:large","max-video-preview":"max-video-preview:-1"},"canonical":"https:\/\/www.visit-ulcinj.com\/blog\/2011\/09\/26\/ciljeta-synon-boten-e-kinematografise\/","og_locale":"en_US","og_type":"article","og_title":"\u00c7iljeta synon bot\u00ebn e kinematografis\u00eb - Lajme nga Ulqini","og_description":"N\u00ebse mendoni se pas impenjimeve t\u00eb shumta t\u00eb ver\u00ebs \u00c7iljeta Xhilaga po b\u00ebn pak pushim, gaboheni. Pasi e ka p\u00ebrshkuar bregdetin shqiptar nga Veriu n\u00eb Jug me","og_url":"https:\/\/www.visit-ulcinj.com\/blog\/2011\/09\/26\/ciljeta-synon-boten-e-kinematografise\/","og_site_name":"Lajme nga Ulqini","article_published_time":"2011-09-26T12:48:58+00:00","article_modified_time":"2011-09-26T12:51:19+00:00","og_image":[{"url":"http:\/\/www.visit-ulcinj.com\/blog\/wp-content\/uploads\/2011\/09\/Ciljeta-Xhilaga_aktore.jpg"}],"twitter_misc":{"Written by":"ulqini","Est. reading time":"4 minutes"},"schema":{"@context":"https:\/\/schema.org","@graph":[{"@type":"WebSite","@id":"https:\/\/www.visit-ulcinj.com\/blog\/#website","url":"https:\/\/www.visit-ulcinj.com\/blog\/","name":"Lajme nga Ulqini","description":"Lajme,Vijesti,Ulqini,Ulqin,Crna Gora,Mali i Zi","potentialAction":[{"@type":"SearchAction","target":{"@type":"EntryPoint","urlTemplate":"https:\/\/www.visit-ulcinj.com\/blog\/?s={search_term_string}"},"query-input":"required name=search_term_string"}],"inLanguage":"en-US"},{"@type":"ImageObject","inLanguage":"en-US","@id":"https:\/\/www.visit-ulcinj.com\/blog\/2011\/09\/26\/ciljeta-synon-boten-e-kinematografise\/#primaryimage","url":"http:\/\/www.visit-ulcinj.com\/blog\/wp-content\/uploads\/2011\/09\/Ciljeta-Xhilaga_aktore.jpg","contentUrl":"http:\/\/www.visit-ulcinj.com\/blog\/wp-content\/uploads\/2011\/09\/Ciljeta-Xhilaga_aktore.jpg"},{"@type":"WebPage","@id":"https:\/\/www.visit-ulcinj.com\/blog\/2011\/09\/26\/ciljeta-synon-boten-e-kinematografise\/#webpage","url":"https:\/\/www.visit-ulcinj.com\/blog\/2011\/09\/26\/ciljeta-synon-boten-e-kinematografise\/","name":"\u00c7iljeta synon bot\u00ebn e kinematografis\u00eb - Lajme nga Ulqini","isPartOf":{"@id":"https:\/\/www.visit-ulcinj.com\/blog\/#website"},"primaryImageOfPage":{"@id":"https:\/\/www.visit-ulcinj.com\/blog\/2011\/09\/26\/ciljeta-synon-boten-e-kinematografise\/#primaryimage"},"datePublished":"2011-09-26T12:48:58+00:00","dateModified":"2011-09-26T12:51:19+00:00","author":{"@id":"https:\/\/www.visit-ulcinj.com\/blog\/#\/schema\/person\/dcab619c614d3038751c63bc2aadc06d"},"description":"N\u00ebse mendoni se pas impenjimeve t\u00eb shumta t\u00eb ver\u00ebs \u00c7iljeta Xhilaga po b\u00ebn pak pushim, gaboheni. Pasi e ka p\u00ebrshkuar bregdetin shqiptar nga Veriu n\u00eb Jug me","breadcrumb":{"@id":"https:\/\/www.visit-ulcinj.com\/blog\/2011\/09\/26\/ciljeta-synon-boten-e-kinematografise\/#breadcrumb"},"inLanguage":"en-US","potentialAction":[{"@type":"ReadAction","target":["https:\/\/www.visit-ulcinj.com\/blog\/2011\/09\/26\/ciljeta-synon-boten-e-kinematografise\/"]}]},{"@type":"BreadcrumbList","@id":"https:\/\/www.visit-ulcinj.com\/blog\/2011\/09\/26\/ciljeta-synon-boten-e-kinematografise\/#breadcrumb","itemListElement":[{"@type":"ListItem","position":1,"name":"\u00c7iljeta synon bot\u00ebn e kinematografis\u00eb"}]},{"@type":"Person","@id":"https:\/\/www.visit-ulcinj.com\/blog\/#\/schema\/person\/dcab619c614d3038751c63bc2aadc06d","name":"ulqini","sameAs":["http:\/\/www.visit-ulcinj.com"],"url":"https:\/\/www.visit-ulcinj.com\/blog\/author\/admin\/"}]}},"jetpack_featured_media_url":"","jetpack_sharing_enabled":true,"jetpack_shortlink":"https:\/\/wp.me\/pe6lTn-dn7","_links":{"self":[{"href":"https:\/\/www.visit-ulcinj.com\/blog\/wp-json\/wp\/v2\/posts\/51405"}],"collection":[{"href":"https:\/\/www.visit-ulcinj.com\/blog\/wp-json\/wp\/v2\/posts"}],"about":[{"href":"https:\/\/www.visit-ulcinj.com\/blog\/wp-json\/wp\/v2\/types\/post"}],"author":[{"embeddable":true,"href":"https:\/\/www.visit-ulcinj.com\/blog\/wp-json\/wp\/v2\/users\/1"}],"replies":[{"embeddable":true,"href":"https:\/\/www.visit-ulcinj.com\/blog\/wp-json\/wp\/v2\/comments?post=51405"}],"version-history":[{"count":3,"href":"https:\/\/www.visit-ulcinj.com\/blog\/wp-json\/wp\/v2\/posts\/51405\/revisions"}],"predecessor-version":[{"id":51410,"href":"https:\/\/www.visit-ulcinj.com\/blog\/wp-json\/wp\/v2\/posts\/51405\/revisions\/51410"}],"wp:attachment":[{"href":"https:\/\/www.visit-ulcinj.com\/blog\/wp-json\/wp\/v2\/media?parent=51405"}],"wp:term":[{"taxonomy":"category","embeddable":true,"href":"https:\/\/www.visit-ulcinj.com\/blog\/wp-json\/wp\/v2\/categories?post=51405"},{"taxonomy":"post_tag","embeddable":true,"href":"https:\/\/www.visit-ulcinj.com\/blog\/wp-json\/wp\/v2\/tags?post=51405"}],"curies":[{"name":"wp","href":"https:\/\/api.w.org\/{rel}","templated":true}]}}