{"id":51420,"date":"2011-09-26T22:32:01","date_gmt":"2011-09-26T21:32:01","guid":{"rendered":"http:\/\/www.visit-ulcinj.com\/blog\/?p=51420"},"modified":"2011-09-26T22:32:01","modified_gmt":"2011-09-26T21:32:01","slug":"dua-hoce-da-izbaci-cunguovog-saveznika","status":"publish","type":"post","link":"https:\/\/www.visit-ulcinj.com\/blog\/2011\/09\/26\/dua-hoce-da-izbaci-cunguovog-saveznika\/","title":{"rendered":"DUA ho\u0107e da izbaci Cunguovog saveznika"},"content":{"rendered":"<p><a href=\"http:\/\/www.visit-ulcinj.com\/blog\/wp-content\/uploads\/2011\/09\/ASTRIT-KURTI.jpg\"><img loading=\"lazy\" class=\"alignleft size-full wp-image-51421\" title=\"ASTRIT KURTI\" src=\"http:\/\/www.visit-ulcinj.com\/blog\/wp-content\/uploads\/2011\/09\/ASTRIT-KURTI.jpg\" alt=\"\" width=\"340\" height=\"440\" \/><\/a>Sjednica ulcinjskog parlamenta na kojoj su izabrani novi predsjedici Skup\u0161tine i Op\u0161tine, biv\u0161i funkcioner DUA Milazim Mustafa i lider Force Nazif Cungu, mogla bi imati i drugo poluvrijeme, ali ne naro\u010dito dramati\u010dno za novu skup\u0161tinsku ve\u0107inu koju \u010dine Forca, SDP, Perspektiva i odcijepljeno krilo DUA.<\/p>\n<p>Op\u0161tinska izborna komisija \u00a0je, na zahtjev DUA i PDP, dala zeleno svjetlo za odborni\u010dki mandat Kujtimu Suki iz PDP-a, koji bi na toj funkciji trebalo da zamijeni kolegu Astrita Kurtija, koji je na pro\u0161loj sjednici pri\u0161ao novoj ve\u0107ini.<\/p>\n<p>Kurti je na pro\u0161loj sjednici podnio neopozivu ostavku na funkciji odbornika sa liste PDP-a, koju je konsultovao biv\u0161i \u0161ef SO Ljui\u0111 \u0160krelja, nakon \u010dega je i sam dao ostavku, ali je kasnije za govornicom istakao da \u0107e mandat zadr\u017eati za sebe.<\/p>\n<p>On je glasao za nove predsjednike Skup\u0161tine i Op\u0161tine, \u0161to mo\u017ee dovesti u pitanje legitmitet tih odluka i iskomplikovati novonastalu situaciju, ali samo po pitanju vremena i rokova, jer nova ve\u0107ina ima dovoljan broj odbornika i bez Kurtija.<\/p>\n<p><a href=\"http:\/\/www.vijesti.me\/vijesti\/dua-hoce-da-izbaci-cunguovog-saveznika-clanak-39706\" target=\"_blank\"><strong>Pro\u010ditaj vijest do kraja &gt;&gt; Vijesti Online &gt;&gt;Samir Adrovi\u0107<\/strong><\/a><\/p>\n","protected":false},"excerpt":{"rendered":"<p>Sjednica ulcinjskog parlamenta na kojoj su izabrani novi predsjedici Skup\u0161tine i Op\u0161tine, biv\u0161i funkcioner DUA Milazim Mustafa i lider Force Nazif Cungu, mogla bi imati i drugo poluvrijeme, ali ne naro\u010dito dramati\u010dno za novu skup\u0161tinsku ve\u0107inu koju \u010dine Forca, SDP, Perspektiva i odcijepljeno krilo DUA. Op\u0161tinska izborna komisija \u00a0je, na zahtjev DUA i PDP, dala [&hellip;]<\/p>\n","protected":false},"author":1,"featured_media":0,"comment_status":"open","ping_status":"closed","sticky":false,"template":"","format":"standard","meta":{"spay_email":"","jetpack_publicize_message":"","jetpack_is_tweetstorm":false,"jetpack_publicize_feature_enabled":true},"categories":[8337],"tags":[19],"jetpack_publicize_connections":[],"yoast_head":"<!-- This site is optimized with the Yoast SEO plugin v19.1 - https:\/\/yoast.com\/wordpress\/plugins\/seo\/ -->\n<title>DUA ho\u0107e da izbaci Cunguovog saveznika - Lajme nga Ulqini<\/title>\n<meta name=\"description\" content=\"Sjednica ulcinjskog parlamenta na kojoj su izabrani novi predsjedici Skup\u0161tine i Op\u0161tine, biv\u0161i funkcioner DUA Milazim Mustafa i lider Force Nazif Cungu,\" \/>\n<meta name=\"robots\" content=\"index, follow, max-snippet:-1, max-image-preview:large, max-video-preview:-1\" \/>\n<link rel=\"canonical\" href=\"https:\/\/www.visit-ulcinj.com\/blog\/2011\/09\/26\/dua-hoce-da-izbaci-cunguovog-saveznika\/\" \/>\n<meta property=\"og:locale\" content=\"en_US\" \/>\n<meta property=\"og:type\" content=\"article\" \/>\n<meta property=\"og:title\" content=\"DUA ho\u0107e da izbaci Cunguovog saveznika - Lajme nga Ulqini\" \/>\n<meta property=\"og:description\" content=\"Sjednica ulcinjskog parlamenta na kojoj su izabrani novi predsjedici Skup\u0161tine i Op\u0161tine, biv\u0161i funkcioner DUA Milazim Mustafa i lider Force Nazif Cungu,\" \/>\n<meta property=\"og:url\" content=\"https:\/\/www.visit-ulcinj.com\/blog\/2011\/09\/26\/dua-hoce-da-izbaci-cunguovog-saveznika\/\" \/>\n<meta property=\"og:site_name\" content=\"Lajme nga Ulqini\" \/>\n<meta property=\"article:published_time\" content=\"2011-09-26T21:32:01+00:00\" \/>\n<meta property=\"og:image\" content=\"http:\/\/www.visit-ulcinj.com\/blog\/wp-content\/uploads\/2011\/09\/ASTRIT-KURTI.jpg\" \/>\n<meta name=\"twitter:label1\" content=\"Written by\" \/>\n\t<meta name=\"twitter:data1\" content=\"ulqini\" \/>\n\t<meta name=\"twitter:label2\" content=\"Est. reading time\" \/>\n\t<meta name=\"twitter:data2\" content=\"1 minute\" \/>\n<script type=\"application\/ld+json\" class=\"yoast-schema-graph\">{\"@context\":\"https:\/\/schema.org\",\"@graph\":[{\"@type\":\"WebSite\",\"@id\":\"https:\/\/www.visit-ulcinj.com\/blog\/#website\",\"url\":\"https:\/\/www.visit-ulcinj.com\/blog\/\",\"name\":\"Lajme nga Ulqini\",\"description\":\"Lajme,Vijesti,Ulqini,Ulqin,Crna Gora,Mali i Zi\",\"potentialAction\":[{\"@type\":\"SearchAction\",\"target\":{\"@type\":\"EntryPoint\",\"urlTemplate\":\"https:\/\/www.visit-ulcinj.com\/blog\/?s={search_term_string}\"},\"query-input\":\"required name=search_term_string\"}],\"inLanguage\":\"en-US\"},{\"@type\":\"ImageObject\",\"inLanguage\":\"en-US\",\"@id\":\"https:\/\/www.visit-ulcinj.com\/blog\/2011\/09\/26\/dua-hoce-da-izbaci-cunguovog-saveznika\/#primaryimage\",\"url\":\"https:\/\/www.visit-ulcinj.com\/blog\/wp-content\/uploads\/2011\/09\/ASTRIT-KURTI.jpg\",\"contentUrl\":\"https:\/\/www.visit-ulcinj.com\/blog\/wp-content\/uploads\/2011\/09\/ASTRIT-KURTI.jpg\",\"width\":\"371\",\"height\":\"507\"},{\"@type\":\"WebPage\",\"@id\":\"https:\/\/www.visit-ulcinj.com\/blog\/2011\/09\/26\/dua-hoce-da-izbaci-cunguovog-saveznika\/#webpage\",\"url\":\"https:\/\/www.visit-ulcinj.com\/blog\/2011\/09\/26\/dua-hoce-da-izbaci-cunguovog-saveznika\/\",\"name\":\"DUA ho\u0107e da izbaci Cunguovog saveznika - Lajme nga Ulqini\",\"isPartOf\":{\"@id\":\"https:\/\/www.visit-ulcinj.com\/blog\/#website\"},\"primaryImageOfPage\":{\"@id\":\"https:\/\/www.visit-ulcinj.com\/blog\/2011\/09\/26\/dua-hoce-da-izbaci-cunguovog-saveznika\/#primaryimage\"},\"datePublished\":\"2011-09-26T21:32:01+00:00\",\"dateModified\":\"2011-09-26T21:32:01+00:00\",\"author\":{\"@id\":\"https:\/\/www.visit-ulcinj.com\/blog\/#\/schema\/person\/dcab619c614d3038751c63bc2aadc06d\"},\"description\":\"Sjednica ulcinjskog parlamenta na kojoj su izabrani novi predsjedici Skup\u0161tine i Op\u0161tine, biv\u0161i funkcioner DUA Milazim Mustafa i lider Force Nazif Cungu,\",\"breadcrumb\":{\"@id\":\"https:\/\/www.visit-ulcinj.com\/blog\/2011\/09\/26\/dua-hoce-da-izbaci-cunguovog-saveznika\/#breadcrumb\"},\"inLanguage\":\"en-US\",\"potentialAction\":[{\"@type\":\"ReadAction\",\"target\":[\"https:\/\/www.visit-ulcinj.com\/blog\/2011\/09\/26\/dua-hoce-da-izbaci-cunguovog-saveznika\/\"]}]},{\"@type\":\"BreadcrumbList\",\"@id\":\"https:\/\/www.visit-ulcinj.com\/blog\/2011\/09\/26\/dua-hoce-da-izbaci-cunguovog-saveznika\/#breadcrumb\",\"itemListElement\":[{\"@type\":\"ListItem\",\"position\":1,\"name\":\"DUA ho\u0107e da izbaci Cunguovog saveznika\"}]},{\"@type\":\"Person\",\"@id\":\"https:\/\/www.visit-ulcinj.com\/blog\/#\/schema\/person\/dcab619c614d3038751c63bc2aadc06d\",\"name\":\"ulqini\",\"sameAs\":[\"http:\/\/www.visit-ulcinj.com\"],\"url\":\"https:\/\/www.visit-ulcinj.com\/blog\/author\/admin\/\"}]}<\/script>\n<!-- \/ Yoast SEO plugin. -->","yoast_head_json":{"title":"DUA ho\u0107e da izbaci Cunguovog saveznika - Lajme nga Ulqini","description":"Sjednica ulcinjskog parlamenta na kojoj su izabrani novi predsjedici Skup\u0161tine i Op\u0161tine, biv\u0161i funkcioner DUA Milazim Mustafa i lider Force Nazif Cungu,","robots":{"index":"index","follow":"follow","max-snippet":"max-snippet:-1","max-image-preview":"max-image-preview:large","max-video-preview":"max-video-preview:-1"},"canonical":"https:\/\/www.visit-ulcinj.com\/blog\/2011\/09\/26\/dua-hoce-da-izbaci-cunguovog-saveznika\/","og_locale":"en_US","og_type":"article","og_title":"DUA ho\u0107e da izbaci Cunguovog saveznika - Lajme nga Ulqini","og_description":"Sjednica ulcinjskog parlamenta na kojoj su izabrani novi predsjedici Skup\u0161tine i Op\u0161tine, biv\u0161i funkcioner DUA Milazim Mustafa i lider Force Nazif Cungu,","og_url":"https:\/\/www.visit-ulcinj.com\/blog\/2011\/09\/26\/dua-hoce-da-izbaci-cunguovog-saveznika\/","og_site_name":"Lajme nga Ulqini","article_published_time":"2011-09-26T21:32:01+00:00","og_image":[{"url":"http:\/\/www.visit-ulcinj.com\/blog\/wp-content\/uploads\/2011\/09\/ASTRIT-KURTI.jpg"}],"twitter_misc":{"Written by":"ulqini","Est. reading time":"1 minute"},"schema":{"@context":"https:\/\/schema.org","@graph":[{"@type":"WebSite","@id":"https:\/\/www.visit-ulcinj.com\/blog\/#website","url":"https:\/\/www.visit-ulcinj.com\/blog\/","name":"Lajme nga Ulqini","description":"Lajme,Vijesti,Ulqini,Ulqin,Crna Gora,Mali i Zi","potentialAction":[{"@type":"SearchAction","target":{"@type":"EntryPoint","urlTemplate":"https:\/\/www.visit-ulcinj.com\/blog\/?s={search_term_string}"},"query-input":"required name=search_term_string"}],"inLanguage":"en-US"},{"@type":"ImageObject","inLanguage":"en-US","@id":"https:\/\/www.visit-ulcinj.com\/blog\/2011\/09\/26\/dua-hoce-da-izbaci-cunguovog-saveznika\/#primaryimage","url":"https:\/\/www.visit-ulcinj.com\/blog\/wp-content\/uploads\/2011\/09\/ASTRIT-KURTI.jpg","contentUrl":"https:\/\/www.visit-ulcinj.com\/blog\/wp-content\/uploads\/2011\/09\/ASTRIT-KURTI.jpg","width":"371","height":"507"},{"@type":"WebPage","@id":"https:\/\/www.visit-ulcinj.com\/blog\/2011\/09\/26\/dua-hoce-da-izbaci-cunguovog-saveznika\/#webpage","url":"https:\/\/www.visit-ulcinj.com\/blog\/2011\/09\/26\/dua-hoce-da-izbaci-cunguovog-saveznika\/","name":"DUA ho\u0107e da izbaci Cunguovog saveznika - Lajme nga Ulqini","isPartOf":{"@id":"https:\/\/www.visit-ulcinj.com\/blog\/#website"},"primaryImageOfPage":{"@id":"https:\/\/www.visit-ulcinj.com\/blog\/2011\/09\/26\/dua-hoce-da-izbaci-cunguovog-saveznika\/#primaryimage"},"datePublished":"2011-09-26T21:32:01+00:00","dateModified":"2011-09-26T21:32:01+00:00","author":{"@id":"https:\/\/www.visit-ulcinj.com\/blog\/#\/schema\/person\/dcab619c614d3038751c63bc2aadc06d"},"description":"Sjednica ulcinjskog parlamenta na kojoj su izabrani novi predsjedici Skup\u0161tine i Op\u0161tine, biv\u0161i funkcioner DUA Milazim Mustafa i lider Force Nazif Cungu,","breadcrumb":{"@id":"https:\/\/www.visit-ulcinj.com\/blog\/2011\/09\/26\/dua-hoce-da-izbaci-cunguovog-saveznika\/#breadcrumb"},"inLanguage":"en-US","potentialAction":[{"@type":"ReadAction","target":["https:\/\/www.visit-ulcinj.com\/blog\/2011\/09\/26\/dua-hoce-da-izbaci-cunguovog-saveznika\/"]}]},{"@type":"BreadcrumbList","@id":"https:\/\/www.visit-ulcinj.com\/blog\/2011\/09\/26\/dua-hoce-da-izbaci-cunguovog-saveznika\/#breadcrumb","itemListElement":[{"@type":"ListItem","position":1,"name":"DUA ho\u0107e da izbaci Cunguovog saveznika"}]},{"@type":"Person","@id":"https:\/\/www.visit-ulcinj.com\/blog\/#\/schema\/person\/dcab619c614d3038751c63bc2aadc06d","name":"ulqini","sameAs":["http:\/\/www.visit-ulcinj.com"],"url":"https:\/\/www.visit-ulcinj.com\/blog\/author\/admin\/"}]}},"jetpack_featured_media_url":"","jetpack_sharing_enabled":true,"jetpack_shortlink":"https:\/\/wp.me\/pe6lTn-dnm","_links":{"self":[{"href":"https:\/\/www.visit-ulcinj.com\/blog\/wp-json\/wp\/v2\/posts\/51420"}],"collection":[{"href":"https:\/\/www.visit-ulcinj.com\/blog\/wp-json\/wp\/v2\/posts"}],"about":[{"href":"https:\/\/www.visit-ulcinj.com\/blog\/wp-json\/wp\/v2\/types\/post"}],"author":[{"embeddable":true,"href":"https:\/\/www.visit-ulcinj.com\/blog\/wp-json\/wp\/v2\/users\/1"}],"replies":[{"embeddable":true,"href":"https:\/\/www.visit-ulcinj.com\/blog\/wp-json\/wp\/v2\/comments?post=51420"}],"version-history":[{"count":1,"href":"https:\/\/www.visit-ulcinj.com\/blog\/wp-json\/wp\/v2\/posts\/51420\/revisions"}],"predecessor-version":[{"id":51422,"href":"https:\/\/www.visit-ulcinj.com\/blog\/wp-json\/wp\/v2\/posts\/51420\/revisions\/51422"}],"wp:attachment":[{"href":"https:\/\/www.visit-ulcinj.com\/blog\/wp-json\/wp\/v2\/media?parent=51420"}],"wp:term":[{"taxonomy":"category","embeddable":true,"href":"https:\/\/www.visit-ulcinj.com\/blog\/wp-json\/wp\/v2\/categories?post=51420"},{"taxonomy":"post_tag","embeddable":true,"href":"https:\/\/www.visit-ulcinj.com\/blog\/wp-json\/wp\/v2\/tags?post=51420"}],"curies":[{"name":"wp","href":"https:\/\/api.w.org\/{rel}","templated":true}]}}