{"id":51434,"date":"2011-09-26T23:36:38","date_gmt":"2011-09-26T22:36:38","guid":{"rendered":"http:\/\/www.visit-ulcinj.com\/blog\/?p=51434"},"modified":"2011-09-26T23:36:55","modified_gmt":"2011-09-26T22:36:55","slug":"albanci-u-izbornom-zakonu-emisija-replika-tvcg","status":"publish","type":"post","link":"https:\/\/www.visit-ulcinj.com\/blog\/2011\/09\/26\/albanci-u-izbornom-zakonu-emisija-replika-tvcg\/","title":{"rendered":"Albanci u izbornom zakonu &#8211; Emisija Replika TVCG &#8211; Video"},"content":{"rendered":"<p><strong><a href=\"http:\/\/www.visit-ulcinj.com\/blog\/wp-content\/uploads\/2011\/09\/rtcg.jpg\"><img loading=\"lazy\" class=\"alignleft size-medium wp-image-51435\" title=\"rtcg\" src=\"http:\/\/www.visit-ulcinj.com\/blog\/wp-content\/uploads\/2011\/09\/rtcg-300x164.jpg\" alt=\"\" width=\"300\" height=\"164\" srcset=\"https:\/\/www.visit-ulcinj.com\/blog\/wp-content\/uploads\/2011\/09\/rtcg-300x164.jpg 300w, https:\/\/www.visit-ulcinj.com\/blog\/wp-content\/uploads\/2011\/09\/rtcg.jpg 448w\" sizes=\"(max-width: 300px) 100vw, 300px\" \/><\/a>Albanske partije nezadovoljne predlo\u017eenim rje\u0161enjem<br \/>\n<\/strong>Isti\u010du\u0107i da su predstavnici albanskih partija potpuno nezadovoljni predlo\u017eenim rje\u0161enjem, poslanik albanskih stranaka Genci Nimanbegu kazao je da se pla\u0161i da \u0107e proces u politi\u010dkom tijelu Albanaca pre\u0107i u pravcu radikalizacije odre\u0111enih poteza.<\/p>\n<p><strong>Sli\u010dnu poruku poslao je i Mehmet Bardhi.<\/strong><\/p>\n<p>\u201cAlbanci su sazreli. Ako pogledate geografiju regiona bi\u0107e vam jasno da \u0107ete kad tad imati adekvatan odgvor. Ostavljene su manjine sa strane, konkretno Albanci. Skoro sam ostao bez rije\u010di, \u0161ta re\u0107i vi\u0161e nakon sve ove trgovine. Imamo ravnopravnost srpskog jezika, gdje je albanski\u201c, pitao je Bardhi.<\/p>\n<p>On smatra da Albanci vi\u0161e ne mogu imati ona prava koja su stekli.<\/p>\n<p>\u201cAlbanci van parlamenta bio je va\u0161 koncenzus. Otud i pobjedni\u010dki usklik iz DPS-a: \u201eOstvaruje se na\u0161 cilj\u201c. Pogre\u0161no odlu\u010dujete, svjesno to i planski radite. Odgovornost \u0107e biti va\u0161a, a sada ste osokolili antialbanske snage. Ne mo\u017eete biti tutori nad nama iako imate svu dr\u017eavnu mo\u0107\u201c, kazao je Bardhi.<\/p>\n<p><strong>Zenka: Albanci u Crnoj Gori prevareni<\/strong><\/p>\n<p>Poslanici su odbili amandman SNP-a kojim je predvi\u0111eno ve\u0107e u\u010de\u0161\u0107e \u017eena na izbornim listama, dok je usvojen amandmani Bo\u0161nja\u010dke stranke koji podrazumijeva zbrajanje do tri mandata na dr\u017eavnom nivou za manjinske narode.<\/p>\n<p>Navode\u0107i da dr\u017eava nije imala volje za stvarnim i istinitim pregovorima poslanik kluba albanskih partija Vaselj Sini\u0161taj kazao je da se izbornim zakonom pokazalo da \u201cnijesmo spremni za ono \u0161to smo preuzeli pred me\u0111unarodnom zajednicom\u201d.<\/p>\n<p>Poslanik Demokratske unije Albanaca Mehmet Zenka kazao je da su Albanci u Crnoj Gori prevareni i da je najmanje vremena potro\u0161eno na dogovor sa njima.<\/p>\n<p>\u201cNijeste polo\u017eili ispit demokratije. Du\u0161om i tijelom sam bio za Crnu Goru, zato imam smjelosti da vam u brk ka\u017eem da ste nas izdali. Hvala vam na lijepim zakonima\u201d, poru\u010dio je Zenka, nakon \u0161to je napustio salu.<\/p>\n<p><strong><a href=\"http:\/\/www.vijesti.me\/vijesti\/poslije-cetiri-godine-muke-usvojen-izborni-zakon-clanak-37055\" target=\"_blank\">Pro\u010ditaj vijest do kraja &gt;&gt; Vijesti Online &gt;&gt;Igor Pejovi\u0107<\/a><\/strong><\/p>\n<p>[flv]http:\/\/www.rtcg.me\/images\/biblioteka\/audio_video_arhiva\/replika_15092011.flv[\/flv]<strong><\/strong><\/p>\n","protected":false},"excerpt":{"rendered":"<p>Albanske partije nezadovoljne predlo\u017eenim rje\u0161enjem Isti\u010du\u0107i da su predstavnici albanskih partija potpuno nezadovoljni predlo\u017eenim rje\u0161enjem, poslanik albanskih stranaka Genci Nimanbegu kazao je da se pla\u0161i da \u0107e proces u politi\u010dkom tijelu Albanaca pre\u0107i u pravcu radikalizacije odre\u0111enih poteza. Sli\u010dnu poruku poslao je i Mehmet Bardhi. \u201cAlbanci su sazreli. Ako pogledate geografiju regiona bi\u0107e vam jasno [&hellip;]<\/p>\n","protected":false},"author":1,"featured_media":0,"comment_status":"open","ping_status":"closed","sticky":false,"template":"","format":"standard","meta":{"spay_email":"","jetpack_publicize_message":"","jetpack_is_tweetstorm":false,"jetpack_publicize_feature_enabled":true},"categories":[8337],"tags":[1520,20,19],"jetpack_publicize_connections":[],"yoast_head":"<!-- This site is optimized with the Yoast SEO plugin v19.1 - https:\/\/yoast.com\/wordpress\/plugins\/seo\/ -->\n<title>Albanci u izbornom zakonu - Emisija Replika TVCG - Video - Lajme nga Ulqini<\/title>\n<meta name=\"description\" content=\"Albanske partije nezadovoljne predlo\u017eenim rje\u0161enjem Isti\u010du\u0107i da su predstavnici albanskih partija potpuno nezadovoljni predlo\u017eenim rje\u0161enjem, poslanik\" \/>\n<meta name=\"robots\" content=\"index, follow, max-snippet:-1, max-image-preview:large, max-video-preview:-1\" \/>\n<link rel=\"canonical\" href=\"https:\/\/www.visit-ulcinj.com\/blog\/2011\/09\/26\/albanci-u-izbornom-zakonu-emisija-replika-tvcg\/\" \/>\n<meta property=\"og:locale\" content=\"en_US\" \/>\n<meta property=\"og:type\" content=\"article\" \/>\n<meta property=\"og:title\" content=\"Albanci u izbornom zakonu - Emisija Replika TVCG - Video - Lajme nga Ulqini\" \/>\n<meta property=\"og:description\" content=\"Albanske partije nezadovoljne predlo\u017eenim rje\u0161enjem Isti\u010du\u0107i da su predstavnici albanskih partija potpuno nezadovoljni predlo\u017eenim rje\u0161enjem, poslanik\" \/>\n<meta property=\"og:url\" content=\"https:\/\/www.visit-ulcinj.com\/blog\/2011\/09\/26\/albanci-u-izbornom-zakonu-emisija-replika-tvcg\/\" \/>\n<meta property=\"og:site_name\" content=\"Lajme nga Ulqini\" \/>\n<meta property=\"article:published_time\" content=\"2011-09-26T22:36:38+00:00\" \/>\n<meta property=\"article:modified_time\" content=\"2011-09-26T22:36:55+00:00\" \/>\n<meta property=\"og:image\" content=\"http:\/\/www.visit-ulcinj.com\/blog\/wp-content\/uploads\/2011\/09\/rtcg-300x164.jpg\" \/>\n<meta name=\"twitter:label1\" content=\"Written by\" \/>\n\t<meta name=\"twitter:data1\" content=\"ulqini\" \/>\n\t<meta name=\"twitter:label2\" content=\"Est. reading time\" \/>\n\t<meta name=\"twitter:data2\" content=\"2 minutes\" \/>\n<script type=\"application\/ld+json\" class=\"yoast-schema-graph\">{\"@context\":\"https:\/\/schema.org\",\"@graph\":[{\"@type\":\"WebSite\",\"@id\":\"https:\/\/www.visit-ulcinj.com\/blog\/#website\",\"url\":\"https:\/\/www.visit-ulcinj.com\/blog\/\",\"name\":\"Lajme nga Ulqini\",\"description\":\"Lajme,Vijesti,Ulqini,Ulqin,Crna Gora,Mali i Zi\",\"potentialAction\":[{\"@type\":\"SearchAction\",\"target\":{\"@type\":\"EntryPoint\",\"urlTemplate\":\"https:\/\/www.visit-ulcinj.com\/blog\/?s={search_term_string}\"},\"query-input\":\"required name=search_term_string\"}],\"inLanguage\":\"en-US\"},{\"@type\":\"ImageObject\",\"inLanguage\":\"en-US\",\"@id\":\"https:\/\/www.visit-ulcinj.com\/blog\/2011\/09\/26\/albanci-u-izbornom-zakonu-emisija-replika-tvcg\/#primaryimage\",\"url\":\"https:\/\/www.visit-ulcinj.com\/blog\/wp-content\/uploads\/2011\/09\/rtcg.jpg\",\"contentUrl\":\"https:\/\/www.visit-ulcinj.com\/blog\/wp-content\/uploads\/2011\/09\/rtcg.jpg\",\"width\":\"448\",\"height\":\"245\"},{\"@type\":\"WebPage\",\"@id\":\"https:\/\/www.visit-ulcinj.com\/blog\/2011\/09\/26\/albanci-u-izbornom-zakonu-emisija-replika-tvcg\/#webpage\",\"url\":\"https:\/\/www.visit-ulcinj.com\/blog\/2011\/09\/26\/albanci-u-izbornom-zakonu-emisija-replika-tvcg\/\",\"name\":\"Albanci u izbornom zakonu - Emisija Replika TVCG - Video - Lajme nga Ulqini\",\"isPartOf\":{\"@id\":\"https:\/\/www.visit-ulcinj.com\/blog\/#website\"},\"primaryImageOfPage\":{\"@id\":\"https:\/\/www.visit-ulcinj.com\/blog\/2011\/09\/26\/albanci-u-izbornom-zakonu-emisija-replika-tvcg\/#primaryimage\"},\"datePublished\":\"2011-09-26T22:36:38+00:00\",\"dateModified\":\"2011-09-26T22:36:55+00:00\",\"author\":{\"@id\":\"https:\/\/www.visit-ulcinj.com\/blog\/#\/schema\/person\/dcab619c614d3038751c63bc2aadc06d\"},\"description\":\"Albanske partije nezadovoljne predlo\u017eenim rje\u0161enjem Isti\u010du\u0107i da su predstavnici albanskih partija potpuno nezadovoljni predlo\u017eenim rje\u0161enjem, poslanik\",\"breadcrumb\":{\"@id\":\"https:\/\/www.visit-ulcinj.com\/blog\/2011\/09\/26\/albanci-u-izbornom-zakonu-emisija-replika-tvcg\/#breadcrumb\"},\"inLanguage\":\"en-US\",\"potentialAction\":[{\"@type\":\"ReadAction\",\"target\":[\"https:\/\/www.visit-ulcinj.com\/blog\/2011\/09\/26\/albanci-u-izbornom-zakonu-emisija-replika-tvcg\/\"]}]},{\"@type\":\"BreadcrumbList\",\"@id\":\"https:\/\/www.visit-ulcinj.com\/blog\/2011\/09\/26\/albanci-u-izbornom-zakonu-emisija-replika-tvcg\/#breadcrumb\",\"itemListElement\":[{\"@type\":\"ListItem\",\"position\":1,\"name\":\"Albanci u izbornom zakonu &#8211; Emisija Replika TVCG &#8211; Video\"}]},{\"@type\":\"Person\",\"@id\":\"https:\/\/www.visit-ulcinj.com\/blog\/#\/schema\/person\/dcab619c614d3038751c63bc2aadc06d\",\"name\":\"ulqini\",\"sameAs\":[\"http:\/\/www.visit-ulcinj.com\"],\"url\":\"https:\/\/www.visit-ulcinj.com\/blog\/author\/admin\/\"}]}<\/script>\n<!-- \/ Yoast SEO plugin. -->","yoast_head_json":{"title":"Albanci u izbornom zakonu - Emisija Replika TVCG - Video - Lajme nga Ulqini","description":"Albanske partije nezadovoljne predlo\u017eenim rje\u0161enjem Isti\u010du\u0107i da su predstavnici albanskih partija potpuno nezadovoljni predlo\u017eenim rje\u0161enjem, poslanik","robots":{"index":"index","follow":"follow","max-snippet":"max-snippet:-1","max-image-preview":"max-image-preview:large","max-video-preview":"max-video-preview:-1"},"canonical":"https:\/\/www.visit-ulcinj.com\/blog\/2011\/09\/26\/albanci-u-izbornom-zakonu-emisija-replika-tvcg\/","og_locale":"en_US","og_type":"article","og_title":"Albanci u izbornom zakonu - Emisija Replika TVCG - Video - Lajme nga Ulqini","og_description":"Albanske partije nezadovoljne predlo\u017eenim rje\u0161enjem Isti\u010du\u0107i da su predstavnici albanskih partija potpuno nezadovoljni predlo\u017eenim rje\u0161enjem, poslanik","og_url":"https:\/\/www.visit-ulcinj.com\/blog\/2011\/09\/26\/albanci-u-izbornom-zakonu-emisija-replika-tvcg\/","og_site_name":"Lajme nga Ulqini","article_published_time":"2011-09-26T22:36:38+00:00","article_modified_time":"2011-09-26T22:36:55+00:00","og_image":[{"url":"http:\/\/www.visit-ulcinj.com\/blog\/wp-content\/uploads\/2011\/09\/rtcg-300x164.jpg"}],"twitter_misc":{"Written by":"ulqini","Est. reading time":"2 minutes"},"schema":{"@context":"https:\/\/schema.org","@graph":[{"@type":"WebSite","@id":"https:\/\/www.visit-ulcinj.com\/blog\/#website","url":"https:\/\/www.visit-ulcinj.com\/blog\/","name":"Lajme nga Ulqini","description":"Lajme,Vijesti,Ulqini,Ulqin,Crna Gora,Mali i Zi","potentialAction":[{"@type":"SearchAction","target":{"@type":"EntryPoint","urlTemplate":"https:\/\/www.visit-ulcinj.com\/blog\/?s={search_term_string}"},"query-input":"required name=search_term_string"}],"inLanguage":"en-US"},{"@type":"ImageObject","inLanguage":"en-US","@id":"https:\/\/www.visit-ulcinj.com\/blog\/2011\/09\/26\/albanci-u-izbornom-zakonu-emisija-replika-tvcg\/#primaryimage","url":"https:\/\/www.visit-ulcinj.com\/blog\/wp-content\/uploads\/2011\/09\/rtcg.jpg","contentUrl":"https:\/\/www.visit-ulcinj.com\/blog\/wp-content\/uploads\/2011\/09\/rtcg.jpg","width":"448","height":"245"},{"@type":"WebPage","@id":"https:\/\/www.visit-ulcinj.com\/blog\/2011\/09\/26\/albanci-u-izbornom-zakonu-emisija-replika-tvcg\/#webpage","url":"https:\/\/www.visit-ulcinj.com\/blog\/2011\/09\/26\/albanci-u-izbornom-zakonu-emisija-replika-tvcg\/","name":"Albanci u izbornom zakonu - Emisija Replika TVCG - Video - Lajme nga Ulqini","isPartOf":{"@id":"https:\/\/www.visit-ulcinj.com\/blog\/#website"},"primaryImageOfPage":{"@id":"https:\/\/www.visit-ulcinj.com\/blog\/2011\/09\/26\/albanci-u-izbornom-zakonu-emisija-replika-tvcg\/#primaryimage"},"datePublished":"2011-09-26T22:36:38+00:00","dateModified":"2011-09-26T22:36:55+00:00","author":{"@id":"https:\/\/www.visit-ulcinj.com\/blog\/#\/schema\/person\/dcab619c614d3038751c63bc2aadc06d"},"description":"Albanske partije nezadovoljne predlo\u017eenim rje\u0161enjem Isti\u010du\u0107i da su predstavnici albanskih partija potpuno nezadovoljni predlo\u017eenim rje\u0161enjem, poslanik","breadcrumb":{"@id":"https:\/\/www.visit-ulcinj.com\/blog\/2011\/09\/26\/albanci-u-izbornom-zakonu-emisija-replika-tvcg\/#breadcrumb"},"inLanguage":"en-US","potentialAction":[{"@type":"ReadAction","target":["https:\/\/www.visit-ulcinj.com\/blog\/2011\/09\/26\/albanci-u-izbornom-zakonu-emisija-replika-tvcg\/"]}]},{"@type":"BreadcrumbList","@id":"https:\/\/www.visit-ulcinj.com\/blog\/2011\/09\/26\/albanci-u-izbornom-zakonu-emisija-replika-tvcg\/#breadcrumb","itemListElement":[{"@type":"ListItem","position":1,"name":"Albanci u izbornom zakonu &#8211; Emisija Replika TVCG &#8211; Video"}]},{"@type":"Person","@id":"https:\/\/www.visit-ulcinj.com\/blog\/#\/schema\/person\/dcab619c614d3038751c63bc2aadc06d","name":"ulqini","sameAs":["http:\/\/www.visit-ulcinj.com"],"url":"https:\/\/www.visit-ulcinj.com\/blog\/author\/admin\/"}]}},"jetpack_featured_media_url":"","jetpack_sharing_enabled":true,"jetpack_shortlink":"https:\/\/wp.me\/pe6lTn-dnA","_links":{"self":[{"href":"https:\/\/www.visit-ulcinj.com\/blog\/wp-json\/wp\/v2\/posts\/51434"}],"collection":[{"href":"https:\/\/www.visit-ulcinj.com\/blog\/wp-json\/wp\/v2\/posts"}],"about":[{"href":"https:\/\/www.visit-ulcinj.com\/blog\/wp-json\/wp\/v2\/types\/post"}],"author":[{"embeddable":true,"href":"https:\/\/www.visit-ulcinj.com\/blog\/wp-json\/wp\/v2\/users\/1"}],"replies":[{"embeddable":true,"href":"https:\/\/www.visit-ulcinj.com\/blog\/wp-json\/wp\/v2\/comments?post=51434"}],"version-history":[{"count":2,"href":"https:\/\/www.visit-ulcinj.com\/blog\/wp-json\/wp\/v2\/posts\/51434\/revisions"}],"predecessor-version":[{"id":51437,"href":"https:\/\/www.visit-ulcinj.com\/blog\/wp-json\/wp\/v2\/posts\/51434\/revisions\/51437"}],"wp:attachment":[{"href":"https:\/\/www.visit-ulcinj.com\/blog\/wp-json\/wp\/v2\/media?parent=51434"}],"wp:term":[{"taxonomy":"category","embeddable":true,"href":"https:\/\/www.visit-ulcinj.com\/blog\/wp-json\/wp\/v2\/categories?post=51434"},{"taxonomy":"post_tag","embeddable":true,"href":"https:\/\/www.visit-ulcinj.com\/blog\/wp-json\/wp\/v2\/tags?post=51434"}],"curies":[{"name":"wp","href":"https:\/\/api.w.org\/{rel}","templated":true}]}}