{"id":51439,"date":"2011-09-27T09:05:03","date_gmt":"2011-09-27T08:05:03","guid":{"rendered":"http:\/\/www.visit-ulcinj.com\/blog\/?p=51439"},"modified":"2011-09-27T09:05:03","modified_gmt":"2011-09-27T08:05:03","slug":"deshton-serish-tenderi-per-valorizimin-e-valdanosit","status":"publish","type":"post","link":"https:\/\/www.visit-ulcinj.com\/blog\/2011\/09\/27\/deshton-serish-tenderi-per-valorizimin-e-valdanosit\/","title":{"rendered":"D\u00ebshton s\u00ebrish tenderi p\u00ebr valorizimin e Valdanosit"},"content":{"rendered":"<p><strong><a href=\"http:\/\/www.visit-ulcinj.com\/blog\/wp-content\/uploads\/2011\/09\/Valdanos1.jpg\"><img loading=\"lazy\" class=\"alignleft size-full wp-image-51441\" title=\"Valdanos\" src=\"http:\/\/www.visit-ulcinj.com\/blog\/wp-content\/uploads\/2011\/09\/Valdanos1.jpg\" alt=\"\" width=\"508\" height=\"380\" \/><\/a>Munges\u00eb interesimi e investitor\u00ebve\u00a0<\/strong><\/p>\n<p>Podgoric\u00eb \u2013 Tenderi p\u00ebr valorizimin\u00a0e Gjirit t\u00eb Valdanosit ka d\u00ebshtuar\u00a0s\u00ebrish pasi q\u00eb n\u00eb t\u00eb nuk ka pasur t\u00eb\u00a0interesuar deri t\u00eb h\u00ebn\u00ebn kur ka p\u00ebrfunduar\u00a0afati p\u00ebr dor\u00ebzimin e ofertave,\u00a0kan\u00eb njoftuar nga Qeveria e\u00a0Malit t\u00eb Zi, duke mos e komentuar\u00a0k\u00ebt\u00eb.\u00a0Nd\u00ebrkoh\u00eb ndaj d\u00ebshtimit t\u00eb tenderit\u00a0ka reaguar Grupi i intelektual\u00ebve,\u00a0ekolog\u00ebve dhe aktivist\u00ebve joqeveritar\u00eb\u00a0\u201cValdanos\u201d.\u00a0Ky grup i ka b\u00ebr\u00eb thirrje qeveris\u00eb s\u00eb\u00a0Malit t\u00eb Zi dhe institucioneve lokale\u00a0q\u00eb s\u00eb bashku t\u00eb p\u00ebrpiqen t\u00eb gjejn\u00eb\u00a0zgjidhjet m\u00eb t\u00eb mira p\u00ebr mbrojtjen\u00a0dhe valorizimin e Gjirit t\u00eb Valdanosit,\u00a0n\u00eb m\u00ebnyr\u00eb q\u00eb n\u00eb t\u00eb, t\u00eb zhvillohet\u00a0ekonomia ekologjike.\u00a0P\u00ebrfaq\u00ebsuesit e k\u00ebtij grupi vler\u00ebsojn\u00eb\u00a0se d\u00ebshtimi edhe i nj\u00eb tenderi\u00a0p\u00ebr dh\u00ebnien me qira afatgjate dhe\u00a0ekocidi shum\u00ebvje\u00e7ar ndaj Valdanosit\u00a0k\u00ebrkon q\u00eb m\u00eb n\u00eb fund t\u2019i qasemi\u00a0gjetjes s\u00eb zgjidhjes s\u00eb q\u00ebndrueshme\u00a0p\u00ebr mbrojtjen dhe valorizimin e tij.\u00a0\u201cJemi t\u00eb bindur se projekti i formimit\u00a0t\u00eb Qendr\u00ebs Ekologjike Nd\u00ebrkomb\u00ebtare\u00a0\u2018Valdanos\u2019 \u00ebsht\u00eb modeli m\u00eb\u00a0i mir\u00eb p\u00ebr k\u00ebt\u00eb\u201d, kan\u00eb deklaruar ata.<br \/>\nK\u00ebshilli p\u00ebr Privatizim ka hapur m\u00eb\u00a021 qershor tenderin e ri p\u00ebr dh\u00ebnien\u00a0me qira me afat prej 30 vjet\u00ebsh t\u00eb\u00a0kompleksit ushtarako-turistik t\u00eb Valdanosit\u00a0me mund\u00ebsi t\u00eb vazhdimit t\u00eb\u00a0kontrat\u00ebs. Tenderi i m\u00ebparsh\u00ebm p\u00ebr\u00a0dh\u00ebnien me qira t\u00eb Valdanosit ka d\u00ebshtuar n\u00eb fund t\u00eb muajit shkurt\u00a0p\u00ebr shkak t\u00eb pak\u00ebnaq\u00ebsis\u00eb s\u00eb opinionit\u00a0ndaj kompanis\u00eb fituese \u201cCubus\u00a0Lux\u201d.\u00a0Tenderi p\u00ebr valorizimin e Valdanosit\u00a0\u00ebsht\u00eb hapur p\u00ebr t\u00eb par\u00ebn her\u00eb n\u00eb\u00a0dhjetor t\u00eb vitit 2008.<\/p>\n<p><strong>Kohapress<\/strong><\/p>\n","protected":false},"excerpt":{"rendered":"<p>Munges\u00eb interesimi e investitor\u00ebve\u00a0 Podgoric\u00eb \u2013 Tenderi p\u00ebr valorizimin\u00a0e Gjirit t\u00eb Valdanosit ka d\u00ebshtuar\u00a0s\u00ebrish pasi q\u00eb n\u00eb t\u00eb nuk ka pasur t\u00eb\u00a0interesuar deri t\u00eb h\u00ebn\u00ebn kur ka p\u00ebrfunduar\u00a0afati p\u00ebr dor\u00ebzimin e ofertave,\u00a0kan\u00eb njoftuar nga Qeveria e\u00a0Malit t\u00eb Zi, duke mos e komentuar\u00a0k\u00ebt\u00eb.\u00a0Nd\u00ebrkoh\u00eb ndaj d\u00ebshtimit t\u00eb tenderit\u00a0ka reaguar Grupi i intelektual\u00ebve,\u00a0ekolog\u00ebve dhe aktivist\u00ebve joqeveritar\u00eb\u00a0\u201cValdanos\u201d.\u00a0Ky grup i [&hellip;]<\/p>\n","protected":false},"author":1,"featured_media":0,"comment_status":"open","ping_status":"closed","sticky":false,"template":"","format":"standard","meta":{"spay_email":"","jetpack_publicize_message":"","jetpack_is_tweetstorm":false,"jetpack_publicize_feature_enabled":true},"categories":[10],"tags":[200,18,136],"jetpack_publicize_connections":[],"yoast_head":"<!-- This site is optimized with the Yoast SEO plugin v19.1 - https:\/\/yoast.com\/wordpress\/plugins\/seo\/ -->\n<title>D\u00ebshton s\u00ebrish tenderi p\u00ebr valorizimin e Valdanosit - Lajme nga Ulqini<\/title>\n<meta name=\"description\" content=\"Munges\u00eb interesimi e investitor\u00ebve\u00a0 Podgoric\u00eb \u2013 Tenderi p\u00ebr valorizimin\u00a0e Gjirit t\u00eb Valdanosit ka d\u00ebshtuar\u00a0s\u00ebrish pasi q\u00eb n\u00eb t\u00eb nuk ka pasur t\u00eb\u00a0interesuar\" \/>\n<meta name=\"robots\" content=\"index, follow, max-snippet:-1, max-image-preview:large, max-video-preview:-1\" \/>\n<link rel=\"canonical\" href=\"https:\/\/www.visit-ulcinj.com\/blog\/2011\/09\/27\/deshton-serish-tenderi-per-valorizimin-e-valdanosit\/\" \/>\n<meta property=\"og:locale\" content=\"en_US\" \/>\n<meta property=\"og:type\" content=\"article\" \/>\n<meta property=\"og:title\" content=\"D\u00ebshton s\u00ebrish tenderi p\u00ebr valorizimin e Valdanosit - Lajme nga Ulqini\" \/>\n<meta property=\"og:description\" content=\"Munges\u00eb interesimi e investitor\u00ebve\u00a0 Podgoric\u00eb \u2013 Tenderi p\u00ebr valorizimin\u00a0e Gjirit t\u00eb Valdanosit ka d\u00ebshtuar\u00a0s\u00ebrish pasi q\u00eb n\u00eb t\u00eb nuk ka pasur t\u00eb\u00a0interesuar\" \/>\n<meta property=\"og:url\" content=\"https:\/\/www.visit-ulcinj.com\/blog\/2011\/09\/27\/deshton-serish-tenderi-per-valorizimin-e-valdanosit\/\" \/>\n<meta property=\"og:site_name\" content=\"Lajme nga Ulqini\" \/>\n<meta property=\"article:published_time\" content=\"2011-09-27T08:05:03+00:00\" \/>\n<meta property=\"og:image\" content=\"http:\/\/www.visit-ulcinj.com\/blog\/wp-content\/uploads\/2011\/09\/Valdanos1.jpg\" \/>\n<meta name=\"twitter:label1\" content=\"Written by\" \/>\n\t<meta name=\"twitter:data1\" content=\"ulqini\" \/>\n\t<meta name=\"twitter:label2\" content=\"Est. reading time\" \/>\n\t<meta name=\"twitter:data2\" content=\"1 minute\" \/>\n<script type=\"application\/ld+json\" class=\"yoast-schema-graph\">{\"@context\":\"https:\/\/schema.org\",\"@graph\":[{\"@type\":\"WebSite\",\"@id\":\"https:\/\/www.visit-ulcinj.com\/blog\/#website\",\"url\":\"https:\/\/www.visit-ulcinj.com\/blog\/\",\"name\":\"Lajme nga Ulqini\",\"description\":\"Lajme,Vijesti,Ulqini,Ulqin,Crna Gora,Mali i Zi\",\"potentialAction\":[{\"@type\":\"SearchAction\",\"target\":{\"@type\":\"EntryPoint\",\"urlTemplate\":\"https:\/\/www.visit-ulcinj.com\/blog\/?s={search_term_string}\"},\"query-input\":\"required name=search_term_string\"}],\"inLanguage\":\"en-US\"},{\"@type\":\"ImageObject\",\"inLanguage\":\"en-US\",\"@id\":\"https:\/\/www.visit-ulcinj.com\/blog\/2011\/09\/27\/deshton-serish-tenderi-per-valorizimin-e-valdanosit\/#primaryimage\",\"url\":\"https:\/\/www.visit-ulcinj.com\/blog\/wp-content\/uploads\/2011\/09\/Valdanos1.jpg\",\"contentUrl\":\"https:\/\/www.visit-ulcinj.com\/blog\/wp-content\/uploads\/2011\/09\/Valdanos1.jpg\",\"width\":\"904\",\"height\":\"603\"},{\"@type\":\"WebPage\",\"@id\":\"https:\/\/www.visit-ulcinj.com\/blog\/2011\/09\/27\/deshton-serish-tenderi-per-valorizimin-e-valdanosit\/#webpage\",\"url\":\"https:\/\/www.visit-ulcinj.com\/blog\/2011\/09\/27\/deshton-serish-tenderi-per-valorizimin-e-valdanosit\/\",\"name\":\"D\u00ebshton s\u00ebrish tenderi p\u00ebr valorizimin e Valdanosit - Lajme nga Ulqini\",\"isPartOf\":{\"@id\":\"https:\/\/www.visit-ulcinj.com\/blog\/#website\"},\"primaryImageOfPage\":{\"@id\":\"https:\/\/www.visit-ulcinj.com\/blog\/2011\/09\/27\/deshton-serish-tenderi-per-valorizimin-e-valdanosit\/#primaryimage\"},\"datePublished\":\"2011-09-27T08:05:03+00:00\",\"dateModified\":\"2011-09-27T08:05:03+00:00\",\"author\":{\"@id\":\"https:\/\/www.visit-ulcinj.com\/blog\/#\/schema\/person\/dcab619c614d3038751c63bc2aadc06d\"},\"description\":\"Munges\u00eb interesimi e investitor\u00ebve\u00a0 Podgoric\u00eb \u2013 Tenderi p\u00ebr valorizimin\u00a0e Gjirit t\u00eb Valdanosit ka d\u00ebshtuar\u00a0s\u00ebrish pasi q\u00eb n\u00eb t\u00eb nuk ka pasur t\u00eb\u00a0interesuar\",\"breadcrumb\":{\"@id\":\"https:\/\/www.visit-ulcinj.com\/blog\/2011\/09\/27\/deshton-serish-tenderi-per-valorizimin-e-valdanosit\/#breadcrumb\"},\"inLanguage\":\"en-US\",\"potentialAction\":[{\"@type\":\"ReadAction\",\"target\":[\"https:\/\/www.visit-ulcinj.com\/blog\/2011\/09\/27\/deshton-serish-tenderi-per-valorizimin-e-valdanosit\/\"]}]},{\"@type\":\"BreadcrumbList\",\"@id\":\"https:\/\/www.visit-ulcinj.com\/blog\/2011\/09\/27\/deshton-serish-tenderi-per-valorizimin-e-valdanosit\/#breadcrumb\",\"itemListElement\":[{\"@type\":\"ListItem\",\"position\":1,\"name\":\"D\u00ebshton s\u00ebrish tenderi p\u00ebr valorizimin e Valdanosit\"}]},{\"@type\":\"Person\",\"@id\":\"https:\/\/www.visit-ulcinj.com\/blog\/#\/schema\/person\/dcab619c614d3038751c63bc2aadc06d\",\"name\":\"ulqini\",\"sameAs\":[\"http:\/\/www.visit-ulcinj.com\"],\"url\":\"https:\/\/www.visit-ulcinj.com\/blog\/author\/admin\/\"}]}<\/script>\n<!-- \/ Yoast SEO plugin. -->","yoast_head_json":{"title":"D\u00ebshton s\u00ebrish tenderi p\u00ebr valorizimin e Valdanosit - Lajme nga Ulqini","description":"Munges\u00eb interesimi e investitor\u00ebve\u00a0 Podgoric\u00eb \u2013 Tenderi p\u00ebr valorizimin\u00a0e Gjirit t\u00eb Valdanosit ka d\u00ebshtuar\u00a0s\u00ebrish pasi q\u00eb n\u00eb t\u00eb nuk ka pasur t\u00eb\u00a0interesuar","robots":{"index":"index","follow":"follow","max-snippet":"max-snippet:-1","max-image-preview":"max-image-preview:large","max-video-preview":"max-video-preview:-1"},"canonical":"https:\/\/www.visit-ulcinj.com\/blog\/2011\/09\/27\/deshton-serish-tenderi-per-valorizimin-e-valdanosit\/","og_locale":"en_US","og_type":"article","og_title":"D\u00ebshton s\u00ebrish tenderi p\u00ebr valorizimin e Valdanosit - Lajme nga Ulqini","og_description":"Munges\u00eb interesimi e investitor\u00ebve\u00a0 Podgoric\u00eb \u2013 Tenderi p\u00ebr valorizimin\u00a0e Gjirit t\u00eb Valdanosit ka d\u00ebshtuar\u00a0s\u00ebrish pasi q\u00eb n\u00eb t\u00eb nuk ka pasur t\u00eb\u00a0interesuar","og_url":"https:\/\/www.visit-ulcinj.com\/blog\/2011\/09\/27\/deshton-serish-tenderi-per-valorizimin-e-valdanosit\/","og_site_name":"Lajme nga Ulqini","article_published_time":"2011-09-27T08:05:03+00:00","og_image":[{"url":"http:\/\/www.visit-ulcinj.com\/blog\/wp-content\/uploads\/2011\/09\/Valdanos1.jpg"}],"twitter_misc":{"Written by":"ulqini","Est. reading time":"1 minute"},"schema":{"@context":"https:\/\/schema.org","@graph":[{"@type":"WebSite","@id":"https:\/\/www.visit-ulcinj.com\/blog\/#website","url":"https:\/\/www.visit-ulcinj.com\/blog\/","name":"Lajme nga Ulqini","description":"Lajme,Vijesti,Ulqini,Ulqin,Crna Gora,Mali i Zi","potentialAction":[{"@type":"SearchAction","target":{"@type":"EntryPoint","urlTemplate":"https:\/\/www.visit-ulcinj.com\/blog\/?s={search_term_string}"},"query-input":"required name=search_term_string"}],"inLanguage":"en-US"},{"@type":"ImageObject","inLanguage":"en-US","@id":"https:\/\/www.visit-ulcinj.com\/blog\/2011\/09\/27\/deshton-serish-tenderi-per-valorizimin-e-valdanosit\/#primaryimage","url":"https:\/\/www.visit-ulcinj.com\/blog\/wp-content\/uploads\/2011\/09\/Valdanos1.jpg","contentUrl":"https:\/\/www.visit-ulcinj.com\/blog\/wp-content\/uploads\/2011\/09\/Valdanos1.jpg","width":"904","height":"603"},{"@type":"WebPage","@id":"https:\/\/www.visit-ulcinj.com\/blog\/2011\/09\/27\/deshton-serish-tenderi-per-valorizimin-e-valdanosit\/#webpage","url":"https:\/\/www.visit-ulcinj.com\/blog\/2011\/09\/27\/deshton-serish-tenderi-per-valorizimin-e-valdanosit\/","name":"D\u00ebshton s\u00ebrish tenderi p\u00ebr valorizimin e Valdanosit - Lajme nga Ulqini","isPartOf":{"@id":"https:\/\/www.visit-ulcinj.com\/blog\/#website"},"primaryImageOfPage":{"@id":"https:\/\/www.visit-ulcinj.com\/blog\/2011\/09\/27\/deshton-serish-tenderi-per-valorizimin-e-valdanosit\/#primaryimage"},"datePublished":"2011-09-27T08:05:03+00:00","dateModified":"2011-09-27T08:05:03+00:00","author":{"@id":"https:\/\/www.visit-ulcinj.com\/blog\/#\/schema\/person\/dcab619c614d3038751c63bc2aadc06d"},"description":"Munges\u00eb interesimi e investitor\u00ebve\u00a0 Podgoric\u00eb \u2013 Tenderi p\u00ebr valorizimin\u00a0e Gjirit t\u00eb Valdanosit ka d\u00ebshtuar\u00a0s\u00ebrish pasi q\u00eb n\u00eb t\u00eb nuk ka pasur t\u00eb\u00a0interesuar","breadcrumb":{"@id":"https:\/\/www.visit-ulcinj.com\/blog\/2011\/09\/27\/deshton-serish-tenderi-per-valorizimin-e-valdanosit\/#breadcrumb"},"inLanguage":"en-US","potentialAction":[{"@type":"ReadAction","target":["https:\/\/www.visit-ulcinj.com\/blog\/2011\/09\/27\/deshton-serish-tenderi-per-valorizimin-e-valdanosit\/"]}]},{"@type":"BreadcrumbList","@id":"https:\/\/www.visit-ulcinj.com\/blog\/2011\/09\/27\/deshton-serish-tenderi-per-valorizimin-e-valdanosit\/#breadcrumb","itemListElement":[{"@type":"ListItem","position":1,"name":"D\u00ebshton s\u00ebrish tenderi p\u00ebr valorizimin e Valdanosit"}]},{"@type":"Person","@id":"https:\/\/www.visit-ulcinj.com\/blog\/#\/schema\/person\/dcab619c614d3038751c63bc2aadc06d","name":"ulqini","sameAs":["http:\/\/www.visit-ulcinj.com"],"url":"https:\/\/www.visit-ulcinj.com\/blog\/author\/admin\/"}]}},"jetpack_featured_media_url":"","jetpack_sharing_enabled":true,"jetpack_shortlink":"https:\/\/wp.me\/pe6lTn-dnF","_links":{"self":[{"href":"https:\/\/www.visit-ulcinj.com\/blog\/wp-json\/wp\/v2\/posts\/51439"}],"collection":[{"href":"https:\/\/www.visit-ulcinj.com\/blog\/wp-json\/wp\/v2\/posts"}],"about":[{"href":"https:\/\/www.visit-ulcinj.com\/blog\/wp-json\/wp\/v2\/types\/post"}],"author":[{"embeddable":true,"href":"https:\/\/www.visit-ulcinj.com\/blog\/wp-json\/wp\/v2\/users\/1"}],"replies":[{"embeddable":true,"href":"https:\/\/www.visit-ulcinj.com\/blog\/wp-json\/wp\/v2\/comments?post=51439"}],"version-history":[{"count":1,"href":"https:\/\/www.visit-ulcinj.com\/blog\/wp-json\/wp\/v2\/posts\/51439\/revisions"}],"predecessor-version":[{"id":51442,"href":"https:\/\/www.visit-ulcinj.com\/blog\/wp-json\/wp\/v2\/posts\/51439\/revisions\/51442"}],"wp:attachment":[{"href":"https:\/\/www.visit-ulcinj.com\/blog\/wp-json\/wp\/v2\/media?parent=51439"}],"wp:term":[{"taxonomy":"category","embeddable":true,"href":"https:\/\/www.visit-ulcinj.com\/blog\/wp-json\/wp\/v2\/categories?post=51439"},{"taxonomy":"post_tag","embeddable":true,"href":"https:\/\/www.visit-ulcinj.com\/blog\/wp-json\/wp\/v2\/tags?post=51439"}],"curies":[{"name":"wp","href":"https:\/\/api.w.org\/{rel}","templated":true}]}}