{"id":5144,"date":"2008-10-27T14:12:39","date_gmt":"2008-10-27T19:12:39","guid":{"rendered":"http:\/\/www.visit-ulcinj.com\/blog\/?p=5144"},"modified":"2008-10-27T14:12:39","modified_gmt":"2008-10-27T19:12:39","slug":"interviste-me-ambasadorin-e-shba-se-ne-podgoriceroderik-mur","status":"publish","type":"post","link":"https:\/\/www.visit-ulcinj.com\/blog\/2008\/10\/27\/interviste-me-ambasadorin-e-shba-se-ne-podgoriceroderik-mur\/","title":{"rendered":"Intervist\u00eb me ambasadorin e SHBA-s\u00eb n\u00eb Podgoric\u00eb,Roderik Mur"},"content":{"rendered":"<p><a href=\"http:\/\/www.visit-ulcinj.com\/blog\/wp-content\/uploads\/2008\/10\/roderik-mur1.jpg\"><img loading=\"lazy\" class=\"alignleft size-medium wp-image-5145\" title=\"roderik-mur1\" src=\"http:\/\/www.visit-ulcinj.com\/blog\/wp-content\/uploads\/2008\/10\/roderik-mur1-200x300.jpg\" alt=\"\" width=\"200\" height=\"300\" \/><\/a><strong>Vendimi i Malit t\u00eb Zi p\u00ebr njohjen e Kosov\u00ebs ishte autonom<\/strong><br \/>\n<strong>Koha javore: <\/strong>Z. Ambasador, Mali i Zi \u00ebsht\u00eb p\u00ebrcaktuar p\u00ebr integrimet europiane dhe euroatlantike. Sa ka avancuar ai, sipas Jush, n\u00eb plot\u00ebsimin e reformave dhe p\u00ebrmbushjen e standardeve n\u00eb k\u00ebt\u00eb drejtim?<br \/>\n<strong>R. Moore:<\/strong> Mali i Zi ka b\u00ebr\u00eb progres t\u00eb duksh\u00ebm n\u00eb reformat n\u00eb rrug\u00ebn drejt integrimeve euro-atlantike q\u00eb nga pavar\u00ebsimi i tij. Gjat\u00eb k\u00ebtij viti q\u00eb un\u00eb jam k\u00ebtu, jam d\u00ebshmitar i miratimit t\u00eb Kushtetut\u00ebs s\u00eb re, n\u00ebnshkrimit t\u00eb Marr\u00ebveshjes s\u00eb stabilizim asociimit t\u00eb Malit t\u00eb Zi me Bashkimin Europian dhe ftes\u00ebs s\u00eb b\u00ebr\u00eb Malit t\u00eb Zi p\u00ebr t\u00eb filluar Dialogun e Intensifikuar me NATO-n.Mali i Zi po ashtu shpreson t\u00eb aplikoj\u00eb p\u00ebr tzu b\u00ebr\u00eb kandidat p\u00ebr hyrjen n\u00eb BE dhe t\u00eb marr\u00eb ftes\u00ebn p\u00ebr Planin e Veprimit t\u00eb An\u00ebtar\u00ebsimit n\u00eb NATO n\u00eb t\u00eb ardhmen e af\u00ebrt.<br \/>\nProgresi i b\u00ebr\u00eb deri tani \u00ebsht\u00eb i r\u00ebnd\u00ebsish\u00ebm dhe Mali i Zi duhet t\u00eb jet\u00eb krenar p\u00ebr at\u00eb \u00e7far\u00eb ka arritur. Sidoqoft\u00eb, si\u00e7 \u00ebsht\u00eb rasti me shtetet e tjera post-socialiste n\u00eb rajon, ende ka shum\u00eb p\u00ebr tzu b\u00ebr\u00eb sa i p\u00ebrket reformave n\u00eb fush\u00ebn legjislative, ekonomike dhe t\u00eb mbrojtjes p\u00ebr t\u00eb vazhduar afrimin drejt institucioneve euro-atlantike.<br \/>\n<strong>Koha javore:<\/strong> Pavar\u00ebsisht politik\u00ebs shtet\u00ebrore pro integrimeve europiane dhe euro-atlantike, ekziston nj\u00eb mospajtueshm\u00ebri sa i p\u00ebrket mb\u00ebshtetjes s\u00eb opinionit kur b\u00ebhet fjal\u00eb p\u00ebr hyrjen n\u00eb Bashkimin Europian dhe n\u00eb NATO. Konkretisht shumica e opinionit n\u00eb Mal t\u00eb Zi jan\u00eb pro hyrjes n\u00eb BE, por kund\u00ebr hyrjes n\u00eb NATO. Madje sondazhet e fundit flasin p\u00ebr ulje t\u00eb mb\u00ebshtetjes p\u00ebr hyrje n\u00eb NATO. Cilat jan\u00eb arsyet dhe \u00e7far\u00eb duhet t\u00eb b\u00ebj\u00eb Mali i Zi p\u00ebr rritjen e mb\u00ebshtetjes s\u00eb opinionit si nj\u00eb kriter shum\u00eb i r\u00ebnd\u00ebsish\u00ebm q\u00eb duhet plot\u00ebsuar?<br \/>\n<strong>R. Moore: <\/strong>Ne p\u00ebrsh\u00ebndesim vendimin e Malit t\u00eb Zi p\u00ebr t\u00eb v\u00ebn\u00eb an\u00ebtar\u00ebsimin n\u00eb NATO si prioritetin e par\u00eb t\u00eb politik\u00ebs s\u00eb jashtme, n\u00eb mas\u00ebn m\u00eb t\u00eb madhe sepse ne besojm\u00eb se integrimi juaj i suksessh\u00ebm n\u00eb Aleanc\u00eb do t\u00eb forcoj\u00eb stabilitetin e k\u00ebtij rajoni. Pa dyshim q\u00eb p\u00ebrkrahja e konsiderueshme publike \u00ebsht\u00eb kriter i r\u00ebnd\u00ebsish\u00ebm p\u00ebr an\u00ebtar\u00ebsimin eventual, pasi q\u00eb an\u00ebtar\u00ebsimi n\u00eb NATO n\u00ebnkupton p\u00ebrkushtim serioz ndaj shteteve q\u00eb p\u00ebrb\u00ebjn\u00eb Aleanc\u00ebn.Jam i bindur q\u00eb p\u00ebrmes informimit m\u00eb t\u00eb mir\u00eb dhe debatit m\u00eb t\u00eb gjall\u00eb publik, p\u00ebrkrahja e an\u00ebtar\u00ebsimit n\u00eb NATO do t\u00eb rritet ashtu si\u00e7 ka ndodhur n\u00eb vendet e tjera n\u00eb rajon, sidomos n\u00eb Kroaci dhe Bullgari.K\u00ebto shtete ashtu sikurse shtetet e tjera n\u00eb Europ\u00ebn Qendrore dhe Lindore, e filluan procesin e an\u00ebtar\u00ebsimit n\u00eb NATO me nivele t\u00eb ngjashme t\u00eb p\u00ebrkrahjes publike, si\u00e7 ekziston sot k\u00ebtu.<br \/>\n<strong>Koha javore:<\/strong> Mali i Zi tashm\u00eb e ka njohur Kosov\u00ebn si shtet t\u00eb pavarur. N\u00eb opinion \u00ebsht\u00eb th\u00ebn\u00eb vazhdimisht se SHBA dhe disa vende t\u00eb tjera europiane kan\u00eb b\u00ebr\u00eb presion mbi Malin e Zi n\u00eb marrjen e k\u00ebtij vendimi. \u00c7far\u00eb ndikimi ka luajtur SHBA, konkretisht Ju si ambasador n\u00eb vendimin e Qeveris\u00eb s\u00eb Malit t\u00eb Zi?<br \/>\n<strong>R. Moore: <\/strong>Nuk duhet t\u00eb gabojm\u00eb lidhur me k\u00ebt\u00eb. Ky ishte nj\u00eb vendim autonom i Qeveris\u00eb s\u00eb Malit t\u00eb Zi, e cila vendosi k\u00ebshtu pasi q\u00eb vler\u00ebsoi se nj\u00eb gj\u00eb e till\u00eb \u00ebsht\u00eb n\u00eb interes t\u00eb vendit tuaj.Ne e p\u00ebrkrahim k\u00ebt\u00eb vendim sepse besojm\u00eb se do t\u00eb stabilizoj\u00eb rajonin dhe do tzi ndihmoj\u00eb Malit t\u00eb Zi t\u00eb z\u00ebj\u00eb vendin q\u00eb i takon n\u00eb Euop\u00ebn e bashkuar, t\u00eb lir\u00eb dhe n\u00eb paqe. Ne e dim\u00eb q\u00eb ky nuk ishte nj\u00eb vendim i leht\u00eb, por besojm\u00eb se d\u00ebshmon q\u00eb Mali i Zi \u00ebsht\u00eb i p\u00ebrgatitur q\u00eb t\u00eb marr\u00eb vendime t\u00eb v\u00ebshtira si nj\u00eb partner i besuesh\u00ebm i komunitetit Euro-Atlantik duke i kontribuar stabilitetit rajonal.<br \/>\n<strong>Koha javore: <\/strong>\u00c7far\u00eb ndikimi do t\u00eb ket\u00eb njohja e Kosov\u00ebs nga Mali i Zi dhe Maqedonia? A mendoni se kjo do t\u00eb ndikoj\u00eb n\u00eb p\u00ebrshpejtimin e njohjes s\u00eb Kosov\u00ebs nga vendet e tjera q\u00eb nuk e kan\u00eb njohur at\u00eb deri tani?<br \/>\nR. Moore: \u00c7do shtet do t\u00eb marr\u00eb vendimin e vet, por ne besojm\u00eb se fakti q\u00eb mbi 50 shtete -p\u00ebrfshir\u00eb shumic\u00ebn m\u00eb t\u00eb madhe t\u00eb shteteve t\u00eb NATO-s dhe BE-s\u00eb e kan\u00eb njohur Kosov\u00ebn tregon se pavar\u00ebsia e saj \u00ebsht\u00eb e bazuar n\u00eb themele t\u00eb q\u00ebndrueshme dhe se do tzi kontribuoj\u00eb t\u00eb ardhmes m\u00eb t\u00eb mir\u00eb t\u00eb t\u00ebr\u00eb rajonit.<br \/>\nKoha javore: Asambleja e P\u00ebrgjithshme e OKB-s\u00eb ka miratuar dit\u00eb m\u00eb par\u00eb Rezolut\u00ebn e paraqitur nga Serbia q\u00eb Gjykata Nd\u00ebrkomb\u00ebtare e Drejt\u00ebsis\u00eb t\u00eb vler\u00ebsoj\u00eb ligjshm\u00ebrin\u00eb e pavar\u00ebsis\u00eb s\u00eb Kosov\u00ebs. A mendoni se kjo do t\u00eb ket\u00eb ndonj\u00eb lloj ndikimi p\u00ebr Kosov\u00ebn? Pse SHBA ka votuar kund\u00ebr k\u00ebsaj rezolute ndon\u00ebse shumica e vendeve an\u00ebtare t\u00eb OKB-s\u00eb e kan\u00eb p\u00ebrkrahur at\u00eb?<br \/>\n<strong>R. Moore:<\/strong> Si\u00e7 theksuat, ky do t\u00eb jet\u00eb nj\u00eb opinion k\u00ebshilldh\u00ebn\u00ebs p\u00ebr t\u00eb cilin nuk besojm\u00eb se do t\u00eb ndryshoj\u00eb vendimin e mbi 50 shteteve q\u00eb e kan\u00eb njohur tashm\u00eb shtetin m\u00eb t\u00eb ri t\u00eb pavarur n\u00eb bot\u00eb. Ne e konsiderojm\u00eb pavar\u00ebsin\u00eb e Kosov\u00ebs si \u00e7\u00ebshtje t\u00eb p\u00ebrfunduar dhe ne do t\u00eb punojm\u00eb me t\u00eb gjitha vendet e rajonit p\u00ebr nd\u00ebrtimin e s\u00eb ardhmes m\u00eb t\u00eb mir\u00eb.<br \/>\n<strong>Koha javore:<\/strong> SHBA e ka ndihmuar vazhdimisht Malin e Zi p\u00ebrmes programeve t\u00eb ndryshme q\u00eb kan\u00eb t\u00eb b\u00ebjn\u00eb me reformat institucionale, ushtarake, policore, etj. Cila do t\u00eb jet\u00eb ndihma e SHBA-s\u00eb p\u00ebr Malin e Zi n\u00eb t\u00eb ardhmen?<br \/>\n<strong>R. Moore:<\/strong> Si\u00e7 e kemi b\u00ebr\u00eb tashm\u00eb t\u00eb njohur, programi i ri i ndihm\u00ebs s\u00eb Ambasad\u00ebs do t\u00eb fokusohet para s\u00eb gjithash n\u00eb perkrahjen e zhvillimit ekonomik t\u00eb veriut t\u00eb Malit t\u00eb Zi. M\u00eb shum\u00eb se 10 milion\u00eb dollar\u00eb do t\u00eb investohen n\u00eb k\u00ebt\u00eb rajon n\u00eb tre vitet e ardhshme me q\u00ebllim t\u00eb zvog\u00eblimit t\u00eb pabarazis\u00eb n\u00eb zhvillim dhe p\u00ebr t\u00eb ndihmuar integrimin ekonomik t\u00eb rajoneve t\u00eb Malit t\u00eb Zi. Ndihma jon\u00eb do t\u00eb fokusohet n\u00eb sip\u00ebrmarr\u00ebsit dhe nd\u00ebrmarrjet e vogla dhe t\u00eb mesme n\u00eb fush\u00ebn e bujq\u00ebsis\u00eb, turizmit dhe fushat e tjera.Ambasada e ka rritur n\u00eb m\u00ebnyr\u00eb t\u00eb ndjeshme ndihm\u00ebn e vet p\u00ebr t\u00eb ndihmuar p\u00ebrpjekjet e Malit t\u00eb Zi p\u00ebr t\u00eb forcuar sundimin e s\u00eb drejt\u00ebs. Nd\u00ebr aktivitetet e tjera, ne kemi em\u00ebruar nj\u00eb prokuror nga SHBA n\u00eb Ambasad\u00ebn ton\u00eb, i cili do t\u00eb punoj\u00eb drejtp\u00ebrdrejt me organet ligjore dhe gjyq\u00ebsore n\u00eb Mal t\u00eb Zi me q\u00ebllim t\u00eb mb\u00ebshtetjes s\u00eb p\u00ebrpjekjeve t\u00eb tyre p\u00ebr tzi nxjerr\u00eb kriminel\u00ebt para drejt\u00ebsis\u00eb.Ne do t\u00eb vazhdojm\u00eb po ashtu t\u00eb kemi programe shk\u00ebmbimi, t\u00eb cilat jan\u00eb vendimtare p\u00ebr nd\u00ebrtimin e mir\u00ebkuptimit t\u00eb nd\u00ebrsjell\u00eb dhe n\u00eb transmetimin e p\u00ebrvojave t\u00eb qytetar\u00ebve t\u00eb dy vendeve tona. Ne duam t\u00eb d\u00ebrgojm\u00eb sa m\u00eb shum\u00eb qytetar\u00eb t\u00eb Malit t\u00eb Zi q\u00eb t\u00eb jet\u00eb e mundur n\u00eb SHBA me q\u00ebllim t\u00eb t\u00eb kuptuarit sa m\u00eb t\u00eb mir\u00eb t\u00eb Amerik\u00ebs dhe t\u00eb zhvillimit t\u00eb marr\u00ebdh\u00ebnieve me homolog\u00ebt e tyre t\u00eb profesionit dhe me qytetar\u00ebt n\u00eb p\u00ebrgjith\u00ebsi.<br \/>\n<strong>Koha javore:<\/strong> Ndon\u00ebse nga Ambasada Amerikane vazhdimisht theksohet sensibilizimi i investitor\u00ebve amerikan\u00eb p\u00ebr t\u00eb investuar n\u00eb Mal t\u00eb Zi, kapitali amerikan nuk \u00ebsht\u00eb shum\u00eb i pranish\u00ebm n\u00eb Mal t\u00eb Zi apo \u00ebsht\u00eb n\u00eb nivel shum\u00eb m\u00eb t\u00eb ul\u00ebt n\u00eb krahasim me disa vende t\u00eb tjera. Cilat jan\u00eb arsyet?<br \/>\n<strong>R. Moore:<\/strong> Kjo \u00ebsht\u00eb po ashtu nj\u00ebra nga detyrat kryesore t\u00eb Ambasad\u00ebs. Un\u00eb besoj se ka interes p\u00ebr Malin e Zi n\u00eb komunitetin amerikan t\u00eb biznesit. P\u00ebrmes aktiviteteve intensive promovuese t\u00eb Qeveris\u00eb s\u00eb Malit t\u00eb Zi dhe p\u00ebrpjekjeve t\u00eb Ambasad\u00ebs son\u00eb ka gjithnj\u00eb e m\u00eb tep\u00ebr kompani amerikane t\u00eb interesuara p\u00ebr t\u00eb marr\u00eb pjes\u00eb n\u00eb tenderat vendor\u00eb. Shpresoj se do t\u00eb kemi m\u00eb tep\u00ebr investitor\u00eb amerikan\u00eb n\u00eb t\u00eb ardhmen n\u00eb disa projekte t\u00eb m\u00ebdha investuese si\u00e7 jan\u00eb ato n\u00eb sektor\u00ebt e turizmit dhe energjetik\u00ebs.Po ashtu ekzistojn\u00eb projekte infrastrukturore t\u00eb proklamuara nga Qeveria e Malit t\u00eb Zi q\u00eb do t\u00eb hapen n\u00eb t\u00eb ardhmen e af\u00ebrt, t\u00eb cilat po ashtu mund t\u00eb jen\u00eb me interes p\u00ebr kompanit\u00eb amerikane.\u00c7el\u00ebsi p\u00ebr t\u00ebrheqjen e investimeve amerikane dhe nga per\u00ebndimi n\u00eb p\u00ebrgjith\u00ebsi \u00ebsht\u00eb promovimi i ambientit t\u00eb hapur p\u00ebr biznesin, t\u00eb bazuar n\u00eb korniz\u00ebn e fort\u00eb ligjore, si n\u00eb nivelin shtet\u00ebror ashtu edhe n\u00eb at\u00eb lokal.<br \/>\n<strong>Koha javore:<\/strong> Si e vler\u00ebsoni procesin gjyq\u00ebsor ndaj t\u00eb akuzuarve t\u00eb arrestuar n\u00eb aksionin policor t\u00eb njohur si &#8220;Fluturimi i shqiponj\u00ebs&#8221; p\u00ebr t\u00eb cilin gjykata e shkall\u00ebs s\u00eb par\u00eb tashm\u00eb ka dh\u00ebn\u00eb nj\u00eb vendim. A mendoni se kemi pasur nj\u00eb proces t\u00eb paansh\u00ebm gjyq\u00ebsor? Partit\u00eb shqiptare e kan\u00eb akuzuar pushtetin duke th\u00ebn\u00eb se kemi t\u00eb b\u00ebjm\u00eb me nj\u00eb proces t\u00eb montuar politik? A kemi t\u00eb b\u00ebjm\u00eb n\u00eb k\u00ebt\u00eb rast me terroriz\u00ebm ashtu si\u00e7 pretendon prokuroria?<br \/>\n<strong>R. Moore: <\/strong>Nuk \u00ebsht\u00eb roli yn\u00eb t\u00eb vendosim p\u00ebr faj\u00ebsin\u00eb apo pafaj\u00ebsin\u00eb apo t\u00eb gjykojm\u00eb vlerat e nj\u00eb procesi, edhe pse natyrisht ne presim q\u00eb drejt\u00ebsia t\u00eb jet\u00eb e shpejt\u00eb dhe e paanshme. \u00cbsht\u00eb p\u00ebrgjegj\u00ebsia jon\u00eb e drejtp\u00ebrdrejt\u00eb q\u00eb t\u00eb monitorojm\u00eb gjykimin dhe t\u00eb mbrojm\u00eb sh\u00ebndetin, sigurin\u00eb dhe mir\u00ebqenien e shtetasve amerikan\u00eb jasht\u00eb vendit. Stafi yn\u00eb konsullor viziton rregullisht t\u00eb burgosurit dhe komunikon me familjar\u00ebt e tyre.Un\u00eb vazhdimisht kam shprehur shqet\u00ebsimin &#8211; qoft\u00eb publikisht, qoft\u00eb n\u00eb takimet e shumta private me zyrtar\u00ebt e lart\u00eb qeveritar\u00eb dhe policor\u00eb &#8211; lidhur me koh\u00ebzgjatjen e paraburgimit dhe fazave t\u00eb gjykimit dhe me munges\u00ebn e vendosm\u00ebris\u00eb lidhur me pretendimet e qytetar\u00ebve ton\u00eb se ishin t\u00eb keqtrajtuar nga policia.Ne presim nga autoritetet q\u00eb t\u00eb sigurojn\u00eb p\u00ebrfundimin e procesit t\u00eb apelit n\u00eb m\u00ebnyr\u00eb t\u00eb shpejt\u00eb dhe t\u00eb paanshme dhe hulumtimet lidhur me trajtimin e polic\u00ebve ndaj t\u00eb burgosurve.<br \/>\n<strong>Koha javore: <\/strong>Shum\u00eb organizata joqeveritare kan\u00eb konstatuar shkelje t\u00eb t\u00eb drejtave t\u00eb njeriut qoft\u00eb gjat\u00eb arrestimeve t\u00eb kryera gjat\u00eb k\u00ebtij aksioni policor, por edhe gjat\u00eb q\u00ebndrimit t\u00eb t\u00eb burgosurve n\u00eb burg. Sa jan\u00eb shkelur n\u00eb k\u00ebt\u00eb rast t\u00eb drejtat e njeriut? Ju si Ambasad\u00eb me siguri keni b\u00ebr\u00eb hetimet Tuaja duke pasur parasysh faktin se disa nga t\u00eb arrestuarit jan\u00eb shtetas amerikan\u00eb?<br \/>\n<strong>R. Moore: <\/strong>Koleg\u00ebt e mi dhe un\u00eb vazhdimisht kemi shprehur shqet\u00ebsimin lidhur me pretendimet p\u00ebr keqtrajtim, dhe, si\u00e7 theksova edhe m\u00eb par\u00eb, ne presim nga autoritetet q\u00eb t\u00eb p\u00ebrfundojn\u00eb hetimin dhe t\u00eb d\u00ebnojn\u00eb \u00e7do individ i cili ka shkelur ligjin.<br \/>\n<strong>Koha javore:<\/strong> N\u00eb muajin n\u00ebntor n\u00eb SHBA do t\u00eb mbahen zgjedhjet presidenciale. A do t\u00eb ken\u00eb ato ndikim dhe n\u00ebse po, \u00e7far\u00eb ndikimi do t\u00eb ken\u00eb n\u00eb politik\u00ebn e jashtme t\u00eb ardhshme t\u00eb SHBA-s\u00eb n\u00eb rajon?<br \/>\n<strong>R. Moore: <\/strong>Zgjedhjet presidenciale t\u00eb vitit 2009 pra zgjojn\u00eb interesim t\u00eb madh n\u00eb mbar\u00eb bot\u00ebn. Un\u00eb jam i g\u00ebzuar q\u00eb ekziston nj\u00eb interesim i madh edhe n\u00eb Mal t\u00eb Zi p\u00ebr proceset tona demokratike. Pavar\u00ebsisht se kush do t\u00eb fitoj\u00eb, jam i sigurt q\u00eb politika e jashtme amerikane ndaj k\u00ebtij rajoni do t\u00eb vazhdoj\u00eb t\u00eb bazohet n\u00eb vlerat tona themelore t\u00eb demokracis\u00eb, t\u00eb drejtat e njeriut dhe civile, si dhe tregjet e hapura.<br \/>\n<strong>Bisedoi: I. Kallaba<br \/>\nKoha Javore<\/strong><\/p>\n","protected":false},"excerpt":{"rendered":"<p>Vendimi i Malit t\u00eb Zi p\u00ebr njohjen e Kosov\u00ebs ishte autonom Koha javore: Z. Ambasador, Mali i Zi \u00ebsht\u00eb p\u00ebrcaktuar p\u00ebr integrimet europiane dhe euroatlantike. Sa ka avancuar ai, sipas Jush, n\u00eb plot\u00ebsimin e reformave dhe p\u00ebrmbushjen e standardeve n\u00eb k\u00ebt\u00eb drejtim? R. Moore: Mali i Zi ka b\u00ebr\u00eb progres t\u00eb duksh\u00ebm n\u00eb reformat n\u00eb [&hellip;]<\/p>\n","protected":false},"author":1,"featured_media":0,"comment_status":"open","ping_status":"closed","sticky":false,"template":"","format":"standard","meta":{"spay_email":"","jetpack_publicize_message":"","jetpack_is_tweetstorm":false,"jetpack_publicize_feature_enabled":true},"categories":[5,12],"tags":[4471,3908],"jetpack_publicize_connections":[],"yoast_head":"<!-- This site is optimized with the Yoast SEO plugin v19.1 - https:\/\/yoast.com\/wordpress\/plugins\/seo\/ -->\n<title>Intervist\u00eb me ambasadorin e SHBA-s\u00eb n\u00eb Podgoric\u00eb,Roderik Mur - Lajme nga Ulqini<\/title>\n<meta name=\"description\" content=\"Vendimi i Malit t\u00eb Zi p\u00ebr njohjen e Kosov\u00ebs ishte autonom Koha javore: Z. Ambasador, Mali i Zi \u00ebsht\u00eb p\u00ebrcaktuar p\u00ebr integrimet europiane dhe\" \/>\n<meta name=\"robots\" content=\"index, follow, max-snippet:-1, max-image-preview:large, max-video-preview:-1\" \/>\n<link rel=\"canonical\" href=\"https:\/\/www.visit-ulcinj.com\/blog\/2008\/10\/27\/interviste-me-ambasadorin-e-shba-se-ne-podgoriceroderik-mur\/\" \/>\n<meta property=\"og:locale\" content=\"en_US\" \/>\n<meta property=\"og:type\" content=\"article\" \/>\n<meta property=\"og:title\" content=\"Intervist\u00eb me ambasadorin e SHBA-s\u00eb n\u00eb Podgoric\u00eb,Roderik Mur - Lajme nga Ulqini\" \/>\n<meta property=\"og:description\" content=\"Vendimi i Malit t\u00eb Zi p\u00ebr njohjen e Kosov\u00ebs ishte autonom Koha javore: Z. Ambasador, Mali i Zi \u00ebsht\u00eb p\u00ebrcaktuar p\u00ebr integrimet europiane dhe\" \/>\n<meta property=\"og:url\" content=\"https:\/\/www.visit-ulcinj.com\/blog\/2008\/10\/27\/interviste-me-ambasadorin-e-shba-se-ne-podgoriceroderik-mur\/\" \/>\n<meta property=\"og:site_name\" content=\"Lajme nga Ulqini\" \/>\n<meta property=\"article:published_time\" content=\"2008-10-27T19:12:39+00:00\" \/>\n<meta property=\"og:image\" content=\"http:\/\/www.visit-ulcinj.com\/blog\/wp-content\/uploads\/2008\/10\/roderik-mur1-200x300.jpg\" \/>\n<meta name=\"twitter:label1\" content=\"Written by\" \/>\n\t<meta name=\"twitter:data1\" content=\"ulqini\" \/>\n\t<meta name=\"twitter:label2\" content=\"Est. reading time\" \/>\n\t<meta name=\"twitter:data2\" content=\"10 minutes\" \/>\n<script type=\"application\/ld+json\" class=\"yoast-schema-graph\">{\"@context\":\"https:\/\/schema.org\",\"@graph\":[{\"@type\":\"WebSite\",\"@id\":\"https:\/\/www.visit-ulcinj.com\/blog\/#website\",\"url\":\"https:\/\/www.visit-ulcinj.com\/blog\/\",\"name\":\"Lajme nga Ulqini\",\"description\":\"Lajme,Vijesti,Ulqini,Ulqin,Crna Gora,Mali i Zi\",\"potentialAction\":[{\"@type\":\"SearchAction\",\"target\":{\"@type\":\"EntryPoint\",\"urlTemplate\":\"https:\/\/www.visit-ulcinj.com\/blog\/?s={search_term_string}\"},\"query-input\":\"required name=search_term_string\"}],\"inLanguage\":\"en-US\"},{\"@type\":\"ImageObject\",\"inLanguage\":\"en-US\",\"@id\":\"https:\/\/www.visit-ulcinj.com\/blog\/2008\/10\/27\/interviste-me-ambasadorin-e-shba-se-ne-podgoriceroderik-mur\/#primaryimage\",\"url\":\"http:\/\/www.visit-ulcinj.com\/blog\/wp-content\/uploads\/2008\/10\/roderik-mur1-200x300.jpg\",\"contentUrl\":\"http:\/\/www.visit-ulcinj.com\/blog\/wp-content\/uploads\/2008\/10\/roderik-mur1-200x300.jpg\"},{\"@type\":\"WebPage\",\"@id\":\"https:\/\/www.visit-ulcinj.com\/blog\/2008\/10\/27\/interviste-me-ambasadorin-e-shba-se-ne-podgoriceroderik-mur\/#webpage\",\"url\":\"https:\/\/www.visit-ulcinj.com\/blog\/2008\/10\/27\/interviste-me-ambasadorin-e-shba-se-ne-podgoriceroderik-mur\/\",\"name\":\"Intervist\u00eb me ambasadorin e SHBA-s\u00eb n\u00eb Podgoric\u00eb,Roderik Mur - Lajme nga Ulqini\",\"isPartOf\":{\"@id\":\"https:\/\/www.visit-ulcinj.com\/blog\/#website\"},\"primaryImageOfPage\":{\"@id\":\"https:\/\/www.visit-ulcinj.com\/blog\/2008\/10\/27\/interviste-me-ambasadorin-e-shba-se-ne-podgoriceroderik-mur\/#primaryimage\"},\"datePublished\":\"2008-10-27T19:12:39+00:00\",\"dateModified\":\"2008-10-27T19:12:39+00:00\",\"author\":{\"@id\":\"https:\/\/www.visit-ulcinj.com\/blog\/#\/schema\/person\/dcab619c614d3038751c63bc2aadc06d\"},\"description\":\"Vendimi i Malit t\u00eb Zi p\u00ebr njohjen e Kosov\u00ebs ishte autonom Koha javore: Z. Ambasador, Mali i Zi \u00ebsht\u00eb p\u00ebrcaktuar p\u00ebr integrimet europiane dhe\",\"breadcrumb\":{\"@id\":\"https:\/\/www.visit-ulcinj.com\/blog\/2008\/10\/27\/interviste-me-ambasadorin-e-shba-se-ne-podgoriceroderik-mur\/#breadcrumb\"},\"inLanguage\":\"en-US\",\"potentialAction\":[{\"@type\":\"ReadAction\",\"target\":[\"https:\/\/www.visit-ulcinj.com\/blog\/2008\/10\/27\/interviste-me-ambasadorin-e-shba-se-ne-podgoriceroderik-mur\/\"]}]},{\"@type\":\"BreadcrumbList\",\"@id\":\"https:\/\/www.visit-ulcinj.com\/blog\/2008\/10\/27\/interviste-me-ambasadorin-e-shba-se-ne-podgoriceroderik-mur\/#breadcrumb\",\"itemListElement\":[{\"@type\":\"ListItem\",\"position\":1,\"name\":\"Intervist\u00eb me ambasadorin e SHBA-s\u00eb n\u00eb Podgoric\u00eb,Roderik Mur\"}]},{\"@type\":\"Person\",\"@id\":\"https:\/\/www.visit-ulcinj.com\/blog\/#\/schema\/person\/dcab619c614d3038751c63bc2aadc06d\",\"name\":\"ulqini\",\"sameAs\":[\"http:\/\/www.visit-ulcinj.com\"],\"url\":\"https:\/\/www.visit-ulcinj.com\/blog\/author\/admin\/\"}]}<\/script>\n<!-- \/ Yoast SEO plugin. -->","yoast_head_json":{"title":"Intervist\u00eb me ambasadorin e SHBA-s\u00eb n\u00eb Podgoric\u00eb,Roderik Mur - Lajme nga Ulqini","description":"Vendimi i Malit t\u00eb Zi p\u00ebr njohjen e Kosov\u00ebs ishte autonom Koha javore: Z. Ambasador, Mali i Zi \u00ebsht\u00eb p\u00ebrcaktuar p\u00ebr integrimet europiane dhe","robots":{"index":"index","follow":"follow","max-snippet":"max-snippet:-1","max-image-preview":"max-image-preview:large","max-video-preview":"max-video-preview:-1"},"canonical":"https:\/\/www.visit-ulcinj.com\/blog\/2008\/10\/27\/interviste-me-ambasadorin-e-shba-se-ne-podgoriceroderik-mur\/","og_locale":"en_US","og_type":"article","og_title":"Intervist\u00eb me ambasadorin e SHBA-s\u00eb n\u00eb Podgoric\u00eb,Roderik Mur - Lajme nga Ulqini","og_description":"Vendimi i Malit t\u00eb Zi p\u00ebr njohjen e Kosov\u00ebs ishte autonom Koha javore: Z. Ambasador, Mali i Zi \u00ebsht\u00eb p\u00ebrcaktuar p\u00ebr integrimet europiane dhe","og_url":"https:\/\/www.visit-ulcinj.com\/blog\/2008\/10\/27\/interviste-me-ambasadorin-e-shba-se-ne-podgoriceroderik-mur\/","og_site_name":"Lajme nga Ulqini","article_published_time":"2008-10-27T19:12:39+00:00","og_image":[{"url":"http:\/\/www.visit-ulcinj.com\/blog\/wp-content\/uploads\/2008\/10\/roderik-mur1-200x300.jpg"}],"twitter_misc":{"Written by":"ulqini","Est. reading time":"10 minutes"},"schema":{"@context":"https:\/\/schema.org","@graph":[{"@type":"WebSite","@id":"https:\/\/www.visit-ulcinj.com\/blog\/#website","url":"https:\/\/www.visit-ulcinj.com\/blog\/","name":"Lajme nga Ulqini","description":"Lajme,Vijesti,Ulqini,Ulqin,Crna Gora,Mali i Zi","potentialAction":[{"@type":"SearchAction","target":{"@type":"EntryPoint","urlTemplate":"https:\/\/www.visit-ulcinj.com\/blog\/?s={search_term_string}"},"query-input":"required name=search_term_string"}],"inLanguage":"en-US"},{"@type":"ImageObject","inLanguage":"en-US","@id":"https:\/\/www.visit-ulcinj.com\/blog\/2008\/10\/27\/interviste-me-ambasadorin-e-shba-se-ne-podgoriceroderik-mur\/#primaryimage","url":"http:\/\/www.visit-ulcinj.com\/blog\/wp-content\/uploads\/2008\/10\/roderik-mur1-200x300.jpg","contentUrl":"http:\/\/www.visit-ulcinj.com\/blog\/wp-content\/uploads\/2008\/10\/roderik-mur1-200x300.jpg"},{"@type":"WebPage","@id":"https:\/\/www.visit-ulcinj.com\/blog\/2008\/10\/27\/interviste-me-ambasadorin-e-shba-se-ne-podgoriceroderik-mur\/#webpage","url":"https:\/\/www.visit-ulcinj.com\/blog\/2008\/10\/27\/interviste-me-ambasadorin-e-shba-se-ne-podgoriceroderik-mur\/","name":"Intervist\u00eb me ambasadorin e SHBA-s\u00eb n\u00eb Podgoric\u00eb,Roderik Mur - Lajme nga Ulqini","isPartOf":{"@id":"https:\/\/www.visit-ulcinj.com\/blog\/#website"},"primaryImageOfPage":{"@id":"https:\/\/www.visit-ulcinj.com\/blog\/2008\/10\/27\/interviste-me-ambasadorin-e-shba-se-ne-podgoriceroderik-mur\/#primaryimage"},"datePublished":"2008-10-27T19:12:39+00:00","dateModified":"2008-10-27T19:12:39+00:00","author":{"@id":"https:\/\/www.visit-ulcinj.com\/blog\/#\/schema\/person\/dcab619c614d3038751c63bc2aadc06d"},"description":"Vendimi i Malit t\u00eb Zi p\u00ebr njohjen e Kosov\u00ebs ishte autonom Koha javore: Z. Ambasador, Mali i Zi \u00ebsht\u00eb p\u00ebrcaktuar p\u00ebr integrimet europiane dhe","breadcrumb":{"@id":"https:\/\/www.visit-ulcinj.com\/blog\/2008\/10\/27\/interviste-me-ambasadorin-e-shba-se-ne-podgoriceroderik-mur\/#breadcrumb"},"inLanguage":"en-US","potentialAction":[{"@type":"ReadAction","target":["https:\/\/www.visit-ulcinj.com\/blog\/2008\/10\/27\/interviste-me-ambasadorin-e-shba-se-ne-podgoriceroderik-mur\/"]}]},{"@type":"BreadcrumbList","@id":"https:\/\/www.visit-ulcinj.com\/blog\/2008\/10\/27\/interviste-me-ambasadorin-e-shba-se-ne-podgoriceroderik-mur\/#breadcrumb","itemListElement":[{"@type":"ListItem","position":1,"name":"Intervist\u00eb me ambasadorin e SHBA-s\u00eb n\u00eb Podgoric\u00eb,Roderik Mur"}]},{"@type":"Person","@id":"https:\/\/www.visit-ulcinj.com\/blog\/#\/schema\/person\/dcab619c614d3038751c63bc2aadc06d","name":"ulqini","sameAs":["http:\/\/www.visit-ulcinj.com"],"url":"https:\/\/www.visit-ulcinj.com\/blog\/author\/admin\/"}]}},"jetpack_featured_media_url":"","jetpack_sharing_enabled":true,"jetpack_shortlink":"https:\/\/wp.me\/pe6lTn-1kY","_links":{"self":[{"href":"https:\/\/www.visit-ulcinj.com\/blog\/wp-json\/wp\/v2\/posts\/5144"}],"collection":[{"href":"https:\/\/www.visit-ulcinj.com\/blog\/wp-json\/wp\/v2\/posts"}],"about":[{"href":"https:\/\/www.visit-ulcinj.com\/blog\/wp-json\/wp\/v2\/types\/post"}],"author":[{"embeddable":true,"href":"https:\/\/www.visit-ulcinj.com\/blog\/wp-json\/wp\/v2\/users\/1"}],"replies":[{"embeddable":true,"href":"https:\/\/www.visit-ulcinj.com\/blog\/wp-json\/wp\/v2\/comments?post=5144"}],"version-history":[{"count":0,"href":"https:\/\/www.visit-ulcinj.com\/blog\/wp-json\/wp\/v2\/posts\/5144\/revisions"}],"wp:attachment":[{"href":"https:\/\/www.visit-ulcinj.com\/blog\/wp-json\/wp\/v2\/media?parent=5144"}],"wp:term":[{"taxonomy":"category","embeddable":true,"href":"https:\/\/www.visit-ulcinj.com\/blog\/wp-json\/wp\/v2\/categories?post=5144"},{"taxonomy":"post_tag","embeddable":true,"href":"https:\/\/www.visit-ulcinj.com\/blog\/wp-json\/wp\/v2\/tags?post=5144"}],"curies":[{"name":"wp","href":"https:\/\/api.w.org\/{rel}","templated":true}]}}