{"id":51480,"date":"2011-09-27T14:28:24","date_gmt":"2011-09-27T13:28:24","guid":{"rendered":"http:\/\/www.visit-ulcinj.com\/blog\/?p=51480"},"modified":"2011-10-10T21:44:15","modified_gmt":"2011-10-10T20:44:15","slug":"konferenca-per-media-e-gezim-hajdinages-27-09-2011","status":"publish","type":"post","link":"https:\/\/www.visit-ulcinj.com\/blog\/2011\/09\/27\/konferenca-per-media-e-gezim-hajdinages-27-09-2011\/","title":{"rendered":"Konferenca p\u00ebr Media e G\u00ebzim Hajdinag\u00ebs &#8211; 27.09.2011"},"content":{"rendered":"<p><a href=\"http:\/\/www.visit-ulcinj.com\/blog\/wp-content\/uploads\/2011\/09\/Konferenca-p%C3%ABr-Media-e-G%C3%ABzim-Hajdinag%C3%ABs-27.09.2011_Ulqin.1.jpg\"><img loading=\"lazy\" class=\"alignleft size-full wp-image-51481\" title=\"Konferenca p\u00ebr Media e G\u00ebzim Hajdinag\u00ebs - 27.09.2011_Ulqin.1\" src=\"http:\/\/www.visit-ulcinj.com\/blog\/wp-content\/uploads\/2011\/09\/Konferenca-p%C3%ABr-Media-e-G%C3%ABzim-Hajdinag%C3%ABs-27.09.2011_Ulqin.1.jpg\" alt=\"\" width=\"508\" height=\"380\" \/><\/a>T\u00eb nderuar zonja dhe zot\u00ebrinj, t\u00eb dashur bashk\u00ebqytetar\u00eb, e dashura rini q\u00eb\u00a0 p\u00ebrher\u00eb m\u00eb ke p\u00ebrkrahur e m\u00eb ke b\u00ebr\u00eb q\u00eb t\u00eb ndihem i ri, energjik dhe plot shpres\u00eb.<br \/>\nSot jan\u00eb b\u00ebr\u00eb pes\u00eb vjet nga momenti kur ju t\u00eb nderuar qytetar\u00eb n\u00eb zgjedhjet e para e t\u00eb lira m\u00eb dhat\u00eb vot\u00ebbesimin q\u00eb t\u00eb udh\u00ebheq Komun\u00ebn e Ulqinit.<br \/>\nN\u00eb k\u00ebto zgjedhje un\u00eb fitova bindsh\u00ebm ndaj kandidat\u00ebve t\u00eb tjer\u00eb, nd\u00ebrkoh\u00eb q\u00eb\u00a0 n\u00eb raundin e dyt\u00eb p\u00ebrs\u00ebri me ndihm\u00ebn tuaj ku ishin t\u00eb p\u00ebrfshira votat nga\u00a0 t\u00ebr\u00eb teritori yn\u00eb sigurova mbi 6300 vota, duke l\u00ebn\u00eb anash prej mijera votash kandidatin tjet\u00ebr q\u00eb kish hyr\u00eb n\u00eb gar\u00eb.<\/p>\n<p>E kam th\u00ebn\u00eb dhe e p\u00ebrs\u00ebris vazhdimisht p\u00ebr mua kjo ka qen\u00eb nder, por dhe p\u00ebrgjegj\u00ebsi e madhe. Jam p\u00ebrpjekur q\u00eb t\u00eb gjitha detyrat ti kryej me nder, besnik\u00ebri, paan\u00ebshm\u00ebri me nd\u00ebrgjegje dhe n\u00eb pajtim me ligjin. Mbetet n\u00eb ju t\u00eb vler\u00ebsoni pun\u00ebn time, t\u00eb ekzekutivit dhe t\u00eb arriturat, pse jo dhe mang\u00ebsit\u00eb.<br \/>\n<a href=\"http:\/\/www.visit-ulcinj.com\/blog\/wp-content\/uploads\/2011\/09\/Konferenca-p%C3%ABr-Media-e-G%C3%ABzim-Hajdinag%C3%ABs-27.09.2011_Ulqin.3.jpg\"><img loading=\"lazy\" class=\"alignleft size-full wp-image-51483\" title=\"Konferenca p\u00ebr Media e G\u00ebzim Hajdinag\u00ebs - 27.09.2011_Ulqin.3\" src=\"http:\/\/www.visit-ulcinj.com\/blog\/wp-content\/uploads\/2011\/09\/Konferenca-p%C3%ABr-Media-e-G%C3%ABzim-Hajdinag%C3%ABs-27.09.2011_Ulqin.3.jpg\" alt=\"\" width=\"508\" height=\"330\" \/><\/a><br \/>\nJu t\u00eb nderuar qytetar\u00eb, vler\u00ebsim keni dh\u00ebn\u00eb gjat\u00eb zgjedhjeve, ku n\u00eb m\u00ebnyr\u00eb permanente partia Unioni Demokratik i Shqiptar\u00ebve dhe un\u00eb si bart\u00ebs i list\u00ebs\u00a0 kemi siguruar p\u00ebrher\u00eb rritje. Rritja e votave n\u00eb zgjedhjet e vitet 2006-2009 ka qen\u00eb n\u00eb mas\u00eb 85%.<br \/>\nGjat\u00eb k\u00ebtyre viteve punuam s\u00ebbashku dhe jet\u00ebsuam premtimet e dh\u00ebna, fal\u00eb k\u00ebsaj pune t\u00eb lodhshme e t\u00eb mundimshme, sot Ulqini jovet\u00ebm sipas vler\u00ebsimit ton\u00eb \u00ebsht\u00eb qytet i vlerave drejt\u00eb standarteve evropiane, ku harmonizohet zhvillimi i qendruesh\u00ebm me mrekullit\u00eb e natyr\u00ebs, historin\u00eb, kultur\u00ebn dhe njer\u00ebzit, qytet t\u00ebrheq\u00ebs p\u00ebr t\u00eb jetuar, punuar e pritur miq e mysafir\u00eb.<\/p>\n<p>Personalisht, asnj\u00ebher\u00eb nuk kam qen\u00eb i k\u00ebnaqur gjithnj\u00eb kam k\u00ebrkuar m\u00eb \u00a0shum\u00eb, kjo nuk ka qen\u00eb aspak e leht\u00eb, na \u00ebsht\u00eb dashtur t\u00eb ballafaqohemi me v\u00ebshtir\u00ebsi shum\u00eb t\u00eb m\u00ebdha, t\u00eb natyrave t\u00eb ndryshme, kriz\u00ebs por edhe grindje sht\u00ebrpe dhe fajsime t\u00eb paargumentuara nga ana e opozit\u00ebs s\u00eb cil\u00ebs i ka penguar \u00e7do gj\u00eb, \u00e7do e arrirr\u00eb n\u00eb qytet, por mbi t\u00eb gjitha i kam penguar un\u00eb!<\/p>\n<p>Edhe p\u00ebrkund\u00ebr t\u00eb gjith\u00eb k\u00ebsaj n\u00eb shum\u00eb lemi nisur nga e para ne ia dol\u00ebm mban\u00eb t\u00eb realizojm\u00eb pjes\u00ebn m\u00eb t\u00eb madhe t\u00eb premtimeve e k\u00ebt\u00eb dhe me mb\u00ebshtetjen e madhe t\u00eb Qeveris\u00eb s\u00eb Malit t\u00eb Zi t\u00eb drejtuar nga kryeministrit Shturanoviq, Gjukanoviq dhe kryeministri aktual Igor Llukshiq.<\/p>\n<p>P\u00ebr t\u00eb folur p\u00ebr pun\u00ebt e b\u00ebra gjat\u00eb k\u00ebtyre viteve duhet koh\u00eb por mjaft nga ta mund t\u00eb v\u00ebrehen, preken dhe t\u00eb vler\u00ebsohen. Ne kemi investuar n\u00eb akset rrugore n\u00eb qytet dhe n\u00eb fshatra.<\/p>\n<p>Vet\u00ebm n\u00ebp\u00ebrmes Drejtoris\u00eb p\u00ebr pun\u00eb publike ne kemi asfaltuar\u00a0 mbi 30 \u00a0kilometra, asfaltime po b\u00ebhen edhe gjat\u00eb k\u00ebtyre dit\u00ebve n\u00eb lokalitetin Kodra, n\u00eb Sukubin\u00eb dhe n\u00eb 10 lokalitete t\u00eb tjera. Po ashtu shuma t\u00eb m\u00ebdha jan\u00eb investuar n\u00eb rikonstruksion trotuaresh.<\/p>\n<p>\u00cbsht\u00eb v\u00ebn\u00eb dor\u00eb n\u00eb p\u00ebrmir\u00ebsimin e infrastruktur\u00ebs n\u00ebntoksore, po ashtu n\u00eb\u00a0 p\u00ebrmir\u00ebsimin dhe shtimin e sip\u00ebrfaqeve t\u00eb gjelb\u00ebrta, investime t\u00eb konsiderueshme jan\u00eb b\u00ebr\u00eb n\u00eb ndri\u00e7imin publik, nep\u00ebrmes Drejtoris\u00eb p\u00ebr pun\u00eb publike dhe nep\u00ebrmjet investimeve q\u00eb i kemi parapar\u00eb me buxhet.<\/p>\n<p>Jemi munduar t\u00eb prekim dhe t\u00eb vem\u00eb dor\u00eb n\u00eb \u00e7do fush\u00eb!<\/p>\n<p>Ia filluam nga urbanizmi ku gjendja nuk ka qen\u00eb aspak e volitshme, n\u00eb k\u00ebt\u00eb\u00a0 segment mund t\u00eb them lirisht se ia kemi nisur nga e para.<\/p>\n<p>Si rezultat i pun\u00ebs ton\u00eb kemi aprovuar\u00a0 planin general urbanistik , me nj\u00eb p\u00ebrfshirje 708 hektar i cili ishte plani i par\u00eb i aprovuar pas nj\u00eb periudhe shum\u00eb t\u00eb gjat\u00eb.<\/p>\n<p>\u00cbsht\u00eb aprovuar plani detal urbanistik p\u00ebr lokalitetin e Totoshit, si dhe ka p\u00ebrfunduar projekti urbanistik p\u00ebr Ran\u00ebn i cili gjindet n\u00eb ministrin\u00eb p\u00ebrkat\u00ebse p\u00ebr p\u00eblqim.<\/p>\n<p>Gjat\u00eb k\u00ebsaj periudhe kemi p\u00ebrfunduar hartimin e 8 planeve urbansitike: Pinjesh 1 dhe 2, Rana, Meteriz 1, 2 dhe 3 si dhe Meraja 1 dhe 2.T\u00eb gjith\u00eb k\u00ebto plane gjinden n\u00eb Ministrin\u00eb p\u00ebrkat\u00ebse dhe presin aprovimin e saj.<\/p>\n<p>Gjat\u00eb mandatit tone jan\u00eb punuar shum\u00eb studime t\u00eb lokacionit dy nga ta kan\u00eb t\u00eb b\u00ebjn\u00eb me dy pompa benzine n\u00eb An\u00eb t\u00eb Malit, dhe dy t\u00eb tjera n\u00eb funksion\u00a0 t\u00eb turizmit Liman 2 dhe Zogaj.<\/p>\n<p>Nj\u00ebherit r\u00ebndesi i kemi dh\u00ebn\u00eb shtrirjes s\u00eb qytetit si dhe zhvillimit t\u00eb zonave rurale, n\u00eb k\u00ebt\u00eb drejtim kemi inicuar planin detal urbanistik p\u00ebr Fush\u00ebn e Ulqinit dhe dy studime t\u00eb lokacioneve p\u00ebr zonen e Shasit.<\/p>\n<p>Pushteti ka krijuar kushte p\u00ebr vazhdimin e bulevardit N\u00ebn\u00eb Tereza nga Sht\u00ebpia e sh\u00ebndetit deri n\u00eb ndermarrjen komunale, si dhe paradispozitat p\u00ebr valorizimin turistik t\u00eb Kru\u00e7it.<\/p>\n<p>Ruajtja dhe valorizimi i trash\u00ebgimis\u00eb kulturore dhe historike ka qen\u00eb\u00a0 preokupim permanent i ekzekutivit q\u00eb kam drejtuar.<\/p>\n<p>Jam ndjere krenar q\u00eb ia dol\u00ebm mban\u00eb t\u00eb kalldremizojm\u00eb qendr\u00ebn e qytetit, e sot t\u00eb kemi Sheshin e ullirit t\u00eb ndri\u00e7uar dhe t\u00eb nxjerrim nga harresa krojet q\u00eb datojn\u00eb shum\u00eb shekuj m\u00eb par\u00eb. Me k\u00ebt\u00eb edhe nj\u00ebher\u00eb kemi vler\u00ebsuar q\u00eb mbrojtja e trashegimis\u00eb kulturore paraqet nj\u00eb aspekt t\u00eb shk\u00eblqyer, p\u00ebr t\u00eb cilin angazhohet ky qytet i lasht\u00eb.<\/p>\n<p>Kur jemi tek trashegimia t\u00eb theksojm\u00eb q\u00eb ishim t\u00eb par\u00ebt q\u00eb vum\u00eb nj\u00eb komunikim t\u00eb shk\u00eblqyer me krer\u00ebt e besimeve fetare dhe i kemi dh\u00ebn\u00eb \u00a0p\u00ebrkrahje p\u00ebrmanete dhe kemi b\u00ebr\u00eb realitet k\u00ebrkesat e tyre, ve\u00e7mas ata n\u00eb kthimin e pron\u00ebs. Si rezultat i k\u00ebsaj kemi drejt\u00eb p\u00ebrfundimit nd\u00ebrtimin e Xhamis\u00eb s\u00eb Mariner\u00ebve n\u00eb Plazhin e vogel.<\/p>\n<p>T\u00eb nderuar zonja dhe zot\u00ebrinj, ne sot kemi rrug\u00ebn kryesore t\u00eb rregulluar, t\u00eb asfaltuar, t\u00eb ndri\u00e7uar, me trotuare moderne dhe pem\u00eb si\u00e7 i ka hije nj\u00eb qyteti modern turistik. P\u00ebr k\u00ebt\u00eb kemi marr\u00eb vler\u00ebsime dhe konsiderata nga\u00a0\u00a0 institucionet relevante por edhe nga nj\u00eb num\u00ebr i madh i mysafir\u00ebve dhe vizitor\u00ebve t\u00eb Ulqinit.<\/p>\n<p>Rana p\u00ebrher\u00eb ka qen\u00eb n\u00eb fokusin tone. Ne ia dol\u00ebm mban\u00eb t\u00eb shmangim nj\u00ebher\u00eb e p\u00ebrgjithmon\u00eb, objektet e llamarin\u00ebs dhe objekte t\u00eb tjer\u00eb q\u00eb\u00a0 r\u00ebndonin at\u00eb. Aksioni nuk ishte i leht\u00eb, pati dhe qytetar\u00eb q\u00eb u gjind\u00ebn t\u00eb prekur por pas p\u00ebrfundimit t\u00eb punimeve n\u00eb rrug\u00eb, trotuare, ndri\u00e7im dhe\u00a0 rregullimin e hap\u00ebsirave t\u00eb gjelb\u00ebrta, ishin ata t\u00eb par\u00ebt q\u00eb na p\u00ebrg\u00ebzuan.<\/p>\n<p>Rana \u00ebsht\u00eb simbol i Ulqinit, andaj nuk u ndal\u00ebm me kaq, asaj gjat\u00eb k\u00ebsaj vere iu shtua projekti i Kacemes, nj\u00eb investim i r\u00ebnd\u00eb mbi 1milion euro, por q\u00eb ia ka shtuar edhe m\u00eb shum\u00eb hijeshin\u00eb jo vet\u00ebm k\u00ebsaj pjes\u00eb t\u00eb qytetit por edhe Kalas\u00eb. Monumentit mburoj\u00eb t\u00eb Ulqinit, ku ne ishim p\u00ebrs\u00ebri t\u00eb par\u00ebt q\u00eb pas shum\u00eb vitesh pse jo dhe dekadash pastruam bedenat dhe vum\u00eb dor\u00eb n\u00eb ndri\u00e7imin e saj dhe n\u00eb rrjetin telefonik.<\/p>\n<p>Gjat\u00eb k\u00ebtyre viteve edhe p\u00ebrkundrejt\u00eb kriz\u00ebs globale p\u00ebrgatit\u00ebm me v\u00ebmendje t\u00eb ve\u00e7ant\u00eb sezonat turistike e n\u00eb k\u00ebt\u00eb drejtim u arrit\u00ebn rezultate t\u00eb lakmueshme . Sezonat e viteve t\u00eb fundit sipas njoh\u00ebsve t\u00eb k\u00ebsaj dege,\u00a0 vler\u00ebsohen si m\u00eb t\u00eb sukseshme n\u00eb dy dekadat e fundit, e nj\u00ebjta gj\u00eb mund t\u00eb thuhet edhe p\u00ebr sezon\u00ebn e k\u00ebtij viti e cila p\u00ebr fat t\u00eb mir\u00eb ende vazhdon.<\/p>\n<p>Ne kemi v\u00ebn\u00eb dor\u00eb edhe n\u00eb nd\u00ebrrmarjet q\u00eb finansohen nga buxheti, tani parku i zjarr\u00ebfik\u00ebsave \u00ebsht\u00eb krejt\u00ebsisht ndryshe, jan\u00eb siguruar dy automjete te reja e moderne, fal\u00eb bashk\u00ebpunimit me diaspor\u00ebn u be e mundur dhe sigurimi i dy autoambulancave.<\/p>\n<p>Angazhimi dhe z\u00ebri yn\u00eb \u00ebsht\u00eb d\u00ebgjuar n\u00eb takime nd\u00ebrkomb\u00ebtare, rajonale\u00a0 dhe sot me k\u00ebnaq\u00ebsi mund t\u00eb themi se Ulqini \u00ebsht\u00eb sh\u00ebndrruar n\u00eb nj\u00eb qender t\u00eb vler\u00ebsuar ku zhvillohen takime t\u00eb r\u00ebnd\u00ebsishme.<\/p>\n<p>Ne kemi qen\u00eb t\u00eb angazhuar edhe n\u00eb ththjen e fondeve t\u00eb Bashkimit Evropian e me k\u00ebnaq\u00ebsi mund t\u00eb konstatoj q\u00eb projekti komunes do t\u00eb marr\u00eb grantin\u00a0 vler\u00eb 230 mij\u00eb euro, mjete k\u00ebto q\u00eb do t\u00eb p\u00ebrdoren p\u00ebr sforcimin e kapaciteteve pastruese t\u00eb sip\u00ebrmarrjes komunale, n\u00eb rastin konkret blerjen e nj\u00eb kamioni p\u00ebr spastrimin e Plazhit t\u00eb madh.<\/p>\n<p>Mendoj se ndaj mendimin edhe me ju, se kemi realizuar nj\u00eb s\u00ebr\u00eb aktivitetesh kulturore model edhe p\u00ebr qendra shum\u00eb m\u00eb t\u00eb m\u00ebdha se Ulqini. Gjat\u00eb t\u00ebr\u00eb k\u00ebsaj periudhe kemi pasur bashk\u00ebpunim dhe kemi financuar nep\u00ebrmes konkurseve sektorin joqeveritar, kemi ndar bursa p\u00ebr student\u00eb si dhe kemi p\u00ebrkrahur ekipe sportive, intelektual t\u00eb fushave t\u00eb ndryshme, shkolla dhe institucione t\u00eb tjera.<\/p>\n<p>Ashtu si\u00e7 thash\u00eb lista e projekteve q\u00eb kemi b\u00ebr\u00eb \u00ebsht\u00eb e gjat\u00eb por ju me t\u00eb drejt\u00eb mund t\u00eb pyeteni &#8211; A ka mundur m\u00eb shum\u00eb t\u00eb b\u00ebhet dhe a ka pun\u00eb t\u00eb tjera p\u00ebr tu b\u00ebr\u00eb- \u00a0sigurisht q\u00eb po! N\u00eb vazhdim do t\u00eb ve\u00e7oja disa projekte kapitale q\u00eb kan\u00eb hyr\u00eb n\u00eb faz\u00ebn realizuese.<br \/>\n<a href=\"http:\/\/www.visit-ulcinj.com\/blog\/wp-content\/uploads\/2011\/09\/Konferenca-p%C3%ABr-Media-e-G%C3%ABzim-Hajdinag%C3%ABs-27.09.2011_Ulqin.jpg\"><img loading=\"lazy\" class=\"alignleft size-full wp-image-51484\" title=\"Konferenca p\u00ebr Media e G\u00ebzim Hajdinag\u00ebs - 27.09.2011_Ulqin\" src=\"http:\/\/www.visit-ulcinj.com\/blog\/wp-content\/uploads\/2011\/09\/Konferenca-p%C3%ABr-Media-e-G%C3%ABzim-Hajdinag%C3%ABs-27.09.2011_Ulqin.jpg\" alt=\"\" width=\"508\" height=\"330\" \/><\/a><\/p>\n<p>Ura mbi Port Milen\u00eb, nj\u00eb objekt \u00ebnd\u00ebrr p\u00ebr shum\u00eb kend, nj\u00eb objekt fantaz\u00ebm p\u00ebr nj\u00eb grup t\u00eb opozites, nj\u00eb objekt q\u00eb \u00ebsht\u00eb etiketuar me lloj-lloj fjal\u00ebsh, sot ajo \u00ebsht\u00eb realitet. \u00cbsht\u00eb objekt me nj\u00eb kosto rreth 14 milion euro, q\u00eb nga dita n\u00eb dit\u00eb po hedh shtat.<\/p>\n<p>Uj\u00ebsjell\u00ebsi rajonal \u00ebsht\u00eb nj\u00eb projekt tjet\u00ebr i r\u00ebnd\u00ebsish\u00ebm i cili pritet t\u00eb vihet n\u00eb funksion vitin e ardh\u00ebsh\u00ebm.<\/p>\n<p>Deponia sanitare \u00ebsht\u00eb nj\u00eb tjet\u00ebr investim i r\u00ebnd\u00ebsish\u00ebm, q\u00eb do t\u00eb jap\u00eb zgjidhjen p\u00ebr deponimin e plehrave konform\u00eb standarteve.<\/p>\n<p>Angazhim dhe k\u00ebrkese permanente e jona ka qen\u00eb standartizimi dhe\u00a0 zgjerimi i rrug\u00ebs Ulqin-Sukubin\u00eb e n\u00eb k\u00ebt\u00eb drejtim kemi marr\u00eb jo vet\u00ebm premtime nga ana e Qeveris\u00eb, por edhe ka p\u00ebrfunduar elaborati p\u00ebr eksproprijim. Nevoj\u00eb e koh\u00ebs \u00ebsht\u00eb qendra sportive n\u00eb Plazhin e madh e p\u00ebr nd\u00ebrtimin e k\u00ebtij kompleksi q\u00eb do t\u00eb jet\u00eb ve\u00e7mas ne funksion t\u00eb t\u00eb rinjve\u00a0 kemi krijuar kushtet e duhura.<\/p>\n<p><strong>T\u00eb dashtur bashk\u00ebvendas,<\/strong><\/p>\n<p>Si p\u00ebrher\u00eb dua t\u00eb jem deri n\u00eb fund i sinqert\u00eb me ju! Tju them me sinqeritet t\u00eb plot\u00eb k\u00ebto projekte t\u00eb nisura p\u00ebr t\u00eb cilat jam munduar jo pak do t\u00eb kisha d\u00ebshiruar ti shihja t\u00eb p\u00ebrfunduara, ata q\u00eb m\u00eb njohin e dijne se q\u00ebllimi im \u00ebsht\u00eb plot\u00ebsimi\u00a0 i nevojave t\u00eb qytetar\u00ebve t\u00eb mij.<\/p>\n<p>Pik\u00ebrisht n\u00eb momentin kur ne ishim n\u00eb p\u00ebrfundim t\u00eb aktiviteteve ashtu si\u00e7 ishim dakorduar me partner\u00ebt e koalicionit e ku sipas marr\u00ebveshjes me ta isha un\u00eb kandidat p\u00ebr kryetar t\u00eb Komun\u00ebs, kat\u00ebr nga ish k\u00ebshilltar\u00ebt e Unionit Demokratik t\u00eb Shqiptar\u00ebve braktis\u00ebn partin\u00eb dhe i bashkangjit\u00ebn nj\u00eb shumice tjet\u00ebr.<br \/>\n<a href=\"http:\/\/www.visit-ulcinj.com\/blog\/wp-content\/uploads\/2011\/09\/Konferenca-p%C3%ABr-Media-e-G%C3%ABzim-Hajdinag%C3%ABs-27.09.2011_Ulqin.2.jpg\"><img loading=\"lazy\" class=\"alignleft size-full wp-image-51482\" title=\"Konferenca p\u00ebr Media e G\u00ebzim Hajdinag\u00ebs - 27.09.2011_Ulqin.2\" src=\"http:\/\/www.visit-ulcinj.com\/blog\/wp-content\/uploads\/2011\/09\/Konferenca-p%C3%ABr-Media-e-G%C3%ABzim-Hajdinag%C3%ABs-27.09.2011_Ulqin.2.jpg\" alt=\"\" width=\"508\" height=\"330\" \/><\/a><br \/>\nNuk di sa ia vlen t\u00eb merremi me ta, nuk gjej\u00eb fjal\u00eb dhe shprehi p\u00ebr ta, kan\u00eb qen\u00eb bashk\u00ebpun\u00ebtor\u00ebt e mij prej vitesh. I kam nderuar dhe respektuar dhe t\u00eb njejt\u00ebn gje e kam ndjer\u00eb edhe tek ta, nd\u00ebrkoh\u00eb q\u00eb realiteti d\u00ebshmon di\u00e7ka ndryshe. Nuk e kam pritur!<\/p>\n<p>Nuk d\u00ebshiroj t\u00eb justifikohem, por ata dhe t\u00eb gjith\u00eb anamalasit e dijn\u00eb fort mir\u00eb se \u00e7far\u00eb angazhimi ka b\u00ebr\u00eb koalicioni qeveris\u00ebs, ekzekutivi dhe un\u00eb personalisht p\u00ebr An\u00ebn e Malit. K\u00ebt\u00eb e kemi patur obligim dhe besoj se at\u00eb e kemi kryer me nder. Por mbetet n\u00eb nderin e tyre q\u00eb t\u00eb shihet se kush i ka shtyr\u00eb, \u00e7far\u00eb q\u00ebllimesh kan\u00eb patur dhe p\u00ebrse ka ngjar\u00eb t\u00ebr\u00eb kjo n\u00eb momentin kur un\u00eb \u00ebsht\u00eb dashtur t\u00eb marr vot\u00ebbesimin p\u00ebr mandatin e dyt\u00eb. K\u00ebte do ta d\u00ebshmoj\u00eb koha!<\/p>\n<p>T\u00eb dashur motra dhe v\u00ebllez\u00ebr,<\/p>\n<p>Mendoj se e kund\u00ebrta e dashuris\u00eb nuk \u00ebsht\u00eb urrejtja, ne nuk duhet t\u00eb urejm\u00eb, nuk duhet t\u00eb ndahemi.<\/p>\n<p>Une dua t\u00eb vazhdoj t\u00eb jetoj n\u00eb k\u00ebt\u00eb qytet jo vet\u00ebm si nj\u00eb njeri q\u00eb ka qen\u00eb n\u00eb krye t\u00eb k\u00ebsaj komune, por si nj\u00eb qytetar i \u00a0ndersh\u00ebm me qytetarin\u00eb q\u00eb e karakterizon \u00e7do ulqinak.<\/p>\n<p>Besimi i b\u00ebn gj\u00ebrat t\u00eb mundura, nd\u00ebrsa dashuria t\u00eb lehta.<\/p>\n<p>Me nj\u00eb p\u00ebrsh\u00ebndetje t\u00eb p\u00ebrzem\u00ebrt, falenderoj t\u00eb gjith\u00eb ata q\u00eb m\u00eb kan\u00eb p\u00ebrkrahur.<\/p>\n<p>E p\u00ebrs\u00ebris at\u00eb q\u00eb shpesh ia kam p\u00ebrs\u00ebritur edhe kund\u00ebrshtar\u00ebve politik &#8211;<\/p>\n<p>e r\u00ebnd\u00ebsishme \u00ebsht\u00eb t\u00eb punojm\u00eb s\u00ebbashku. Sepse vet\u00ebm bashk\u00eb do t\u00eb b\u00ebjm\u00eb t\u00eb mundur ndryshimin e madh p\u00ebr Ulqinin dhe se vet\u00ebm bashk\u00eb do t\u00eb krenohemi p\u00ebr Ulqinin evropian.<\/p>\n<p>P\u00ebrsa m\u00eb p\u00ebrket mua ju siguroj se pa marr parasysh n\u00eb cilin pozicion do t\u00eb jem, un\u00eb do t\u00eb jem partner me pushtetin dhe me gjith\u00eb ata q\u00eb t\u00eb vetmin q\u00ebllim kan\u00eb p\u00ebrparimin e qytetit ton\u00eb<\/p>\n<p>Faleminderit t\u00eb nderuar qytetar p\u00ebr v\u00ebmendjen e treguar, faleminderit edhe \u00a0ju p\u00ebrfaqesues t\u00eb medijeve!<\/p>\n<p><strong>Municipality of Ulcinj \/ Ulqin &#8211; Arsllan Hajdinaga<\/strong><\/p>\n","protected":false},"excerpt":{"rendered":"<p>T\u00eb nderuar zonja dhe zot\u00ebrinj, t\u00eb dashur bashk\u00ebqytetar\u00eb, e dashura rini q\u00eb\u00a0 p\u00ebrher\u00eb m\u00eb ke p\u00ebrkrahur e m\u00eb ke b\u00ebr\u00eb q\u00eb t\u00eb ndihem i ri, energjik dhe plot shpres\u00eb. Sot jan\u00eb b\u00ebr\u00eb pes\u00eb vjet nga momenti kur ju t\u00eb nderuar qytetar\u00eb n\u00eb zgjedhjet e para e t\u00eb lira m\u00eb dhat\u00eb vot\u00ebbesimin q\u00eb t\u00eb udh\u00ebheq Komun\u00ebn [&hellip;]<\/p>\n","protected":false},"author":1,"featured_media":0,"comment_status":"open","ping_status":"closed","sticky":false,"template":"","format":"standard","meta":{"spay_email":"","jetpack_publicize_message":"","jetpack_is_tweetstorm":false,"jetpack_publicize_feature_enabled":true},"categories":[1,6950,14249],"tags":[222,115],"jetpack_publicize_connections":[],"yoast_head":"<!-- This site is optimized with the Yoast SEO plugin v19.1 - https:\/\/yoast.com\/wordpress\/plugins\/seo\/ -->\n<title>Konferenca p\u00ebr Media e G\u00ebzim Hajdinag\u00ebs - 27.09.2011 - Lajme nga Ulqini<\/title>\n<meta name=\"description\" content=\"T\u00eb nderuar zonja dhe zot\u00ebrinj, t\u00eb dashur bashk\u00ebqytetar\u00eb, e dashura rini q\u00eb\u00a0 p\u00ebrher\u00eb m\u00eb ke p\u00ebrkrahur e m\u00eb ke b\u00ebr\u00eb q\u00eb t\u00eb ndihem i ri, energjik dhe plot\" \/>\n<meta name=\"robots\" content=\"index, follow, max-snippet:-1, max-image-preview:large, max-video-preview:-1\" \/>\n<link rel=\"canonical\" href=\"https:\/\/www.visit-ulcinj.com\/blog\/2011\/09\/27\/konferenca-per-media-e-gezim-hajdinages-27-09-2011\/\" \/>\n<meta property=\"og:locale\" content=\"en_US\" \/>\n<meta property=\"og:type\" content=\"article\" \/>\n<meta property=\"og:title\" content=\"Konferenca p\u00ebr Media e G\u00ebzim Hajdinag\u00ebs - 27.09.2011 - Lajme nga Ulqini\" \/>\n<meta property=\"og:description\" content=\"T\u00eb nderuar zonja dhe zot\u00ebrinj, t\u00eb dashur bashk\u00ebqytetar\u00eb, e dashura rini q\u00eb\u00a0 p\u00ebrher\u00eb m\u00eb ke p\u00ebrkrahur e m\u00eb ke b\u00ebr\u00eb q\u00eb t\u00eb ndihem i ri, energjik dhe plot\" \/>\n<meta property=\"og:url\" content=\"https:\/\/www.visit-ulcinj.com\/blog\/2011\/09\/27\/konferenca-per-media-e-gezim-hajdinages-27-09-2011\/\" \/>\n<meta property=\"og:site_name\" content=\"Lajme nga Ulqini\" \/>\n<meta property=\"article:published_time\" content=\"2011-09-27T13:28:24+00:00\" \/>\n<meta property=\"article:modified_time\" content=\"2011-10-10T20:44:15+00:00\" \/>\n<meta property=\"og:image\" content=\"http:\/\/www.visit-ulcinj.com\/blog\/wp-content\/uploads\/2011\/09\/Konferenca-p%C3%ABr-Media-e-G%C3%ABzim-Hajdinag%C3%ABs-27.09.2011_Ulqin.1.jpg\" \/>\n<meta name=\"twitter:label1\" content=\"Written by\" \/>\n\t<meta name=\"twitter:data1\" content=\"ulqini\" \/>\n\t<meta name=\"twitter:label2\" content=\"Est. reading time\" \/>\n\t<meta name=\"twitter:data2\" content=\"11 minutes\" \/>\n<script type=\"application\/ld+json\" class=\"yoast-schema-graph\">{\"@context\":\"https:\/\/schema.org\",\"@graph\":[{\"@type\":\"WebSite\",\"@id\":\"https:\/\/www.visit-ulcinj.com\/blog\/#website\",\"url\":\"https:\/\/www.visit-ulcinj.com\/blog\/\",\"name\":\"Lajme nga Ulqini\",\"description\":\"Lajme,Vijesti,Ulqini,Ulqin,Crna Gora,Mali i Zi\",\"potentialAction\":[{\"@type\":\"SearchAction\",\"target\":{\"@type\":\"EntryPoint\",\"urlTemplate\":\"https:\/\/www.visit-ulcinj.com\/blog\/?s={search_term_string}\"},\"query-input\":\"required name=search_term_string\"}],\"inLanguage\":\"en-US\"},{\"@type\":\"ImageObject\",\"inLanguage\":\"en-US\",\"@id\":\"https:\/\/www.visit-ulcinj.com\/blog\/2011\/09\/27\/konferenca-per-media-e-gezim-hajdinages-27-09-2011\/#primaryimage\",\"url\":\"http:\/\/www.visit-ulcinj.com\/blog\/wp-content\/uploads\/2011\/09\/Konferenca-p%C3%ABr-Media-e-G%C3%ABzim-Hajdinag%C3%ABs-27.09.2011_Ulqin.1.jpg\",\"contentUrl\":\"http:\/\/www.visit-ulcinj.com\/blog\/wp-content\/uploads\/2011\/09\/Konferenca-p%C3%ABr-Media-e-G%C3%ABzim-Hajdinag%C3%ABs-27.09.2011_Ulqin.1.jpg\"},{\"@type\":\"WebPage\",\"@id\":\"https:\/\/www.visit-ulcinj.com\/blog\/2011\/09\/27\/konferenca-per-media-e-gezim-hajdinages-27-09-2011\/#webpage\",\"url\":\"https:\/\/www.visit-ulcinj.com\/blog\/2011\/09\/27\/konferenca-per-media-e-gezim-hajdinages-27-09-2011\/\",\"name\":\"Konferenca p\u00ebr Media e G\u00ebzim Hajdinag\u00ebs - 27.09.2011 - Lajme nga Ulqini\",\"isPartOf\":{\"@id\":\"https:\/\/www.visit-ulcinj.com\/blog\/#website\"},\"primaryImageOfPage\":{\"@id\":\"https:\/\/www.visit-ulcinj.com\/blog\/2011\/09\/27\/konferenca-per-media-e-gezim-hajdinages-27-09-2011\/#primaryimage\"},\"datePublished\":\"2011-09-27T13:28:24+00:00\",\"dateModified\":\"2011-10-10T20:44:15+00:00\",\"author\":{\"@id\":\"https:\/\/www.visit-ulcinj.com\/blog\/#\/schema\/person\/dcab619c614d3038751c63bc2aadc06d\"},\"description\":\"T\u00eb nderuar zonja dhe zot\u00ebrinj, t\u00eb dashur bashk\u00ebqytetar\u00eb, e dashura rini q\u00eb\u00a0 p\u00ebrher\u00eb m\u00eb ke p\u00ebrkrahur e m\u00eb ke b\u00ebr\u00eb q\u00eb t\u00eb ndihem i ri, energjik dhe plot\",\"breadcrumb\":{\"@id\":\"https:\/\/www.visit-ulcinj.com\/blog\/2011\/09\/27\/konferenca-per-media-e-gezim-hajdinages-27-09-2011\/#breadcrumb\"},\"inLanguage\":\"en-US\",\"potentialAction\":[{\"@type\":\"ReadAction\",\"target\":[\"https:\/\/www.visit-ulcinj.com\/blog\/2011\/09\/27\/konferenca-per-media-e-gezim-hajdinages-27-09-2011\/\"]}]},{\"@type\":\"BreadcrumbList\",\"@id\":\"https:\/\/www.visit-ulcinj.com\/blog\/2011\/09\/27\/konferenca-per-media-e-gezim-hajdinages-27-09-2011\/#breadcrumb\",\"itemListElement\":[{\"@type\":\"ListItem\",\"position\":1,\"name\":\"Konferenca p\u00ebr Media e G\u00ebzim Hajdinag\u00ebs &#8211; 27.09.2011\"}]},{\"@type\":\"Person\",\"@id\":\"https:\/\/www.visit-ulcinj.com\/blog\/#\/schema\/person\/dcab619c614d3038751c63bc2aadc06d\",\"name\":\"ulqini\",\"sameAs\":[\"http:\/\/www.visit-ulcinj.com\"],\"url\":\"https:\/\/www.visit-ulcinj.com\/blog\/author\/admin\/\"}]}<\/script>\n<!-- \/ Yoast SEO plugin. -->","yoast_head_json":{"title":"Konferenca p\u00ebr Media e G\u00ebzim Hajdinag\u00ebs - 27.09.2011 - Lajme nga Ulqini","description":"T\u00eb nderuar zonja dhe zot\u00ebrinj, t\u00eb dashur bashk\u00ebqytetar\u00eb, e dashura rini q\u00eb\u00a0 p\u00ebrher\u00eb m\u00eb ke p\u00ebrkrahur e m\u00eb ke b\u00ebr\u00eb q\u00eb t\u00eb ndihem i ri, energjik dhe plot","robots":{"index":"index","follow":"follow","max-snippet":"max-snippet:-1","max-image-preview":"max-image-preview:large","max-video-preview":"max-video-preview:-1"},"canonical":"https:\/\/www.visit-ulcinj.com\/blog\/2011\/09\/27\/konferenca-per-media-e-gezim-hajdinages-27-09-2011\/","og_locale":"en_US","og_type":"article","og_title":"Konferenca p\u00ebr Media e G\u00ebzim Hajdinag\u00ebs - 27.09.2011 - Lajme nga Ulqini","og_description":"T\u00eb nderuar zonja dhe zot\u00ebrinj, t\u00eb dashur bashk\u00ebqytetar\u00eb, e dashura rini q\u00eb\u00a0 p\u00ebrher\u00eb m\u00eb ke p\u00ebrkrahur e m\u00eb ke b\u00ebr\u00eb q\u00eb t\u00eb ndihem i ri, energjik dhe plot","og_url":"https:\/\/www.visit-ulcinj.com\/blog\/2011\/09\/27\/konferenca-per-media-e-gezim-hajdinages-27-09-2011\/","og_site_name":"Lajme nga Ulqini","article_published_time":"2011-09-27T13:28:24+00:00","article_modified_time":"2011-10-10T20:44:15+00:00","og_image":[{"url":"http:\/\/www.visit-ulcinj.com\/blog\/wp-content\/uploads\/2011\/09\/Konferenca-p%C3%ABr-Media-e-G%C3%ABzim-Hajdinag%C3%ABs-27.09.2011_Ulqin.1.jpg"}],"twitter_misc":{"Written by":"ulqini","Est. reading time":"11 minutes"},"schema":{"@context":"https:\/\/schema.org","@graph":[{"@type":"WebSite","@id":"https:\/\/www.visit-ulcinj.com\/blog\/#website","url":"https:\/\/www.visit-ulcinj.com\/blog\/","name":"Lajme nga Ulqini","description":"Lajme,Vijesti,Ulqini,Ulqin,Crna Gora,Mali i Zi","potentialAction":[{"@type":"SearchAction","target":{"@type":"EntryPoint","urlTemplate":"https:\/\/www.visit-ulcinj.com\/blog\/?s={search_term_string}"},"query-input":"required name=search_term_string"}],"inLanguage":"en-US"},{"@type":"ImageObject","inLanguage":"en-US","@id":"https:\/\/www.visit-ulcinj.com\/blog\/2011\/09\/27\/konferenca-per-media-e-gezim-hajdinages-27-09-2011\/#primaryimage","url":"http:\/\/www.visit-ulcinj.com\/blog\/wp-content\/uploads\/2011\/09\/Konferenca-p%C3%ABr-Media-e-G%C3%ABzim-Hajdinag%C3%ABs-27.09.2011_Ulqin.1.jpg","contentUrl":"http:\/\/www.visit-ulcinj.com\/blog\/wp-content\/uploads\/2011\/09\/Konferenca-p%C3%ABr-Media-e-G%C3%ABzim-Hajdinag%C3%ABs-27.09.2011_Ulqin.1.jpg"},{"@type":"WebPage","@id":"https:\/\/www.visit-ulcinj.com\/blog\/2011\/09\/27\/konferenca-per-media-e-gezim-hajdinages-27-09-2011\/#webpage","url":"https:\/\/www.visit-ulcinj.com\/blog\/2011\/09\/27\/konferenca-per-media-e-gezim-hajdinages-27-09-2011\/","name":"Konferenca p\u00ebr Media e G\u00ebzim Hajdinag\u00ebs - 27.09.2011 - Lajme nga Ulqini","isPartOf":{"@id":"https:\/\/www.visit-ulcinj.com\/blog\/#website"},"primaryImageOfPage":{"@id":"https:\/\/www.visit-ulcinj.com\/blog\/2011\/09\/27\/konferenca-per-media-e-gezim-hajdinages-27-09-2011\/#primaryimage"},"datePublished":"2011-09-27T13:28:24+00:00","dateModified":"2011-10-10T20:44:15+00:00","author":{"@id":"https:\/\/www.visit-ulcinj.com\/blog\/#\/schema\/person\/dcab619c614d3038751c63bc2aadc06d"},"description":"T\u00eb nderuar zonja dhe zot\u00ebrinj, t\u00eb dashur bashk\u00ebqytetar\u00eb, e dashura rini q\u00eb\u00a0 p\u00ebrher\u00eb m\u00eb ke p\u00ebrkrahur e m\u00eb ke b\u00ebr\u00eb q\u00eb t\u00eb ndihem i ri, energjik dhe plot","breadcrumb":{"@id":"https:\/\/www.visit-ulcinj.com\/blog\/2011\/09\/27\/konferenca-per-media-e-gezim-hajdinages-27-09-2011\/#breadcrumb"},"inLanguage":"en-US","potentialAction":[{"@type":"ReadAction","target":["https:\/\/www.visit-ulcinj.com\/blog\/2011\/09\/27\/konferenca-per-media-e-gezim-hajdinages-27-09-2011\/"]}]},{"@type":"BreadcrumbList","@id":"https:\/\/www.visit-ulcinj.com\/blog\/2011\/09\/27\/konferenca-per-media-e-gezim-hajdinages-27-09-2011\/#breadcrumb","itemListElement":[{"@type":"ListItem","position":1,"name":"Konferenca p\u00ebr Media e G\u00ebzim Hajdinag\u00ebs &#8211; 27.09.2011"}]},{"@type":"Person","@id":"https:\/\/www.visit-ulcinj.com\/blog\/#\/schema\/person\/dcab619c614d3038751c63bc2aadc06d","name":"ulqini","sameAs":["http:\/\/www.visit-ulcinj.com"],"url":"https:\/\/www.visit-ulcinj.com\/blog\/author\/admin\/"}]}},"jetpack_featured_media_url":"","jetpack_sharing_enabled":true,"jetpack_shortlink":"https:\/\/wp.me\/pe6lTn-dok","_links":{"self":[{"href":"https:\/\/www.visit-ulcinj.com\/blog\/wp-json\/wp\/v2\/posts\/51480"}],"collection":[{"href":"https:\/\/www.visit-ulcinj.com\/blog\/wp-json\/wp\/v2\/posts"}],"about":[{"href":"https:\/\/www.visit-ulcinj.com\/blog\/wp-json\/wp\/v2\/types\/post"}],"author":[{"embeddable":true,"href":"https:\/\/www.visit-ulcinj.com\/blog\/wp-json\/wp\/v2\/users\/1"}],"replies":[{"embeddable":true,"href":"https:\/\/www.visit-ulcinj.com\/blog\/wp-json\/wp\/v2\/comments?post=51480"}],"version-history":[{"count":4,"href":"https:\/\/www.visit-ulcinj.com\/blog\/wp-json\/wp\/v2\/posts\/51480\/revisions"}],"predecessor-version":[{"id":51991,"href":"https:\/\/www.visit-ulcinj.com\/blog\/wp-json\/wp\/v2\/posts\/51480\/revisions\/51991"}],"wp:attachment":[{"href":"https:\/\/www.visit-ulcinj.com\/blog\/wp-json\/wp\/v2\/media?parent=51480"}],"wp:term":[{"taxonomy":"category","embeddable":true,"href":"https:\/\/www.visit-ulcinj.com\/blog\/wp-json\/wp\/v2\/categories?post=51480"},{"taxonomy":"post_tag","embeddable":true,"href":"https:\/\/www.visit-ulcinj.com\/blog\/wp-json\/wp\/v2\/tags?post=51480"}],"curies":[{"name":"wp","href":"https:\/\/api.w.org\/{rel}","templated":true}]}}