{"id":51487,"date":"2011-09-27T14:44:32","date_gmt":"2011-09-27T13:44:32","guid":{"rendered":"http:\/\/www.visit-ulcinj.com\/blog\/?p=51487"},"modified":"2011-09-27T14:46:16","modified_gmt":"2011-09-27T13:46:16","slug":"press-konferencija-gzima-hajdinage-27-09-2011","status":"publish","type":"post","link":"https:\/\/www.visit-ulcinj.com\/blog\/2011\/09\/27\/press-konferencija-gzima-hajdinage-27-09-2011\/","title":{"rendered":"Press konferencija Gzima Hajdinage &#8211; 27.09.2011"},"content":{"rendered":"<p><strong><a href=\"http:\/\/www.visit-ulcinj.com\/blog\/wp-content\/uploads\/2011\/09\/Press-konferencija-Gzima-Hajdinage-27.09.2011_Ulcinj.jpg\"><img loading=\"lazy\" class=\"alignleft size-full wp-image-51488\" title=\"Press konferencija Gzima Hajdinage - 27.09.2011_Ulcinj\" src=\"http:\/\/www.visit-ulcinj.com\/blog\/wp-content\/uploads\/2011\/09\/Press-konferencija-Gzima-Hajdinage-27.09.2011_Ulcinj.jpg\" alt=\"\" width=\"508\" height=\"380\" \/><\/a>Dame i gospodo, po\u0161tovani sugra\u0111ani, draga omladino, dragi prijatelji, \u00a0\u00a0<\/strong><\/p>\n<p>Danas se navr\u0161ava 5 godina od kada su gra\u0111ani na prvim neposrednim izborima mandat dali meni da budem na \u010delu ulcinjske op\u0161tine. Na ovim izborima sam ubjedljivo pobijedio svoje protiv kandidate dok sam u drugom krugu dobio preko 6300 glasova, daleko vi\u0161e od protivkandita iz drugog kruga.<\/p>\n<p>Za mene je ova pobjeda prestavljala veliku \u010dast ali odgovornost.\u00a0 Trudio sam se da posao predsjednika op\u0161tine obavljam \u010dasno, nepristrasno i profesionalno u skladu sa zakonom. Ostaje na vama da ocijenite moj rad, postignute rezultate izvr\u0161ne vlasti.<\/p>\n<p>Vi te dragi gra\u0111ani dali svoj sud o na\u0161im uspjesima tokom izbora na kojim je Demokratska unija Albanac i ja kao nosilac liste oduvijek bilje\u017ei rast glasova.<\/p>\n<p>Tokom proteklog perioda radili smo zajedno i ispunjavali obe\u0107anja. Zahvalju\u0107i zajedni\u010dkom anga\u017eovanju svih nas Ulcinj je danas grad evropskih vrijednosti i standarda, grad u kome je odr\u017eivi razvoj uskla\u0111en sa prirodnim ljepotama, grad u kome je privilegija \u017eivjeti, raditi i do\u010dekivati goste i prijatelje.<\/p>\n<p>Ja li\u010dno nikad nijesam u potpunosti bio zadovoljan ostvarenim rezultatima i uvijek sam tra\u017eio vi\u0161e. Suo\u010davali smo sa velikim pote\u0161ko\u0107ama po\u010dev\u0161i od prirodnih nepogoda i poplava, ekonomske krize i neosnovanih kritika od strane opozicije koja se permanentnog trudila da ugrozi svaki projekat, kojoj su smetale svaki ostvareni rezultat a povrh svega sam im smetao ja li\u010dno.<br \/>\n<a href=\"http:\/\/www.visit-ulcinj.com\/blog\/wp-content\/uploads\/2011\/09\/Press-konferencija-Gzima-Hajdinage-27.09.2011_Ulcinj.1.jpg\"><img loading=\"lazy\" class=\"alignleft size-full wp-image-51489\" title=\"Press konferencija Gzima Hajdinage - 27.09.2011_Ulcinj.1\" src=\"http:\/\/www.visit-ulcinj.com\/blog\/wp-content\/uploads\/2011\/09\/Press-konferencija-Gzima-Hajdinage-27.09.2011_Ulcinj.1.jpg\" alt=\"\" width=\"508\" height=\"330\" \/><\/a><\/p>\n<p>I pored svega toga, mi smo uspjeli da realizujemo ve\u0107inu na\u0161ih obe\u0107anja uz pomo\u0107 velike podr\u0161ke Vlade Crne Gore premija \u0160turanovi\u0107a, \u0110ukanovi\u0107a i Luk\u0161i\u0107a.<\/p>\n<p>Da bismo naveli na\u0161e rezultate potrebno je puno vremena, mnogi od njih su vidljivi i lako zapa\u017eljivi. Ivestirano je u putnu infrastrukturu u gradu i na seoskom podru\u010dju.<\/p>\n<p>Uz pomo\u0107 Direkcije za javne radove asfaltirano je preko 30 kilometara puteva i ulica, tokom ovih danas radi se na asfaltiranju u Kodrama i Sukobinu. Ivestirana su velika sredstava u obnovi trotoara.<\/p>\n<p>Trudili smo se da popravimo stanje u svim oblastima!<\/p>\n<p>Po\u010deli smo od urbanizma gdje je stanje bilo veoma nepovoljno. Mo\u017ee se re\u0107i da smo po\u010deli od nule.<\/p>\n<p>Uspjeli smo kompletirati i usvojiti generalni urbanisti\u010dki plan povr\u0161ine 708 hektara koji je ujedno i prvi plan usvojen u Ulcinju nakon dugog niza godina.<\/p>\n<p>Usvojen je detaljni urbanisti\u010dki plan za Toto\u0161e, zavr\u0161en je urbanisti\u010dki projekat za Pristan i nalazi se kod ministarstva gdje \u010deka saglasnost.<\/p>\n<p>Tokom proteklog perioda zavr\u0161ena je izrada 8 detalnjih urbanisti\u010dkih planova : Pinje\u0161 1 i 2, Pristan, Meteriz 1, 2 i 3 kao i Meraja 1 i 2. Ostalo je jo\u0161 samo da dobiju saglasnost od nadle\u017enog ministarstva.<\/p>\n<p>Tokom na\u0161eg mandata radili smo puno studija lokacije od kojih dvije za nove benzinske pumpe u Anamalskom podru\u010dju, kao i za turisti\u010dka naselja Liman 2 i Zoganje. Mislili smo i na \u0161irenje grada i razvoj ruralnih podru\u010dja. Vo\u0111eni tim ciljem izradili smo detaljni urbanisti\u010dki plan za Ulcinjsko polje i 2 studije o lokaciji za razvoj turizma za zonu \u0160askog jezera.<\/p>\n<p>Stvorili smo uslove za produ\u017eetak bulevara Majke Tereze od Doma zdravlja do Komunalnog preduze\u0107a kao i uslove za turisti\u010dku valorizaciju Kru\u010da.<\/p>\n<p><a href=\"http:\/\/www.visit-ulcinj.com\/blog\/wp-content\/uploads\/2011\/09\/Press-konferencija-Gzima-Hajdinage-27.09.2011_Ulcinj.2.jpg\"><img loading=\"lazy\" class=\"alignleft size-full wp-image-51490\" title=\"Press konferencija Gzima Hajdinage - 27.09.2011_Ulcinj.2\" src=\"http:\/\/www.visit-ulcinj.com\/blog\/wp-content\/uploads\/2011\/09\/Press-konferencija-Gzima-Hajdinage-27.09.2011_Ulcinj.2.jpg\" alt=\"\" width=\"508\" height=\"330\" \/><\/a><\/p>\n<p>O\u010duvanje i valorizacije kulturnog naslje\u0111a i istorije je oduvijek bio na\u0161 prioritet.<\/p>\n<p>Ponosan sam \u0161to smo kaldrmisali centar grada, da danas imamo Trg Maslina i otpo\u010deli restauraciju davno zaboravljenih javnih \u010desmi.<\/p>\n<p>Uspostavili smo veoma uspje\u0161nu komunikaciju sa vjerskim zajednicama odgovaraju\u0107i na njihove zahtjeve posebno onih za povra\u0107aj zemlji\u0161ta \u0161to je i omogu\u0107ilo, izme\u0111u ostalih, obnovu d\u017eamije Pomoraca na Maloj pla\u017ei.<\/p>\n<p>Dame i gospodo, danas je glavna gradska ulica asfaltirana, osvjetljena, sa modernim trotoarima i drve\u0107em nalik svakoj evropskoj metropoli. Rije\u010di hvale za ovaj poduhvat dobili smo ne samo od na\u0161ih gra\u0111ana ve\u0107 i od brojnih gostiju.<\/p>\n<p>Pristan je oduvijek bio u na\u0161em fokusu. Uspjeli samo da jednom zauvijek otklonimo zar\u0111ale metalne objekte. Pristan danas krasi jedan kapitalni objekat \u2013 lu\u010dica Kaceme sa vrijednos\u0107u od preko milion eura<\/p>\n<p>I pored \u017ee\u0161tokog uticaja krize mi smo uspjeli da promovi\u0161emo grad u cilju priprema za ljetnju turisti\u010dku sezonu. Vrijeme je dokazalo da smo dobro radili. Ulcinj je zadnji godina bilje\u017eio rekordne sezone u zadnje dvije decenije.<\/p>\n<p>Pomogali smo javnim preduze\u0107ima, vozni park vatrogasne slu\u017ebe sada ima moderna vozila dok je dom zdravlja uz pomo\u0107 na\u0161e dijaspore dobio 2 vozila hitne pomo\u0107i.<\/p>\n<p>Vodili smo veoma intenzivnu me\u0111unardnu saradnju . Tokom proteklog perioda ulcinj je pro\u0161irio mre\u017eu gradova pobratima. Bili smo anga\u017eovani i na privla\u010denju evropskih fondova gdje sa zadovoljstvom \u017eelim da konstatujem da \u0107e op\u0161tina Ulcinj primiti grant u iznosu od 230.000 eura za pove\u0107anje kapaciteta komunalnog preduze\u0107a u konketnom slu\u010daju kupovinu kamiona za \u010di\u0161\u0107enje Velike pla\u017ee.<\/p>\n<p>Mislim da dijelimo mi\u0161ljenje da je u proteklom periodu u Ulcinju realizovano na desetine kuturnih aktivnosti od velike vrijednosti.<\/p>\n<p>U nastavku \u017eelim da navedem nekoliko kapitalnih projekata koji su u\u0161li u fazu realizacije:<\/p>\n<p>Most na port Milen, od opozicije \u017eestoko kritikovan projekat, vrijednosti 14 miliona eura, svakog dana sve vidljiviji.<\/p>\n<p>Regionalni vodovod, veoma zna\u010dajan projekat u funkciji od sljede\u0107e godine.<\/p>\n<p>Sanitarna deponija tako\u0111e projekat koji po\u010dinje realizaciju i koji \u0107e omogu\u0107iti odlaganje otpada saglasno standardima.<\/p>\n<p>Ana\u017eovanje za standardizaciju i pro\u0161irenje putnog pravca Ulcinj-Sukobin na kome se predano radi i za koji je zavr\u0161en elaborat o ekproprijaciji od strane op\u0161tine. Izgradnja sportskog centra je tako\u0111e bio na\u0161 permanentni zathjev za \u010diju smo realizaciju stvorili neophodne uslove.<br \/>\n<a href=\"http:\/\/www.visit-ulcinj.com\/blog\/wp-content\/uploads\/2011\/09\/Press-konferencija-Gzima-Hajdinage-27.09.2011_Ulcinj.3.jpg\"><img loading=\"lazy\" class=\"alignleft size-full wp-image-51491\" title=\"Press konferencija Gzima Hajdinage - 27.09.2011_Ulcinj.3\" src=\"http:\/\/www.visit-ulcinj.com\/blog\/wp-content\/uploads\/2011\/09\/Press-konferencija-Gzima-Hajdinage-27.09.2011_Ulcinj.3.jpg\" alt=\"\" width=\"508\" height=\"330\" \/><\/a><\/p>\n<p>Dragi sugra\u0111ani, \u017eelim da budem iskren sa vama. Imao sam veliku \u017eelju da zapo\u010dete projekte zajedno realizujemo. U zadnjem trenutku kada je sve bilo dogovoreno i definisano koalicionim sporazumom i kada sam ja trebao da budem kandidat za predsjednika op\u0161tine, 4 odbornika Demokratske unije Albanaca napu\u0161taju nas i prave novu ve\u0107inu sa opozicijom.<\/p>\n<p>Ne znam koliko je vrijedno baviti se njima, bili su moji saradnici tokom dugog niza godina. Po\u0161tovao sam ih i mislio sam da i oni po\u0161tuju mene. Vrijeme je pokazalo suprotno. Nijesam to o\u010dekivao od njih.<\/p>\n<p>Ne \u017eelim da opravdavam sam sebe ali svi \u017eitelji Anamalskog podru\u010dja dobro znaju anga\u017eovanje vladaju\u0107e kolicije i meni li\u010dno za ovo podru\u010dje. To mi je bila obaveze ali i \u010dast. Vrijeme \u0107e pokazati kakve su ih bile namjere i za\u0161to se to desilo.<\/p>\n<p>Na kraju \u017eelim da se zahvalim svima na ukazanom povjerenju. Bez obzira koji posao \u0107u obavljati u budu\u0107nosti \u017eelim da saop\u0161tim da \u0107e u meni uvijek imati partnera spremnog za saradnju zarad dobrobiti na\u0161ih gra\u0111ana i op\u0161tine.<\/p>\n<p>Hvala vam na pa\u017enji dragi gra\u0111ani, zahvaljujem predstavnicima medija.<\/p>\n<p><strong>Municipality of Ulcinj \/ Ulqin \u2013 Arsllan Hajdinaga<\/strong><\/p>\n","protected":false},"excerpt":{"rendered":"<p>Dame i gospodo, po\u0161tovani sugra\u0111ani, draga omladino, dragi prijatelji, \u00a0\u00a0 Danas se navr\u0161ava 5 godina od kada su gra\u0111ani na prvim neposrednim izborima mandat dali meni da budem na \u010delu ulcinjske op\u0161tine. Na ovim izborima sam ubjedljivo pobijedio svoje protiv kandidate dok sam u drugom krugu dobio preko 6300 glasova, daleko vi\u0161e od protivkandita iz [&hellip;]<\/p>\n","protected":false},"author":1,"featured_media":0,"comment_status":"open","ping_status":"closed","sticky":false,"template":"","format":"standard","meta":{"spay_email":"","jetpack_publicize_message":"","jetpack_is_tweetstorm":false,"jetpack_publicize_feature_enabled":true},"categories":[8337],"tags":[140,19133,19],"jetpack_publicize_connections":[],"yoast_head":"<!-- This site is optimized with the Yoast SEO plugin v19.1 - https:\/\/yoast.com\/wordpress\/plugins\/seo\/ -->\n<title>Press konferencija Gzima Hajdinage - 27.09.2011 - Lajme nga Ulqini<\/title>\n<meta name=\"description\" content=\"Dame i gospodo, po\u0161tovani sugra\u0111ani, draga omladino, dragi prijatelji, \u00a0\u00a0 Danas se navr\u0161ava 5 godina od kada su gra\u0111ani na prvim neposrednim izborima\" \/>\n<meta name=\"robots\" content=\"index, follow, max-snippet:-1, max-image-preview:large, max-video-preview:-1\" \/>\n<link rel=\"canonical\" href=\"https:\/\/www.visit-ulcinj.com\/blog\/2011\/09\/27\/press-konferencija-gzima-hajdinage-27-09-2011\/\" \/>\n<meta property=\"og:locale\" content=\"en_US\" \/>\n<meta property=\"og:type\" content=\"article\" \/>\n<meta property=\"og:title\" content=\"Press konferencija Gzima Hajdinage - 27.09.2011 - Lajme nga Ulqini\" \/>\n<meta property=\"og:description\" content=\"Dame i gospodo, po\u0161tovani sugra\u0111ani, draga omladino, dragi prijatelji, \u00a0\u00a0 Danas se navr\u0161ava 5 godina od kada su gra\u0111ani na prvim neposrednim izborima\" \/>\n<meta property=\"og:url\" content=\"https:\/\/www.visit-ulcinj.com\/blog\/2011\/09\/27\/press-konferencija-gzima-hajdinage-27-09-2011\/\" \/>\n<meta property=\"og:site_name\" content=\"Lajme nga Ulqini\" \/>\n<meta property=\"article:published_time\" content=\"2011-09-27T13:44:32+00:00\" \/>\n<meta property=\"article:modified_time\" content=\"2011-09-27T13:46:16+00:00\" \/>\n<meta property=\"og:image\" content=\"http:\/\/www.visit-ulcinj.com\/blog\/wp-content\/uploads\/2011\/09\/Press-konferencija-Gzima-Hajdinage-27.09.2011_Ulcinj.jpg\" \/>\n<meta name=\"twitter:label1\" content=\"Written by\" \/>\n\t<meta name=\"twitter:data1\" content=\"ulqini\" \/>\n\t<meta name=\"twitter:label2\" content=\"Est. reading time\" \/>\n\t<meta name=\"twitter:data2\" content=\"6 minutes\" \/>\n<script type=\"application\/ld+json\" class=\"yoast-schema-graph\">{\"@context\":\"https:\/\/schema.org\",\"@graph\":[{\"@type\":\"WebSite\",\"@id\":\"https:\/\/www.visit-ulcinj.com\/blog\/#website\",\"url\":\"https:\/\/www.visit-ulcinj.com\/blog\/\",\"name\":\"Lajme nga Ulqini\",\"description\":\"Lajme,Vijesti,Ulqini,Ulqin,Crna Gora,Mali i Zi\",\"potentialAction\":[{\"@type\":\"SearchAction\",\"target\":{\"@type\":\"EntryPoint\",\"urlTemplate\":\"https:\/\/www.visit-ulcinj.com\/blog\/?s={search_term_string}\"},\"query-input\":\"required name=search_term_string\"}],\"inLanguage\":\"en-US\"},{\"@type\":\"ImageObject\",\"inLanguage\":\"en-US\",\"@id\":\"https:\/\/www.visit-ulcinj.com\/blog\/2011\/09\/27\/press-konferencija-gzima-hajdinage-27-09-2011\/#primaryimage\",\"url\":\"https:\/\/www.visit-ulcinj.com\/blog\/wp-content\/uploads\/2011\/09\/Press-konferencija-Gzima-Hajdinage-27.09.2011_Ulcinj.jpg\",\"contentUrl\":\"https:\/\/www.visit-ulcinj.com\/blog\/wp-content\/uploads\/2011\/09\/Press-konferencija-Gzima-Hajdinage-27.09.2011_Ulcinj.jpg\",\"width\":\"800\",\"height\":\"530\"},{\"@type\":\"WebPage\",\"@id\":\"https:\/\/www.visit-ulcinj.com\/blog\/2011\/09\/27\/press-konferencija-gzima-hajdinage-27-09-2011\/#webpage\",\"url\":\"https:\/\/www.visit-ulcinj.com\/blog\/2011\/09\/27\/press-konferencija-gzima-hajdinage-27-09-2011\/\",\"name\":\"Press konferencija Gzima Hajdinage - 27.09.2011 - Lajme nga Ulqini\",\"isPartOf\":{\"@id\":\"https:\/\/www.visit-ulcinj.com\/blog\/#website\"},\"primaryImageOfPage\":{\"@id\":\"https:\/\/www.visit-ulcinj.com\/blog\/2011\/09\/27\/press-konferencija-gzima-hajdinage-27-09-2011\/#primaryimage\"},\"datePublished\":\"2011-09-27T13:44:32+00:00\",\"dateModified\":\"2011-09-27T13:46:16+00:00\",\"author\":{\"@id\":\"https:\/\/www.visit-ulcinj.com\/blog\/#\/schema\/person\/dcab619c614d3038751c63bc2aadc06d\"},\"description\":\"Dame i gospodo, po\u0161tovani sugra\u0111ani, draga omladino, dragi prijatelji, \u00a0\u00a0 Danas se navr\u0161ava 5 godina od kada su gra\u0111ani na prvim neposrednim izborima\",\"breadcrumb\":{\"@id\":\"https:\/\/www.visit-ulcinj.com\/blog\/2011\/09\/27\/press-konferencija-gzima-hajdinage-27-09-2011\/#breadcrumb\"},\"inLanguage\":\"en-US\",\"potentialAction\":[{\"@type\":\"ReadAction\",\"target\":[\"https:\/\/www.visit-ulcinj.com\/blog\/2011\/09\/27\/press-konferencija-gzima-hajdinage-27-09-2011\/\"]}]},{\"@type\":\"BreadcrumbList\",\"@id\":\"https:\/\/www.visit-ulcinj.com\/blog\/2011\/09\/27\/press-konferencija-gzima-hajdinage-27-09-2011\/#breadcrumb\",\"itemListElement\":[{\"@type\":\"ListItem\",\"position\":1,\"name\":\"Press konferencija Gzima Hajdinage &#8211; 27.09.2011\"}]},{\"@type\":\"Person\",\"@id\":\"https:\/\/www.visit-ulcinj.com\/blog\/#\/schema\/person\/dcab619c614d3038751c63bc2aadc06d\",\"name\":\"ulqini\",\"sameAs\":[\"http:\/\/www.visit-ulcinj.com\"],\"url\":\"https:\/\/www.visit-ulcinj.com\/blog\/author\/admin\/\"}]}<\/script>\n<!-- \/ Yoast SEO plugin. -->","yoast_head_json":{"title":"Press konferencija Gzima Hajdinage - 27.09.2011 - Lajme nga Ulqini","description":"Dame i gospodo, po\u0161tovani sugra\u0111ani, draga omladino, dragi prijatelji, \u00a0\u00a0 Danas se navr\u0161ava 5 godina od kada su gra\u0111ani na prvim neposrednim izborima","robots":{"index":"index","follow":"follow","max-snippet":"max-snippet:-1","max-image-preview":"max-image-preview:large","max-video-preview":"max-video-preview:-1"},"canonical":"https:\/\/www.visit-ulcinj.com\/blog\/2011\/09\/27\/press-konferencija-gzima-hajdinage-27-09-2011\/","og_locale":"en_US","og_type":"article","og_title":"Press konferencija Gzima Hajdinage - 27.09.2011 - Lajme nga Ulqini","og_description":"Dame i gospodo, po\u0161tovani sugra\u0111ani, draga omladino, dragi prijatelji, \u00a0\u00a0 Danas se navr\u0161ava 5 godina od kada su gra\u0111ani na prvim neposrednim izborima","og_url":"https:\/\/www.visit-ulcinj.com\/blog\/2011\/09\/27\/press-konferencija-gzima-hajdinage-27-09-2011\/","og_site_name":"Lajme nga Ulqini","article_published_time":"2011-09-27T13:44:32+00:00","article_modified_time":"2011-09-27T13:46:16+00:00","og_image":[{"url":"http:\/\/www.visit-ulcinj.com\/blog\/wp-content\/uploads\/2011\/09\/Press-konferencija-Gzima-Hajdinage-27.09.2011_Ulcinj.jpg"}],"twitter_misc":{"Written by":"ulqini","Est. reading time":"6 minutes"},"schema":{"@context":"https:\/\/schema.org","@graph":[{"@type":"WebSite","@id":"https:\/\/www.visit-ulcinj.com\/blog\/#website","url":"https:\/\/www.visit-ulcinj.com\/blog\/","name":"Lajme nga Ulqini","description":"Lajme,Vijesti,Ulqini,Ulqin,Crna Gora,Mali i Zi","potentialAction":[{"@type":"SearchAction","target":{"@type":"EntryPoint","urlTemplate":"https:\/\/www.visit-ulcinj.com\/blog\/?s={search_term_string}"},"query-input":"required name=search_term_string"}],"inLanguage":"en-US"},{"@type":"ImageObject","inLanguage":"en-US","@id":"https:\/\/www.visit-ulcinj.com\/blog\/2011\/09\/27\/press-konferencija-gzima-hajdinage-27-09-2011\/#primaryimage","url":"https:\/\/www.visit-ulcinj.com\/blog\/wp-content\/uploads\/2011\/09\/Press-konferencija-Gzima-Hajdinage-27.09.2011_Ulcinj.jpg","contentUrl":"https:\/\/www.visit-ulcinj.com\/blog\/wp-content\/uploads\/2011\/09\/Press-konferencija-Gzima-Hajdinage-27.09.2011_Ulcinj.jpg","width":"800","height":"530"},{"@type":"WebPage","@id":"https:\/\/www.visit-ulcinj.com\/blog\/2011\/09\/27\/press-konferencija-gzima-hajdinage-27-09-2011\/#webpage","url":"https:\/\/www.visit-ulcinj.com\/blog\/2011\/09\/27\/press-konferencija-gzima-hajdinage-27-09-2011\/","name":"Press konferencija Gzima Hajdinage - 27.09.2011 - Lajme nga Ulqini","isPartOf":{"@id":"https:\/\/www.visit-ulcinj.com\/blog\/#website"},"primaryImageOfPage":{"@id":"https:\/\/www.visit-ulcinj.com\/blog\/2011\/09\/27\/press-konferencija-gzima-hajdinage-27-09-2011\/#primaryimage"},"datePublished":"2011-09-27T13:44:32+00:00","dateModified":"2011-09-27T13:46:16+00:00","author":{"@id":"https:\/\/www.visit-ulcinj.com\/blog\/#\/schema\/person\/dcab619c614d3038751c63bc2aadc06d"},"description":"Dame i gospodo, po\u0161tovani sugra\u0111ani, draga omladino, dragi prijatelji, \u00a0\u00a0 Danas se navr\u0161ava 5 godina od kada su gra\u0111ani na prvim neposrednim izborima","breadcrumb":{"@id":"https:\/\/www.visit-ulcinj.com\/blog\/2011\/09\/27\/press-konferencija-gzima-hajdinage-27-09-2011\/#breadcrumb"},"inLanguage":"en-US","potentialAction":[{"@type":"ReadAction","target":["https:\/\/www.visit-ulcinj.com\/blog\/2011\/09\/27\/press-konferencija-gzima-hajdinage-27-09-2011\/"]}]},{"@type":"BreadcrumbList","@id":"https:\/\/www.visit-ulcinj.com\/blog\/2011\/09\/27\/press-konferencija-gzima-hajdinage-27-09-2011\/#breadcrumb","itemListElement":[{"@type":"ListItem","position":1,"name":"Press konferencija Gzima Hajdinage &#8211; 27.09.2011"}]},{"@type":"Person","@id":"https:\/\/www.visit-ulcinj.com\/blog\/#\/schema\/person\/dcab619c614d3038751c63bc2aadc06d","name":"ulqini","sameAs":["http:\/\/www.visit-ulcinj.com"],"url":"https:\/\/www.visit-ulcinj.com\/blog\/author\/admin\/"}]}},"jetpack_featured_media_url":"","jetpack_sharing_enabled":true,"jetpack_shortlink":"https:\/\/wp.me\/pe6lTn-dor","_links":{"self":[{"href":"https:\/\/www.visit-ulcinj.com\/blog\/wp-json\/wp\/v2\/posts\/51487"}],"collection":[{"href":"https:\/\/www.visit-ulcinj.com\/blog\/wp-json\/wp\/v2\/posts"}],"about":[{"href":"https:\/\/www.visit-ulcinj.com\/blog\/wp-json\/wp\/v2\/types\/post"}],"author":[{"embeddable":true,"href":"https:\/\/www.visit-ulcinj.com\/blog\/wp-json\/wp\/v2\/users\/1"}],"replies":[{"embeddable":true,"href":"https:\/\/www.visit-ulcinj.com\/blog\/wp-json\/wp\/v2\/comments?post=51487"}],"version-history":[{"count":3,"href":"https:\/\/www.visit-ulcinj.com\/blog\/wp-json\/wp\/v2\/posts\/51487\/revisions"}],"predecessor-version":[{"id":51494,"href":"https:\/\/www.visit-ulcinj.com\/blog\/wp-json\/wp\/v2\/posts\/51487\/revisions\/51494"}],"wp:attachment":[{"href":"https:\/\/www.visit-ulcinj.com\/blog\/wp-json\/wp\/v2\/media?parent=51487"}],"wp:term":[{"taxonomy":"category","embeddable":true,"href":"https:\/\/www.visit-ulcinj.com\/blog\/wp-json\/wp\/v2\/categories?post=51487"},{"taxonomy":"post_tag","embeddable":true,"href":"https:\/\/www.visit-ulcinj.com\/blog\/wp-json\/wp\/v2\/tags?post=51487"}],"curies":[{"name":"wp","href":"https:\/\/api.w.org\/{rel}","templated":true}]}}