{"id":51504,"date":"2011-09-27T16:58:02","date_gmt":"2011-09-27T15:58:02","guid":{"rendered":"http:\/\/www.visit-ulcinj.com\/blog\/?p=51504"},"modified":"2011-10-03T11:33:34","modified_gmt":"2011-10-03T10:33:34","slug":"kumtes-e-koalicionit-ne-pushtet-ne-komunen-e-ulqinit","status":"publish","type":"post","link":"https:\/\/www.visit-ulcinj.com\/blog\/2011\/09\/27\/kumtes-e-koalicionit-ne-pushtet-ne-komunen-e-ulqinit\/","title":{"rendered":"Kumtes e koalicionit n\u00eb pushtet n\u00eb komun\u00ebn e Ulqinit &#8211; Video"},"content":{"rendered":"<p align=\"right\"><a href=\"http:\/\/www.visit-ulcinj.com\/blog\/wp-content\/uploads\/2011\/09\/Shumica-e-re-ne-Kuvendin-e-Komunes-se-Ulqinit_Nazif-CunguFatmir-GjekaSkender-ElezagaAmir-HolliKoalicioni-ne-Ulqin_KUMTES.jpg\"><img loading=\"lazy\" class=\"alignleft size-full wp-image-51505\" title=\"Shumica-e-re-ne-Kuvendin-e-Komunes-se-Ulqinit_Nazif-CunguFatmir-GjekaSkender-ElezagaAmir-HolliKoalicioni-ne-Ulqin_KUMTES\" src=\"http:\/\/www.visit-ulcinj.com\/blog\/wp-content\/uploads\/2011\/09\/Shumica-e-re-ne-Kuvendin-e-Komunes-se-Ulqinit_Nazif-CunguFatmir-GjekaSkender-ElezagaAmir-HolliKoalicioni-ne-Ulqin_KUMTES.jpg\" alt=\"\" width=\"508\" height=\"380\" \/><\/a>Ulqin, 27.09.2011<\/p>\n<p align=\"right\">153\/11<\/p>\n<p><strong>KUMTES\u00cb<\/strong><\/p>\n<p>Me rastin e tekstit e publikuar n\u00eb \u201cVijesti\u201d me, 27 shtator 2011, me titull &#8220;UDSH d\u00ebshiron t\u00eb d\u00ebbojn\u00eb aleat\u00ebt Cungut&#8221; n\u00eb em\u00ebr t\u00eb koalicionit n\u00eb pushtet n\u00eb komun\u00ebn e Ulqinit i japim k\u00ebt\u00eb deklarat\u00eb p\u00ebr opinion publik:<\/p>\n<p>Hapat e fundit d\u00ebshp\u00ebruese t\u00eb ish udh\u00ebheq\u00ebsve komunale, t\u00eb cil\u00ebt u ndruan legjitimist, po pasqyrohen me, gjoja heqjen e mandatit t\u00eb k\u00ebshilltarit Astrit Kurti. Kulminimi i d\u00ebshp\u00ebrimit paraqet gjoja mbledhja e komisionit zgjedhor komunal, n\u00eb t\u00eb cil\u00ebn nuk u ftuan an\u00ebtar\u00ebt e Forc\u00ebs, LD n\u00eb MZ-se, deg\u00ebs s\u00eb An\u00ebs malit. Fakti q\u00eb nuk jan\u00eb ftuar p\u00ebrfaq\u00ebsuesit e subjekteve politike t\u00eb lartp\u00ebrmendura nxit dyshim q\u00eb kjo mbledhje nuk \u00ebsht\u00eb mbajtur fare. Pavar\u00ebsisht gjith\u00eb k\u00ebsaj vendimet nuk mund t\u00eb prodhojn\u00eb ndonj\u00eb efekt juridik.<\/p>\n<p>Ishte e qart\u00eb se &#8220;dor\u00ebheqja e supozuar.&#8221; e\u00a0 z. Kurtit, \u00ebsht\u00eb e dorzuar nga Ali Rexha, k\u00ebshilltarit dhe kryetarit t\u00eb PPD-s\u00eb, i cili tashm\u00eb nj\u00eb vit po shkel ligjin mbi konfliktin e interesave, dhe mb\u00ebshtet\u00ebsit e tij n\u00eb tashm\u00eb ish-p\u00ebrmbajtjen e pushtetit komunal. K\u00ebto veprime po marrin karakter t\u00eb veprimtaris\u00eb kriminale, sepse \u00ebsht\u00eb e qart\u00eb se mandati i takon k\u00ebshilltarit dhe askush n\u00eb em\u00ebr t\u00eb tij nuk mund t\u00eb jap\u00eb dor\u00ebheqjen. P\u00ebr m\u00eb tep\u00ebr, z. Rexha mbeti vet\u00ebm edhe me q\u00ebndrimet e tija \u00a0dhe nuk ka p\u00ebrkrahje n\u00eb k\u00ebshillit qendror n\u00eb partin e tij.<\/p>\n<p>Vendimi i dyshimt\u00eb i Komisionit Komunal Zgjedhor\u00eb, mbledhja e t\u00eb cilit nuk \u00ebsht\u00eb mbajt, duke iu referuar dor\u00ebheqjen e k\u00ebshilltar i cili \u00ebsht\u00eb Kuvendi deklaroi se &#8220;Un\u00eb nuk kan\u00eb dh\u00ebn\u00eb dor\u00ebheqjen dhe mandatin e k\u00ebshilltarit e mbaj p\u00ebr vete. N\u00eb t\u00eb nj\u00ebjt\u00ebn mbledhje, Z. Ali Rexha, ka konfirmuar se ai e dor\u00ebzoi &#8220;dor\u00ebheqjen e supozuar&#8221; dhe se k\u00ebshilltari Astrit Kurti dor\u00ebheqjes me shkrim e ka n\u00ebnshkruar me rastin e marrjes s\u00eb mandatit me vitin 2010. \u00a0E megjithat\u00eb n\u00eb dor\u00ebheqjen e supozuar \u00ebsht\u00eb data 21.09.2111, \u00e7ka na nxit faktin q\u00eb b\u00ebhet fjal\u00eb p\u00ebr dokument t\u00eb falsifikuar.<\/p>\n<p>Fakti q\u00eb mbledhja e supozuar e komisionit zgjedhor nuk \u00ebsht\u00eb thirrur fare sugjeron mund\u00ebsin\u00eb e falsifikimit,\u00a0 \u00e7ka \u00ebsht\u00eb subjekt i ndjekjes penale.<\/p>\n<p>Dor\u00ebheqja e trilluar, me q\u00ebllim t\u00eb qart\u00eb t\u00eb revokimit t\u00eb mandatit k\u00ebshilltarit i cili u bashkua me shumic\u00ebn s\u00eb re t\u00eb Kuvendit, \u00ebsht\u00eb qart\u00eb hakmarrje e nivelit t\u00eb ul\u00ebt p\u00ebr mb\u00ebshtetjen e dh\u00ebn\u00eb koalicionit t\u00eb ri qeveris\u00ebse n\u00eb komun\u00ebs s\u00eb Ulqinit.<\/p>\n<p>Menj\u00ebher\u00eb pas marrjes q\u00eb postit t\u00eb kryetarit t\u00eb komun\u00ebs do t\u00eb jepim v\u00ebmendjen maksimale n\u00eb p\u00ebrcaktimin e fakteve n\u00ebse k\u00ebto aktivitete kan\u00eb elemente t\u00eb veprave penale q\u00eb jan\u00eb objekt i sanksioneve ligjore.<\/p>\n<p>&nbsp;<\/p>\n<p><strong>Kryetari i Klubit t\u00eb K\u00ebshilltar\u00ebve t\u00eb Forc\u00ebs<\/strong><\/p>\n<p><strong>Xhaudet Cakuli<\/strong><\/p>\n<!--YouTube Error: bad URL entered-->\n","protected":false},"excerpt":{"rendered":"<p>Ulqin, 27.09.2011 153\/11 KUMTES\u00cb Me rastin e tekstit e publikuar n\u00eb \u201cVijesti\u201d me, 27 shtator 2011, me titull &#8220;UDSH d\u00ebshiron t\u00eb d\u00ebbojn\u00eb aleat\u00ebt Cungut&#8221; n\u00eb em\u00ebr t\u00eb koalicionit n\u00eb pushtet n\u00eb komun\u00ebn e Ulqinit i japim k\u00ebt\u00eb deklarat\u00eb p\u00ebr opinion publik: Hapat e fundit d\u00ebshp\u00ebruese t\u00eb ish udh\u00ebheq\u00ebsve komunale, t\u00eb cil\u00ebt u ndruan legjitimist, po [&hellip;]<\/p>\n","protected":false},"author":1,"featured_media":0,"comment_status":"open","ping_status":"closed","sticky":false,"template":"","format":"standard","meta":{"spay_email":"","jetpack_publicize_message":"","jetpack_is_tweetstorm":false,"jetpack_publicize_feature_enabled":true},"categories":[6],"tags":[19134,18],"jetpack_publicize_connections":[],"yoast_head":"<!-- This site is optimized with the Yoast SEO plugin v19.1 - https:\/\/yoast.com\/wordpress\/plugins\/seo\/ -->\n<title>Kumtes e koalicionit n\u00eb pushtet n\u00eb komun\u00ebn e Ulqinit - Video - Lajme nga Ulqini<\/title>\n<meta name=\"description\" content=\"Ulqin, 27.09.2011 153\/11 KUMTES\u00cb Me rastin e tekstit e publikuar n\u00eb \u201cVijesti\u201d me, 27 shtator 2011, me titull &quot;UDSH d\u00ebshiron t\u00eb d\u00ebbojn\u00eb aleat\u00ebt Cungut&quot; n\u00eb\" \/>\n<meta name=\"robots\" content=\"index, follow, max-snippet:-1, max-image-preview:large, max-video-preview:-1\" \/>\n<link rel=\"canonical\" href=\"https:\/\/www.visit-ulcinj.com\/blog\/2011\/09\/27\/kumtes-e-koalicionit-ne-pushtet-ne-komunen-e-ulqinit\/\" \/>\n<meta property=\"og:locale\" content=\"en_US\" \/>\n<meta property=\"og:type\" content=\"article\" \/>\n<meta property=\"og:title\" content=\"Kumtes e koalicionit n\u00eb pushtet n\u00eb komun\u00ebn e Ulqinit - Video - Lajme nga Ulqini\" \/>\n<meta property=\"og:description\" content=\"Ulqin, 27.09.2011 153\/11 KUMTES\u00cb Me rastin e tekstit e publikuar n\u00eb \u201cVijesti\u201d me, 27 shtator 2011, me titull &quot;UDSH d\u00ebshiron t\u00eb d\u00ebbojn\u00eb aleat\u00ebt Cungut&quot; n\u00eb\" \/>\n<meta property=\"og:url\" content=\"https:\/\/www.visit-ulcinj.com\/blog\/2011\/09\/27\/kumtes-e-koalicionit-ne-pushtet-ne-komunen-e-ulqinit\/\" \/>\n<meta property=\"og:site_name\" content=\"Lajme nga Ulqini\" \/>\n<meta property=\"article:published_time\" content=\"2011-09-27T15:58:02+00:00\" \/>\n<meta property=\"article:modified_time\" content=\"2011-10-03T10:33:34+00:00\" \/>\n<meta property=\"og:image\" content=\"http:\/\/www.visit-ulcinj.com\/blog\/wp-content\/uploads\/2011\/09\/Shumica-e-re-ne-Kuvendin-e-Komunes-se-Ulqinit_Nazif-CunguFatmir-GjekaSkender-ElezagaAmir-HolliKoalicioni-ne-Ulqin_KUMTES.jpg\" \/>\n<meta name=\"twitter:label1\" content=\"Written by\" \/>\n\t<meta name=\"twitter:data1\" content=\"ulqini\" \/>\n\t<meta name=\"twitter:label2\" content=\"Est. reading time\" \/>\n\t<meta name=\"twitter:data2\" content=\"2 minutes\" \/>\n<script type=\"application\/ld+json\" class=\"yoast-schema-graph\">{\"@context\":\"https:\/\/schema.org\",\"@graph\":[{\"@type\":\"WebSite\",\"@id\":\"https:\/\/www.visit-ulcinj.com\/blog\/#website\",\"url\":\"https:\/\/www.visit-ulcinj.com\/blog\/\",\"name\":\"Lajme nga Ulqini\",\"description\":\"Lajme,Vijesti,Ulqini,Ulqin,Crna Gora,Mali i Zi\",\"potentialAction\":[{\"@type\":\"SearchAction\",\"target\":{\"@type\":\"EntryPoint\",\"urlTemplate\":\"https:\/\/www.visit-ulcinj.com\/blog\/?s={search_term_string}\"},\"query-input\":\"required name=search_term_string\"}],\"inLanguage\":\"en-US\"},{\"@type\":\"ImageObject\",\"inLanguage\":\"en-US\",\"@id\":\"https:\/\/www.visit-ulcinj.com\/blog\/2011\/09\/27\/kumtes-e-koalicionit-ne-pushtet-ne-komunen-e-ulqinit\/#primaryimage\",\"url\":\"https:\/\/www.visit-ulcinj.com\/blog\/wp-content\/uploads\/2011\/09\/Shumica-e-re-ne-Kuvendin-e-Komunes-se-Ulqinit_Nazif-CunguFatmir-GjekaSkender-ElezagaAmir-HolliKoalicioni-ne-Ulqin_KUMTES.jpg\",\"contentUrl\":\"https:\/\/www.visit-ulcinj.com\/blog\/wp-content\/uploads\/2011\/09\/Shumica-e-re-ne-Kuvendin-e-Komunes-se-Ulqinit_Nazif-CunguFatmir-GjekaSkender-ElezagaAmir-HolliKoalicioni-ne-Ulqin_KUMTES.jpg\",\"width\":\"720\",\"height\":\"437\"},{\"@type\":\"WebPage\",\"@id\":\"https:\/\/www.visit-ulcinj.com\/blog\/2011\/09\/27\/kumtes-e-koalicionit-ne-pushtet-ne-komunen-e-ulqinit\/#webpage\",\"url\":\"https:\/\/www.visit-ulcinj.com\/blog\/2011\/09\/27\/kumtes-e-koalicionit-ne-pushtet-ne-komunen-e-ulqinit\/\",\"name\":\"Kumtes e koalicionit n\u00eb pushtet n\u00eb komun\u00ebn e Ulqinit - Video - Lajme nga Ulqini\",\"isPartOf\":{\"@id\":\"https:\/\/www.visit-ulcinj.com\/blog\/#website\"},\"primaryImageOfPage\":{\"@id\":\"https:\/\/www.visit-ulcinj.com\/blog\/2011\/09\/27\/kumtes-e-koalicionit-ne-pushtet-ne-komunen-e-ulqinit\/#primaryimage\"},\"datePublished\":\"2011-09-27T15:58:02+00:00\",\"dateModified\":\"2011-10-03T10:33:34+00:00\",\"author\":{\"@id\":\"https:\/\/www.visit-ulcinj.com\/blog\/#\/schema\/person\/dcab619c614d3038751c63bc2aadc06d\"},\"description\":\"Ulqin, 27.09.2011 153\/11 KUMTES\u00cb Me rastin e tekstit e publikuar n\u00eb \u201cVijesti\u201d me, 27 shtator 2011, me titull \\\"UDSH d\u00ebshiron t\u00eb d\u00ebbojn\u00eb aleat\u00ebt Cungut\\\" n\u00eb\",\"breadcrumb\":{\"@id\":\"https:\/\/www.visit-ulcinj.com\/blog\/2011\/09\/27\/kumtes-e-koalicionit-ne-pushtet-ne-komunen-e-ulqinit\/#breadcrumb\"},\"inLanguage\":\"en-US\",\"potentialAction\":[{\"@type\":\"ReadAction\",\"target\":[\"https:\/\/www.visit-ulcinj.com\/blog\/2011\/09\/27\/kumtes-e-koalicionit-ne-pushtet-ne-komunen-e-ulqinit\/\"]}]},{\"@type\":\"BreadcrumbList\",\"@id\":\"https:\/\/www.visit-ulcinj.com\/blog\/2011\/09\/27\/kumtes-e-koalicionit-ne-pushtet-ne-komunen-e-ulqinit\/#breadcrumb\",\"itemListElement\":[{\"@type\":\"ListItem\",\"position\":1,\"name\":\"Kumtes e koalicionit n\u00eb pushtet n\u00eb komun\u00ebn e Ulqinit &#8211; Video\"}]},{\"@type\":\"Person\",\"@id\":\"https:\/\/www.visit-ulcinj.com\/blog\/#\/schema\/person\/dcab619c614d3038751c63bc2aadc06d\",\"name\":\"ulqini\",\"sameAs\":[\"http:\/\/www.visit-ulcinj.com\"],\"url\":\"https:\/\/www.visit-ulcinj.com\/blog\/author\/admin\/\"}]}<\/script>\n<!-- \/ Yoast SEO plugin. -->","yoast_head_json":{"title":"Kumtes e koalicionit n\u00eb pushtet n\u00eb komun\u00ebn e Ulqinit - Video - Lajme nga Ulqini","description":"Ulqin, 27.09.2011 153\/11 KUMTES\u00cb Me rastin e tekstit e publikuar n\u00eb \u201cVijesti\u201d me, 27 shtator 2011, me titull \"UDSH d\u00ebshiron t\u00eb d\u00ebbojn\u00eb aleat\u00ebt Cungut\" n\u00eb","robots":{"index":"index","follow":"follow","max-snippet":"max-snippet:-1","max-image-preview":"max-image-preview:large","max-video-preview":"max-video-preview:-1"},"canonical":"https:\/\/www.visit-ulcinj.com\/blog\/2011\/09\/27\/kumtes-e-koalicionit-ne-pushtet-ne-komunen-e-ulqinit\/","og_locale":"en_US","og_type":"article","og_title":"Kumtes e koalicionit n\u00eb pushtet n\u00eb komun\u00ebn e Ulqinit - Video - Lajme nga Ulqini","og_description":"Ulqin, 27.09.2011 153\/11 KUMTES\u00cb Me rastin e tekstit e publikuar n\u00eb \u201cVijesti\u201d me, 27 shtator 2011, me titull \"UDSH d\u00ebshiron t\u00eb d\u00ebbojn\u00eb aleat\u00ebt Cungut\" n\u00eb","og_url":"https:\/\/www.visit-ulcinj.com\/blog\/2011\/09\/27\/kumtes-e-koalicionit-ne-pushtet-ne-komunen-e-ulqinit\/","og_site_name":"Lajme nga Ulqini","article_published_time":"2011-09-27T15:58:02+00:00","article_modified_time":"2011-10-03T10:33:34+00:00","og_image":[{"url":"http:\/\/www.visit-ulcinj.com\/blog\/wp-content\/uploads\/2011\/09\/Shumica-e-re-ne-Kuvendin-e-Komunes-se-Ulqinit_Nazif-CunguFatmir-GjekaSkender-ElezagaAmir-HolliKoalicioni-ne-Ulqin_KUMTES.jpg"}],"twitter_misc":{"Written by":"ulqini","Est. reading time":"2 minutes"},"schema":{"@context":"https:\/\/schema.org","@graph":[{"@type":"WebSite","@id":"https:\/\/www.visit-ulcinj.com\/blog\/#website","url":"https:\/\/www.visit-ulcinj.com\/blog\/","name":"Lajme nga Ulqini","description":"Lajme,Vijesti,Ulqini,Ulqin,Crna Gora,Mali i Zi","potentialAction":[{"@type":"SearchAction","target":{"@type":"EntryPoint","urlTemplate":"https:\/\/www.visit-ulcinj.com\/blog\/?s={search_term_string}"},"query-input":"required name=search_term_string"}],"inLanguage":"en-US"},{"@type":"ImageObject","inLanguage":"en-US","@id":"https:\/\/www.visit-ulcinj.com\/blog\/2011\/09\/27\/kumtes-e-koalicionit-ne-pushtet-ne-komunen-e-ulqinit\/#primaryimage","url":"https:\/\/www.visit-ulcinj.com\/blog\/wp-content\/uploads\/2011\/09\/Shumica-e-re-ne-Kuvendin-e-Komunes-se-Ulqinit_Nazif-CunguFatmir-GjekaSkender-ElezagaAmir-HolliKoalicioni-ne-Ulqin_KUMTES.jpg","contentUrl":"https:\/\/www.visit-ulcinj.com\/blog\/wp-content\/uploads\/2011\/09\/Shumica-e-re-ne-Kuvendin-e-Komunes-se-Ulqinit_Nazif-CunguFatmir-GjekaSkender-ElezagaAmir-HolliKoalicioni-ne-Ulqin_KUMTES.jpg","width":"720","height":"437"},{"@type":"WebPage","@id":"https:\/\/www.visit-ulcinj.com\/blog\/2011\/09\/27\/kumtes-e-koalicionit-ne-pushtet-ne-komunen-e-ulqinit\/#webpage","url":"https:\/\/www.visit-ulcinj.com\/blog\/2011\/09\/27\/kumtes-e-koalicionit-ne-pushtet-ne-komunen-e-ulqinit\/","name":"Kumtes e koalicionit n\u00eb pushtet n\u00eb komun\u00ebn e Ulqinit - Video - Lajme nga Ulqini","isPartOf":{"@id":"https:\/\/www.visit-ulcinj.com\/blog\/#website"},"primaryImageOfPage":{"@id":"https:\/\/www.visit-ulcinj.com\/blog\/2011\/09\/27\/kumtes-e-koalicionit-ne-pushtet-ne-komunen-e-ulqinit\/#primaryimage"},"datePublished":"2011-09-27T15:58:02+00:00","dateModified":"2011-10-03T10:33:34+00:00","author":{"@id":"https:\/\/www.visit-ulcinj.com\/blog\/#\/schema\/person\/dcab619c614d3038751c63bc2aadc06d"},"description":"Ulqin, 27.09.2011 153\/11 KUMTES\u00cb Me rastin e tekstit e publikuar n\u00eb \u201cVijesti\u201d me, 27 shtator 2011, me titull \"UDSH d\u00ebshiron t\u00eb d\u00ebbojn\u00eb aleat\u00ebt Cungut\" n\u00eb","breadcrumb":{"@id":"https:\/\/www.visit-ulcinj.com\/blog\/2011\/09\/27\/kumtes-e-koalicionit-ne-pushtet-ne-komunen-e-ulqinit\/#breadcrumb"},"inLanguage":"en-US","potentialAction":[{"@type":"ReadAction","target":["https:\/\/www.visit-ulcinj.com\/blog\/2011\/09\/27\/kumtes-e-koalicionit-ne-pushtet-ne-komunen-e-ulqinit\/"]}]},{"@type":"BreadcrumbList","@id":"https:\/\/www.visit-ulcinj.com\/blog\/2011\/09\/27\/kumtes-e-koalicionit-ne-pushtet-ne-komunen-e-ulqinit\/#breadcrumb","itemListElement":[{"@type":"ListItem","position":1,"name":"Kumtes e koalicionit n\u00eb pushtet n\u00eb komun\u00ebn e Ulqinit &#8211; Video"}]},{"@type":"Person","@id":"https:\/\/www.visit-ulcinj.com\/blog\/#\/schema\/person\/dcab619c614d3038751c63bc2aadc06d","name":"ulqini","sameAs":["http:\/\/www.visit-ulcinj.com"],"url":"https:\/\/www.visit-ulcinj.com\/blog\/author\/admin\/"}]}},"jetpack_featured_media_url":"","jetpack_sharing_enabled":true,"jetpack_shortlink":"https:\/\/wp.me\/pe6lTn-doI","_links":{"self":[{"href":"https:\/\/www.visit-ulcinj.com\/blog\/wp-json\/wp\/v2\/posts\/51504"}],"collection":[{"href":"https:\/\/www.visit-ulcinj.com\/blog\/wp-json\/wp\/v2\/posts"}],"about":[{"href":"https:\/\/www.visit-ulcinj.com\/blog\/wp-json\/wp\/v2\/types\/post"}],"author":[{"embeddable":true,"href":"https:\/\/www.visit-ulcinj.com\/blog\/wp-json\/wp\/v2\/users\/1"}],"replies":[{"embeddable":true,"href":"https:\/\/www.visit-ulcinj.com\/blog\/wp-json\/wp\/v2\/comments?post=51504"}],"version-history":[{"count":4,"href":"https:\/\/www.visit-ulcinj.com\/blog\/wp-json\/wp\/v2\/posts\/51504\/revisions"}],"predecessor-version":[{"id":51885,"href":"https:\/\/www.visit-ulcinj.com\/blog\/wp-json\/wp\/v2\/posts\/51504\/revisions\/51885"}],"wp:attachment":[{"href":"https:\/\/www.visit-ulcinj.com\/blog\/wp-json\/wp\/v2\/media?parent=51504"}],"wp:term":[{"taxonomy":"category","embeddable":true,"href":"https:\/\/www.visit-ulcinj.com\/blog\/wp-json\/wp\/v2\/categories?post=51504"},{"taxonomy":"post_tag","embeddable":true,"href":"https:\/\/www.visit-ulcinj.com\/blog\/wp-json\/wp\/v2\/tags?post=51504"}],"curies":[{"name":"wp","href":"https:\/\/api.w.org\/{rel}","templated":true}]}}