{"id":51526,"date":"2011-09-29T08:58:47","date_gmt":"2011-09-29T07:58:47","guid":{"rendered":"http:\/\/www.visit-ulcinj.com\/blog\/?p=51526"},"modified":"2011-09-30T20:44:24","modified_gmt":"2011-09-30T19:44:24","slug":"kryetari-nazif-cungu-feston-fitoren-video","status":"publish","type":"post","link":"https:\/\/www.visit-ulcinj.com\/blog\/2011\/09\/29\/kryetari-nazif-cungu-feston-fitoren-video\/","title":{"rendered":"Kryetari Nazif Cungu feston fitoren &#8211; Video"},"content":{"rendered":"<p><a href=\"http:\/\/www.visit-ulcinj.com\/blog\/wp-content\/uploads\/2011\/09\/Kryetari-Nazif-Cungu-feston-fitoren-Ulqin_2011.jpg\"><img loading=\"lazy\" class=\"alignleft size-full wp-image-51527\" title=\"Kryetari Nazif Cungu feston fitoren-Ulqin_2011\" src=\"http:\/\/www.visit-ulcinj.com\/blog\/wp-content\/uploads\/2011\/09\/Kryetari-Nazif-Cungu-feston-fitoren-Ulqin_2011.jpg\" alt=\"\" width=\"508\" height=\"380\" srcset=\"https:\/\/www.visit-ulcinj.com\/blog\/wp-content\/uploads\/2011\/09\/Kryetari-Nazif-Cungu-feston-fitoren-Ulqin_2011.jpg 720w, https:\/\/www.visit-ulcinj.com\/blog\/wp-content\/uploads\/2011\/09\/Kryetari-Nazif-Cungu-feston-fitoren-Ulqin_2011-300x225.jpg 300w\" sizes=\"(max-width: 508px) 100vw, 508px\" \/><\/a>Atmosfer\u00eb festive n\u00eb qytetin e Ulqinit. Mij\u00ebra qytetar\u00eb p\u00ebrsh\u00ebndesin betimin \u00a0e kryetarit t\u00eb ri<br \/>\nt\u00eb Komun\u00ebs s\u00eb Ulqinit,Nazif Cungun.<br \/>\nFitorja e kryetarit t\u00eb ri t\u00eb Ulqinit,Nazif Cungu mblodhi dje n\u00eb or\u00ebt e mbremjes p\u00ebrpara selis\u00eb s\u00eb Forc\u00ebs s\u00eb re demokratike mij\u00ebra qytetar\u00eb t\u00eb Ulqinit dhe rethina e saj. Ritmet e muzik\u00ebs, flamuj dhe ovacionet e qytetar\u00ebve kan\u00eb qen\u00eb pikat kulminante t\u00eb fest\u00ebs spontane t\u00eb qytetar\u00ebve n\u00eb sheshin para selis\u00eb s\u00eb Forc\u00ebs, t\u00eb cil\u00ebt p\u00ebrsh\u00ebndet\u00ebn drejtuesin e ri. Ceremonia u mbajt nga mij\u00ebra t\u00eb rinj q\u00eb kishin ardhur nga gjitha viset e Ulqinit,p\u00ebr t\u00eb festuar zyrtarizimin e kryetarit t\u00eb ri t\u00eb Ulqinit. Ovacionet u shtuan rreth or\u00ebs 19:30 kur n\u00eb selin\u00eb e Forc\u00ebs se re demokratike mb\u00ebrriti kryetari I Ulqinit z.Nazif Cungu, i cili p\u00ebrshkoi n\u00eb k\u00ebmb\u00eb vendin ku po festonin mij\u00ebra qytetar\u00eb t\u00eb Ulqinit. Gjat\u00eb mbritjes p\u00ebr n\u00eb selin\u00eb e\u00a0 Forc\u00ebs ai p\u00ebrsh\u00ebndeti \u00e7do qytetar , i cili ndodhej aty p\u00ebr t\u00eb festuar. P\u00ebrsh\u00ebndetja e Nazif Cungut \u00a0p\u00ebrpara mij\u00ebra qytetar\u00ebve t\u00eb mbledhur para selis\u00eb s\u00eb Forc\u00ebs \u00a0sh\u00ebnoi edhe fjalimin e par\u00eb t\u00eb tij si kryetari zyrtar i komun.<br \/>\n<a href=\"http:\/\/www.visit-ulcinj.com\/blog\/wp-content\/uploads\/2011\/09\/Kryetari-Nazif-Cungu-feston-fitoren-Ulqin_2011.3.jpg\"><img loading=\"lazy\" class=\"alignleft size-full wp-image-51530\" title=\"Kryetari Nazif Cungu feston fitoren-Ulqin_2011.3\" src=\"http:\/\/www.visit-ulcinj.com\/blog\/wp-content\/uploads\/2011\/09\/Kryetari-Nazif-Cungu-feston-fitoren-Ulqin_2011.3.jpg\" alt=\"\" width=\"508\" height=\"330\" \/><\/a><\/p>\n<p>Kryetari Cungu, i cili merr mandatin e par\u00eb p\u00ebr komun t\u00eb Ulqinit, ka marr\u00eb fjal\u00ebn gjat\u00eb k\u00ebtyre festimeve,ku \u00ebsht\u00eb shprehur optimist se n\u00eb kat\u00ebr vitet e ardhshme do t\u00eb jet\u00ebsohen projektet, q\u00eb jan\u00eb parashikuar p\u00ebr komun t\u00eb Ulqinit.<\/p>\n<p>Le t\u00eb festojm\u00eb s\u00eb bashku p\u00ebr arritjet e deritanishme dhe p\u00ebr t\u00eb ardhmen ton\u00eb edhe m\u00eb t\u00eb ndritur.<\/p>\n<p>Edhe nj\u00eb her\u00eb ju uroj t\u00eb gjith\u00ebve<\/p>\n<p align=\"center\"><strong>G\u00cbZUAR FITOREN!\u201d<\/strong><\/p>\n<p>Kjo ceremoni u shoq\u00ebrua me nj\u00eb koncert festiv me pjes\u00ebmarrjen e k\u00ebngtarit ulqinak Gjovani.<br \/>\n<a href=\"https:\/\/www.facebook.com\/photo.php?fbid=10150330278868895&amp;set=a.10150330277793895.363134.793683894&amp;type=1&amp;theater\" target=\"_blank\"><strong>FOTO: VILDANA LAZORJA FACEBOOK<\/strong><\/a><br \/>\n\n\t\t<style type=\"text\/css\">\n\t\t\t#gallery-1 {\n\t\t\t\tmargin: auto;\n\t\t\t}\n\t\t\t#gallery-1 .gallery-item {\n\t\t\t\tfloat: left;\n\t\t\t\tmargin-top: 10px;\n\t\t\t\ttext-align: center;\n\t\t\t\twidth: 33%;\n\t\t\t}\n\t\t\t#gallery-1 img {\n\t\t\t\tborder: 2px solid #cfcfcf;\n\t\t\t}\n\t\t\t#gallery-1 .gallery-caption {\n\t\t\t\tmargin-left: 0;\n\t\t\t}\n\t\t\t\/* see gallery_shortcode() in wp-includes\/media.php *\/\n\t\t<\/style>\n\t\t<div id='gallery-1' class='gallery galleryid-51526 gallery-columns-3 gallery-size-thumbnail'><dl class='gallery-item'>\n\t\t\t<dt class='gallery-icon landscape'>\n\t\t\t\t<a href='https:\/\/www.visit-ulcinj.com\/blog\/wp-content\/uploads\/2011\/09\/Kryetari-Nazif-Cungu-feston-fitoren-Ulqin_2011.jpg'><img width=\"150\" height=\"150\" src=\"https:\/\/www.visit-ulcinj.com\/blog\/wp-content\/uploads\/2011\/09\/Kryetari-Nazif-Cungu-feston-fitoren-Ulqin_2011-150x150.jpg\" class=\"attachment-thumbnail size-thumbnail\" alt=\"\" loading=\"lazy\" \/><\/a>\n\t\t\t<\/dt><\/dl><dl class='gallery-item'>\n\t\t\t<dt class='gallery-icon landscape'>\n\t\t\t\t<a href='https:\/\/www.visit-ulcinj.com\/blog\/wp-content\/uploads\/2011\/09\/Kryetari-Nazif-Cungu-feston-fitoren-Ulqin_2011.1.jpg'><img width=\"150\" height=\"150\" src=\"https:\/\/www.visit-ulcinj.com\/blog\/wp-content\/uploads\/2011\/09\/Kryetari-Nazif-Cungu-feston-fitoren-Ulqin_2011.1-150x150.jpg\" class=\"attachment-thumbnail size-thumbnail\" alt=\"\" loading=\"lazy\" \/><\/a>\n\t\t\t<\/dt><\/dl><dl class='gallery-item'>\n\t\t\t<dt class='gallery-icon landscape'>\n\t\t\t\t<a href='https:\/\/www.visit-ulcinj.com\/blog\/wp-content\/uploads\/2011\/09\/Kryetari-Nazif-Cungu-feston-fitoren-Ulqin_2011.2.jpg'><img width=\"150\" height=\"150\" src=\"https:\/\/www.visit-ulcinj.com\/blog\/wp-content\/uploads\/2011\/09\/Kryetari-Nazif-Cungu-feston-fitoren-Ulqin_2011.2-150x150.jpg\" class=\"attachment-thumbnail size-thumbnail\" alt=\"\" loading=\"lazy\" \/><\/a>\n\t\t\t<\/dt><\/dl><br style=\"clear: both\" \/><dl class='gallery-item'>\n\t\t\t<dt class='gallery-icon landscape'>\n\t\t\t\t<a href='https:\/\/www.visit-ulcinj.com\/blog\/wp-content\/uploads\/2011\/09\/Kryetari-Nazif-Cungu-feston-fitoren-Ulqin_2011.3.jpg'><img width=\"150\" height=\"150\" src=\"https:\/\/www.visit-ulcinj.com\/blog\/wp-content\/uploads\/2011\/09\/Kryetari-Nazif-Cungu-feston-fitoren-Ulqin_2011.3-150x150.jpg\" class=\"attachment-thumbnail size-thumbnail\" alt=\"\" loading=\"lazy\" \/><\/a>\n\t\t\t<\/dt><\/dl><dl class='gallery-item'>\n\t\t\t<dt class='gallery-icon landscape'>\n\t\t\t\t<a href='https:\/\/www.visit-ulcinj.com\/blog\/wp-content\/uploads\/2011\/09\/Kryetari-Nazif-Cungu-feston-fitoren-Ulqin_2011.4.jpg'><img width=\"150\" height=\"150\" src=\"https:\/\/www.visit-ulcinj.com\/blog\/wp-content\/uploads\/2011\/09\/Kryetari-Nazif-Cungu-feston-fitoren-Ulqin_2011.4-150x150.jpg\" class=\"attachment-thumbnail size-thumbnail\" alt=\"\" loading=\"lazy\" \/><\/a>\n\t\t\t<\/dt><\/dl><dl class='gallery-item'>\n\t\t\t<dt class='gallery-icon landscape'>\n\t\t\t\t<a href='https:\/\/www.visit-ulcinj.com\/blog\/wp-content\/uploads\/2011\/09\/Kryetari-Nazif-Cungu-feston-fitoren-Ulqin_2011.5.jpg'><img width=\"150\" height=\"150\" src=\"https:\/\/www.visit-ulcinj.com\/blog\/wp-content\/uploads\/2011\/09\/Kryetari-Nazif-Cungu-feston-fitoren-Ulqin_2011.5-150x150.jpg\" class=\"attachment-thumbnail size-thumbnail\" alt=\"\" loading=\"lazy\" \/><\/a>\n\t\t\t<\/dt><\/dl><br style=\"clear: both\" \/><dl class='gallery-item'>\n\t\t\t<dt class='gallery-icon landscape'>\n\t\t\t\t<a href='https:\/\/www.visit-ulcinj.com\/blog\/wp-content\/uploads\/2011\/09\/Kryetari-Nazif-Cungu-feston-fitoren-Ulqin_2011.6.jpg'><img width=\"150\" height=\"150\" src=\"https:\/\/www.visit-ulcinj.com\/blog\/wp-content\/uploads\/2011\/09\/Kryetari-Nazif-Cungu-feston-fitoren-Ulqin_2011.6-150x150.jpg\" class=\"attachment-thumbnail size-thumbnail\" alt=\"\" loading=\"lazy\" \/><\/a>\n\t\t\t<\/dt><\/dl><dl class='gallery-item'>\n\t\t\t<dt class='gallery-icon landscape'>\n\t\t\t\t<a href='https:\/\/www.visit-ulcinj.com\/blog\/wp-content\/uploads\/2011\/09\/Kryetari-Nazif-Cungu-feston-fitoren-Ulqin_2011.7.jpg'><img width=\"150\" height=\"150\" src=\"https:\/\/www.visit-ulcinj.com\/blog\/wp-content\/uploads\/2011\/09\/Kryetari-Nazif-Cungu-feston-fitoren-Ulqin_2011.7-150x150.jpg\" class=\"attachment-thumbnail size-thumbnail\" alt=\"\" loading=\"lazy\" \/><\/a>\n\t\t\t<\/dt><\/dl><dl class='gallery-item'>\n\t\t\t<dt class='gallery-icon portrait'>\n\t\t\t\t<a href='https:\/\/www.visit-ulcinj.com\/blog\/wp-content\/uploads\/2011\/09\/Kryetari-Nazif-Cungu-feston-fitoren-Ulqin_2011.8.jpg'><img width=\"150\" height=\"150\" src=\"https:\/\/www.visit-ulcinj.com\/blog\/wp-content\/uploads\/2011\/09\/Kryetari-Nazif-Cungu-feston-fitoren-Ulqin_2011.8-150x150.jpg\" class=\"attachment-thumbnail size-thumbnail\" alt=\"\" loading=\"lazy\" \/><\/a>\n\t\t\t<\/dt><\/dl><br style=\"clear: both\" \/><dl class='gallery-item'>\n\t\t\t<dt class='gallery-icon portrait'>\n\t\t\t\t<a href='https:\/\/www.visit-ulcinj.com\/blog\/wp-content\/uploads\/2011\/09\/Kryetari-Nazif-Cungu-feston-fitoren-Ulqin_2011.9.jpg'><img width=\"150\" height=\"150\" src=\"https:\/\/www.visit-ulcinj.com\/blog\/wp-content\/uploads\/2011\/09\/Kryetari-Nazif-Cungu-feston-fitoren-Ulqin_2011.9-150x150.jpg\" class=\"attachment-thumbnail size-thumbnail\" alt=\"\" loading=\"lazy\" \/><\/a>\n\t\t\t<\/dt><\/dl><dl class='gallery-item'>\n\t\t\t<dt class='gallery-icon landscape'>\n\t\t\t\t<a href='https:\/\/www.visit-ulcinj.com\/blog\/wp-content\/uploads\/2011\/09\/Kryetari-Nazif-Cungu-feston-fitoren-Ulqin_2011.10.jpg'><img width=\"150\" height=\"150\" src=\"https:\/\/www.visit-ulcinj.com\/blog\/wp-content\/uploads\/2011\/09\/Kryetari-Nazif-Cungu-feston-fitoren-Ulqin_2011.10-150x150.jpg\" class=\"attachment-thumbnail size-thumbnail\" alt=\"\" loading=\"lazy\" \/><\/a>\n\t\t\t<\/dt><\/dl><dl class='gallery-item'>\n\t\t\t<dt class='gallery-icon portrait'>\n\t\t\t\t<a href='https:\/\/www.visit-ulcinj.com\/blog\/wp-content\/uploads\/2011\/09\/Kryetari-Nazif-Cungu-feston-fitoren-Ulqin_2011.11.jpg'><img width=\"150\" height=\"150\" src=\"https:\/\/www.visit-ulcinj.com\/blog\/wp-content\/uploads\/2011\/09\/Kryetari-Nazif-Cungu-feston-fitoren-Ulqin_2011.11-150x150.jpg\" class=\"attachment-thumbnail size-thumbnail\" alt=\"\" loading=\"lazy\" \/><\/a>\n\t\t\t<\/dt><\/dl><br style=\"clear: both\" \/><dl class='gallery-item'>\n\t\t\t<dt class='gallery-icon portrait'>\n\t\t\t\t<a href='https:\/\/www.visit-ulcinj.com\/blog\/wp-content\/uploads\/2011\/09\/Kryetari-Nazif-Cungu-feston-fitoren-Ulqin_2011.12.jpg'><img width=\"150\" height=\"150\" src=\"https:\/\/www.visit-ulcinj.com\/blog\/wp-content\/uploads\/2011\/09\/Kryetari-Nazif-Cungu-feston-fitoren-Ulqin_2011.12-150x150.jpg\" class=\"attachment-thumbnail size-thumbnail\" alt=\"\" loading=\"lazy\" \/><\/a>\n\t\t\t<\/dt><\/dl><dl class='gallery-item'>\n\t\t\t<dt class='gallery-icon portrait'>\n\t\t\t\t<a href='https:\/\/www.visit-ulcinj.com\/blog\/wp-content\/uploads\/2011\/09\/Kryetari-Nazif-Cungu-feston-fitoren-Ulqin_2011.13.jpg'><img width=\"150\" height=\"150\" src=\"https:\/\/www.visit-ulcinj.com\/blog\/wp-content\/uploads\/2011\/09\/Kryetari-Nazif-Cungu-feston-fitoren-Ulqin_2011.13-150x150.jpg\" class=\"attachment-thumbnail size-thumbnail\" alt=\"\" loading=\"lazy\" \/><\/a>\n\t\t\t<\/dt><\/dl><dl class='gallery-item'>\n\t\t\t<dt class='gallery-icon landscape'>\n\t\t\t\t<a href='https:\/\/www.visit-ulcinj.com\/blog\/wp-content\/uploads\/2011\/09\/Kryetari-Nazif-Cungu-feston-fitoren-Ulqin_2011.14.jpg'><img width=\"150\" height=\"150\" src=\"https:\/\/www.visit-ulcinj.com\/blog\/wp-content\/uploads\/2011\/09\/Kryetari-Nazif-Cungu-feston-fitoren-Ulqin_2011.14-150x150.jpg\" class=\"attachment-thumbnail size-thumbnail\" alt=\"\" loading=\"lazy\" \/><\/a>\n\t\t\t<\/dt><\/dl><br style=\"clear: both\" \/><dl class='gallery-item'>\n\t\t\t<dt class='gallery-icon landscape'>\n\t\t\t\t<a href='https:\/\/www.visit-ulcinj.com\/blog\/wp-content\/uploads\/2011\/09\/Kryetari-Nazif-Cungu-feston-fitoren-Ulqin_2011.15.jpg'><img width=\"150\" height=\"150\" src=\"https:\/\/www.visit-ulcinj.com\/blog\/wp-content\/uploads\/2011\/09\/Kryetari-Nazif-Cungu-feston-fitoren-Ulqin_2011.15-150x150.jpg\" class=\"attachment-thumbnail size-thumbnail\" alt=\"\" loading=\"lazy\" \/><\/a>\n\t\t\t<\/dt><\/dl><dl class='gallery-item'>\n\t\t\t<dt class='gallery-icon portrait'>\n\t\t\t\t<a href='https:\/\/www.visit-ulcinj.com\/blog\/wp-content\/uploads\/2011\/09\/Kryetari-Nazif-Cungu-feston-fitoren-Ulqin_2011.16.jpg'><img width=\"150\" height=\"150\" src=\"https:\/\/www.visit-ulcinj.com\/blog\/wp-content\/uploads\/2011\/09\/Kryetari-Nazif-Cungu-feston-fitoren-Ulqin_2011.16-150x150.jpg\" class=\"attachment-thumbnail size-thumbnail\" alt=\"\" loading=\"lazy\" \/><\/a>\n\t\t\t<\/dt><\/dl><dl class='gallery-item'>\n\t\t\t<dt class='gallery-icon portrait'>\n\t\t\t\t<a href='https:\/\/www.visit-ulcinj.com\/blog\/wp-content\/uploads\/2011\/09\/Kryetari-Nazif-Cungu-feston-fitoren-Ulqin_2011.17.jpg'><img width=\"150\" height=\"150\" src=\"https:\/\/www.visit-ulcinj.com\/blog\/wp-content\/uploads\/2011\/09\/Kryetari-Nazif-Cungu-feston-fitoren-Ulqin_2011.17-150x150.jpg\" class=\"attachment-thumbnail size-thumbnail\" alt=\"\" loading=\"lazy\" \/><\/a>\n\t\t\t<\/dt><\/dl><br style=\"clear: both\" \/>\n\t\t<\/div>\n<br \/>\n<!--YouTube Error: bad URL entered--><\/p>\n","protected":false},"excerpt":{"rendered":"<p>Atmosfer\u00eb festive n\u00eb qytetin e Ulqinit. Mij\u00ebra qytetar\u00eb p\u00ebrsh\u00ebndesin betimin \u00a0e kryetarit t\u00eb ri t\u00eb Komun\u00ebs s\u00eb Ulqinit,Nazif Cungun. Fitorja e kryetarit t\u00eb ri t\u00eb Ulqinit,Nazif Cungu mblodhi dje n\u00eb or\u00ebt e mbremjes p\u00ebrpara selis\u00eb s\u00eb Forc\u00ebs s\u00eb re demokratike mij\u00ebra qytetar\u00eb t\u00eb Ulqinit dhe rethina e saj. Ritmet e muzik\u00ebs, flamuj dhe ovacionet e [&hellip;]<\/p>\n","protected":false},"author":1,"featured_media":0,"comment_status":"open","ping_status":"closed","sticky":false,"template":"","format":"standard","meta":{"spay_email":"","jetpack_publicize_message":"","jetpack_is_tweetstorm":false,"jetpack_publicize_feature_enabled":true},"categories":[1],"tags":[19142,117,13635,118,200,18],"jetpack_publicize_connections":[],"yoast_head":"<!-- This site is optimized with the Yoast SEO plugin v19.1 - https:\/\/yoast.com\/wordpress\/plugins\/seo\/ -->\n<title>Kryetari Nazif Cungu feston fitoren - Video - Lajme nga Ulqini<\/title>\n<meta name=\"description\" content=\"Atmosfer\u00eb festive n\u00eb qytetin e Ulqinit. Mij\u00ebra qytetar\u00eb p\u00ebrsh\u00ebndesin betimin \u00a0e kryetarit t\u00eb ri t\u00eb Komun\u00ebs s\u00eb Ulqinit,Nazif Cungun. Fitorja e kryetarit t\u00eb\" \/>\n<meta name=\"robots\" content=\"index, follow, max-snippet:-1, max-image-preview:large, max-video-preview:-1\" \/>\n<link rel=\"canonical\" href=\"https:\/\/www.visit-ulcinj.com\/blog\/2011\/09\/29\/kryetari-nazif-cungu-feston-fitoren-video\/\" \/>\n<meta property=\"og:locale\" content=\"en_US\" \/>\n<meta property=\"og:type\" content=\"article\" \/>\n<meta property=\"og:title\" content=\"Kryetari Nazif Cungu feston fitoren - Video - Lajme nga Ulqini\" \/>\n<meta property=\"og:description\" content=\"Atmosfer\u00eb festive n\u00eb qytetin e Ulqinit. Mij\u00ebra qytetar\u00eb p\u00ebrsh\u00ebndesin betimin \u00a0e kryetarit t\u00eb ri t\u00eb Komun\u00ebs s\u00eb Ulqinit,Nazif Cungun. Fitorja e kryetarit t\u00eb\" \/>\n<meta property=\"og:url\" content=\"https:\/\/www.visit-ulcinj.com\/blog\/2011\/09\/29\/kryetari-nazif-cungu-feston-fitoren-video\/\" \/>\n<meta property=\"og:site_name\" content=\"Lajme nga Ulqini\" \/>\n<meta property=\"article:published_time\" content=\"2011-09-29T07:58:47+00:00\" \/>\n<meta property=\"article:modified_time\" content=\"2011-09-30T19:44:24+00:00\" \/>\n<meta property=\"og:image\" content=\"https:\/\/www.visit-ulcinj.com\/blog\/wp-content\/uploads\/2011\/09\/Kryetari-Nazif-Cungu-feston-fitoren-Ulqin_2011-150x150.jpg\" \/>\n<meta name=\"twitter:label1\" content=\"Written by\" \/>\n\t<meta name=\"twitter:data1\" content=\"ulqini\" \/>\n\t<meta name=\"twitter:label2\" content=\"Est. reading time\" \/>\n\t<meta name=\"twitter:data2\" content=\"2 minutes\" \/>\n<script type=\"application\/ld+json\" class=\"yoast-schema-graph\">{\"@context\":\"https:\/\/schema.org\",\"@graph\":[{\"@type\":\"WebSite\",\"@id\":\"https:\/\/www.visit-ulcinj.com\/blog\/#website\",\"url\":\"https:\/\/www.visit-ulcinj.com\/blog\/\",\"name\":\"Lajme nga Ulqini\",\"description\":\"Lajme,Vijesti,Ulqini,Ulqin,Crna Gora,Mali i Zi\",\"potentialAction\":[{\"@type\":\"SearchAction\",\"target\":{\"@type\":\"EntryPoint\",\"urlTemplate\":\"https:\/\/www.visit-ulcinj.com\/blog\/?s={search_term_string}\"},\"query-input\":\"required name=search_term_string\"}],\"inLanguage\":\"en-US\"},{\"@type\":\"ImageObject\",\"inLanguage\":\"en-US\",\"@id\":\"https:\/\/www.visit-ulcinj.com\/blog\/2011\/09\/29\/kryetari-nazif-cungu-feston-fitoren-video\/#primaryimage\",\"url\":\"https:\/\/www.visit-ulcinj.com\/blog\/wp-content\/uploads\/2011\/09\/Kryetari-Nazif-Cungu-feston-fitoren-Ulqin_2011.jpg\",\"contentUrl\":\"https:\/\/www.visit-ulcinj.com\/blog\/wp-content\/uploads\/2011\/09\/Kryetari-Nazif-Cungu-feston-fitoren-Ulqin_2011.jpg\",\"width\":\"720\",\"height\":\"540\"},{\"@type\":\"WebPage\",\"@id\":\"https:\/\/www.visit-ulcinj.com\/blog\/2011\/09\/29\/kryetari-nazif-cungu-feston-fitoren-video\/#webpage\",\"url\":\"https:\/\/www.visit-ulcinj.com\/blog\/2011\/09\/29\/kryetari-nazif-cungu-feston-fitoren-video\/\",\"name\":\"Kryetari Nazif Cungu feston fitoren - Video - Lajme nga Ulqini\",\"isPartOf\":{\"@id\":\"https:\/\/www.visit-ulcinj.com\/blog\/#website\"},\"primaryImageOfPage\":{\"@id\":\"https:\/\/www.visit-ulcinj.com\/blog\/2011\/09\/29\/kryetari-nazif-cungu-feston-fitoren-video\/#primaryimage\"},\"datePublished\":\"2011-09-29T07:58:47+00:00\",\"dateModified\":\"2011-09-30T19:44:24+00:00\",\"author\":{\"@id\":\"https:\/\/www.visit-ulcinj.com\/blog\/#\/schema\/person\/dcab619c614d3038751c63bc2aadc06d\"},\"description\":\"Atmosfer\u00eb festive n\u00eb qytetin e Ulqinit. Mij\u00ebra qytetar\u00eb p\u00ebrsh\u00ebndesin betimin \u00a0e kryetarit t\u00eb ri t\u00eb Komun\u00ebs s\u00eb Ulqinit,Nazif Cungun. Fitorja e kryetarit t\u00eb\",\"breadcrumb\":{\"@id\":\"https:\/\/www.visit-ulcinj.com\/blog\/2011\/09\/29\/kryetari-nazif-cungu-feston-fitoren-video\/#breadcrumb\"},\"inLanguage\":\"en-US\",\"potentialAction\":[{\"@type\":\"ReadAction\",\"target\":[\"https:\/\/www.visit-ulcinj.com\/blog\/2011\/09\/29\/kryetari-nazif-cungu-feston-fitoren-video\/\"]}]},{\"@type\":\"BreadcrumbList\",\"@id\":\"https:\/\/www.visit-ulcinj.com\/blog\/2011\/09\/29\/kryetari-nazif-cungu-feston-fitoren-video\/#breadcrumb\",\"itemListElement\":[{\"@type\":\"ListItem\",\"position\":1,\"name\":\"Kryetari Nazif Cungu feston fitoren &#8211; Video\"}]},{\"@type\":\"Person\",\"@id\":\"https:\/\/www.visit-ulcinj.com\/blog\/#\/schema\/person\/dcab619c614d3038751c63bc2aadc06d\",\"name\":\"ulqini\",\"sameAs\":[\"http:\/\/www.visit-ulcinj.com\"],\"url\":\"https:\/\/www.visit-ulcinj.com\/blog\/author\/admin\/\"}]}<\/script>\n<!-- \/ Yoast SEO plugin. -->","yoast_head_json":{"title":"Kryetari Nazif Cungu feston fitoren - Video - Lajme nga Ulqini","description":"Atmosfer\u00eb festive n\u00eb qytetin e Ulqinit. Mij\u00ebra qytetar\u00eb p\u00ebrsh\u00ebndesin betimin \u00a0e kryetarit t\u00eb ri t\u00eb Komun\u00ebs s\u00eb Ulqinit,Nazif Cungun. Fitorja e kryetarit t\u00eb","robots":{"index":"index","follow":"follow","max-snippet":"max-snippet:-1","max-image-preview":"max-image-preview:large","max-video-preview":"max-video-preview:-1"},"canonical":"https:\/\/www.visit-ulcinj.com\/blog\/2011\/09\/29\/kryetari-nazif-cungu-feston-fitoren-video\/","og_locale":"en_US","og_type":"article","og_title":"Kryetari Nazif Cungu feston fitoren - Video - Lajme nga Ulqini","og_description":"Atmosfer\u00eb festive n\u00eb qytetin e Ulqinit. Mij\u00ebra qytetar\u00eb p\u00ebrsh\u00ebndesin betimin \u00a0e kryetarit t\u00eb ri t\u00eb Komun\u00ebs s\u00eb Ulqinit,Nazif Cungun. Fitorja e kryetarit t\u00eb","og_url":"https:\/\/www.visit-ulcinj.com\/blog\/2011\/09\/29\/kryetari-nazif-cungu-feston-fitoren-video\/","og_site_name":"Lajme nga Ulqini","article_published_time":"2011-09-29T07:58:47+00:00","article_modified_time":"2011-09-30T19:44:24+00:00","og_image":[{"url":"https:\/\/www.visit-ulcinj.com\/blog\/wp-content\/uploads\/2011\/09\/Kryetari-Nazif-Cungu-feston-fitoren-Ulqin_2011-150x150.jpg"}],"twitter_misc":{"Written by":"ulqini","Est. reading time":"2 minutes"},"schema":{"@context":"https:\/\/schema.org","@graph":[{"@type":"WebSite","@id":"https:\/\/www.visit-ulcinj.com\/blog\/#website","url":"https:\/\/www.visit-ulcinj.com\/blog\/","name":"Lajme nga Ulqini","description":"Lajme,Vijesti,Ulqini,Ulqin,Crna Gora,Mali i Zi","potentialAction":[{"@type":"SearchAction","target":{"@type":"EntryPoint","urlTemplate":"https:\/\/www.visit-ulcinj.com\/blog\/?s={search_term_string}"},"query-input":"required name=search_term_string"}],"inLanguage":"en-US"},{"@type":"ImageObject","inLanguage":"en-US","@id":"https:\/\/www.visit-ulcinj.com\/blog\/2011\/09\/29\/kryetari-nazif-cungu-feston-fitoren-video\/#primaryimage","url":"https:\/\/www.visit-ulcinj.com\/blog\/wp-content\/uploads\/2011\/09\/Kryetari-Nazif-Cungu-feston-fitoren-Ulqin_2011.jpg","contentUrl":"https:\/\/www.visit-ulcinj.com\/blog\/wp-content\/uploads\/2011\/09\/Kryetari-Nazif-Cungu-feston-fitoren-Ulqin_2011.jpg","width":"720","height":"540"},{"@type":"WebPage","@id":"https:\/\/www.visit-ulcinj.com\/blog\/2011\/09\/29\/kryetari-nazif-cungu-feston-fitoren-video\/#webpage","url":"https:\/\/www.visit-ulcinj.com\/blog\/2011\/09\/29\/kryetari-nazif-cungu-feston-fitoren-video\/","name":"Kryetari Nazif Cungu feston fitoren - Video - Lajme nga Ulqini","isPartOf":{"@id":"https:\/\/www.visit-ulcinj.com\/blog\/#website"},"primaryImageOfPage":{"@id":"https:\/\/www.visit-ulcinj.com\/blog\/2011\/09\/29\/kryetari-nazif-cungu-feston-fitoren-video\/#primaryimage"},"datePublished":"2011-09-29T07:58:47+00:00","dateModified":"2011-09-30T19:44:24+00:00","author":{"@id":"https:\/\/www.visit-ulcinj.com\/blog\/#\/schema\/person\/dcab619c614d3038751c63bc2aadc06d"},"description":"Atmosfer\u00eb festive n\u00eb qytetin e Ulqinit. Mij\u00ebra qytetar\u00eb p\u00ebrsh\u00ebndesin betimin \u00a0e kryetarit t\u00eb ri t\u00eb Komun\u00ebs s\u00eb Ulqinit,Nazif Cungun. Fitorja e kryetarit t\u00eb","breadcrumb":{"@id":"https:\/\/www.visit-ulcinj.com\/blog\/2011\/09\/29\/kryetari-nazif-cungu-feston-fitoren-video\/#breadcrumb"},"inLanguage":"en-US","potentialAction":[{"@type":"ReadAction","target":["https:\/\/www.visit-ulcinj.com\/blog\/2011\/09\/29\/kryetari-nazif-cungu-feston-fitoren-video\/"]}]},{"@type":"BreadcrumbList","@id":"https:\/\/www.visit-ulcinj.com\/blog\/2011\/09\/29\/kryetari-nazif-cungu-feston-fitoren-video\/#breadcrumb","itemListElement":[{"@type":"ListItem","position":1,"name":"Kryetari Nazif Cungu feston fitoren &#8211; Video"}]},{"@type":"Person","@id":"https:\/\/www.visit-ulcinj.com\/blog\/#\/schema\/person\/dcab619c614d3038751c63bc2aadc06d","name":"ulqini","sameAs":["http:\/\/www.visit-ulcinj.com"],"url":"https:\/\/www.visit-ulcinj.com\/blog\/author\/admin\/"}]}},"jetpack_featured_media_url":"","jetpack_sharing_enabled":true,"jetpack_shortlink":"https:\/\/wp.me\/pe6lTn-dp4","_links":{"self":[{"href":"https:\/\/www.visit-ulcinj.com\/blog\/wp-json\/wp\/v2\/posts\/51526"}],"collection":[{"href":"https:\/\/www.visit-ulcinj.com\/blog\/wp-json\/wp\/v2\/posts"}],"about":[{"href":"https:\/\/www.visit-ulcinj.com\/blog\/wp-json\/wp\/v2\/types\/post"}],"author":[{"embeddable":true,"href":"https:\/\/www.visit-ulcinj.com\/blog\/wp-json\/wp\/v2\/users\/1"}],"replies":[{"embeddable":true,"href":"https:\/\/www.visit-ulcinj.com\/blog\/wp-json\/wp\/v2\/comments?post=51526"}],"version-history":[{"count":7,"href":"https:\/\/www.visit-ulcinj.com\/blog\/wp-json\/wp\/v2\/posts\/51526\/revisions"}],"predecessor-version":[{"id":51585,"href":"https:\/\/www.visit-ulcinj.com\/blog\/wp-json\/wp\/v2\/posts\/51526\/revisions\/51585"}],"wp:attachment":[{"href":"https:\/\/www.visit-ulcinj.com\/blog\/wp-json\/wp\/v2\/media?parent=51526"}],"wp:term":[{"taxonomy":"category","embeddable":true,"href":"https:\/\/www.visit-ulcinj.com\/blog\/wp-json\/wp\/v2\/categories?post=51526"},{"taxonomy":"post_tag","embeddable":true,"href":"https:\/\/www.visit-ulcinj.com\/blog\/wp-json\/wp\/v2\/tags?post=51526"}],"curies":[{"name":"wp","href":"https:\/\/api.w.org\/{rel}","templated":true}]}}