{"id":51554,"date":"2011-09-29T15:58:13","date_gmt":"2011-09-29T14:58:13","guid":{"rendered":"http:\/\/www.visit-ulcinj.com\/blog\/?p=51554"},"modified":"2011-09-29T16:57:21","modified_gmt":"2011-09-29T15:57:21","slug":"dromaderi-na-remontu-pozar-u-ulcinju-ce-biti-lokalizovan-tek-sa-prvim-kisama","status":"publish","type":"post","link":"https:\/\/www.visit-ulcinj.com\/blog\/2011\/09\/29\/dromaderi-na-remontu-pozar-u-ulcinju-ce-biti-lokalizovan-tek-sa-prvim-kisama\/","title":{"rendered":"Dromaderi na remontu, po\u017ear u Ulcinju \u0107e biti lokalizovan tek sa prvim ki\u0161ama &#8211; Video"},"content":{"rendered":"<div id=\"attachment_51556\" style=\"width: 518px\" class=\"wp-caption alignleft\"><a href=\"http:\/\/www.visit-ulcinj.com\/blog\/wp-content\/uploads\/2011\/09\/Pozar-u-Ulcinju-Gradjani-pozvani-da-pomognu-_Foto_Citalac-reporter.jpg\"><img aria-describedby=\"caption-attachment-51556\" loading=\"lazy\" class=\"size-full wp-image-51556 \" title=\"Pozar u Ulcinju Gradjani pozvani da pomognu _Foto_Citalac reporter\" src=\"http:\/\/www.visit-ulcinj.com\/blog\/wp-content\/uploads\/2011\/09\/Pozar-u-Ulcinju-Gradjani-pozvani-da-pomognu-_Foto_Citalac-reporter.jpg\" alt=\"\" width=\"508\" height=\"380\" srcset=\"https:\/\/www.visit-ulcinj.com\/blog\/wp-content\/uploads\/2011\/09\/Pozar-u-Ulcinju-Gradjani-pozvani-da-pomognu-_Foto_Citalac-reporter.jpg 720w, https:\/\/www.visit-ulcinj.com\/blog\/wp-content\/uploads\/2011\/09\/Pozar-u-Ulcinju-Gradjani-pozvani-da-pomognu-_Foto_Citalac-reporter-300x225.jpg 300w\" sizes=\"(max-width: 508px) 100vw, 508px\" \/><\/a><p id=\"caption-attachment-51556\" class=\"wp-caption-text\">Pozar u Ulcinju Gradjani pozvani da pomognu (Foto: \u010citalac reporter)<\/p><\/div>\n<p>Po\u017ear nadomak Ulcinja \u0107e, prema rije\u010dima na\u010delnika Slu\u017ebe za\u0161tite Fljamura Selovi\u0107a, vjerovatono biti lokalizovan tek kad padnu prve ki\u0161e.<\/p>\n<p>&#8220;Teren je vrlo nepristupa\u010dan tako da smo prinu\u0111eni da gasimo naprtnja\u010dama. Ne mo\u017eemo da o\u010dekujemo pomo\u0107 dromadera budu\u0107i da su oni na remontu. A s obzirom na razmjere vatrene stihije, realno je da je spas samo u prvim ki\u0161ama&#8221;, kazao jeSelovi\u0107.<\/p>\n<p>Po\u017ear koji je buknuo u srijedu popodne na brdu Bijela u Ulcinju, jutros se rasplamsao i kre\u0107e se prema maslinjacima u uvali Valdanos, prenijela je televizija &#8220;Vijesti&#8221;.<br \/>\n<a href=\"http:\/\/www.visit-ulcinj.com\/blog\/wp-content\/uploads\/2011\/09\/Nacelnik-Sluzbe-zastite-Ulcinj_-Fljamur-Selovic.jpg\"><img loading=\"lazy\" class=\"alignleft size-full wp-image-51559\" title=\"Nacelnik Sluzbe zastite Ulcinj_ Fljamur Selovic\" src=\"http:\/\/www.visit-ulcinj.com\/blog\/wp-content\/uploads\/2011\/09\/Nacelnik-Sluzbe-zastite-Ulcinj_-Fljamur-Selovic.jpg\" alt=\"\" width=\"508\" height=\"330\" \/><\/a><\/p>\n<p>Krizni \u0161tab na \u010delu sa gradona\u010delnikom Nazifom Cunguom poru\u010dio je kako je stanje kriti\u010dno i tra\u017eio podr\u0161ku nadle\u017enih institucija dr\u017eave.<\/p>\n<p>Gra\u0111ani su tako\u0111e pozvani da pomognu vatrogascima.<\/p>\n<p>U ga\u0161enju po\u017eara ulcinjskim vatrogascima su u pomo\u0107 su pritekle i kolege iz Bara, Budve, Kotora i Cetinja.<\/p>\n<p><a href=\"http:\/\/www.vijesti.me\/vijesti\/dromaderi-remontu-pozar-ulcinju-ce-biti-lokalizovan-tek-sa-prvim-kisama-clanak-40092\" target=\"_blank\"><strong>Vijesti online<\/strong><\/a><\/p>\n<p>[flv]http:\/\/a3.video3.blip.tv\/0400010865331\/Rtvvijesti-dnevnik280911708.flv[\/flv]<\/p>\n","protected":false},"excerpt":{"rendered":"<p>Po\u017ear nadomak Ulcinja \u0107e, prema rije\u010dima na\u010delnika Slu\u017ebe za\u0161tite Fljamura Selovi\u0107a, vjerovatono biti lokalizovan tek kad padnu prve ki\u0161e. &#8220;Teren je vrlo nepristupa\u010dan tako da smo prinu\u0111eni da gasimo naprtnja\u010dama. Ne mo\u017eemo da o\u010dekujemo pomo\u0107 dromadera budu\u0107i da su oni na remontu. A s obzirom na razmjere vatrene stihije, realno je da je spas samo [&hellip;]<\/p>\n","protected":false},"author":1,"featured_media":0,"comment_status":"open","ping_status":"closed","sticky":false,"template":"","format":"standard","meta":{"spay_email":"","jetpack_publicize_message":"","jetpack_is_tweetstorm":false,"jetpack_publicize_feature_enabled":true},"categories":[8337],"tags":[19145,19144,19143,5589,19],"jetpack_publicize_connections":[],"yoast_head":"<!-- This site is optimized with the Yoast SEO plugin v19.1 - https:\/\/yoast.com\/wordpress\/plugins\/seo\/ -->\n<title>Dromaderi na remontu, po\u017ear u Ulcinju \u0107e biti lokalizovan tek sa prvim ki\u0161ama - Video - Lajme nga Ulqini<\/title>\n<meta name=\"description\" content=\"Po\u017ear nadomak Ulcinja \u0107e, prema rije\u010dima na\u010delnika Slu\u017ebe za\u0161tite Fljamura Selovi\u0107a, vjerovatono biti lokalizovan tek kad padnu prve ki\u0161e. &quot;Teren je vrlo\" \/>\n<meta name=\"robots\" content=\"index, follow, max-snippet:-1, max-image-preview:large, max-video-preview:-1\" \/>\n<link rel=\"canonical\" href=\"https:\/\/www.visit-ulcinj.com\/blog\/2011\/09\/29\/dromaderi-na-remontu-pozar-u-ulcinju-ce-biti-lokalizovan-tek-sa-prvim-kisama\/\" \/>\n<meta property=\"og:locale\" content=\"en_US\" \/>\n<meta property=\"og:type\" content=\"article\" \/>\n<meta property=\"og:title\" content=\"Dromaderi na remontu, po\u017ear u Ulcinju \u0107e biti lokalizovan tek sa prvim ki\u0161ama - Video - Lajme nga Ulqini\" \/>\n<meta property=\"og:description\" content=\"Po\u017ear nadomak Ulcinja \u0107e, prema rije\u010dima na\u010delnika Slu\u017ebe za\u0161tite Fljamura Selovi\u0107a, vjerovatono biti lokalizovan tek kad padnu prve ki\u0161e. &quot;Teren je vrlo\" \/>\n<meta property=\"og:url\" content=\"https:\/\/www.visit-ulcinj.com\/blog\/2011\/09\/29\/dromaderi-na-remontu-pozar-u-ulcinju-ce-biti-lokalizovan-tek-sa-prvim-kisama\/\" \/>\n<meta property=\"og:site_name\" content=\"Lajme nga Ulqini\" \/>\n<meta property=\"article:published_time\" content=\"2011-09-29T14:58:13+00:00\" \/>\n<meta property=\"article:modified_time\" content=\"2011-09-29T15:57:21+00:00\" \/>\n<meta property=\"og:image\" content=\"http:\/\/www.visit-ulcinj.com\/blog\/wp-content\/uploads\/2011\/09\/Pozar-u-Ulcinju-Gradjani-pozvani-da-pomognu-_Foto_Citalac-reporter.jpg\" \/>\n<meta name=\"twitter:label1\" content=\"Written by\" \/>\n\t<meta name=\"twitter:data1\" content=\"ulqini\" \/>\n\t<meta name=\"twitter:label2\" content=\"Est. reading time\" \/>\n\t<meta name=\"twitter:data2\" content=\"1 minute\" \/>\n<script type=\"application\/ld+json\" class=\"yoast-schema-graph\">{\"@context\":\"https:\/\/schema.org\",\"@graph\":[{\"@type\":\"WebSite\",\"@id\":\"https:\/\/www.visit-ulcinj.com\/blog\/#website\",\"url\":\"https:\/\/www.visit-ulcinj.com\/blog\/\",\"name\":\"Lajme nga Ulqini\",\"description\":\"Lajme,Vijesti,Ulqini,Ulqin,Crna Gora,Mali i Zi\",\"potentialAction\":[{\"@type\":\"SearchAction\",\"target\":{\"@type\":\"EntryPoint\",\"urlTemplate\":\"https:\/\/www.visit-ulcinj.com\/blog\/?s={search_term_string}\"},\"query-input\":\"required name=search_term_string\"}],\"inLanguage\":\"en-US\"},{\"@type\":\"ImageObject\",\"inLanguage\":\"en-US\",\"@id\":\"https:\/\/www.visit-ulcinj.com\/blog\/2011\/09\/29\/dromaderi-na-remontu-pozar-u-ulcinju-ce-biti-lokalizovan-tek-sa-prvim-kisama\/#primaryimage\",\"url\":\"https:\/\/www.visit-ulcinj.com\/blog\/wp-content\/uploads\/2011\/09\/Pozar-u-Ulcinju-Gradjani-pozvani-da-pomognu-_Foto_Citalac-reporter.jpg\",\"contentUrl\":\"https:\/\/www.visit-ulcinj.com\/blog\/wp-content\/uploads\/2011\/09\/Pozar-u-Ulcinju-Gradjani-pozvani-da-pomognu-_Foto_Citalac-reporter.jpg\",\"width\":\"720\",\"height\":\"540\"},{\"@type\":\"WebPage\",\"@id\":\"https:\/\/www.visit-ulcinj.com\/blog\/2011\/09\/29\/dromaderi-na-remontu-pozar-u-ulcinju-ce-biti-lokalizovan-tek-sa-prvim-kisama\/#webpage\",\"url\":\"https:\/\/www.visit-ulcinj.com\/blog\/2011\/09\/29\/dromaderi-na-remontu-pozar-u-ulcinju-ce-biti-lokalizovan-tek-sa-prvim-kisama\/\",\"name\":\"Dromaderi na remontu, po\u017ear u Ulcinju \u0107e biti lokalizovan tek sa prvim ki\u0161ama - Video - Lajme nga Ulqini\",\"isPartOf\":{\"@id\":\"https:\/\/www.visit-ulcinj.com\/blog\/#website\"},\"primaryImageOfPage\":{\"@id\":\"https:\/\/www.visit-ulcinj.com\/blog\/2011\/09\/29\/dromaderi-na-remontu-pozar-u-ulcinju-ce-biti-lokalizovan-tek-sa-prvim-kisama\/#primaryimage\"},\"datePublished\":\"2011-09-29T14:58:13+00:00\",\"dateModified\":\"2011-09-29T15:57:21+00:00\",\"author\":{\"@id\":\"https:\/\/www.visit-ulcinj.com\/blog\/#\/schema\/person\/dcab619c614d3038751c63bc2aadc06d\"},\"description\":\"Po\u017ear nadomak Ulcinja \u0107e, prema rije\u010dima na\u010delnika Slu\u017ebe za\u0161tite Fljamura Selovi\u0107a, vjerovatono biti lokalizovan tek kad padnu prve ki\u0161e. \\\"Teren je vrlo\",\"breadcrumb\":{\"@id\":\"https:\/\/www.visit-ulcinj.com\/blog\/2011\/09\/29\/dromaderi-na-remontu-pozar-u-ulcinju-ce-biti-lokalizovan-tek-sa-prvim-kisama\/#breadcrumb\"},\"inLanguage\":\"en-US\",\"potentialAction\":[{\"@type\":\"ReadAction\",\"target\":[\"https:\/\/www.visit-ulcinj.com\/blog\/2011\/09\/29\/dromaderi-na-remontu-pozar-u-ulcinju-ce-biti-lokalizovan-tek-sa-prvim-kisama\/\"]}]},{\"@type\":\"BreadcrumbList\",\"@id\":\"https:\/\/www.visit-ulcinj.com\/blog\/2011\/09\/29\/dromaderi-na-remontu-pozar-u-ulcinju-ce-biti-lokalizovan-tek-sa-prvim-kisama\/#breadcrumb\",\"itemListElement\":[{\"@type\":\"ListItem\",\"position\":1,\"name\":\"Dromaderi na remontu, po\u017ear u Ulcinju \u0107e biti lokalizovan tek sa prvim ki\u0161ama &#8211; Video\"}]},{\"@type\":\"Person\",\"@id\":\"https:\/\/www.visit-ulcinj.com\/blog\/#\/schema\/person\/dcab619c614d3038751c63bc2aadc06d\",\"name\":\"ulqini\",\"sameAs\":[\"http:\/\/www.visit-ulcinj.com\"],\"url\":\"https:\/\/www.visit-ulcinj.com\/blog\/author\/admin\/\"}]}<\/script>\n<!-- \/ Yoast SEO plugin. -->","yoast_head_json":{"title":"Dromaderi na remontu, po\u017ear u Ulcinju \u0107e biti lokalizovan tek sa prvim ki\u0161ama - Video - Lajme nga Ulqini","description":"Po\u017ear nadomak Ulcinja \u0107e, prema rije\u010dima na\u010delnika Slu\u017ebe za\u0161tite Fljamura Selovi\u0107a, vjerovatono biti lokalizovan tek kad padnu prve ki\u0161e. \"Teren je vrlo","robots":{"index":"index","follow":"follow","max-snippet":"max-snippet:-1","max-image-preview":"max-image-preview:large","max-video-preview":"max-video-preview:-1"},"canonical":"https:\/\/www.visit-ulcinj.com\/blog\/2011\/09\/29\/dromaderi-na-remontu-pozar-u-ulcinju-ce-biti-lokalizovan-tek-sa-prvim-kisama\/","og_locale":"en_US","og_type":"article","og_title":"Dromaderi na remontu, po\u017ear u Ulcinju \u0107e biti lokalizovan tek sa prvim ki\u0161ama - Video - Lajme nga Ulqini","og_description":"Po\u017ear nadomak Ulcinja \u0107e, prema rije\u010dima na\u010delnika Slu\u017ebe za\u0161tite Fljamura Selovi\u0107a, vjerovatono biti lokalizovan tek kad padnu prve ki\u0161e. \"Teren je vrlo","og_url":"https:\/\/www.visit-ulcinj.com\/blog\/2011\/09\/29\/dromaderi-na-remontu-pozar-u-ulcinju-ce-biti-lokalizovan-tek-sa-prvim-kisama\/","og_site_name":"Lajme nga Ulqini","article_published_time":"2011-09-29T14:58:13+00:00","article_modified_time":"2011-09-29T15:57:21+00:00","og_image":[{"url":"http:\/\/www.visit-ulcinj.com\/blog\/wp-content\/uploads\/2011\/09\/Pozar-u-Ulcinju-Gradjani-pozvani-da-pomognu-_Foto_Citalac-reporter.jpg"}],"twitter_misc":{"Written by":"ulqini","Est. reading time":"1 minute"},"schema":{"@context":"https:\/\/schema.org","@graph":[{"@type":"WebSite","@id":"https:\/\/www.visit-ulcinj.com\/blog\/#website","url":"https:\/\/www.visit-ulcinj.com\/blog\/","name":"Lajme nga Ulqini","description":"Lajme,Vijesti,Ulqini,Ulqin,Crna Gora,Mali i Zi","potentialAction":[{"@type":"SearchAction","target":{"@type":"EntryPoint","urlTemplate":"https:\/\/www.visit-ulcinj.com\/blog\/?s={search_term_string}"},"query-input":"required name=search_term_string"}],"inLanguage":"en-US"},{"@type":"ImageObject","inLanguage":"en-US","@id":"https:\/\/www.visit-ulcinj.com\/blog\/2011\/09\/29\/dromaderi-na-remontu-pozar-u-ulcinju-ce-biti-lokalizovan-tek-sa-prvim-kisama\/#primaryimage","url":"https:\/\/www.visit-ulcinj.com\/blog\/wp-content\/uploads\/2011\/09\/Pozar-u-Ulcinju-Gradjani-pozvani-da-pomognu-_Foto_Citalac-reporter.jpg","contentUrl":"https:\/\/www.visit-ulcinj.com\/blog\/wp-content\/uploads\/2011\/09\/Pozar-u-Ulcinju-Gradjani-pozvani-da-pomognu-_Foto_Citalac-reporter.jpg","width":"720","height":"540"},{"@type":"WebPage","@id":"https:\/\/www.visit-ulcinj.com\/blog\/2011\/09\/29\/dromaderi-na-remontu-pozar-u-ulcinju-ce-biti-lokalizovan-tek-sa-prvim-kisama\/#webpage","url":"https:\/\/www.visit-ulcinj.com\/blog\/2011\/09\/29\/dromaderi-na-remontu-pozar-u-ulcinju-ce-biti-lokalizovan-tek-sa-prvim-kisama\/","name":"Dromaderi na remontu, po\u017ear u Ulcinju \u0107e biti lokalizovan tek sa prvim ki\u0161ama - Video - Lajme nga Ulqini","isPartOf":{"@id":"https:\/\/www.visit-ulcinj.com\/blog\/#website"},"primaryImageOfPage":{"@id":"https:\/\/www.visit-ulcinj.com\/blog\/2011\/09\/29\/dromaderi-na-remontu-pozar-u-ulcinju-ce-biti-lokalizovan-tek-sa-prvim-kisama\/#primaryimage"},"datePublished":"2011-09-29T14:58:13+00:00","dateModified":"2011-09-29T15:57:21+00:00","author":{"@id":"https:\/\/www.visit-ulcinj.com\/blog\/#\/schema\/person\/dcab619c614d3038751c63bc2aadc06d"},"description":"Po\u017ear nadomak Ulcinja \u0107e, prema rije\u010dima na\u010delnika Slu\u017ebe za\u0161tite Fljamura Selovi\u0107a, vjerovatono biti lokalizovan tek kad padnu prve ki\u0161e. \"Teren je vrlo","breadcrumb":{"@id":"https:\/\/www.visit-ulcinj.com\/blog\/2011\/09\/29\/dromaderi-na-remontu-pozar-u-ulcinju-ce-biti-lokalizovan-tek-sa-prvim-kisama\/#breadcrumb"},"inLanguage":"en-US","potentialAction":[{"@type":"ReadAction","target":["https:\/\/www.visit-ulcinj.com\/blog\/2011\/09\/29\/dromaderi-na-remontu-pozar-u-ulcinju-ce-biti-lokalizovan-tek-sa-prvim-kisama\/"]}]},{"@type":"BreadcrumbList","@id":"https:\/\/www.visit-ulcinj.com\/blog\/2011\/09\/29\/dromaderi-na-remontu-pozar-u-ulcinju-ce-biti-lokalizovan-tek-sa-prvim-kisama\/#breadcrumb","itemListElement":[{"@type":"ListItem","position":1,"name":"Dromaderi na remontu, po\u017ear u Ulcinju \u0107e biti lokalizovan tek sa prvim ki\u0161ama &#8211; Video"}]},{"@type":"Person","@id":"https:\/\/www.visit-ulcinj.com\/blog\/#\/schema\/person\/dcab619c614d3038751c63bc2aadc06d","name":"ulqini","sameAs":["http:\/\/www.visit-ulcinj.com"],"url":"https:\/\/www.visit-ulcinj.com\/blog\/author\/admin\/"}]}},"jetpack_featured_media_url":"","jetpack_sharing_enabled":true,"jetpack_shortlink":"https:\/\/wp.me\/pe6lTn-dpw","_links":{"self":[{"href":"https:\/\/www.visit-ulcinj.com\/blog\/wp-json\/wp\/v2\/posts\/51554"}],"collection":[{"href":"https:\/\/www.visit-ulcinj.com\/blog\/wp-json\/wp\/v2\/posts"}],"about":[{"href":"https:\/\/www.visit-ulcinj.com\/blog\/wp-json\/wp\/v2\/types\/post"}],"author":[{"embeddable":true,"href":"https:\/\/www.visit-ulcinj.com\/blog\/wp-json\/wp\/v2\/users\/1"}],"replies":[{"embeddable":true,"href":"https:\/\/www.visit-ulcinj.com\/blog\/wp-json\/wp\/v2\/comments?post=51554"}],"version-history":[{"count":4,"href":"https:\/\/www.visit-ulcinj.com\/blog\/wp-json\/wp\/v2\/posts\/51554\/revisions"}],"predecessor-version":[{"id":51558,"href":"https:\/\/www.visit-ulcinj.com\/blog\/wp-json\/wp\/v2\/posts\/51554\/revisions\/51558"}],"wp:attachment":[{"href":"https:\/\/www.visit-ulcinj.com\/blog\/wp-json\/wp\/v2\/media?parent=51554"}],"wp:term":[{"taxonomy":"category","embeddable":true,"href":"https:\/\/www.visit-ulcinj.com\/blog\/wp-json\/wp\/v2\/categories?post=51554"},{"taxonomy":"post_tag","embeddable":true,"href":"https:\/\/www.visit-ulcinj.com\/blog\/wp-json\/wp\/v2\/tags?post=51554"}],"curies":[{"name":"wp","href":"https:\/\/api.w.org\/{rel}","templated":true}]}}