{"id":51564,"date":"2011-09-29T16:27:10","date_gmt":"2011-09-29T15:27:10","guid":{"rendered":"http:\/\/www.visit-ulcinj.com\/blog\/?p=51564"},"modified":"2011-09-30T07:12:25","modified_gmt":"2011-09-30T06:12:25","slug":"digjet-mali-i-bardhzjarri-kercenon-ullishten-e-valdanosit","status":"publish","type":"post","link":"https:\/\/www.visit-ulcinj.com\/blog\/2011\/09\/29\/digjet-mali-i-bardhzjarri-kercenon-ullishten-e-valdanosit\/","title":{"rendered":"Digjet Mali i bardh,zjarri k\u00ebrc\u00ebnon ullishten e Valdanosit &#8211; Video"},"content":{"rendered":"<p><a href=\"http:\/\/www.visit-ulcinj.com\/blog\/wp-content\/uploads\/2011\/09\/Digjet-Mali-i-bardhzjarri-k%C3%ABrc%C3%ABnon-ullishten-e-Valdanosit-_ULQIN_ULQINI.jpg\"><img loading=\"lazy\" class=\"alignleft size-full wp-image-51566\" title=\"Digjet Mali i bardh,zjarri k\u00ebrc\u00ebnon ullishten e Valdanosit _ULQIN_ULQINI\" src=\"http:\/\/www.visit-ulcinj.com\/blog\/wp-content\/uploads\/2011\/09\/Digjet-Mali-i-bardhzjarri-k%C3%ABrc%C3%ABnon-ullishten-e-Valdanosit-_ULQIN_ULQINI.jpg\" alt=\"\" width=\"508\" height=\"380\" \/><\/a>Zjarri q\u00eb shp\u00ebrtheu t\u00eb m\u00ebrkur\u00ebn pasdite n\u00eb Malin e Bardh\u00eb n\u00eb Ulqin, n\u00eb m\u00ebngjes e dit\u00ebs s\u00eb enjte vazhdoi t\u00eb p\u00ebrhapet n\u00eb drejtim t\u00eb ullishtes s\u00eb Valdanosit, njofton televizioni Vijesti.<\/p>\n<p>Shtabi i Kriz\u00ebs s\u00eb kryesuar nga kryetari i komun\u00ebs Nazif Cungu tha se situata \u00ebsht\u00eb kritike dhe k\u00ebrkoi mb\u00ebshtetjen e institucioneve shtet\u00ebrore p\u00ebrkat\u00ebse.<\/p>\n<p><a href=\"http:\/\/www.visit-ulcinj.com\/blog\/wp-content\/uploads\/2011\/09\/Digjet-Mali-i-bardhzjarri-k%C3%ABrc%C3%ABnon-ullishten-e-Valdanosit-_ULQIN_ULQINI.1.jpg\"><img loading=\"lazy\" class=\"alignleft size-full wp-image-51568\" title=\"Digjet Mali i bardh,zjarri k\u00ebrc\u00ebnon ullishten e Valdanosit _ULQIN_ULQINI.1\" src=\"http:\/\/www.visit-ulcinj.com\/blog\/wp-content\/uploads\/2011\/09\/Digjet-Mali-i-bardhzjarri-k%C3%ABrc%C3%ABnon-ullishten-e-Valdanosit-_ULQIN_ULQINI.1.jpg\" alt=\"\" width=\"508\" height=\"330\" \/><\/a><\/p>\n<h3>E merkure: Zjarr i madh ne Malin e bardhe<\/h3>\n<p>N\u00eb oret e drekes s\u00eb dit\u00ebs s\u00eb m\u00ebrkure n\u00eb Ulqin shpertheu nj\u00eb zjarr i fuqish\u00ebm n\u00eb zon\u00ebn e Malit te bardhe.<\/p>\n<p>N\u00eb oret e pasdrekes ne Ulqin ka qene e pamundur t\u00eb ecet lirsh\u00ebm n\u00ebp\u00ebr qytet nga smogu i shkaktuar nga zjarri.<\/p>\n<p>N\u00eb bised\u00eb me pun\u00ebtoret e zjarr\u00ebfiksave m\u00ebsohet se situata akoma vazhdon t\u00eb jet\u00eb shum\u00eb e r\u00ebnd\u00eb dhe se zjarri \u00ebsht\u00eb shum\u00eb v\u00ebshtir\u00eb q\u00eb t\u00eb shuhet pasi qasje e automjeteve t\u00eb zjarr\u00ebfiksave deri te vendi \u00ebsht\u00eb e pamundur. N\u00eb qytet akoma nuk v\u00ebrehet intervenim p\u00ebr shuarje t\u00eb zjarrit nga ajri.<\/p>\n<p>Shtrirjen e zjarrit po e ndihmon edhe nj\u00eb er\u00eb q\u00eb po fryen n\u00eb or\u00ebt e pasdrek\u00ebs.<\/p>\n<p><strong>Ulqini Online<\/strong><\/p>\n<p><strong>Video nga zjarri ne Mal t\u00eb Bardhe<br \/>\nminuti 18&#8243;<\/strong><br \/>\n<!--YouTube Error: bad URL entered--><\/p>\n","protected":false},"excerpt":{"rendered":"<p>Zjarri q\u00eb shp\u00ebrtheu t\u00eb m\u00ebrkur\u00ebn pasdite n\u00eb Malin e Bardh\u00eb n\u00eb Ulqin, n\u00eb m\u00ebngjes e dit\u00ebs s\u00eb enjte vazhdoi t\u00eb p\u00ebrhapet n\u00eb drejtim t\u00eb ullishtes s\u00eb Valdanosit, njofton televizioni Vijesti. Shtabi i Kriz\u00ebs s\u00eb kryesuar nga kryetari i komun\u00ebs Nazif Cungu tha se situata \u00ebsht\u00eb kritike dhe k\u00ebrkoi mb\u00ebshtetjen e institucioneve shtet\u00ebrore p\u00ebrkat\u00ebse. E merkure: [&hellip;]<\/p>\n","protected":false},"author":1,"featured_media":0,"comment_status":"open","ping_status":"closed","sticky":false,"template":"","format":"standard","meta":{"spay_email":"","jetpack_publicize_message":"","jetpack_is_tweetstorm":false,"jetpack_publicize_feature_enabled":true},"categories":[12],"tags":[19148,5589,19151,200,18,561,19150,19149],"jetpack_publicize_connections":[],"yoast_head":"<!-- This site is optimized with the Yoast SEO plugin v19.1 - https:\/\/yoast.com\/wordpress\/plugins\/seo\/ -->\n<title>Digjet Mali i bardh,zjarri k\u00ebrc\u00ebnon ullishten e Valdanosit - Video - Lajme nga Ulqini<\/title>\n<meta name=\"description\" content=\"Zjarri q\u00eb shp\u00ebrtheu t\u00eb m\u00ebrkur\u00ebn pasdite n\u00eb Malin e Bardh\u00eb n\u00eb Ulqin, n\u00eb m\u00ebngjes e dit\u00ebs s\u00eb enjte vazhdoi t\u00eb p\u00ebrhapet n\u00eb drejtim t\u00eb ullishtes s\u00eb Valdanosit,\" \/>\n<meta name=\"robots\" content=\"index, follow, max-snippet:-1, max-image-preview:large, max-video-preview:-1\" \/>\n<link rel=\"canonical\" href=\"https:\/\/www.visit-ulcinj.com\/blog\/2011\/09\/29\/digjet-mali-i-bardhzjarri-kercenon-ullishten-e-valdanosit\/\" \/>\n<meta property=\"og:locale\" content=\"en_US\" \/>\n<meta property=\"og:type\" content=\"article\" \/>\n<meta property=\"og:title\" content=\"Digjet Mali i bardh,zjarri k\u00ebrc\u00ebnon ullishten e Valdanosit - Video - Lajme nga Ulqini\" \/>\n<meta property=\"og:description\" content=\"Zjarri q\u00eb shp\u00ebrtheu t\u00eb m\u00ebrkur\u00ebn pasdite n\u00eb Malin e Bardh\u00eb n\u00eb Ulqin, n\u00eb m\u00ebngjes e dit\u00ebs s\u00eb enjte vazhdoi t\u00eb p\u00ebrhapet n\u00eb drejtim t\u00eb ullishtes s\u00eb Valdanosit,\" \/>\n<meta property=\"og:url\" content=\"https:\/\/www.visit-ulcinj.com\/blog\/2011\/09\/29\/digjet-mali-i-bardhzjarri-kercenon-ullishten-e-valdanosit\/\" \/>\n<meta property=\"og:site_name\" content=\"Lajme nga Ulqini\" \/>\n<meta property=\"article:published_time\" content=\"2011-09-29T15:27:10+00:00\" \/>\n<meta property=\"article:modified_time\" content=\"2011-09-30T06:12:25+00:00\" \/>\n<meta property=\"og:image\" content=\"http:\/\/www.visit-ulcinj.com\/blog\/wp-content\/uploads\/2011\/09\/Digjet-Mali-i-bardhzjarri-k%C3%ABrc%C3%ABnon-ullishten-e-Valdanosit-_ULQIN_ULQINI.jpg\" \/>\n<meta name=\"twitter:label1\" content=\"Written by\" \/>\n\t<meta name=\"twitter:data1\" content=\"ulqini\" \/>\n\t<meta name=\"twitter:label2\" content=\"Est. reading time\" \/>\n\t<meta name=\"twitter:data2\" content=\"1 minute\" \/>\n<script type=\"application\/ld+json\" class=\"yoast-schema-graph\">{\"@context\":\"https:\/\/schema.org\",\"@graph\":[{\"@type\":\"WebSite\",\"@id\":\"https:\/\/www.visit-ulcinj.com\/blog\/#website\",\"url\":\"https:\/\/www.visit-ulcinj.com\/blog\/\",\"name\":\"Lajme nga Ulqini\",\"description\":\"Lajme,Vijesti,Ulqini,Ulqin,Crna Gora,Mali i Zi\",\"potentialAction\":[{\"@type\":\"SearchAction\",\"target\":{\"@type\":\"EntryPoint\",\"urlTemplate\":\"https:\/\/www.visit-ulcinj.com\/blog\/?s={search_term_string}\"},\"query-input\":\"required name=search_term_string\"}],\"inLanguage\":\"en-US\"},{\"@type\":\"ImageObject\",\"inLanguage\":\"en-US\",\"@id\":\"https:\/\/www.visit-ulcinj.com\/blog\/2011\/09\/29\/digjet-mali-i-bardhzjarri-kercenon-ullishten-e-valdanosit\/#primaryimage\",\"url\":\"http:\/\/www.visit-ulcinj.com\/blog\/wp-content\/uploads\/2011\/09\/Digjet-Mali-i-bardhzjarri-k%C3%ABrc%C3%ABnon-ullishten-e-Valdanosit-_ULQIN_ULQINI.jpg\",\"contentUrl\":\"http:\/\/www.visit-ulcinj.com\/blog\/wp-content\/uploads\/2011\/09\/Digjet-Mali-i-bardhzjarri-k%C3%ABrc%C3%ABnon-ullishten-e-Valdanosit-_ULQIN_ULQINI.jpg\"},{\"@type\":\"WebPage\",\"@id\":\"https:\/\/www.visit-ulcinj.com\/blog\/2011\/09\/29\/digjet-mali-i-bardhzjarri-kercenon-ullishten-e-valdanosit\/#webpage\",\"url\":\"https:\/\/www.visit-ulcinj.com\/blog\/2011\/09\/29\/digjet-mali-i-bardhzjarri-kercenon-ullishten-e-valdanosit\/\",\"name\":\"Digjet Mali i bardh,zjarri k\u00ebrc\u00ebnon ullishten e Valdanosit - Video - Lajme nga Ulqini\",\"isPartOf\":{\"@id\":\"https:\/\/www.visit-ulcinj.com\/blog\/#website\"},\"primaryImageOfPage\":{\"@id\":\"https:\/\/www.visit-ulcinj.com\/blog\/2011\/09\/29\/digjet-mali-i-bardhzjarri-kercenon-ullishten-e-valdanosit\/#primaryimage\"},\"datePublished\":\"2011-09-29T15:27:10+00:00\",\"dateModified\":\"2011-09-30T06:12:25+00:00\",\"author\":{\"@id\":\"https:\/\/www.visit-ulcinj.com\/blog\/#\/schema\/person\/dcab619c614d3038751c63bc2aadc06d\"},\"description\":\"Zjarri q\u00eb shp\u00ebrtheu t\u00eb m\u00ebrkur\u00ebn pasdite n\u00eb Malin e Bardh\u00eb n\u00eb Ulqin, n\u00eb m\u00ebngjes e dit\u00ebs s\u00eb enjte vazhdoi t\u00eb p\u00ebrhapet n\u00eb drejtim t\u00eb ullishtes s\u00eb Valdanosit,\",\"breadcrumb\":{\"@id\":\"https:\/\/www.visit-ulcinj.com\/blog\/2011\/09\/29\/digjet-mali-i-bardhzjarri-kercenon-ullishten-e-valdanosit\/#breadcrumb\"},\"inLanguage\":\"en-US\",\"potentialAction\":[{\"@type\":\"ReadAction\",\"target\":[\"https:\/\/www.visit-ulcinj.com\/blog\/2011\/09\/29\/digjet-mali-i-bardhzjarri-kercenon-ullishten-e-valdanosit\/\"]}]},{\"@type\":\"BreadcrumbList\",\"@id\":\"https:\/\/www.visit-ulcinj.com\/blog\/2011\/09\/29\/digjet-mali-i-bardhzjarri-kercenon-ullishten-e-valdanosit\/#breadcrumb\",\"itemListElement\":[{\"@type\":\"ListItem\",\"position\":1,\"name\":\"Digjet Mali i bardh,zjarri k\u00ebrc\u00ebnon ullishten e Valdanosit &#8211; Video\"}]},{\"@type\":\"Person\",\"@id\":\"https:\/\/www.visit-ulcinj.com\/blog\/#\/schema\/person\/dcab619c614d3038751c63bc2aadc06d\",\"name\":\"ulqini\",\"sameAs\":[\"http:\/\/www.visit-ulcinj.com\"],\"url\":\"https:\/\/www.visit-ulcinj.com\/blog\/author\/admin\/\"}]}<\/script>\n<!-- \/ Yoast SEO plugin. -->","yoast_head_json":{"title":"Digjet Mali i bardh,zjarri k\u00ebrc\u00ebnon ullishten e Valdanosit - Video - Lajme nga Ulqini","description":"Zjarri q\u00eb shp\u00ebrtheu t\u00eb m\u00ebrkur\u00ebn pasdite n\u00eb Malin e Bardh\u00eb n\u00eb Ulqin, n\u00eb m\u00ebngjes e dit\u00ebs s\u00eb enjte vazhdoi t\u00eb p\u00ebrhapet n\u00eb drejtim t\u00eb ullishtes s\u00eb Valdanosit,","robots":{"index":"index","follow":"follow","max-snippet":"max-snippet:-1","max-image-preview":"max-image-preview:large","max-video-preview":"max-video-preview:-1"},"canonical":"https:\/\/www.visit-ulcinj.com\/blog\/2011\/09\/29\/digjet-mali-i-bardhzjarri-kercenon-ullishten-e-valdanosit\/","og_locale":"en_US","og_type":"article","og_title":"Digjet Mali i bardh,zjarri k\u00ebrc\u00ebnon ullishten e Valdanosit - Video - Lajme nga Ulqini","og_description":"Zjarri q\u00eb shp\u00ebrtheu t\u00eb m\u00ebrkur\u00ebn pasdite n\u00eb Malin e Bardh\u00eb n\u00eb Ulqin, n\u00eb m\u00ebngjes e dit\u00ebs s\u00eb enjte vazhdoi t\u00eb p\u00ebrhapet n\u00eb drejtim t\u00eb ullishtes s\u00eb Valdanosit,","og_url":"https:\/\/www.visit-ulcinj.com\/blog\/2011\/09\/29\/digjet-mali-i-bardhzjarri-kercenon-ullishten-e-valdanosit\/","og_site_name":"Lajme nga Ulqini","article_published_time":"2011-09-29T15:27:10+00:00","article_modified_time":"2011-09-30T06:12:25+00:00","og_image":[{"url":"http:\/\/www.visit-ulcinj.com\/blog\/wp-content\/uploads\/2011\/09\/Digjet-Mali-i-bardhzjarri-k%C3%ABrc%C3%ABnon-ullishten-e-Valdanosit-_ULQIN_ULQINI.jpg"}],"twitter_misc":{"Written by":"ulqini","Est. reading time":"1 minute"},"schema":{"@context":"https:\/\/schema.org","@graph":[{"@type":"WebSite","@id":"https:\/\/www.visit-ulcinj.com\/blog\/#website","url":"https:\/\/www.visit-ulcinj.com\/blog\/","name":"Lajme nga Ulqini","description":"Lajme,Vijesti,Ulqini,Ulqin,Crna Gora,Mali i Zi","potentialAction":[{"@type":"SearchAction","target":{"@type":"EntryPoint","urlTemplate":"https:\/\/www.visit-ulcinj.com\/blog\/?s={search_term_string}"},"query-input":"required name=search_term_string"}],"inLanguage":"en-US"},{"@type":"ImageObject","inLanguage":"en-US","@id":"https:\/\/www.visit-ulcinj.com\/blog\/2011\/09\/29\/digjet-mali-i-bardhzjarri-kercenon-ullishten-e-valdanosit\/#primaryimage","url":"http:\/\/www.visit-ulcinj.com\/blog\/wp-content\/uploads\/2011\/09\/Digjet-Mali-i-bardhzjarri-k%C3%ABrc%C3%ABnon-ullishten-e-Valdanosit-_ULQIN_ULQINI.jpg","contentUrl":"http:\/\/www.visit-ulcinj.com\/blog\/wp-content\/uploads\/2011\/09\/Digjet-Mali-i-bardhzjarri-k%C3%ABrc%C3%ABnon-ullishten-e-Valdanosit-_ULQIN_ULQINI.jpg"},{"@type":"WebPage","@id":"https:\/\/www.visit-ulcinj.com\/blog\/2011\/09\/29\/digjet-mali-i-bardhzjarri-kercenon-ullishten-e-valdanosit\/#webpage","url":"https:\/\/www.visit-ulcinj.com\/blog\/2011\/09\/29\/digjet-mali-i-bardhzjarri-kercenon-ullishten-e-valdanosit\/","name":"Digjet Mali i bardh,zjarri k\u00ebrc\u00ebnon ullishten e Valdanosit - Video - Lajme nga Ulqini","isPartOf":{"@id":"https:\/\/www.visit-ulcinj.com\/blog\/#website"},"primaryImageOfPage":{"@id":"https:\/\/www.visit-ulcinj.com\/blog\/2011\/09\/29\/digjet-mali-i-bardhzjarri-kercenon-ullishten-e-valdanosit\/#primaryimage"},"datePublished":"2011-09-29T15:27:10+00:00","dateModified":"2011-09-30T06:12:25+00:00","author":{"@id":"https:\/\/www.visit-ulcinj.com\/blog\/#\/schema\/person\/dcab619c614d3038751c63bc2aadc06d"},"description":"Zjarri q\u00eb shp\u00ebrtheu t\u00eb m\u00ebrkur\u00ebn pasdite n\u00eb Malin e Bardh\u00eb n\u00eb Ulqin, n\u00eb m\u00ebngjes e dit\u00ebs s\u00eb enjte vazhdoi t\u00eb p\u00ebrhapet n\u00eb drejtim t\u00eb ullishtes s\u00eb Valdanosit,","breadcrumb":{"@id":"https:\/\/www.visit-ulcinj.com\/blog\/2011\/09\/29\/digjet-mali-i-bardhzjarri-kercenon-ullishten-e-valdanosit\/#breadcrumb"},"inLanguage":"en-US","potentialAction":[{"@type":"ReadAction","target":["https:\/\/www.visit-ulcinj.com\/blog\/2011\/09\/29\/digjet-mali-i-bardhzjarri-kercenon-ullishten-e-valdanosit\/"]}]},{"@type":"BreadcrumbList","@id":"https:\/\/www.visit-ulcinj.com\/blog\/2011\/09\/29\/digjet-mali-i-bardhzjarri-kercenon-ullishten-e-valdanosit\/#breadcrumb","itemListElement":[{"@type":"ListItem","position":1,"name":"Digjet Mali i bardh,zjarri k\u00ebrc\u00ebnon ullishten e Valdanosit &#8211; Video"}]},{"@type":"Person","@id":"https:\/\/www.visit-ulcinj.com\/blog\/#\/schema\/person\/dcab619c614d3038751c63bc2aadc06d","name":"ulqini","sameAs":["http:\/\/www.visit-ulcinj.com"],"url":"https:\/\/www.visit-ulcinj.com\/blog\/author\/admin\/"}]}},"jetpack_featured_media_url":"","jetpack_sharing_enabled":true,"jetpack_shortlink":"https:\/\/wp.me\/pe6lTn-dpG","_links":{"self":[{"href":"https:\/\/www.visit-ulcinj.com\/blog\/wp-json\/wp\/v2\/posts\/51564"}],"collection":[{"href":"https:\/\/www.visit-ulcinj.com\/blog\/wp-json\/wp\/v2\/posts"}],"about":[{"href":"https:\/\/www.visit-ulcinj.com\/blog\/wp-json\/wp\/v2\/types\/post"}],"author":[{"embeddable":true,"href":"https:\/\/www.visit-ulcinj.com\/blog\/wp-json\/wp\/v2\/users\/1"}],"replies":[{"embeddable":true,"href":"https:\/\/www.visit-ulcinj.com\/blog\/wp-json\/wp\/v2\/comments?post=51564"}],"version-history":[{"count":4,"href":"https:\/\/www.visit-ulcinj.com\/blog\/wp-json\/wp\/v2\/posts\/51564\/revisions"}],"predecessor-version":[{"id":51586,"href":"https:\/\/www.visit-ulcinj.com\/blog\/wp-json\/wp\/v2\/posts\/51564\/revisions\/51586"}],"wp:attachment":[{"href":"https:\/\/www.visit-ulcinj.com\/blog\/wp-json\/wp\/v2\/media?parent=51564"}],"wp:term":[{"taxonomy":"category","embeddable":true,"href":"https:\/\/www.visit-ulcinj.com\/blog\/wp-json\/wp\/v2\/categories?post=51564"},{"taxonomy":"post_tag","embeddable":true,"href":"https:\/\/www.visit-ulcinj.com\/blog\/wp-json\/wp\/v2\/tags?post=51564"}],"curies":[{"name":"wp","href":"https:\/\/api.w.org\/{rel}","templated":true}]}}