{"id":51598,"date":"2011-09-30T18:04:11","date_gmt":"2011-09-30T17:04:11","guid":{"rendered":"http:\/\/www.visit-ulcinj.com\/blog\/?p=51598"},"modified":"2011-10-01T16:02:29","modified_gmt":"2011-10-01T15:02:29","slug":"telegram-cestitke-premija-luksicapredsjedniku-opstine-ulcinj-nazif-cungua","status":"publish","type":"post","link":"https:\/\/www.visit-ulcinj.com\/blog\/2011\/09\/30\/telegram-cestitke-premija-luksicapredsjedniku-opstine-ulcinj-nazif-cungua\/","title":{"rendered":"Telegram cestitke Premija Luk\u0161i\u0107a,Predsjedniku Op\u0161tine Ulcinj Nazif Cungua"},"content":{"rendered":"<p><strong>Telegram cestitke Premija Luk\u0161i\u0107a,Predsjedniku Op\u0161tine Ulcinj Nazif Cungua<br \/>\n<a href=\"http:\/\/www.visit-ulcinj.com\/blog\/wp-content\/uploads\/2011\/09\/Telegram-cestitke-Premija-Luksica21.jpg\"><img loading=\"lazy\" class=\"alignleft size-full wp-image-51605\" title=\"Telegram cestitke Premija Luksica(2),Telegram cestitke Premija Luk\u0161i\u0107a,Predsjedniku Op\u0161tine Ulcinj Nazif Cungua\" src=\"http:\/\/www.visit-ulcinj.com\/blog\/wp-content\/uploads\/2011\/09\/Telegram-cestitke-Premija-Luksica21.jpg\" alt=\"\" width=\"508\" height=\"1024\" \/><\/a><\/strong><br \/>\nPredsjednik Vlade Crne Gore Igor Luk\u0161i\u0107 uputio je telegram \u010destitke novom predsjedniku op\u0161tine Ulcinj Nazifu Cunguu povodom stupanja na du\u017enost.<br \/>\nDalji razvoj op\u0161tine Ulcinj \u0107e se i u predstoje\u0107em periodu temeljiti na oboga\u0107ivanju turisti\u010dke ponude i u tom kontekstu va\u017eno je da svi teku\u0107i i planirani projekti budu usmjereni na uklanjanje klju\u010dnih problema koji ote\u017eavaju realizaciju turisti\u010dke sezone &#8211; navodi se \u010destitki Luk\u0161i\u0107a.<br \/>\nPremijer isti\u010de da najvi\u0161e aktivnosti mora biti sprovedeno na planu pobolj\u0161anja saobra\u0107ajne infrastrukture i pove\u0107anja broja smje\u0161tajnih kapaciteta kako bi ulcinjska rivijera ve\u0107 u sljede\u0107oj sezoni zabilje\u017eila ve\u0107i broj posjetilaca.<br \/>\nLuk\u0161i\u0107 je podsjetio na opredijeljenost Vlade da na planu ravnomjernog razvoja \u010ditave Crne Gore pru\u017ei podr\u0161ku svim op\u0161tinama radi uspje\u0161ne realizacije projektovanih aktivnosti kako bi \u017eivot gra\u0111ana Crne Gore bio po mjeri evropskog \u010dovjeka.<\/p>\n","protected":false},"excerpt":{"rendered":"<p>Telegram cestitke Premija Luk\u0161i\u0107a,Predsjedniku Op\u0161tine Ulcinj Nazif Cungua Predsjednik Vlade Crne Gore Igor Luk\u0161i\u0107 uputio je telegram \u010destitke novom predsjedniku op\u0161tine Ulcinj Nazifu Cunguu povodom stupanja na du\u017enost. Dalji razvoj op\u0161tine Ulcinj \u0107e se i u predstoje\u0107em periodu temeljiti na oboga\u0107ivanju turisti\u010dke ponude i u tom kontekstu va\u017eno je da svi teku\u0107i i planirani projekti [&hellip;]<\/p>\n","protected":false},"author":1,"featured_media":0,"comment_status":"open","ping_status":"closed","sticky":false,"template":"","format":"standard","meta":{"spay_email":"","jetpack_publicize_message":"","jetpack_is_tweetstorm":false,"jetpack_publicize_feature_enabled":true},"categories":[8337],"tags":[13954,147,113,118,19],"jetpack_publicize_connections":[],"yoast_head":"<!-- This site is optimized with the Yoast SEO plugin v19.1 - https:\/\/yoast.com\/wordpress\/plugins\/seo\/ -->\n<title>Telegram cestitke Premija Luk\u0161i\u0107a,Predsjedniku Op\u0161tine Ulcinj Nazif Cungua - Lajme nga Ulqini<\/title>\n<meta name=\"description\" content=\"Telegram cestitke Premija Luk\u0161i\u0107a,Predsjedniku Op\u0161tine Ulcinj Nazif Cungua Predsjednik Vlade Crne Gore Igor Luk\u0161i\u0107 uputio je telegram \u010destitke novom\" \/>\n<meta name=\"robots\" content=\"index, follow, max-snippet:-1, max-image-preview:large, max-video-preview:-1\" \/>\n<link rel=\"canonical\" href=\"https:\/\/www.visit-ulcinj.com\/blog\/2011\/09\/30\/telegram-cestitke-premija-luksicapredsjedniku-opstine-ulcinj-nazif-cungua\/\" \/>\n<meta property=\"og:locale\" content=\"en_US\" \/>\n<meta property=\"og:type\" content=\"article\" \/>\n<meta property=\"og:title\" content=\"Telegram cestitke Premija Luk\u0161i\u0107a,Predsjedniku Op\u0161tine Ulcinj Nazif Cungua - Lajme nga Ulqini\" \/>\n<meta property=\"og:description\" content=\"Telegram cestitke Premija Luk\u0161i\u0107a,Predsjedniku Op\u0161tine Ulcinj Nazif Cungua Predsjednik Vlade Crne Gore Igor Luk\u0161i\u0107 uputio je telegram \u010destitke novom\" \/>\n<meta property=\"og:url\" content=\"https:\/\/www.visit-ulcinj.com\/blog\/2011\/09\/30\/telegram-cestitke-premija-luksicapredsjedniku-opstine-ulcinj-nazif-cungua\/\" \/>\n<meta property=\"og:site_name\" content=\"Lajme nga Ulqini\" \/>\n<meta property=\"article:published_time\" content=\"2011-09-30T17:04:11+00:00\" \/>\n<meta property=\"article:modified_time\" content=\"2011-10-01T15:02:29+00:00\" \/>\n<meta property=\"og:image\" content=\"http:\/\/www.visit-ulcinj.com\/blog\/wp-content\/uploads\/2011\/09\/Telegram-cestitke-Premija-Luksica21.jpg\" \/>\n<meta name=\"twitter:label1\" content=\"Written by\" \/>\n\t<meta name=\"twitter:data1\" content=\"ulqini\" \/>\n\t<meta name=\"twitter:label2\" content=\"Est. reading time\" \/>\n\t<meta name=\"twitter:data2\" content=\"1 minute\" \/>\n<script type=\"application\/ld+json\" class=\"yoast-schema-graph\">{\"@context\":\"https:\/\/schema.org\",\"@graph\":[{\"@type\":\"WebSite\",\"@id\":\"https:\/\/www.visit-ulcinj.com\/blog\/#website\",\"url\":\"https:\/\/www.visit-ulcinj.com\/blog\/\",\"name\":\"Lajme nga Ulqini\",\"description\":\"Lajme,Vijesti,Ulqini,Ulqin,Crna Gora,Mali i Zi\",\"potentialAction\":[{\"@type\":\"SearchAction\",\"target\":{\"@type\":\"EntryPoint\",\"urlTemplate\":\"https:\/\/www.visit-ulcinj.com\/blog\/?s={search_term_string}\"},\"query-input\":\"required name=search_term_string\"}],\"inLanguage\":\"en-US\"},{\"@type\":\"ImageObject\",\"inLanguage\":\"en-US\",\"@id\":\"https:\/\/www.visit-ulcinj.com\/blog\/2011\/09\/30\/telegram-cestitke-premija-luksicapredsjedniku-opstine-ulcinj-nazif-cungua\/#primaryimage\",\"url\":\"https:\/\/www.visit-ulcinj.com\/blog\/wp-content\/uploads\/2011\/09\/Telegram-cestitke-Premija-Luksica21.jpg\",\"contentUrl\":\"https:\/\/www.visit-ulcinj.com\/blog\/wp-content\/uploads\/2011\/09\/Telegram-cestitke-Premija-Luksica21.jpg\",\"width\":\"725\",\"height\":\"1024\"},{\"@type\":\"WebPage\",\"@id\":\"https:\/\/www.visit-ulcinj.com\/blog\/2011\/09\/30\/telegram-cestitke-premija-luksicapredsjedniku-opstine-ulcinj-nazif-cungua\/#webpage\",\"url\":\"https:\/\/www.visit-ulcinj.com\/blog\/2011\/09\/30\/telegram-cestitke-premija-luksicapredsjedniku-opstine-ulcinj-nazif-cungua\/\",\"name\":\"Telegram cestitke Premija Luk\u0161i\u0107a,Predsjedniku Op\u0161tine Ulcinj Nazif Cungua - Lajme nga Ulqini\",\"isPartOf\":{\"@id\":\"https:\/\/www.visit-ulcinj.com\/blog\/#website\"},\"primaryImageOfPage\":{\"@id\":\"https:\/\/www.visit-ulcinj.com\/blog\/2011\/09\/30\/telegram-cestitke-premija-luksicapredsjedniku-opstine-ulcinj-nazif-cungua\/#primaryimage\"},\"datePublished\":\"2011-09-30T17:04:11+00:00\",\"dateModified\":\"2011-10-01T15:02:29+00:00\",\"author\":{\"@id\":\"https:\/\/www.visit-ulcinj.com\/blog\/#\/schema\/person\/dcab619c614d3038751c63bc2aadc06d\"},\"description\":\"Telegram cestitke Premija Luk\u0161i\u0107a,Predsjedniku Op\u0161tine Ulcinj Nazif Cungua Predsjednik Vlade Crne Gore Igor Luk\u0161i\u0107 uputio je telegram \u010destitke novom\",\"breadcrumb\":{\"@id\":\"https:\/\/www.visit-ulcinj.com\/blog\/2011\/09\/30\/telegram-cestitke-premija-luksicapredsjedniku-opstine-ulcinj-nazif-cungua\/#breadcrumb\"},\"inLanguage\":\"en-US\",\"potentialAction\":[{\"@type\":\"ReadAction\",\"target\":[\"https:\/\/www.visit-ulcinj.com\/blog\/2011\/09\/30\/telegram-cestitke-premija-luksicapredsjedniku-opstine-ulcinj-nazif-cungua\/\"]}]},{\"@type\":\"BreadcrumbList\",\"@id\":\"https:\/\/www.visit-ulcinj.com\/blog\/2011\/09\/30\/telegram-cestitke-premija-luksicapredsjedniku-opstine-ulcinj-nazif-cungua\/#breadcrumb\",\"itemListElement\":[{\"@type\":\"ListItem\",\"position\":1,\"name\":\"Telegram cestitke Premija Luk\u0161i\u0107a,Predsjedniku Op\u0161tine Ulcinj Nazif Cungua\"}]},{\"@type\":\"Person\",\"@id\":\"https:\/\/www.visit-ulcinj.com\/blog\/#\/schema\/person\/dcab619c614d3038751c63bc2aadc06d\",\"name\":\"ulqini\",\"sameAs\":[\"http:\/\/www.visit-ulcinj.com\"],\"url\":\"https:\/\/www.visit-ulcinj.com\/blog\/author\/admin\/\"}]}<\/script>\n<!-- \/ Yoast SEO plugin. -->","yoast_head_json":{"title":"Telegram cestitke Premija Luk\u0161i\u0107a,Predsjedniku Op\u0161tine Ulcinj Nazif Cungua - Lajme nga Ulqini","description":"Telegram cestitke Premija Luk\u0161i\u0107a,Predsjedniku Op\u0161tine Ulcinj Nazif Cungua Predsjednik Vlade Crne Gore Igor Luk\u0161i\u0107 uputio je telegram \u010destitke novom","robots":{"index":"index","follow":"follow","max-snippet":"max-snippet:-1","max-image-preview":"max-image-preview:large","max-video-preview":"max-video-preview:-1"},"canonical":"https:\/\/www.visit-ulcinj.com\/blog\/2011\/09\/30\/telegram-cestitke-premija-luksicapredsjedniku-opstine-ulcinj-nazif-cungua\/","og_locale":"en_US","og_type":"article","og_title":"Telegram cestitke Premija Luk\u0161i\u0107a,Predsjedniku Op\u0161tine Ulcinj Nazif Cungua - Lajme nga Ulqini","og_description":"Telegram cestitke Premija Luk\u0161i\u0107a,Predsjedniku Op\u0161tine Ulcinj Nazif Cungua Predsjednik Vlade Crne Gore Igor Luk\u0161i\u0107 uputio je telegram \u010destitke novom","og_url":"https:\/\/www.visit-ulcinj.com\/blog\/2011\/09\/30\/telegram-cestitke-premija-luksicapredsjedniku-opstine-ulcinj-nazif-cungua\/","og_site_name":"Lajme nga Ulqini","article_published_time":"2011-09-30T17:04:11+00:00","article_modified_time":"2011-10-01T15:02:29+00:00","og_image":[{"url":"http:\/\/www.visit-ulcinj.com\/blog\/wp-content\/uploads\/2011\/09\/Telegram-cestitke-Premija-Luksica21.jpg"}],"twitter_misc":{"Written by":"ulqini","Est. reading time":"1 minute"},"schema":{"@context":"https:\/\/schema.org","@graph":[{"@type":"WebSite","@id":"https:\/\/www.visit-ulcinj.com\/blog\/#website","url":"https:\/\/www.visit-ulcinj.com\/blog\/","name":"Lajme nga Ulqini","description":"Lajme,Vijesti,Ulqini,Ulqin,Crna Gora,Mali i Zi","potentialAction":[{"@type":"SearchAction","target":{"@type":"EntryPoint","urlTemplate":"https:\/\/www.visit-ulcinj.com\/blog\/?s={search_term_string}"},"query-input":"required name=search_term_string"}],"inLanguage":"en-US"},{"@type":"ImageObject","inLanguage":"en-US","@id":"https:\/\/www.visit-ulcinj.com\/blog\/2011\/09\/30\/telegram-cestitke-premija-luksicapredsjedniku-opstine-ulcinj-nazif-cungua\/#primaryimage","url":"https:\/\/www.visit-ulcinj.com\/blog\/wp-content\/uploads\/2011\/09\/Telegram-cestitke-Premija-Luksica21.jpg","contentUrl":"https:\/\/www.visit-ulcinj.com\/blog\/wp-content\/uploads\/2011\/09\/Telegram-cestitke-Premija-Luksica21.jpg","width":"725","height":"1024"},{"@type":"WebPage","@id":"https:\/\/www.visit-ulcinj.com\/blog\/2011\/09\/30\/telegram-cestitke-premija-luksicapredsjedniku-opstine-ulcinj-nazif-cungua\/#webpage","url":"https:\/\/www.visit-ulcinj.com\/blog\/2011\/09\/30\/telegram-cestitke-premija-luksicapredsjedniku-opstine-ulcinj-nazif-cungua\/","name":"Telegram cestitke Premija Luk\u0161i\u0107a,Predsjedniku Op\u0161tine Ulcinj Nazif Cungua - Lajme nga Ulqini","isPartOf":{"@id":"https:\/\/www.visit-ulcinj.com\/blog\/#website"},"primaryImageOfPage":{"@id":"https:\/\/www.visit-ulcinj.com\/blog\/2011\/09\/30\/telegram-cestitke-premija-luksicapredsjedniku-opstine-ulcinj-nazif-cungua\/#primaryimage"},"datePublished":"2011-09-30T17:04:11+00:00","dateModified":"2011-10-01T15:02:29+00:00","author":{"@id":"https:\/\/www.visit-ulcinj.com\/blog\/#\/schema\/person\/dcab619c614d3038751c63bc2aadc06d"},"description":"Telegram cestitke Premija Luk\u0161i\u0107a,Predsjedniku Op\u0161tine Ulcinj Nazif Cungua Predsjednik Vlade Crne Gore Igor Luk\u0161i\u0107 uputio je telegram \u010destitke novom","breadcrumb":{"@id":"https:\/\/www.visit-ulcinj.com\/blog\/2011\/09\/30\/telegram-cestitke-premija-luksicapredsjedniku-opstine-ulcinj-nazif-cungua\/#breadcrumb"},"inLanguage":"en-US","potentialAction":[{"@type":"ReadAction","target":["https:\/\/www.visit-ulcinj.com\/blog\/2011\/09\/30\/telegram-cestitke-premija-luksicapredsjedniku-opstine-ulcinj-nazif-cungua\/"]}]},{"@type":"BreadcrumbList","@id":"https:\/\/www.visit-ulcinj.com\/blog\/2011\/09\/30\/telegram-cestitke-premija-luksicapredsjedniku-opstine-ulcinj-nazif-cungua\/#breadcrumb","itemListElement":[{"@type":"ListItem","position":1,"name":"Telegram cestitke Premija Luk\u0161i\u0107a,Predsjedniku Op\u0161tine Ulcinj Nazif Cungua"}]},{"@type":"Person","@id":"https:\/\/www.visit-ulcinj.com\/blog\/#\/schema\/person\/dcab619c614d3038751c63bc2aadc06d","name":"ulqini","sameAs":["http:\/\/www.visit-ulcinj.com"],"url":"https:\/\/www.visit-ulcinj.com\/blog\/author\/admin\/"}]}},"jetpack_featured_media_url":"","jetpack_sharing_enabled":true,"jetpack_shortlink":"https:\/\/wp.me\/pe6lTn-dqe","_links":{"self":[{"href":"https:\/\/www.visit-ulcinj.com\/blog\/wp-json\/wp\/v2\/posts\/51598"}],"collection":[{"href":"https:\/\/www.visit-ulcinj.com\/blog\/wp-json\/wp\/v2\/posts"}],"about":[{"href":"https:\/\/www.visit-ulcinj.com\/blog\/wp-json\/wp\/v2\/types\/post"}],"author":[{"embeddable":true,"href":"https:\/\/www.visit-ulcinj.com\/blog\/wp-json\/wp\/v2\/users\/1"}],"replies":[{"embeddable":true,"href":"https:\/\/www.visit-ulcinj.com\/blog\/wp-json\/wp\/v2\/comments?post=51598"}],"version-history":[{"count":4,"href":"https:\/\/www.visit-ulcinj.com\/blog\/wp-json\/wp\/v2\/posts\/51598\/revisions"}],"predecessor-version":[{"id":51610,"href":"https:\/\/www.visit-ulcinj.com\/blog\/wp-json\/wp\/v2\/posts\/51598\/revisions\/51610"}],"wp:attachment":[{"href":"https:\/\/www.visit-ulcinj.com\/blog\/wp-json\/wp\/v2\/media?parent=51598"}],"wp:term":[{"taxonomy":"category","embeddable":true,"href":"https:\/\/www.visit-ulcinj.com\/blog\/wp-json\/wp\/v2\/categories?post=51598"},{"taxonomy":"post_tag","embeddable":true,"href":"https:\/\/www.visit-ulcinj.com\/blog\/wp-json\/wp\/v2\/tags?post=51598"}],"curies":[{"name":"wp","href":"https:\/\/api.w.org\/{rel}","templated":true}]}}