{"id":51611,"date":"2011-10-01T16:18:26","date_gmt":"2011-10-01T15:18:26","guid":{"rendered":"http:\/\/www.visit-ulcinj.com\/blog\/?p=51611"},"modified":"2011-10-01T16:19:15","modified_gmt":"2011-10-01T15:19:15","slug":"vaselj-sinistaj-bez-podrske-albanaca","status":"publish","type":"post","link":"https:\/\/www.visit-ulcinj.com\/blog\/2011\/10\/01\/vaselj-sinistaj-bez-podrske-albanaca\/","title":{"rendered":"Vaselj Sini\u0161taj: Bez podr\u0161ke Albanaca"},"content":{"rendered":"<p><a href=\"http:\/\/www.visit-ulcinj.com\/blog\/wp-content\/uploads\/2011\/10\/sinishtaj.jpg\"><img loading=\"lazy\" class=\"alignleft size-full wp-image-51612\" title=\"sinishtaj\" src=\"http:\/\/www.visit-ulcinj.com\/blog\/wp-content\/uploads\/2011\/10\/sinishtaj.jpg\" alt=\"\" width=\"300\" height=\"250\" \/><\/a>Poslanici albanskih partija nijesu u\u010destvovali u glasanju o promjenama Ustava jer su nezadovoljni zbog \u010dinjenice da Albanci nijesu zastupljeni u crnogorskom pravosu\u0111u. To je za &#8220;Dan&#8221; saop\u0161tio \u0161ef kluba albanskih partija Vaselj Sini\u0161taj.<br \/>\n&#8211; Bez obzira na sve promjene Ustava, koje je iznudila Evropska komisija, albanske parlamentarne partije nijesu zadovoljne. Razlog je \u0161to i dalje Albanci nemaju svoje predstavnike u sudstvu i tu\u017eila\u0161tvu. Izuzetak je mo\u017eda Ulcinj, gdje je Albanka predsjednica Osnovnog suda. U Podgorici, kao centru administracije, od Osnovnog, preko Apelacionog, Vrhovnog pa do Ustavnog suda nema nijednog sudije Albanca &#8211; poja\u0161njava Sini\u0161taj.<br \/>\nDrugi razlog jedinstvenog stava albanskih partija da ne u\u010destvuju u glasanju o nacrtu amandmana na ustav, pripremljenim na inicijativu Vlade, kako je dodao, je \u010dinjenica da je prekr\u0161en ustav prilikom nedavnog usvajanja izbornog zakona.<br \/>\n&#8211; Ne\u0107emo da budemo dio onih koji usvajaju i mijenjaju ustav a kr\u0161e ga &#8211; zaklju\u010dio je Sini\u0161taj.<\/p>\n<p><a href=\"http:\/\/www.dan.co.me\/?nivo=3&amp;rubrika=Politika&amp;clanak=299409&amp;najdatum=2011-09-30&amp;datum=2011-10-01\" target=\"_blank\"><strong>V.R.<br \/>\nDAN<\/strong><\/a><\/p>\n","protected":false},"excerpt":{"rendered":"<p>Poslanici albanskih partija nijesu u\u010destvovali u glasanju o promjenama Ustava jer su nezadovoljni zbog \u010dinjenice da Albanci nijesu zastupljeni u crnogorskom pravosu\u0111u. To je za &#8220;Dan&#8221; saop\u0161tio \u0161ef kluba albanskih partija Vaselj Sini\u0161taj. &#8211; Bez obzira na sve promjene Ustava, koje je iznudila Evropska komisija, albanske parlamentarne partije nijesu zadovoljne. Razlog je \u0161to i dalje [&hellip;]<\/p>\n","protected":false},"author":1,"featured_media":0,"comment_status":"open","ping_status":"closed","sticky":false,"template":"","format":"standard","meta":{"spay_email":"","jetpack_publicize_message":"","jetpack_is_tweetstorm":false,"jetpack_publicize_feature_enabled":true},"categories":[8337],"tags":[2474],"jetpack_publicize_connections":[],"yoast_head":"<!-- This site is optimized with the Yoast SEO plugin v19.1 - https:\/\/yoast.com\/wordpress\/plugins\/seo\/ -->\n<title>Vaselj Sini\u0161taj: Bez podr\u0161ke Albanaca - Lajme nga Ulqini<\/title>\n<meta name=\"description\" content=\"Poslanici albanskih partija nijesu u\u010destvovali u glasanju o promjenama Ustava jer su nezadovoljni zbog \u010dinjenice da Albanci nijesu zastupljeni u\" \/>\n<meta name=\"robots\" content=\"index, follow, max-snippet:-1, max-image-preview:large, max-video-preview:-1\" \/>\n<link rel=\"canonical\" href=\"https:\/\/www.visit-ulcinj.com\/blog\/2011\/10\/01\/vaselj-sinistaj-bez-podrske-albanaca\/\" \/>\n<meta property=\"og:locale\" content=\"en_US\" \/>\n<meta property=\"og:type\" content=\"article\" \/>\n<meta property=\"og:title\" content=\"Vaselj Sini\u0161taj: Bez podr\u0161ke Albanaca - Lajme nga Ulqini\" \/>\n<meta property=\"og:description\" content=\"Poslanici albanskih partija nijesu u\u010destvovali u glasanju o promjenama Ustava jer su nezadovoljni zbog \u010dinjenice da Albanci nijesu zastupljeni u\" \/>\n<meta property=\"og:url\" content=\"https:\/\/www.visit-ulcinj.com\/blog\/2011\/10\/01\/vaselj-sinistaj-bez-podrske-albanaca\/\" \/>\n<meta property=\"og:site_name\" content=\"Lajme nga Ulqini\" \/>\n<meta property=\"article:published_time\" content=\"2011-10-01T15:18:26+00:00\" \/>\n<meta property=\"article:modified_time\" content=\"2011-10-01T15:19:15+00:00\" \/>\n<meta property=\"og:image\" content=\"http:\/\/www.visit-ulcinj.com\/blog\/wp-content\/uploads\/2011\/10\/sinishtaj.jpg\" \/>\n<meta name=\"twitter:label1\" content=\"Written by\" \/>\n\t<meta name=\"twitter:data1\" content=\"ulqini\" \/>\n\t<meta name=\"twitter:label2\" content=\"Est. reading time\" \/>\n\t<meta name=\"twitter:data2\" content=\"1 minute\" \/>\n<script type=\"application\/ld+json\" class=\"yoast-schema-graph\">{\"@context\":\"https:\/\/schema.org\",\"@graph\":[{\"@type\":\"WebSite\",\"@id\":\"https:\/\/www.visit-ulcinj.com\/blog\/#website\",\"url\":\"https:\/\/www.visit-ulcinj.com\/blog\/\",\"name\":\"Lajme nga Ulqini\",\"description\":\"Lajme,Vijesti,Ulqini,Ulqin,Crna Gora,Mali i Zi\",\"potentialAction\":[{\"@type\":\"SearchAction\",\"target\":{\"@type\":\"EntryPoint\",\"urlTemplate\":\"https:\/\/www.visit-ulcinj.com\/blog\/?s={search_term_string}\"},\"query-input\":\"required name=search_term_string\"}],\"inLanguage\":\"en-US\"},{\"@type\":\"ImageObject\",\"inLanguage\":\"en-US\",\"@id\":\"https:\/\/www.visit-ulcinj.com\/blog\/2011\/10\/01\/vaselj-sinistaj-bez-podrske-albanaca\/#primaryimage\",\"url\":\"https:\/\/www.visit-ulcinj.com\/blog\/wp-content\/uploads\/2011\/10\/sinishtaj.jpg\",\"contentUrl\":\"https:\/\/www.visit-ulcinj.com\/blog\/wp-content\/uploads\/2011\/10\/sinishtaj.jpg\",\"width\":\"258\",\"height\":\"193\"},{\"@type\":\"WebPage\",\"@id\":\"https:\/\/www.visit-ulcinj.com\/blog\/2011\/10\/01\/vaselj-sinistaj-bez-podrske-albanaca\/#webpage\",\"url\":\"https:\/\/www.visit-ulcinj.com\/blog\/2011\/10\/01\/vaselj-sinistaj-bez-podrske-albanaca\/\",\"name\":\"Vaselj Sini\u0161taj: Bez podr\u0161ke Albanaca - Lajme nga Ulqini\",\"isPartOf\":{\"@id\":\"https:\/\/www.visit-ulcinj.com\/blog\/#website\"},\"primaryImageOfPage\":{\"@id\":\"https:\/\/www.visit-ulcinj.com\/blog\/2011\/10\/01\/vaselj-sinistaj-bez-podrske-albanaca\/#primaryimage\"},\"datePublished\":\"2011-10-01T15:18:26+00:00\",\"dateModified\":\"2011-10-01T15:19:15+00:00\",\"author\":{\"@id\":\"https:\/\/www.visit-ulcinj.com\/blog\/#\/schema\/person\/dcab619c614d3038751c63bc2aadc06d\"},\"description\":\"Poslanici albanskih partija nijesu u\u010destvovali u glasanju o promjenama Ustava jer su nezadovoljni zbog \u010dinjenice da Albanci nijesu zastupljeni u\",\"breadcrumb\":{\"@id\":\"https:\/\/www.visit-ulcinj.com\/blog\/2011\/10\/01\/vaselj-sinistaj-bez-podrske-albanaca\/#breadcrumb\"},\"inLanguage\":\"en-US\",\"potentialAction\":[{\"@type\":\"ReadAction\",\"target\":[\"https:\/\/www.visit-ulcinj.com\/blog\/2011\/10\/01\/vaselj-sinistaj-bez-podrske-albanaca\/\"]}]},{\"@type\":\"BreadcrumbList\",\"@id\":\"https:\/\/www.visit-ulcinj.com\/blog\/2011\/10\/01\/vaselj-sinistaj-bez-podrske-albanaca\/#breadcrumb\",\"itemListElement\":[{\"@type\":\"ListItem\",\"position\":1,\"name\":\"Vaselj Sini\u0161taj: Bez podr\u0161ke Albanaca\"}]},{\"@type\":\"Person\",\"@id\":\"https:\/\/www.visit-ulcinj.com\/blog\/#\/schema\/person\/dcab619c614d3038751c63bc2aadc06d\",\"name\":\"ulqini\",\"sameAs\":[\"http:\/\/www.visit-ulcinj.com\"],\"url\":\"https:\/\/www.visit-ulcinj.com\/blog\/author\/admin\/\"}]}<\/script>\n<!-- \/ Yoast SEO plugin. -->","yoast_head_json":{"title":"Vaselj Sini\u0161taj: Bez podr\u0161ke Albanaca - Lajme nga Ulqini","description":"Poslanici albanskih partija nijesu u\u010destvovali u glasanju o promjenama Ustava jer su nezadovoljni zbog \u010dinjenice da Albanci nijesu zastupljeni u","robots":{"index":"index","follow":"follow","max-snippet":"max-snippet:-1","max-image-preview":"max-image-preview:large","max-video-preview":"max-video-preview:-1"},"canonical":"https:\/\/www.visit-ulcinj.com\/blog\/2011\/10\/01\/vaselj-sinistaj-bez-podrske-albanaca\/","og_locale":"en_US","og_type":"article","og_title":"Vaselj Sini\u0161taj: Bez podr\u0161ke Albanaca - Lajme nga Ulqini","og_description":"Poslanici albanskih partija nijesu u\u010destvovali u glasanju o promjenama Ustava jer su nezadovoljni zbog \u010dinjenice da Albanci nijesu zastupljeni u","og_url":"https:\/\/www.visit-ulcinj.com\/blog\/2011\/10\/01\/vaselj-sinistaj-bez-podrske-albanaca\/","og_site_name":"Lajme nga Ulqini","article_published_time":"2011-10-01T15:18:26+00:00","article_modified_time":"2011-10-01T15:19:15+00:00","og_image":[{"url":"http:\/\/www.visit-ulcinj.com\/blog\/wp-content\/uploads\/2011\/10\/sinishtaj.jpg"}],"twitter_misc":{"Written by":"ulqini","Est. reading time":"1 minute"},"schema":{"@context":"https:\/\/schema.org","@graph":[{"@type":"WebSite","@id":"https:\/\/www.visit-ulcinj.com\/blog\/#website","url":"https:\/\/www.visit-ulcinj.com\/blog\/","name":"Lajme nga Ulqini","description":"Lajme,Vijesti,Ulqini,Ulqin,Crna Gora,Mali i Zi","potentialAction":[{"@type":"SearchAction","target":{"@type":"EntryPoint","urlTemplate":"https:\/\/www.visit-ulcinj.com\/blog\/?s={search_term_string}"},"query-input":"required name=search_term_string"}],"inLanguage":"en-US"},{"@type":"ImageObject","inLanguage":"en-US","@id":"https:\/\/www.visit-ulcinj.com\/blog\/2011\/10\/01\/vaselj-sinistaj-bez-podrske-albanaca\/#primaryimage","url":"https:\/\/www.visit-ulcinj.com\/blog\/wp-content\/uploads\/2011\/10\/sinishtaj.jpg","contentUrl":"https:\/\/www.visit-ulcinj.com\/blog\/wp-content\/uploads\/2011\/10\/sinishtaj.jpg","width":"258","height":"193"},{"@type":"WebPage","@id":"https:\/\/www.visit-ulcinj.com\/blog\/2011\/10\/01\/vaselj-sinistaj-bez-podrske-albanaca\/#webpage","url":"https:\/\/www.visit-ulcinj.com\/blog\/2011\/10\/01\/vaselj-sinistaj-bez-podrske-albanaca\/","name":"Vaselj Sini\u0161taj: Bez podr\u0161ke Albanaca - Lajme nga Ulqini","isPartOf":{"@id":"https:\/\/www.visit-ulcinj.com\/blog\/#website"},"primaryImageOfPage":{"@id":"https:\/\/www.visit-ulcinj.com\/blog\/2011\/10\/01\/vaselj-sinistaj-bez-podrske-albanaca\/#primaryimage"},"datePublished":"2011-10-01T15:18:26+00:00","dateModified":"2011-10-01T15:19:15+00:00","author":{"@id":"https:\/\/www.visit-ulcinj.com\/blog\/#\/schema\/person\/dcab619c614d3038751c63bc2aadc06d"},"description":"Poslanici albanskih partija nijesu u\u010destvovali u glasanju o promjenama Ustava jer su nezadovoljni zbog \u010dinjenice da Albanci nijesu zastupljeni u","breadcrumb":{"@id":"https:\/\/www.visit-ulcinj.com\/blog\/2011\/10\/01\/vaselj-sinistaj-bez-podrske-albanaca\/#breadcrumb"},"inLanguage":"en-US","potentialAction":[{"@type":"ReadAction","target":["https:\/\/www.visit-ulcinj.com\/blog\/2011\/10\/01\/vaselj-sinistaj-bez-podrske-albanaca\/"]}]},{"@type":"BreadcrumbList","@id":"https:\/\/www.visit-ulcinj.com\/blog\/2011\/10\/01\/vaselj-sinistaj-bez-podrske-albanaca\/#breadcrumb","itemListElement":[{"@type":"ListItem","position":1,"name":"Vaselj Sini\u0161taj: Bez podr\u0161ke Albanaca"}]},{"@type":"Person","@id":"https:\/\/www.visit-ulcinj.com\/blog\/#\/schema\/person\/dcab619c614d3038751c63bc2aadc06d","name":"ulqini","sameAs":["http:\/\/www.visit-ulcinj.com"],"url":"https:\/\/www.visit-ulcinj.com\/blog\/author\/admin\/"}]}},"jetpack_featured_media_url":"","jetpack_sharing_enabled":true,"jetpack_shortlink":"https:\/\/wp.me\/pe6lTn-dqr","_links":{"self":[{"href":"https:\/\/www.visit-ulcinj.com\/blog\/wp-json\/wp\/v2\/posts\/51611"}],"collection":[{"href":"https:\/\/www.visit-ulcinj.com\/blog\/wp-json\/wp\/v2\/posts"}],"about":[{"href":"https:\/\/www.visit-ulcinj.com\/blog\/wp-json\/wp\/v2\/types\/post"}],"author":[{"embeddable":true,"href":"https:\/\/www.visit-ulcinj.com\/blog\/wp-json\/wp\/v2\/users\/1"}],"replies":[{"embeddable":true,"href":"https:\/\/www.visit-ulcinj.com\/blog\/wp-json\/wp\/v2\/comments?post=51611"}],"version-history":[{"count":2,"href":"https:\/\/www.visit-ulcinj.com\/blog\/wp-json\/wp\/v2\/posts\/51611\/revisions"}],"predecessor-version":[{"id":51614,"href":"https:\/\/www.visit-ulcinj.com\/blog\/wp-json\/wp\/v2\/posts\/51611\/revisions\/51614"}],"wp:attachment":[{"href":"https:\/\/www.visit-ulcinj.com\/blog\/wp-json\/wp\/v2\/media?parent=51611"}],"wp:term":[{"taxonomy":"category","embeddable":true,"href":"https:\/\/www.visit-ulcinj.com\/blog\/wp-json\/wp\/v2\/categories?post=51611"},{"taxonomy":"post_tag","embeddable":true,"href":"https:\/\/www.visit-ulcinj.com\/blog\/wp-json\/wp\/v2\/tags?post=51611"}],"curies":[{"name":"wp","href":"https:\/\/api.w.org\/{rel}","templated":true}]}}