{"id":51616,"date":"2011-10-01T16:51:03","date_gmt":"2011-10-01T15:51:03","guid":{"rendered":"http:\/\/www.visit-ulcinj.com\/blog\/?p=51616"},"modified":"2011-10-01T16:51:03","modified_gmt":"2011-10-01T15:51:03","slug":"shasi-emrat-e-monumenteve-si-relikte-te-emertimit-te-vendbanimeve","status":"publish","type":"post","link":"https:\/\/www.visit-ulcinj.com\/blog\/2011\/10\/01\/shasi-emrat-e-monumenteve-si-relikte-te-emertimit-te-vendbanimeve\/","title":{"rendered":"Shasi: Emrat e monumenteve si relikte t\u00eb em\u00ebrtimit t\u00eb vendbanimeve"},"content":{"rendered":"<p><strong><a href=\"http:\/\/www.visit-ulcinj.com\/blog\/wp-content\/uploads\/2011\/10\/ShasiSfacium-Soacium-Soacia-Suazo-Sovaci-ShasSvac.jpg\"><img loading=\"lazy\" class=\"alignleft size-full wp-image-51617\" title=\"Shasi,Sfacium, Soacium, Soacia, Suazo, Sovaci, Shas,Svac\" src=\"http:\/\/www.visit-ulcinj.com\/blog\/wp-content\/uploads\/2011\/10\/ShasiSfacium-Soacium-Soacia-Suazo-Sovaci-ShasSvac.jpg\" alt=\"\" width=\"508\" height=\"380\" \/><\/a>Prof. dr. Iljaz Rexha<br \/>\nT\u00eb dh\u00ebna onomastike dhe demografike p\u00ebr Shasin dhe vendbanimet e nahijes s\u00eb Bun\u00ebs s\u00eb P\u00ebrtejme sipas\u00a0defter\u00ebve osman\u00eb t\u00eb shekujve XV dhe XVI (2)<br \/>\n<\/strong>Si\u00e7 dihet, kah fundi i shekullit XV n\u00eb kuad\u00ebr\u00a0t\u00eb Sanxhakut t\u00eb Shkodr\u00ebs u formua nahija\u00a0e Bregut t\u00eb P\u00ebrtejm\u00eb apo e An\u00ebs s\u00eb Malit,\u00a0si nj\u00ebsi administrative osmane, ku n\u00eb fillim\u00a0ishin t\u00eb regjistruara vet\u00ebm 20 vendbanime\u00a0t\u00eb k\u00ebsaj ane, nd\u00ebrsa n\u00eb fund t\u00eb shekullit XVI,\u00a0pik\u00ebrisht n\u00eb vitin 1582, \u00ebsht\u00eb formuar nahija\u00a0 \u00a0e re administrative, me emrin e modifikuar\u00a0nahija e Bun\u00ebs s\u00eb P\u00ebrtejme, ku tani p\u00ebr her\u00eb\u00a0t\u00eb par\u00eb ishin regjistruar edhe 40 vendbanime\u00a0q\u00eb m\u00eb her\u00ebt s\u2019kishin qen\u00eb t\u00eb p\u00ebrfshira n\u00eb\u00a0sistemin e timarit osman, e q\u00eb gjithsej p\u00ebrb\u00ebnin\u00a060 vendbanime t\u00eb hap\u00ebsir\u00ebs s\u00eb An\u00ebs\u00a0s\u00eb Malit.\u00a0Meq\u00eb jemi duke folur p\u00ebr monumentet e\u00a0kultit dhe ato kulturo-historike t\u00eb k\u00ebsaj treve,\u00a0sipas t\u00eb dh\u00ebnave onomastike q\u00eb ofrojn\u00eb\u00a0defter\u00ebt, shihet qart\u00eb se emrat e k\u00ebtyre\u00a0monumenteve sakrale dhe t\u00eb institucioneve\u00a0religjioze jan\u00eb ruajtur si relikte n\u00eb format e\u00a0toponimizura brenda em\u00ebrtimit t\u00eb vendbanimeve\u00a0t\u00eb cilat tanim\u00eb nuk ekzistojn\u00eb.\u00a0Vendbanimi Shasi del t\u00eb p\u00ebrmendet n\u00eb burimet\u00a0mesjetare me trajta t\u00eb ndryshme t\u00eb\u00a0formave, si p. sh. Sfacium, Soacium, Soacia, Suazo, Sovaci, Shas dhe Sva\u00e7, nd\u00ebrsa n\u00eb defter\u00eb\u00a0\u00ebsht\u00eb regjistruar me form\u00ebn turke Ifshas,\u00a0me shkronj\u00ebn protetike i p\u00ebr shkak t\u00eb shqiptimit\u00a0m\u00eb t\u00eb leht\u00eb t\u00eb natyr\u00ebs s\u00eb gjuh\u00ebs turke.\u00a0Si duket, fshati i tash\u00ebm, Shas &#8211; Fshas (form\u00eb\u00a0turke) q\u00eb \u00ebsht\u00eb themeluar n\u00eb mesjet\u00ebn e\u00a0von\u00eb, e ka ruajtur dhe e ka trash\u00ebguar emrin\u00a0e qytetit t\u00eb Shasit antik dhe t\u00eb mesjet\u00ebs\u00a0s\u00eb hershme, i cili tani gjendet mbi Liqenin e\u00a0Shasit.\u00a0Ky fshat n\u00eb vitin 1485 kishte vet\u00ebm dy sht\u00ebpi\u00a0me dy kryefamiljar\u00eb: Martin Korona dhe Mika\u00a0Armeni, nd\u00ebrsa n\u00eb vitin 1582 vendbanimi\u00a0ishte rritur n\u00eb 29 sht\u00ebpi, me 3 beqar\u00eb dhe 8\u00a0pronar\u00eb t\u00eb \u00e7ifligjeve. Prej kryefamiljar\u00ebve, 28\u00a0mbanin antroponimi tipike t\u00eb krishter\u00eb tradicionale shqiptare, nd\u00ebrsa 8 kryefamiljar\u00eb\u00a0mbanin emra oriental\u00eb. N\u00eb mesin e k\u00ebtyre\u00a0kryefamiljar\u00ebve hasim edhe n\u00eb dy prift\u00ebrinj\u00a0katolik\u00eb: Gika Don Preni dhe Ded\u00eb Donza,\u00a0ku shihet se n\u00eb k\u00ebt\u00eb vendbanim mesjetar ka\u00a0ekzistuar nj\u00eb monument kulti, si objekt fetar.\u00a0N\u00eb pjes\u00ebn e dyt\u00eb t\u00eb k\u00ebtij punimi do t\u2019i japim\u00a0antroponimet dhe patronimet e t\u00eb gjith\u00eb\u00a0kryefamiljar\u00ebve, p\u00ebr \u00e7do vendbanim, si zot\u00a0sht\u00ebpie q\u00eb i kan\u00eb shlyer detyrimet fiskale\u00a0ndaj administrat\u00ebs osmane.\u00a0N\u00eb af\u00ebrsi t\u00eb Shasit del i regjistruar vendbanimi\u00a0me emrin Klishani, me form\u00ebn e vjet\u00ebr t\u00eb\u00a0protoshqipes, q\u00eb semantikisht p\u00ebrputhet me\u00a0form\u00ebn e sotme kish\u00eb. N\u00eb k\u00ebt\u00eb rast vendbanimi\u00a0n\u00eb fjal\u00eb e kishte ruajtur emrin e kish\u00ebs s\u00eb\u00a0hershme. Si duket, ky vendbanim mesjetar\u00a0ka t\u00eb b\u00ebj\u00eb me Kleshnen -Kllezn\u00ebn e sotme\u00a0n\u00eb af\u00ebrsi t\u00eb Liqenit t\u00eb Shasit. Ky fshat n\u00eb vitin\u00a01582 kishte 38 sht\u00ebpi, 6 beqar\u00eb, 4 pronar\u00eb\u00a0me \u00e7ifligje. N\u00eb mesin e kryefamiljar\u00ebve kemi\u00a0dy prift\u00ebrinj katolik\u00eb shqiptar\u00eb si Dom Prendi\u00a0dhe Dom Gjoni. Antroponomia dhe patronimia\u00a0e kryefamiljar\u00ebve n\u00eb p\u00ebrgjith\u00ebsi ishte e\u00a0sfer\u00ebs latino-romane t\u00eb tradit\u00ebs s\u00eb krishter\u00eb\u00a0shqiptare me forma t\u00eb shqipes, 38 kryefamiljar\u00eb\u00a0kishin emra kalendarik\u00eb t\u00eb krishter\u00eb,\u00a0nd\u00ebrsa 4 kryefamiljar\u00eb mbanin emra t\u00eb sfer\u00ebs\u00a0islame orientale.\u00a0Vendbanimi tjet\u00ebr Sh\u00ebn Gjergji, q\u00eb e kishte\u00a0marr\u00eb emrin pik\u00ebrisht sipas kish\u00ebs q\u00eb ekzistonte\u00a0m\u00eb heret me k\u00ebt\u00eb em\u00ebr, b\u00ebnte pjes\u00eb\u00a0n\u00eb nahijen e Bun\u00ebs s\u00eb P\u00ebrtejme dhe n\u00eb vitin\u00a01485 kishte tri sht\u00ebpi me tre kryefamiljar\u00eb\u00a0me antroponimi t\u00eb krishter\u00eb, nd\u00ebrsa n\u00eb vitin\u00a01582 kishte 20 sht\u00ebpi me 26 kryefamiljar\u00eb.\u00a0Antroponimia e k\u00ebtij vendbanimi ishte krejt\u00ebsisht\u00a0e sfer\u00ebs latino-romane dhe tradicionale\u00a0shqiptare. N\u00eb mesin e kryefamiljar\u00ebve kemi dy prift\u00ebrinj katolik\u00eb Dom Nika dhe\u00a0Dom Andre. N\u00eb k\u00ebt\u00eb vendbanim ishte regjistruar\u00a0vak\u00ebfi dhe pasuria e kish\u00ebs s\u00eb Sh\u00ebn\u00a0Gjergjit dhe bashtina e Dom Andres\u00eb, por\u00a0jo edhe kisha si institucion fetar, andaj nuk\u00a0kemi t\u00eb dh\u00ebna p\u00ebr kish\u00ebn e sotme q\u00eb ekziston\u00a0n\u00eb k\u00ebt\u00eb vendbanim. N\u00ebse kjo kish\u00eb \u00ebsht\u00eb\u00a0e hershme para osmane n\u00eb An\u00eb t\u00eb Malit apo\u00a0e koh\u00ebs pas dep\u00ebrtimit osman, mbetet t\u00eb\u00a0verifikohet nga burimet e tjera arkivore.\u00a0Vendbanimi Sh\u00ebn Tod\u00ebr n\u00eb vitin 1485 kishte\u00a0mbetur jasht\u00eb regjistrimit, nd\u00ebrsa n\u00eb defterin\u00a0e vitit 1582 kishte 20 sht\u00ebpi, 5 beqar\u00eb\u00a0e 4 pronar\u00eb me \u00e7ifligje. Edhe k\u00ebtu shihet se\u00a0ka ekzistuar kisha e hershme meq\u00eb n\u00eb k\u00ebt\u00eb\u00a0vendbanim hasim t\u00eb regjistruara 3 mikrotoponime\u00a0me emra t\u00eb prift\u00ebrinjve katolik\u00eb\u00a0shqiptar\u00eb: bashtina Mark Dom Nika, bashtina\u00a0Dom Minuka dhe bashtina Domina. N\u00eb\u00a0af\u00ebrsi ku sot ekziston xhamia, quhet nj\u00eb mikrotoponim\u00a0me emrin Vendi i Kish\u00ebs. Nga 25\u00a0kryefamiljar\u00eb me antroponimi tradicionale\u00a0t\u00eb krishter\u00eb shqiptare, vet\u00ebm 4 kryefamiljar\u00eb\u00a0q\u00eb kishin kaluar n\u00eb islam mbanin atroponomi\u00a0islamo-orientale.\u00a0Vendbanimi Sh\u00ebn Koli ishte regjistruar edhe\u00a0n\u00eb regjistrin e kadastr\u00ebs venedikase t\u00eb vitit\u00a01416-1417 me 12 shtepi, nd\u00ebrsa n\u00eb vitin 1485\u00a0ishte regjistruar se i takonte Shkodr\u00ebs, por q\u00eb\u00a0ndodhej n\u00eb an\u00ebn e kufijve t\u00eb kalas\u00eb s\u00eb Ulqinit.\u00a0Gjat\u00eb regjistrimit t\u00eb vitit 1485, banor\u00ebt e\u00a0tij ishin n\u00eb arratisje e sip\u00ebr dhe k\u00ebsaj radhe,\u00a0ata fare nuk kishin ardhur p\u00ebr t\u2019u regjistruar,\u00a0andaj nuk figurojn\u00eb emrat e kryefamiljar\u00ebve\u00a0p\u00ebr k\u00ebt\u00eb vit.\u00a0Sipas regjistrit kadastral osman t\u00eb vitit 1582,\u00a0Sh\u00ebn Koli i takonte nahijes s\u00eb Bun\u00ebs s\u00eb P\u00ebrtejme\u00a0dhe kishte 32 sht\u00ebpi, 7 beqar\u00eb dhe 4\u00a0pronar\u00eb me \u00e7ifligje. Nga k\u00ebta kryefamiljar\u00eb\u00a035 banor\u00eb kishin antroponimi t\u00eb sfer\u00ebs\u00a0latino-romane dhe tradicionale shqiptare,\u00a0nd\u00ebrsa 4 kryefamiljar\u00eb me \u00e7ifligje mbanin\u00a0antroponimi islamo-orientale. N\u00eb k\u00ebt\u00eb vit\u00a0nuk ishte regjistruar kisha e mo\u00e7me me emrin\u00a0Sh\u00ebn Koli si monument i kultit, emrin e t\u00eb\u00a0cilit e mbante e edhe sot e k\u00ebsaj dite e mban\u00a0ky fshat. P\u00ebr kish\u00ebn e tashme q\u00eb sot ekziston\u00a0n\u00eb k\u00ebt\u00eb vendbanim nuk kemi kurrfar\u00eb t\u00eb\u00a0dh\u00ebnash se kur \u00ebsht\u00eb nd\u00ebrtuar, para ose pas\u00a0dep\u00ebrtimit t\u00eb osman\u00ebve n\u00eb An\u00eb t\u00eb Malit.\u00a0Vendbanimi Sh\u00ebn Petra i takonte nahijes s\u00eb\u00a0Bun\u00ebs s\u00eb P\u00ebrtejme. M\u00eb her\u00ebt ishte i banuar,\u00a0nd\u00ebrsa n\u00eb vitin 1582 ishte regjistruar si trollisht\u00eb\u00a0e braktisur, e cila gjendej n\u00eb af\u00ebrsi t\u00eb\u00a0fshatit Muriqan, n\u00eb posedim t\u00eb Aliut dhe\u00a0Mehmetit, bijve t\u00eb Hasanit, n\u00eb baz\u00eb t\u00eb s\u00eb\u00a0drejt\u00ebs s\u00eb tapis\u00eb t\u00eb l\u00ebshuar nga Kasem beu,\u00a0me t\u00eb ardhura vjetore 100 ak\u00e7e. Edhe nga vet\u00a0emri i k\u00ebtij vendbanimi, shihet qart\u00eb se fshati\u00a0ishte pag\u00ebzuar sipas monumentit t\u00eb kultit fetar\u00a0t\u00eb krishter\u00eb q\u00eb m\u00eb her\u00ebt ekzistonte. N\u00eb vendbanimin Ublik del i regjistruar mikrotoponimi\u00a0apo bashtina me emrin Shen Andrea.\u00a0N\u00eb Brajsh\u00eb del i regjistruar prifti katolik\u00a0shqiptar me emrin Don Gjoni, ku \u00ebsht\u00eb ruajtur\u00a0mikrotoponimi me emrin Vendi i Kish\u00ebs.\u00a0N\u00eb Zogaj i Madh ishte regjistruar prifti katolik\u00a0shqiptar me emrin Dom Deda, n\u00eb Goric\u00eb\u00a0\u00ebsht\u00eb regjistruar prifti katolik Dom Gjon\u00a0Prokshi, n\u00eb Bukmir i Vog\u00ebl ishte regjistruar\u00a0mikrotoponimi &#8211; bashtina me emrin e priftit\u00a0katolik shqiptar Andre Domina, n\u00eb zot\u00ebrim\u00a0t\u00eb Jozef At Gjonit.<\/p>\n<p><strong>Koha Javore<\/strong><br \/>\n<!--YouTube Error: bad URL entered--><\/p>\n","protected":false},"excerpt":{"rendered":"<p>Prof. dr. Iljaz Rexha T\u00eb dh\u00ebna onomastike dhe demografike p\u00ebr Shasin dhe vendbanimet e nahijes s\u00eb Bun\u00ebs s\u00eb P\u00ebrtejme sipas\u00a0defter\u00ebve osman\u00eb t\u00eb shekujve XV dhe XVI (2) Si\u00e7 dihet, kah fundi i shekullit XV n\u00eb kuad\u00ebr\u00a0t\u00eb Sanxhakut t\u00eb Shkodr\u00ebs u formua nahija\u00a0e Bregut t\u00eb P\u00ebrtejm\u00eb apo e An\u00ebs s\u00eb Malit,\u00a0si nj\u00ebsi administrative osmane, ku n\u00eb [&hellip;]<\/p>\n","protected":false},"author":1,"featured_media":0,"comment_status":"open","ping_status":"closed","sticky":false,"template":"","format":"standard","meta":{"spay_email":"","jetpack_publicize_message":"","jetpack_is_tweetstorm":false,"jetpack_publicize_feature_enabled":true},"categories":[11],"tags":[19154,2083,19156,19155,19158,19157,2081,200,18],"jetpack_publicize_connections":[],"yoast_head":"<!-- This site is optimized with the Yoast SEO plugin v19.1 - https:\/\/yoast.com\/wordpress\/plugins\/seo\/ -->\n<title>Shasi: Emrat e monumenteve si relikte t\u00eb em\u00ebrtimit t\u00eb vendbanimeve - Lajme nga Ulqini<\/title>\n<meta name=\"description\" content=\"Prof. dr. Iljaz Rexha T\u00eb dh\u00ebna onomastike dhe demografike p\u00ebr Shasin dhe vendbanimet e nahijes s\u00eb Bun\u00ebs s\u00eb P\u00ebrtejme sipas\u00a0defter\u00ebve osman\u00eb t\u00eb shekujve XV\" \/>\n<meta name=\"robots\" content=\"index, follow, max-snippet:-1, max-image-preview:large, max-video-preview:-1\" \/>\n<link rel=\"canonical\" href=\"https:\/\/www.visit-ulcinj.com\/blog\/2011\/10\/01\/shasi-emrat-e-monumenteve-si-relikte-te-emertimit-te-vendbanimeve\/\" \/>\n<meta property=\"og:locale\" content=\"en_US\" \/>\n<meta property=\"og:type\" content=\"article\" \/>\n<meta property=\"og:title\" content=\"Shasi: Emrat e monumenteve si relikte t\u00eb em\u00ebrtimit t\u00eb vendbanimeve - Lajme nga Ulqini\" \/>\n<meta property=\"og:description\" content=\"Prof. dr. Iljaz Rexha T\u00eb dh\u00ebna onomastike dhe demografike p\u00ebr Shasin dhe vendbanimet e nahijes s\u00eb Bun\u00ebs s\u00eb P\u00ebrtejme sipas\u00a0defter\u00ebve osman\u00eb t\u00eb shekujve XV\" \/>\n<meta property=\"og:url\" content=\"https:\/\/www.visit-ulcinj.com\/blog\/2011\/10\/01\/shasi-emrat-e-monumenteve-si-relikte-te-emertimit-te-vendbanimeve\/\" \/>\n<meta property=\"og:site_name\" content=\"Lajme nga Ulqini\" \/>\n<meta property=\"article:published_time\" content=\"2011-10-01T15:51:03+00:00\" \/>\n<meta property=\"og:image\" content=\"http:\/\/www.visit-ulcinj.com\/blog\/wp-content\/uploads\/2011\/10\/ShasiSfacium-Soacium-Soacia-Suazo-Sovaci-ShasSvac.jpg\" \/>\n<meta name=\"twitter:label1\" content=\"Written by\" \/>\n\t<meta name=\"twitter:data1\" content=\"ulqini\" \/>\n\t<meta name=\"twitter:label2\" content=\"Est. reading time\" \/>\n\t<meta name=\"twitter:data2\" content=\"6 minutes\" \/>\n<script type=\"application\/ld+json\" class=\"yoast-schema-graph\">{\"@context\":\"https:\/\/schema.org\",\"@graph\":[{\"@type\":\"WebSite\",\"@id\":\"https:\/\/www.visit-ulcinj.com\/blog\/#website\",\"url\":\"https:\/\/www.visit-ulcinj.com\/blog\/\",\"name\":\"Lajme nga Ulqini\",\"description\":\"Lajme,Vijesti,Ulqini,Ulqin,Crna Gora,Mali i Zi\",\"potentialAction\":[{\"@type\":\"SearchAction\",\"target\":{\"@type\":\"EntryPoint\",\"urlTemplate\":\"https:\/\/www.visit-ulcinj.com\/blog\/?s={search_term_string}\"},\"query-input\":\"required name=search_term_string\"}],\"inLanguage\":\"en-US\"},{\"@type\":\"ImageObject\",\"inLanguage\":\"en-US\",\"@id\":\"https:\/\/www.visit-ulcinj.com\/blog\/2011\/10\/01\/shasi-emrat-e-monumenteve-si-relikte-te-emertimit-te-vendbanimeve\/#primaryimage\",\"url\":\"https:\/\/www.visit-ulcinj.com\/blog\/wp-content\/uploads\/2011\/10\/ShasiSfacium-Soacium-Soacia-Suazo-Sovaci-ShasSvac.jpg\",\"contentUrl\":\"https:\/\/www.visit-ulcinj.com\/blog\/wp-content\/uploads\/2011\/10\/ShasiSfacium-Soacium-Soacia-Suazo-Sovaci-ShasSvac.jpg\",\"width\":\"811\",\"height\":\"745\"},{\"@type\":\"WebPage\",\"@id\":\"https:\/\/www.visit-ulcinj.com\/blog\/2011\/10\/01\/shasi-emrat-e-monumenteve-si-relikte-te-emertimit-te-vendbanimeve\/#webpage\",\"url\":\"https:\/\/www.visit-ulcinj.com\/blog\/2011\/10\/01\/shasi-emrat-e-monumenteve-si-relikte-te-emertimit-te-vendbanimeve\/\",\"name\":\"Shasi: Emrat e monumenteve si relikte t\u00eb em\u00ebrtimit t\u00eb vendbanimeve - Lajme nga Ulqini\",\"isPartOf\":{\"@id\":\"https:\/\/www.visit-ulcinj.com\/blog\/#website\"},\"primaryImageOfPage\":{\"@id\":\"https:\/\/www.visit-ulcinj.com\/blog\/2011\/10\/01\/shasi-emrat-e-monumenteve-si-relikte-te-emertimit-te-vendbanimeve\/#primaryimage\"},\"datePublished\":\"2011-10-01T15:51:03+00:00\",\"dateModified\":\"2011-10-01T15:51:03+00:00\",\"author\":{\"@id\":\"https:\/\/www.visit-ulcinj.com\/blog\/#\/schema\/person\/dcab619c614d3038751c63bc2aadc06d\"},\"description\":\"Prof. dr. Iljaz Rexha T\u00eb dh\u00ebna onomastike dhe demografike p\u00ebr Shasin dhe vendbanimet e nahijes s\u00eb Bun\u00ebs s\u00eb P\u00ebrtejme sipas\u00a0defter\u00ebve osman\u00eb t\u00eb shekujve XV\",\"breadcrumb\":{\"@id\":\"https:\/\/www.visit-ulcinj.com\/blog\/2011\/10\/01\/shasi-emrat-e-monumenteve-si-relikte-te-emertimit-te-vendbanimeve\/#breadcrumb\"},\"inLanguage\":\"en-US\",\"potentialAction\":[{\"@type\":\"ReadAction\",\"target\":[\"https:\/\/www.visit-ulcinj.com\/blog\/2011\/10\/01\/shasi-emrat-e-monumenteve-si-relikte-te-emertimit-te-vendbanimeve\/\"]}]},{\"@type\":\"BreadcrumbList\",\"@id\":\"https:\/\/www.visit-ulcinj.com\/blog\/2011\/10\/01\/shasi-emrat-e-monumenteve-si-relikte-te-emertimit-te-vendbanimeve\/#breadcrumb\",\"itemListElement\":[{\"@type\":\"ListItem\",\"position\":1,\"name\":\"Shasi: Emrat e monumenteve si relikte t\u00eb em\u00ebrtimit t\u00eb vendbanimeve\"}]},{\"@type\":\"Person\",\"@id\":\"https:\/\/www.visit-ulcinj.com\/blog\/#\/schema\/person\/dcab619c614d3038751c63bc2aadc06d\",\"name\":\"ulqini\",\"sameAs\":[\"http:\/\/www.visit-ulcinj.com\"],\"url\":\"https:\/\/www.visit-ulcinj.com\/blog\/author\/admin\/\"}]}<\/script>\n<!-- \/ Yoast SEO plugin. -->","yoast_head_json":{"title":"Shasi: Emrat e monumenteve si relikte t\u00eb em\u00ebrtimit t\u00eb vendbanimeve - Lajme nga Ulqini","description":"Prof. dr. Iljaz Rexha T\u00eb dh\u00ebna onomastike dhe demografike p\u00ebr Shasin dhe vendbanimet e nahijes s\u00eb Bun\u00ebs s\u00eb P\u00ebrtejme sipas\u00a0defter\u00ebve osman\u00eb t\u00eb shekujve XV","robots":{"index":"index","follow":"follow","max-snippet":"max-snippet:-1","max-image-preview":"max-image-preview:large","max-video-preview":"max-video-preview:-1"},"canonical":"https:\/\/www.visit-ulcinj.com\/blog\/2011\/10\/01\/shasi-emrat-e-monumenteve-si-relikte-te-emertimit-te-vendbanimeve\/","og_locale":"en_US","og_type":"article","og_title":"Shasi: Emrat e monumenteve si relikte t\u00eb em\u00ebrtimit t\u00eb vendbanimeve - Lajme nga Ulqini","og_description":"Prof. dr. Iljaz Rexha T\u00eb dh\u00ebna onomastike dhe demografike p\u00ebr Shasin dhe vendbanimet e nahijes s\u00eb Bun\u00ebs s\u00eb P\u00ebrtejme sipas\u00a0defter\u00ebve osman\u00eb t\u00eb shekujve XV","og_url":"https:\/\/www.visit-ulcinj.com\/blog\/2011\/10\/01\/shasi-emrat-e-monumenteve-si-relikte-te-emertimit-te-vendbanimeve\/","og_site_name":"Lajme nga Ulqini","article_published_time":"2011-10-01T15:51:03+00:00","og_image":[{"url":"http:\/\/www.visit-ulcinj.com\/blog\/wp-content\/uploads\/2011\/10\/ShasiSfacium-Soacium-Soacia-Suazo-Sovaci-ShasSvac.jpg"}],"twitter_misc":{"Written by":"ulqini","Est. reading time":"6 minutes"},"schema":{"@context":"https:\/\/schema.org","@graph":[{"@type":"WebSite","@id":"https:\/\/www.visit-ulcinj.com\/blog\/#website","url":"https:\/\/www.visit-ulcinj.com\/blog\/","name":"Lajme nga Ulqini","description":"Lajme,Vijesti,Ulqini,Ulqin,Crna Gora,Mali i Zi","potentialAction":[{"@type":"SearchAction","target":{"@type":"EntryPoint","urlTemplate":"https:\/\/www.visit-ulcinj.com\/blog\/?s={search_term_string}"},"query-input":"required name=search_term_string"}],"inLanguage":"en-US"},{"@type":"ImageObject","inLanguage":"en-US","@id":"https:\/\/www.visit-ulcinj.com\/blog\/2011\/10\/01\/shasi-emrat-e-monumenteve-si-relikte-te-emertimit-te-vendbanimeve\/#primaryimage","url":"https:\/\/www.visit-ulcinj.com\/blog\/wp-content\/uploads\/2011\/10\/ShasiSfacium-Soacium-Soacia-Suazo-Sovaci-ShasSvac.jpg","contentUrl":"https:\/\/www.visit-ulcinj.com\/blog\/wp-content\/uploads\/2011\/10\/ShasiSfacium-Soacium-Soacia-Suazo-Sovaci-ShasSvac.jpg","width":"811","height":"745"},{"@type":"WebPage","@id":"https:\/\/www.visit-ulcinj.com\/blog\/2011\/10\/01\/shasi-emrat-e-monumenteve-si-relikte-te-emertimit-te-vendbanimeve\/#webpage","url":"https:\/\/www.visit-ulcinj.com\/blog\/2011\/10\/01\/shasi-emrat-e-monumenteve-si-relikte-te-emertimit-te-vendbanimeve\/","name":"Shasi: Emrat e monumenteve si relikte t\u00eb em\u00ebrtimit t\u00eb vendbanimeve - Lajme nga Ulqini","isPartOf":{"@id":"https:\/\/www.visit-ulcinj.com\/blog\/#website"},"primaryImageOfPage":{"@id":"https:\/\/www.visit-ulcinj.com\/blog\/2011\/10\/01\/shasi-emrat-e-monumenteve-si-relikte-te-emertimit-te-vendbanimeve\/#primaryimage"},"datePublished":"2011-10-01T15:51:03+00:00","dateModified":"2011-10-01T15:51:03+00:00","author":{"@id":"https:\/\/www.visit-ulcinj.com\/blog\/#\/schema\/person\/dcab619c614d3038751c63bc2aadc06d"},"description":"Prof. dr. Iljaz Rexha T\u00eb dh\u00ebna onomastike dhe demografike p\u00ebr Shasin dhe vendbanimet e nahijes s\u00eb Bun\u00ebs s\u00eb P\u00ebrtejme sipas\u00a0defter\u00ebve osman\u00eb t\u00eb shekujve XV","breadcrumb":{"@id":"https:\/\/www.visit-ulcinj.com\/blog\/2011\/10\/01\/shasi-emrat-e-monumenteve-si-relikte-te-emertimit-te-vendbanimeve\/#breadcrumb"},"inLanguage":"en-US","potentialAction":[{"@type":"ReadAction","target":["https:\/\/www.visit-ulcinj.com\/blog\/2011\/10\/01\/shasi-emrat-e-monumenteve-si-relikte-te-emertimit-te-vendbanimeve\/"]}]},{"@type":"BreadcrumbList","@id":"https:\/\/www.visit-ulcinj.com\/blog\/2011\/10\/01\/shasi-emrat-e-monumenteve-si-relikte-te-emertimit-te-vendbanimeve\/#breadcrumb","itemListElement":[{"@type":"ListItem","position":1,"name":"Shasi: Emrat e monumenteve si relikte t\u00eb em\u00ebrtimit t\u00eb vendbanimeve"}]},{"@type":"Person","@id":"https:\/\/www.visit-ulcinj.com\/blog\/#\/schema\/person\/dcab619c614d3038751c63bc2aadc06d","name":"ulqini","sameAs":["http:\/\/www.visit-ulcinj.com"],"url":"https:\/\/www.visit-ulcinj.com\/blog\/author\/admin\/"}]}},"jetpack_featured_media_url":"","jetpack_sharing_enabled":true,"jetpack_shortlink":"https:\/\/wp.me\/pe6lTn-dqw","_links":{"self":[{"href":"https:\/\/www.visit-ulcinj.com\/blog\/wp-json\/wp\/v2\/posts\/51616"}],"collection":[{"href":"https:\/\/www.visit-ulcinj.com\/blog\/wp-json\/wp\/v2\/posts"}],"about":[{"href":"https:\/\/www.visit-ulcinj.com\/blog\/wp-json\/wp\/v2\/types\/post"}],"author":[{"embeddable":true,"href":"https:\/\/www.visit-ulcinj.com\/blog\/wp-json\/wp\/v2\/users\/1"}],"replies":[{"embeddable":true,"href":"https:\/\/www.visit-ulcinj.com\/blog\/wp-json\/wp\/v2\/comments?post=51616"}],"version-history":[{"count":1,"href":"https:\/\/www.visit-ulcinj.com\/blog\/wp-json\/wp\/v2\/posts\/51616\/revisions"}],"predecessor-version":[{"id":51618,"href":"https:\/\/www.visit-ulcinj.com\/blog\/wp-json\/wp\/v2\/posts\/51616\/revisions\/51618"}],"wp:attachment":[{"href":"https:\/\/www.visit-ulcinj.com\/blog\/wp-json\/wp\/v2\/media?parent=51616"}],"wp:term":[{"taxonomy":"category","embeddable":true,"href":"https:\/\/www.visit-ulcinj.com\/blog\/wp-json\/wp\/v2\/categories?post=51616"},{"taxonomy":"post_tag","embeddable":true,"href":"https:\/\/www.visit-ulcinj.com\/blog\/wp-json\/wp\/v2\/tags?post=51616"}],"curies":[{"name":"wp","href":"https:\/\/api.w.org\/{rel}","templated":true}]}}