{"id":51625,"date":"2011-10-01T18:19:42","date_gmt":"2011-10-01T17:19:42","guid":{"rendered":"http:\/\/www.visit-ulcinj.com\/blog\/?p=51625"},"modified":"2011-10-01T18:19:42","modified_gmt":"2011-10-01T17:19:42","slug":"shqipe-elsa-realizoje-spot-te-ri-puthjen-ma-jep","status":"publish","type":"post","link":"https:\/\/www.visit-ulcinj.com\/blog\/2011\/10\/01\/shqipe-elsa-realizoje-spot-te-ri-puthjen-ma-jep\/","title":{"rendered":"Shqipe Elsa realizoj\u00eb spot t\u00eb ri &#8220;Puthjen ma jep&#8221;"},"content":{"rendered":"<p><a href=\"http:\/\/www.visit-ulcinj.com\/blog\/wp-content\/uploads\/2011\/10\/Shqipe-Elsa-Fazlija-.jpg\"><img loading=\"lazy\" class=\"alignleft size-full wp-image-51627\" title=\"Shqipe Elsa Fazlija\" src=\"http:\/\/www.visit-ulcinj.com\/blog\/wp-content\/uploads\/2011\/10\/Shqipe-Elsa-Fazlija-.jpg\" alt=\"\" width=\"508\" height=\"289\" \/><\/a>K\u00ebng\u00ebtarja Shqipe Elsa Fazlija realizoj\u00eb nj\u00eb spot gjat\u00eb ver\u00ebs n\u00eb Prishtin,ku teksti \u00ebsht\u00eb i kompozuar nga Mithat Sadiku kurse muzika dhe orkestrimi u\u00a0 kompozua nga Florent Boshnjaku,kurse p\u00ebr realizimin e klipit u kujdes \u201cPulla Production.<\/p>\n<p>K\u00ebshtu ka th\u00ebn\u00eb vet\u00eb k\u00ebng\u00ebtarja gjat\u00eb emisionit televiziv \u201cOxygen\u201d, ku zbuloi edhe disa detaje interesante q\u00eb kan\u00eb t\u00eb b\u00ebjn\u00eb me aspektin e saj profesional.Shqipja gjat\u00eb k\u00ebtij emisioni ka qen\u00eb shum\u00eb e matur n\u00eb p\u00ebrgjigjet e saj, nd\u00ebrkaq Shqipja e beri publike n\u00eb emisionin televiziv \u201cOxygen\u201d, \u00a0se jeton n\u00eb Lozan\u00eb t\u00eb Zvicres. Sigurisht se Shqipja prap\u00eb do t\u00eb kthehet n\u00eb Kosov\u00eb dhe nuk dha ndonj\u00eb detaj,por interpretoj\u00eb k\u00ebngen e Rihann\u00ebs- Rude Boy. Ajo \u00a0k\u00ebndoj\u00eb nj\u00eb k\u00ebng\u00eb anglisht p\u00ebr karrier\u00eb t\u00eb m\u00ebtutjeshme, edhe pse k\u00ebt\u00eb e b\u00ebn shum\u00eb bukur.<\/p>\n<p>Pritet q\u00eb k\u00ebng\u00ebtarja Shqipe Elsa Fazlija t\u00eb na bej\u00eb edhe nj\u00eb klip t\u00eb ri,kur\u2026\u2026.surpise!?<br \/>\n<!--YouTube Error: bad URL entered--><\/p>\n","protected":false},"excerpt":{"rendered":"<p>K\u00ebng\u00ebtarja Shqipe Elsa Fazlija realizoj\u00eb nj\u00eb spot gjat\u00eb ver\u00ebs n\u00eb Prishtin,ku teksti \u00ebsht\u00eb i kompozuar nga Mithat Sadiku kurse muzika dhe orkestrimi u\u00a0 kompozua nga Florent Boshnjaku,kurse p\u00ebr realizimin e klipit u kujdes \u201cPulla Production. K\u00ebshtu ka th\u00ebn\u00eb vet\u00eb k\u00ebng\u00ebtarja gjat\u00eb emisionit televiziv \u201cOxygen\u201d, ku zbuloi edhe disa detaje interesante q\u00eb kan\u00eb t\u00eb b\u00ebjn\u00eb me [&hellip;]<\/p>\n","protected":false},"author":1,"featured_media":0,"comment_status":"open","ping_status":"closed","sticky":false,"template":"","format":"standard","meta":{"spay_email":"","jetpack_publicize_message":"","jetpack_is_tweetstorm":false,"jetpack_publicize_feature_enabled":true},"categories":[1],"tags":[6985,10207,19159],"jetpack_publicize_connections":[],"yoast_head":"<!-- This site is optimized with the Yoast SEO plugin v19.1 - https:\/\/yoast.com\/wordpress\/plugins\/seo\/ -->\n<title>Shqipe Elsa realizoj\u00eb spot t\u00eb ri &quot;Puthjen ma jep&quot; - Lajme nga Ulqini<\/title>\n<meta name=\"description\" content=\"K\u00ebng\u00ebtarja Shqipe Elsa Fazlija realizoj\u00eb nj\u00eb spot gjat\u00eb ver\u00ebs n\u00eb Prishtin,ku teksti \u00ebsht\u00eb i kompozuar nga Mithat Sadiku kurse muzika dhe orkestrimi u\u00a0\" \/>\n<meta name=\"robots\" content=\"index, follow, max-snippet:-1, max-image-preview:large, max-video-preview:-1\" \/>\n<link rel=\"canonical\" href=\"https:\/\/www.visit-ulcinj.com\/blog\/2011\/10\/01\/shqipe-elsa-realizoje-spot-te-ri-puthjen-ma-jep\/\" \/>\n<meta property=\"og:locale\" content=\"en_US\" \/>\n<meta property=\"og:type\" content=\"article\" \/>\n<meta property=\"og:title\" content=\"Shqipe Elsa realizoj\u00eb spot t\u00eb ri &quot;Puthjen ma jep&quot; - Lajme nga Ulqini\" \/>\n<meta property=\"og:description\" content=\"K\u00ebng\u00ebtarja Shqipe Elsa Fazlija realizoj\u00eb nj\u00eb spot gjat\u00eb ver\u00ebs n\u00eb Prishtin,ku teksti \u00ebsht\u00eb i kompozuar nga Mithat Sadiku kurse muzika dhe orkestrimi u\u00a0\" \/>\n<meta property=\"og:url\" content=\"https:\/\/www.visit-ulcinj.com\/blog\/2011\/10\/01\/shqipe-elsa-realizoje-spot-te-ri-puthjen-ma-jep\/\" \/>\n<meta property=\"og:site_name\" content=\"Lajme nga Ulqini\" \/>\n<meta property=\"article:published_time\" content=\"2011-10-01T17:19:42+00:00\" \/>\n<meta property=\"og:image\" content=\"http:\/\/www.visit-ulcinj.com\/blog\/wp-content\/uploads\/2011\/10\/Shqipe-Elsa-Fazlija-.jpg\" \/>\n<meta name=\"twitter:label1\" content=\"Written by\" \/>\n\t<meta name=\"twitter:data1\" content=\"ulqini\" \/>\n\t<meta name=\"twitter:label2\" content=\"Est. reading time\" \/>\n\t<meta name=\"twitter:data2\" content=\"1 minute\" \/>\n<script type=\"application\/ld+json\" class=\"yoast-schema-graph\">{\"@context\":\"https:\/\/schema.org\",\"@graph\":[{\"@type\":\"WebSite\",\"@id\":\"https:\/\/www.visit-ulcinj.com\/blog\/#website\",\"url\":\"https:\/\/www.visit-ulcinj.com\/blog\/\",\"name\":\"Lajme nga Ulqini\",\"description\":\"Lajme,Vijesti,Ulqini,Ulqin,Crna Gora,Mali i Zi\",\"potentialAction\":[{\"@type\":\"SearchAction\",\"target\":{\"@type\":\"EntryPoint\",\"urlTemplate\":\"https:\/\/www.visit-ulcinj.com\/blog\/?s={search_term_string}\"},\"query-input\":\"required name=search_term_string\"}],\"inLanguage\":\"en-US\"},{\"@type\":\"ImageObject\",\"inLanguage\":\"en-US\",\"@id\":\"https:\/\/www.visit-ulcinj.com\/blog\/2011\/10\/01\/shqipe-elsa-realizoje-spot-te-ri-puthjen-ma-jep\/#primaryimage\",\"url\":\"http:\/\/www.visit-ulcinj.com\/blog\/wp-content\/uploads\/2011\/10\/Shqipe-Elsa-Fazlija-.jpg\",\"contentUrl\":\"http:\/\/www.visit-ulcinj.com\/blog\/wp-content\/uploads\/2011\/10\/Shqipe-Elsa-Fazlija-.jpg\"},{\"@type\":\"WebPage\",\"@id\":\"https:\/\/www.visit-ulcinj.com\/blog\/2011\/10\/01\/shqipe-elsa-realizoje-spot-te-ri-puthjen-ma-jep\/#webpage\",\"url\":\"https:\/\/www.visit-ulcinj.com\/blog\/2011\/10\/01\/shqipe-elsa-realizoje-spot-te-ri-puthjen-ma-jep\/\",\"name\":\"Shqipe Elsa realizoj\u00eb spot t\u00eb ri \\\"Puthjen ma jep\\\" - Lajme nga Ulqini\",\"isPartOf\":{\"@id\":\"https:\/\/www.visit-ulcinj.com\/blog\/#website\"},\"primaryImageOfPage\":{\"@id\":\"https:\/\/www.visit-ulcinj.com\/blog\/2011\/10\/01\/shqipe-elsa-realizoje-spot-te-ri-puthjen-ma-jep\/#primaryimage\"},\"datePublished\":\"2011-10-01T17:19:42+00:00\",\"dateModified\":\"2011-10-01T17:19:42+00:00\",\"author\":{\"@id\":\"https:\/\/www.visit-ulcinj.com\/blog\/#\/schema\/person\/dcab619c614d3038751c63bc2aadc06d\"},\"description\":\"K\u00ebng\u00ebtarja Shqipe Elsa Fazlija realizoj\u00eb nj\u00eb spot gjat\u00eb ver\u00ebs n\u00eb Prishtin,ku teksti \u00ebsht\u00eb i kompozuar nga Mithat Sadiku kurse muzika dhe orkestrimi u\u00a0\",\"breadcrumb\":{\"@id\":\"https:\/\/www.visit-ulcinj.com\/blog\/2011\/10\/01\/shqipe-elsa-realizoje-spot-te-ri-puthjen-ma-jep\/#breadcrumb\"},\"inLanguage\":\"en-US\",\"potentialAction\":[{\"@type\":\"ReadAction\",\"target\":[\"https:\/\/www.visit-ulcinj.com\/blog\/2011\/10\/01\/shqipe-elsa-realizoje-spot-te-ri-puthjen-ma-jep\/\"]}]},{\"@type\":\"BreadcrumbList\",\"@id\":\"https:\/\/www.visit-ulcinj.com\/blog\/2011\/10\/01\/shqipe-elsa-realizoje-spot-te-ri-puthjen-ma-jep\/#breadcrumb\",\"itemListElement\":[{\"@type\":\"ListItem\",\"position\":1,\"name\":\"Shqipe Elsa realizoj\u00eb spot t\u00eb ri &#8220;Puthjen ma jep&#8221;\"}]},{\"@type\":\"Person\",\"@id\":\"https:\/\/www.visit-ulcinj.com\/blog\/#\/schema\/person\/dcab619c614d3038751c63bc2aadc06d\",\"name\":\"ulqini\",\"sameAs\":[\"http:\/\/www.visit-ulcinj.com\"],\"url\":\"https:\/\/www.visit-ulcinj.com\/blog\/author\/admin\/\"}]}<\/script>\n<!-- \/ Yoast SEO plugin. -->","yoast_head_json":{"title":"Shqipe Elsa realizoj\u00eb spot t\u00eb ri \"Puthjen ma jep\" - Lajme nga Ulqini","description":"K\u00ebng\u00ebtarja Shqipe Elsa Fazlija realizoj\u00eb nj\u00eb spot gjat\u00eb ver\u00ebs n\u00eb Prishtin,ku teksti \u00ebsht\u00eb i kompozuar nga Mithat Sadiku kurse muzika dhe orkestrimi u\u00a0","robots":{"index":"index","follow":"follow","max-snippet":"max-snippet:-1","max-image-preview":"max-image-preview:large","max-video-preview":"max-video-preview:-1"},"canonical":"https:\/\/www.visit-ulcinj.com\/blog\/2011\/10\/01\/shqipe-elsa-realizoje-spot-te-ri-puthjen-ma-jep\/","og_locale":"en_US","og_type":"article","og_title":"Shqipe Elsa realizoj\u00eb spot t\u00eb ri \"Puthjen ma jep\" - Lajme nga Ulqini","og_description":"K\u00ebng\u00ebtarja Shqipe Elsa Fazlija realizoj\u00eb nj\u00eb spot gjat\u00eb ver\u00ebs n\u00eb Prishtin,ku teksti \u00ebsht\u00eb i kompozuar nga Mithat Sadiku kurse muzika dhe orkestrimi u\u00a0","og_url":"https:\/\/www.visit-ulcinj.com\/blog\/2011\/10\/01\/shqipe-elsa-realizoje-spot-te-ri-puthjen-ma-jep\/","og_site_name":"Lajme nga Ulqini","article_published_time":"2011-10-01T17:19:42+00:00","og_image":[{"url":"http:\/\/www.visit-ulcinj.com\/blog\/wp-content\/uploads\/2011\/10\/Shqipe-Elsa-Fazlija-.jpg"}],"twitter_misc":{"Written by":"ulqini","Est. reading time":"1 minute"},"schema":{"@context":"https:\/\/schema.org","@graph":[{"@type":"WebSite","@id":"https:\/\/www.visit-ulcinj.com\/blog\/#website","url":"https:\/\/www.visit-ulcinj.com\/blog\/","name":"Lajme nga Ulqini","description":"Lajme,Vijesti,Ulqini,Ulqin,Crna Gora,Mali i Zi","potentialAction":[{"@type":"SearchAction","target":{"@type":"EntryPoint","urlTemplate":"https:\/\/www.visit-ulcinj.com\/blog\/?s={search_term_string}"},"query-input":"required name=search_term_string"}],"inLanguage":"en-US"},{"@type":"ImageObject","inLanguage":"en-US","@id":"https:\/\/www.visit-ulcinj.com\/blog\/2011\/10\/01\/shqipe-elsa-realizoje-spot-te-ri-puthjen-ma-jep\/#primaryimage","url":"http:\/\/www.visit-ulcinj.com\/blog\/wp-content\/uploads\/2011\/10\/Shqipe-Elsa-Fazlija-.jpg","contentUrl":"http:\/\/www.visit-ulcinj.com\/blog\/wp-content\/uploads\/2011\/10\/Shqipe-Elsa-Fazlija-.jpg"},{"@type":"WebPage","@id":"https:\/\/www.visit-ulcinj.com\/blog\/2011\/10\/01\/shqipe-elsa-realizoje-spot-te-ri-puthjen-ma-jep\/#webpage","url":"https:\/\/www.visit-ulcinj.com\/blog\/2011\/10\/01\/shqipe-elsa-realizoje-spot-te-ri-puthjen-ma-jep\/","name":"Shqipe Elsa realizoj\u00eb spot t\u00eb ri \"Puthjen ma jep\" - Lajme nga Ulqini","isPartOf":{"@id":"https:\/\/www.visit-ulcinj.com\/blog\/#website"},"primaryImageOfPage":{"@id":"https:\/\/www.visit-ulcinj.com\/blog\/2011\/10\/01\/shqipe-elsa-realizoje-spot-te-ri-puthjen-ma-jep\/#primaryimage"},"datePublished":"2011-10-01T17:19:42+00:00","dateModified":"2011-10-01T17:19:42+00:00","author":{"@id":"https:\/\/www.visit-ulcinj.com\/blog\/#\/schema\/person\/dcab619c614d3038751c63bc2aadc06d"},"description":"K\u00ebng\u00ebtarja Shqipe Elsa Fazlija realizoj\u00eb nj\u00eb spot gjat\u00eb ver\u00ebs n\u00eb Prishtin,ku teksti \u00ebsht\u00eb i kompozuar nga Mithat Sadiku kurse muzika dhe orkestrimi u\u00a0","breadcrumb":{"@id":"https:\/\/www.visit-ulcinj.com\/blog\/2011\/10\/01\/shqipe-elsa-realizoje-spot-te-ri-puthjen-ma-jep\/#breadcrumb"},"inLanguage":"en-US","potentialAction":[{"@type":"ReadAction","target":["https:\/\/www.visit-ulcinj.com\/blog\/2011\/10\/01\/shqipe-elsa-realizoje-spot-te-ri-puthjen-ma-jep\/"]}]},{"@type":"BreadcrumbList","@id":"https:\/\/www.visit-ulcinj.com\/blog\/2011\/10\/01\/shqipe-elsa-realizoje-spot-te-ri-puthjen-ma-jep\/#breadcrumb","itemListElement":[{"@type":"ListItem","position":1,"name":"Shqipe Elsa realizoj\u00eb spot t\u00eb ri &#8220;Puthjen ma jep&#8221;"}]},{"@type":"Person","@id":"https:\/\/www.visit-ulcinj.com\/blog\/#\/schema\/person\/dcab619c614d3038751c63bc2aadc06d","name":"ulqini","sameAs":["http:\/\/www.visit-ulcinj.com"],"url":"https:\/\/www.visit-ulcinj.com\/blog\/author\/admin\/"}]}},"jetpack_featured_media_url":"","jetpack_sharing_enabled":true,"jetpack_shortlink":"https:\/\/wp.me\/pe6lTn-dqF","_links":{"self":[{"href":"https:\/\/www.visit-ulcinj.com\/blog\/wp-json\/wp\/v2\/posts\/51625"}],"collection":[{"href":"https:\/\/www.visit-ulcinj.com\/blog\/wp-json\/wp\/v2\/posts"}],"about":[{"href":"https:\/\/www.visit-ulcinj.com\/blog\/wp-json\/wp\/v2\/types\/post"}],"author":[{"embeddable":true,"href":"https:\/\/www.visit-ulcinj.com\/blog\/wp-json\/wp\/v2\/users\/1"}],"replies":[{"embeddable":true,"href":"https:\/\/www.visit-ulcinj.com\/blog\/wp-json\/wp\/v2\/comments?post=51625"}],"version-history":[{"count":3,"href":"https:\/\/www.visit-ulcinj.com\/blog\/wp-json\/wp\/v2\/posts\/51625\/revisions"}],"predecessor-version":[{"id":51629,"href":"https:\/\/www.visit-ulcinj.com\/blog\/wp-json\/wp\/v2\/posts\/51625\/revisions\/51629"}],"wp:attachment":[{"href":"https:\/\/www.visit-ulcinj.com\/blog\/wp-json\/wp\/v2\/media?parent=51625"}],"wp:term":[{"taxonomy":"category","embeddable":true,"href":"https:\/\/www.visit-ulcinj.com\/blog\/wp-json\/wp\/v2\/categories?post=51625"},{"taxonomy":"post_tag","embeddable":true,"href":"https:\/\/www.visit-ulcinj.com\/blog\/wp-json\/wp\/v2\/tags?post=51625"}],"curies":[{"name":"wp","href":"https:\/\/api.w.org\/{rel}","templated":true}]}}