{"id":51630,"date":"2011-10-01T18:48:57","date_gmt":"2011-10-01T17:48:57","guid":{"rendered":"http:\/\/www.visit-ulcinj.com\/blog\/?p=51630"},"modified":"2011-10-01T18:48:58","modified_gmt":"2011-10-01T17:48:58","slug":"me-7-e-8-tetor-konference-mbi-%e2%80%9ckulturen-kranjane-me-vecorite-shestanase","status":"publish","type":"post","link":"https:\/\/www.visit-ulcinj.com\/blog\/2011\/10\/01\/me-7-e-8-tetor-konference-mbi-%e2%80%9ckulturen-kranjane-me-vecorite-shestanase\/","title":{"rendered":"M\u00eb 7 e 8 tetor konferenc\u00eb mbi \u201cKultur\u00ebn kranjane me ve\u00e7orit\u00eb shestanase"},"content":{"rendered":"<p><a href=\"http:\/\/www.visit-ulcinj.com\/blog\/wp-content\/uploads\/2011\/10\/Shoqata-Don-Gjon-Buzuku.1.jpg\"><img loading=\"lazy\" class=\"alignleft size-full wp-image-51631\" title=\"Shoqata Don Gjon Buzuku.1\" src=\"http:\/\/www.visit-ulcinj.com\/blog\/wp-content\/uploads\/2011\/10\/Shoqata-Don-Gjon-Buzuku.1.jpg\" alt=\"\" width=\"508\" height=\"380\" srcset=\"https:\/\/www.visit-ulcinj.com\/blog\/wp-content\/uploads\/2011\/10\/Shoqata-Don-Gjon-Buzuku.1.jpg 640w, https:\/\/www.visit-ulcinj.com\/blog\/wp-content\/uploads\/2011\/10\/Shoqata-Don-Gjon-Buzuku.1-300x225.jpg 300w\" sizes=\"(max-width: 508px) 100vw, 508px\" \/><\/a>Shoqata \u201cDon Gjon Buzuku\u201d nga Ulqini, dit\u00ebn e enjte ka kumtuar se n\u00eb bashk\u00ebpunim me Qendr\u00ebn e Studimeve Albanalogjike nga Tirana, t\u00eb p\u00ebrkrahur nga Komuna e Ulqinit, m\u00eb 7 dhe 8 tetor n\u00eb Ulqin organizojn\u00eb konferenc\u00ebn shkencore \u201cKultura kranjane me ve\u00e7orit\u00eb shestanase n\u00eb rrjedhat e shekujve\u201d.<br \/>\n<a href=\"http:\/\/www.visit-ulcinj.com\/blog\/wp-content\/uploads\/2011\/10\/Shoqata-Don-Gjon-Buzuku.gif\"><img loading=\"lazy\" class=\"alignleft size-full wp-image-51632\" title=\"Shoqata Don Gjon Buzuku\" src=\"http:\/\/www.visit-ulcinj.com\/blog\/wp-content\/uploads\/2011\/10\/Shoqata-Don-Gjon-Buzuku.gif\" alt=\"\" width=\"236\" height=\"284\" \/><\/a><br \/>\nNjeri nd\u00ebr nism\u00ebtar\u00ebt e k\u00ebtij aktiviteti shkencor, Dr. Sim\u00eb Dobreci, deklaron p\u00ebr KosovaLive se \u00ebsht\u00eb hera e par\u00eb q\u00eb trajtohet kjo tem\u00eb nga studiuesit shqiptar\u00eb nga Mali i Zi, Kosova, Shqip\u00ebria, Zara, por edhe nj\u00eb studiues, historian nga Cetina.<\/p>\n<p>\u201cAta do t\u00eb referojn\u00eb mbi t\u00eb kaluar\u00ebn dhe t\u00eb tashm\u00ebn e kranjan\u00ebve dhe shestanasve. Do t\u00eb konfirmohet se kranjan\u00ebt dhe shestanasit p\u00ebrher\u00eb kan\u00eb folur shqip, edhe ata jan\u00eb shqiptar\u00eb. Do t\u00eb v\u00ebrtetohet po ashtu se ata jan\u00eb popull autokton, pasardh\u00ebs t\u00eb ilir\u00ebve, t\u00eb cil\u00ebt p\u00ebrher\u00eb kan\u00eb jetuar n\u00eb k\u00ebto troje etnike dhe historike t\u00eb shqiptar\u00ebve\u201d,- thot\u00eb Dr. Sima.<br \/>\n<a href=\"http:\/\/www.visit-ulcinj.com\/blog\/2011\/10\/01\/me-7-e-8-tetor-konference-mbi-%e2%80%9ckulturen-kranjane-me-vecorite-shestanase\/shoqata-don-gjon-buzuku-2\/\" rel=\"attachment wp-att-51633\"><img loading=\"lazy\" class=\"alignleft size-full wp-image-51633\" title=\"Shoqata Don Gjon Buzuku.2\" src=\"http:\/\/www.visit-ulcinj.com\/blog\/wp-content\/uploads\/2011\/10\/Shoqata-Don-Gjon-Buzuku.2.jpg\" alt=\"\" width=\"508\" height=\"330\" \/><\/a><\/p>\n<p>Sipas programit t\u00eb Konferenc\u00ebs, nd\u00ebr t\u00eb tjer\u00eb, Aleksand\u00ebr Stip\u00e7eviq nga Arbanasi i Zar\u00ebs, do t\u00eb referoj\u00eb mbi gjarprin si simbol i s\u00eb mir\u00ebs nga ilir\u00ebt e vjet\u00ebr deri te Arbnesh\u00ebt e Zar\u00ebs, Drita Halimi nga Prishtina mbi dukurit\u00eb etnografike dhe identiteti komb\u00ebtar shqiptar i Kraj\u00ebs, nd\u00ebrsa Af\u00ebrdita Onuzi nga Tirana mbi dukurit\u00eb etnokulturore t\u00eb veshjeve t\u00eb Shestanit, Dr. Shaban Sinani nga Tirana n\u00eb tem\u00ebn Junku i Kraj\u00ebs \u2013 nj\u00eb familje patronimike shqiptare prej 700 vjetesh, Prof.Dr. Hajrullah Koliqi nga Kraja \u201cPenetrimi i Kish\u00ebs Ortodokse serbe n\u00eb Kraj\u00eb\u201d etj.<\/p>\n<p><strong>KOHA NET<\/strong><\/p>\n<!--YouTube Error: bad URL entered-->\n","protected":false},"excerpt":{"rendered":"<p>Shoqata \u201cDon Gjon Buzuku\u201d nga Ulqini, dit\u00ebn e enjte ka kumtuar se n\u00eb bashk\u00ebpunim me Qendr\u00ebn e Studimeve Albanalogjike nga Tirana, t\u00eb p\u00ebrkrahur nga Komuna e Ulqinit, m\u00eb 7 dhe 8 tetor n\u00eb Ulqin organizojn\u00eb konferenc\u00ebn shkencore \u201cKultura kranjane me ve\u00e7orit\u00eb shestanase n\u00eb rrjedhat e shekujve\u201d. Njeri nd\u00ebr nism\u00ebtar\u00ebt e k\u00ebtij aktiviteti shkencor, Dr. Sim\u00eb [&hellip;]<\/p>\n","protected":false},"author":1,"featured_media":0,"comment_status":"open","ping_status":"closed","sticky":false,"template":"","format":"standard","meta":{"spay_email":"","jetpack_publicize_message":"","jetpack_is_tweetstorm":false,"jetpack_publicize_feature_enabled":true},"categories":[4],"tags":[19160,200,18],"jetpack_publicize_connections":[],"yoast_head":"<!-- This site is optimized with the Yoast SEO plugin v19.1 - https:\/\/yoast.com\/wordpress\/plugins\/seo\/ -->\n<title>M\u00eb 7 e 8 tetor konferenc\u00eb mbi \u201cKultur\u00ebn kranjane me ve\u00e7orit\u00eb shestanase - Lajme nga Ulqini<\/title>\n<meta name=\"description\" content=\"Shoqata \u201cDon Gjon Buzuku\u201d nga Ulqini, dit\u00ebn e enjte ka kumtuar se n\u00eb bashk\u00ebpunim me Qendr\u00ebn e Studimeve Albanalogjike nga Tirana, t\u00eb p\u00ebrkrahur nga Komuna\" \/>\n<meta name=\"robots\" content=\"index, follow, max-snippet:-1, max-image-preview:large, max-video-preview:-1\" \/>\n<link rel=\"canonical\" href=\"https:\/\/www.visit-ulcinj.com\/blog\/2011\/10\/01\/me-7-e-8-tetor-konference-mbi-\u201ckulturen-kranjane-me-vecorite-shestanase\/\" \/>\n<meta property=\"og:locale\" content=\"en_US\" \/>\n<meta property=\"og:type\" content=\"article\" \/>\n<meta property=\"og:title\" content=\"M\u00eb 7 e 8 tetor konferenc\u00eb mbi \u201cKultur\u00ebn kranjane me ve\u00e7orit\u00eb shestanase - Lajme nga Ulqini\" \/>\n<meta property=\"og:description\" content=\"Shoqata \u201cDon Gjon Buzuku\u201d nga Ulqini, dit\u00ebn e enjte ka kumtuar se n\u00eb bashk\u00ebpunim me Qendr\u00ebn e Studimeve Albanalogjike nga Tirana, t\u00eb p\u00ebrkrahur nga Komuna\" \/>\n<meta property=\"og:url\" content=\"https:\/\/www.visit-ulcinj.com\/blog\/2011\/10\/01\/me-7-e-8-tetor-konference-mbi-\u201ckulturen-kranjane-me-vecorite-shestanase\/\" \/>\n<meta property=\"og:site_name\" content=\"Lajme nga Ulqini\" \/>\n<meta property=\"article:published_time\" content=\"2011-10-01T17:48:57+00:00\" \/>\n<meta property=\"article:modified_time\" content=\"2011-10-01T17:48:58+00:00\" \/>\n<meta property=\"og:image\" content=\"http:\/\/www.visit-ulcinj.com\/blog\/wp-content\/uploads\/2011\/10\/Shoqata-Don-Gjon-Buzuku.1.jpg\" \/>\n<meta name=\"twitter:label1\" content=\"Written by\" \/>\n\t<meta name=\"twitter:data1\" content=\"ulqini\" \/>\n\t<meta name=\"twitter:label2\" content=\"Est. reading time\" \/>\n\t<meta name=\"twitter:data2\" content=\"1 minute\" \/>\n<script type=\"application\/ld+json\" class=\"yoast-schema-graph\">{\"@context\":\"https:\/\/schema.org\",\"@graph\":[{\"@type\":\"WebSite\",\"@id\":\"https:\/\/www.visit-ulcinj.com\/blog\/#website\",\"url\":\"https:\/\/www.visit-ulcinj.com\/blog\/\",\"name\":\"Lajme nga Ulqini\",\"description\":\"Lajme,Vijesti,Ulqini,Ulqin,Crna Gora,Mali i Zi\",\"potentialAction\":[{\"@type\":\"SearchAction\",\"target\":{\"@type\":\"EntryPoint\",\"urlTemplate\":\"https:\/\/www.visit-ulcinj.com\/blog\/?s={search_term_string}\"},\"query-input\":\"required name=search_term_string\"}],\"inLanguage\":\"en-US\"},{\"@type\":\"ImageObject\",\"inLanguage\":\"en-US\",\"@id\":\"https:\/\/www.visit-ulcinj.com\/blog\/2011\/10\/01\/me-7-e-8-tetor-konference-mbi-%e2%80%9ckulturen-kranjane-me-vecorite-shestanase\/#primaryimage\",\"url\":\"https:\/\/www.visit-ulcinj.com\/blog\/wp-content\/uploads\/2011\/10\/Shoqata-Don-Gjon-Buzuku.1.jpg\",\"contentUrl\":\"https:\/\/www.visit-ulcinj.com\/blog\/wp-content\/uploads\/2011\/10\/Shoqata-Don-Gjon-Buzuku.1.jpg\",\"width\":\"640\",\"height\":\"480\"},{\"@type\":\"WebPage\",\"@id\":\"https:\/\/www.visit-ulcinj.com\/blog\/2011\/10\/01\/me-7-e-8-tetor-konference-mbi-%e2%80%9ckulturen-kranjane-me-vecorite-shestanase\/#webpage\",\"url\":\"https:\/\/www.visit-ulcinj.com\/blog\/2011\/10\/01\/me-7-e-8-tetor-konference-mbi-%e2%80%9ckulturen-kranjane-me-vecorite-shestanase\/\",\"name\":\"M\u00eb 7 e 8 tetor konferenc\u00eb mbi \u201cKultur\u00ebn kranjane me ve\u00e7orit\u00eb shestanase - Lajme nga Ulqini\",\"isPartOf\":{\"@id\":\"https:\/\/www.visit-ulcinj.com\/blog\/#website\"},\"primaryImageOfPage\":{\"@id\":\"https:\/\/www.visit-ulcinj.com\/blog\/2011\/10\/01\/me-7-e-8-tetor-konference-mbi-%e2%80%9ckulturen-kranjane-me-vecorite-shestanase\/#primaryimage\"},\"datePublished\":\"2011-10-01T17:48:57+00:00\",\"dateModified\":\"2011-10-01T17:48:58+00:00\",\"author\":{\"@id\":\"https:\/\/www.visit-ulcinj.com\/blog\/#\/schema\/person\/dcab619c614d3038751c63bc2aadc06d\"},\"description\":\"Shoqata \u201cDon Gjon Buzuku\u201d nga Ulqini, dit\u00ebn e enjte ka kumtuar se n\u00eb bashk\u00ebpunim me Qendr\u00ebn e Studimeve Albanalogjike nga Tirana, t\u00eb p\u00ebrkrahur nga Komuna\",\"breadcrumb\":{\"@id\":\"https:\/\/www.visit-ulcinj.com\/blog\/2011\/10\/01\/me-7-e-8-tetor-konference-mbi-%e2%80%9ckulturen-kranjane-me-vecorite-shestanase\/#breadcrumb\"},\"inLanguage\":\"en-US\",\"potentialAction\":[{\"@type\":\"ReadAction\",\"target\":[\"https:\/\/www.visit-ulcinj.com\/blog\/2011\/10\/01\/me-7-e-8-tetor-konference-mbi-%e2%80%9ckulturen-kranjane-me-vecorite-shestanase\/\"]}]},{\"@type\":\"BreadcrumbList\",\"@id\":\"https:\/\/www.visit-ulcinj.com\/blog\/2011\/10\/01\/me-7-e-8-tetor-konference-mbi-%e2%80%9ckulturen-kranjane-me-vecorite-shestanase\/#breadcrumb\",\"itemListElement\":[{\"@type\":\"ListItem\",\"position\":1,\"name\":\"M\u00eb 7 e 8 tetor konferenc\u00eb mbi \u201cKultur\u00ebn kranjane me ve\u00e7orit\u00eb shestanase\"}]},{\"@type\":\"Person\",\"@id\":\"https:\/\/www.visit-ulcinj.com\/blog\/#\/schema\/person\/dcab619c614d3038751c63bc2aadc06d\",\"name\":\"ulqini\",\"sameAs\":[\"http:\/\/www.visit-ulcinj.com\"],\"url\":\"https:\/\/www.visit-ulcinj.com\/blog\/author\/admin\/\"}]}<\/script>\n<!-- \/ Yoast SEO plugin. -->","yoast_head_json":{"title":"M\u00eb 7 e 8 tetor konferenc\u00eb mbi \u201cKultur\u00ebn kranjane me ve\u00e7orit\u00eb shestanase - Lajme nga Ulqini","description":"Shoqata \u201cDon Gjon Buzuku\u201d nga Ulqini, dit\u00ebn e enjte ka kumtuar se n\u00eb bashk\u00ebpunim me Qendr\u00ebn e Studimeve Albanalogjike nga Tirana, t\u00eb p\u00ebrkrahur nga Komuna","robots":{"index":"index","follow":"follow","max-snippet":"max-snippet:-1","max-image-preview":"max-image-preview:large","max-video-preview":"max-video-preview:-1"},"canonical":"https:\/\/www.visit-ulcinj.com\/blog\/2011\/10\/01\/me-7-e-8-tetor-konference-mbi-\u201ckulturen-kranjane-me-vecorite-shestanase\/","og_locale":"en_US","og_type":"article","og_title":"M\u00eb 7 e 8 tetor konferenc\u00eb mbi \u201cKultur\u00ebn kranjane me ve\u00e7orit\u00eb shestanase - Lajme nga Ulqini","og_description":"Shoqata \u201cDon Gjon Buzuku\u201d nga Ulqini, dit\u00ebn e enjte ka kumtuar se n\u00eb bashk\u00ebpunim me Qendr\u00ebn e Studimeve Albanalogjike nga Tirana, t\u00eb p\u00ebrkrahur nga Komuna","og_url":"https:\/\/www.visit-ulcinj.com\/blog\/2011\/10\/01\/me-7-e-8-tetor-konference-mbi-\u201ckulturen-kranjane-me-vecorite-shestanase\/","og_site_name":"Lajme nga Ulqini","article_published_time":"2011-10-01T17:48:57+00:00","article_modified_time":"2011-10-01T17:48:58+00:00","og_image":[{"url":"http:\/\/www.visit-ulcinj.com\/blog\/wp-content\/uploads\/2011\/10\/Shoqata-Don-Gjon-Buzuku.1.jpg"}],"twitter_misc":{"Written by":"ulqini","Est. reading time":"1 minute"},"schema":{"@context":"https:\/\/schema.org","@graph":[{"@type":"WebSite","@id":"https:\/\/www.visit-ulcinj.com\/blog\/#website","url":"https:\/\/www.visit-ulcinj.com\/blog\/","name":"Lajme nga Ulqini","description":"Lajme,Vijesti,Ulqini,Ulqin,Crna Gora,Mali i Zi","potentialAction":[{"@type":"SearchAction","target":{"@type":"EntryPoint","urlTemplate":"https:\/\/www.visit-ulcinj.com\/blog\/?s={search_term_string}"},"query-input":"required name=search_term_string"}],"inLanguage":"en-US"},{"@type":"ImageObject","inLanguage":"en-US","@id":"https:\/\/www.visit-ulcinj.com\/blog\/2011\/10\/01\/me-7-e-8-tetor-konference-mbi-%e2%80%9ckulturen-kranjane-me-vecorite-shestanase\/#primaryimage","url":"https:\/\/www.visit-ulcinj.com\/blog\/wp-content\/uploads\/2011\/10\/Shoqata-Don-Gjon-Buzuku.1.jpg","contentUrl":"https:\/\/www.visit-ulcinj.com\/blog\/wp-content\/uploads\/2011\/10\/Shoqata-Don-Gjon-Buzuku.1.jpg","width":"640","height":"480"},{"@type":"WebPage","@id":"https:\/\/www.visit-ulcinj.com\/blog\/2011\/10\/01\/me-7-e-8-tetor-konference-mbi-%e2%80%9ckulturen-kranjane-me-vecorite-shestanase\/#webpage","url":"https:\/\/www.visit-ulcinj.com\/blog\/2011\/10\/01\/me-7-e-8-tetor-konference-mbi-%e2%80%9ckulturen-kranjane-me-vecorite-shestanase\/","name":"M\u00eb 7 e 8 tetor konferenc\u00eb mbi \u201cKultur\u00ebn kranjane me ve\u00e7orit\u00eb shestanase - Lajme nga Ulqini","isPartOf":{"@id":"https:\/\/www.visit-ulcinj.com\/blog\/#website"},"primaryImageOfPage":{"@id":"https:\/\/www.visit-ulcinj.com\/blog\/2011\/10\/01\/me-7-e-8-tetor-konference-mbi-%e2%80%9ckulturen-kranjane-me-vecorite-shestanase\/#primaryimage"},"datePublished":"2011-10-01T17:48:57+00:00","dateModified":"2011-10-01T17:48:58+00:00","author":{"@id":"https:\/\/www.visit-ulcinj.com\/blog\/#\/schema\/person\/dcab619c614d3038751c63bc2aadc06d"},"description":"Shoqata \u201cDon Gjon Buzuku\u201d nga Ulqini, dit\u00ebn e enjte ka kumtuar se n\u00eb bashk\u00ebpunim me Qendr\u00ebn e Studimeve Albanalogjike nga Tirana, t\u00eb p\u00ebrkrahur nga Komuna","breadcrumb":{"@id":"https:\/\/www.visit-ulcinj.com\/blog\/2011\/10\/01\/me-7-e-8-tetor-konference-mbi-%e2%80%9ckulturen-kranjane-me-vecorite-shestanase\/#breadcrumb"},"inLanguage":"en-US","potentialAction":[{"@type":"ReadAction","target":["https:\/\/www.visit-ulcinj.com\/blog\/2011\/10\/01\/me-7-e-8-tetor-konference-mbi-%e2%80%9ckulturen-kranjane-me-vecorite-shestanase\/"]}]},{"@type":"BreadcrumbList","@id":"https:\/\/www.visit-ulcinj.com\/blog\/2011\/10\/01\/me-7-e-8-tetor-konference-mbi-%e2%80%9ckulturen-kranjane-me-vecorite-shestanase\/#breadcrumb","itemListElement":[{"@type":"ListItem","position":1,"name":"M\u00eb 7 e 8 tetor konferenc\u00eb mbi \u201cKultur\u00ebn kranjane me ve\u00e7orit\u00eb shestanase"}]},{"@type":"Person","@id":"https:\/\/www.visit-ulcinj.com\/blog\/#\/schema\/person\/dcab619c614d3038751c63bc2aadc06d","name":"ulqini","sameAs":["http:\/\/www.visit-ulcinj.com"],"url":"https:\/\/www.visit-ulcinj.com\/blog\/author\/admin\/"}]}},"jetpack_featured_media_url":"","jetpack_sharing_enabled":true,"jetpack_shortlink":"https:\/\/wp.me\/pe6lTn-dqK","_links":{"self":[{"href":"https:\/\/www.visit-ulcinj.com\/blog\/wp-json\/wp\/v2\/posts\/51630"}],"collection":[{"href":"https:\/\/www.visit-ulcinj.com\/blog\/wp-json\/wp\/v2\/posts"}],"about":[{"href":"https:\/\/www.visit-ulcinj.com\/blog\/wp-json\/wp\/v2\/types\/post"}],"author":[{"embeddable":true,"href":"https:\/\/www.visit-ulcinj.com\/blog\/wp-json\/wp\/v2\/users\/1"}],"replies":[{"embeddable":true,"href":"https:\/\/www.visit-ulcinj.com\/blog\/wp-json\/wp\/v2\/comments?post=51630"}],"version-history":[{"count":2,"href":"https:\/\/www.visit-ulcinj.com\/blog\/wp-json\/wp\/v2\/posts\/51630\/revisions"}],"predecessor-version":[{"id":51635,"href":"https:\/\/www.visit-ulcinj.com\/blog\/wp-json\/wp\/v2\/posts\/51630\/revisions\/51635"}],"wp:attachment":[{"href":"https:\/\/www.visit-ulcinj.com\/blog\/wp-json\/wp\/v2\/media?parent=51630"}],"wp:term":[{"taxonomy":"category","embeddable":true,"href":"https:\/\/www.visit-ulcinj.com\/blog\/wp-json\/wp\/v2\/categories?post=51630"},{"taxonomy":"post_tag","embeddable":true,"href":"https:\/\/www.visit-ulcinj.com\/blog\/wp-json\/wp\/v2\/tags?post=51630"}],"curies":[{"name":"wp","href":"https:\/\/api.w.org\/{rel}","templated":true}]}}