{"id":51667,"date":"2011-10-03T17:02:47","date_gmt":"2011-10-03T16:02:47","guid":{"rendered":"http:\/\/www.visit-ulcinj.com\/blog\/?p=51667"},"modified":"2011-10-09T16:56:09","modified_gmt":"2011-10-09T15:56:09","slug":"nazif-cungu-si-kryetar-sjell-shpresa-per-ulqinin-video","status":"publish","type":"post","link":"https:\/\/www.visit-ulcinj.com\/blog\/2011\/10\/03\/nazif-cungu-si-kryetar-sjell-shpresa-per-ulqinin-video\/","title":{"rendered":"Nazif Cungu si kryetar sjell shpresa per Ulqinin &#8211; Video"},"content":{"rendered":"<p><a href=\"http:\/\/www.visit-ulcinj.com\/blog\/wp-content\/uploads\/2011\/10\/Familja-CunguNazifiGazmirjaRezartiArmiriArta.1.jpg\"><img loading=\"lazy\" class=\"alignleft size-full wp-image-51670\" title=\"Familja Cungu,Nazifi,Gazmirja,Rezarti,Armiri,Arta,.1\" src=\"http:\/\/www.visit-ulcinj.com\/blog\/wp-content\/uploads\/2011\/10\/Familja-CunguNazifiGazmirjaRezartiArmiriArta.1.jpg\" alt=\"\" width=\"508\" height=\"380\" srcset=\"https:\/\/www.visit-ulcinj.com\/blog\/wp-content\/uploads\/2011\/10\/Familja-CunguNazifiGazmirjaRezartiArmiriArta.1.jpg 720w, https:\/\/www.visit-ulcinj.com\/blog\/wp-content\/uploads\/2011\/10\/Familja-CunguNazifiGazmirjaRezartiArmiriArta.1-300x225.jpg 300w\" sizes=\"(max-width: 508px) 100vw, 508px\" \/><\/a>Kuvendi i\u00a0 Komun\u00ebs s\u00eb Ulqinit me 22 shtator me shumic\u00eb votash zgjodhi p\u00ebr kryetar t\u00eb komun\u00ebs z. Nazif Cungun, ekonomist I diplomuar, nga radh\u00ebt e Forc\u00ebs s\u00eb Re\u00a0 Demokratike .<\/p>\n<p><strong>Di\u00e7ka p\u00ebr Familjen \u00a0Cungu<\/strong><\/p>\n<p>Nazifi esht\u00eb nj\u00eb djal\u00eb i k\u00ebtij qyteti t\u00eb bukur,si e ka emrin Ulqin.<\/p>\n<p>Babai Jaho Cungu dhe nana\u00a0 Sadete si amvise m\u00eb rrit\u00ebn mua dhe 2 v\u00ebllaznit e mij\u00eb dhe motren time me v\u00ebshtir\u00ebsit \u00a0dhe rropatjesh t\u00eb panum\u00ebrta. Ata na fal\u00ebn gjith\u00eb dashurin\u00eb e tyre duke sakrifikuar gjith\u00e7ka nga vetja. Edhe pse kohet ishin t\u00eb v\u00ebshtira ata ja dolen t\u00eb na sigurojn\u00eb nj\u00eb f\u00ebmij\u00ebri t\u00eb \u00ebmb\u00ebl, plot me kujtime te lumtura. Sepse p\u00ebr ta, ne f\u00ebmij\u00ebt e tyre ishim gjithmon\u00eb t\u00eb par\u00ebt.<\/p>\n<p><strong><a href=\"http:\/\/www.visit-ulcinj.com\/blog\/wp-content\/uploads\/2011\/10\/NAZIF-CUNGU_Ulqin.jpg\"><img loading=\"lazy\" class=\"alignleft size-full wp-image-51669\" title=\"NAZIF CUNGU_Ulqin\" src=\"http:\/\/www.visit-ulcinj.com\/blog\/wp-content\/uploads\/2011\/10\/NAZIF-CUNGU_Ulqin.jpg\" alt=\"\" width=\"300\" height=\"384\" srcset=\"https:\/\/www.visit-ulcinj.com\/blog\/wp-content\/uploads\/2011\/10\/NAZIF-CUNGU_Ulqin.jpg 300w, https:\/\/www.visit-ulcinj.com\/blog\/wp-content\/uploads\/2011\/10\/NAZIF-CUNGU_Ulqin-234x300.jpg 234w\" sizes=\"(max-width: 300px) 100vw, 300px\" \/><\/a>Kush \u00ebsht\u00eb Nazif Cungu?<\/strong><br \/>\nNazif Cungu ka lindur n\u00eb Ulqin m\u00eb 13 Maj 1958 ku edhe ka kryer shkoll\u00ebn fillore dhe gjimnazin. Studimet m\u00eb pas i ka vazhduar p\u00ebr menaxhimin turistik n\u00eb Fakultetin Ekonomik t\u00eb Dubrovnikut ku u diplomua me rezultate t\u00eb shk\u00eblqyera n\u00eb vitin 1980. Nga viti 1983 deri n\u00eb vitin 1987 ka punuar n\u00eb Kuvendin Komunal t\u00eb Ulqinit n\u00eb postin e sekretarit p\u00ebr ekonomi buxhet dhe financ\u00eb. Prej vitit 1987 deri n\u00eb vitin 1991 ka ushtruar funksionin e Drejtorit Komercial n\u00eb Organizat\u00ebn Turistike \u201cRiviera e Ulqinit\u201d.<\/p>\n<p>Nga viti 1991 deri n\u00eb vitin 1993 ka jetuar n\u00eb Zvic\u00ebr ku i \u00ebsht\u00eb besuar p\u00ebrgjegj\u00ebsia e drejtimit t\u00eb sh\u00ebrbimit n\u00eb Hotel &#8211; Restaurant \u201cAlpenblick\u201d. Nga viti 1993 deri n\u00eb vitin 1997 ka drejtuar marketingun e kompanis\u00eb \u201cPrimus\u201d. N\u00eb vitin 1997 ka themeluar kompanin\u00eb e tij me emrin \u201cCungu &amp; Co\u201d\u00a0 e cila pun\u00ebson mbi 100 vet\u00eb n\u00eb deg\u00ebt e saja q\u00eb gjenden n\u00eb Ulqin, Podgoric\u00eb, Tivar, Budva, Nikshiq, Bjellopolje, Kotorr dhe Hercegnovi. Z. Cungu ka shtrir\u00eb aktivitetin e tij me kompani t\u00eb tjera edhe n\u00eb Tiran\u00eb dhe Prishtin\u00eb.<\/p>\n<p><strong>Angazhimi Publik<\/strong><\/p>\n<p>N\u00eb vitet 1996 \u2013 2002 ka qen\u00eb kryetar i Klubit t\u00eb K\u00ebshilltar\u00ebve t\u00eb Unionit Demokratik t\u00eb Shqiptar\u00ebve \u2013 UDSH,\u00a0 ku dha dor\u00ebheqjen p\u00ebr shkak t\u00eb mospajtimit me disa veprime dhe devijime partiake. N\u00eb vitet 2004-2005 ka ushtruar funksionin e Kryetarit n\u00eb K\u00ebshillin Ekonomiko Social t\u00eb Ulqinit.<\/p>\n<p>Z. Cungu \u00ebsht\u00eb nj\u00eb nd\u00ebr themeluesit e partis\u00eb\u00a0 \u201cForca e Re Demokratike\u201d dhe aktualisht \u00ebsht\u00eb kryetari i k\u00ebsaj partie.<\/p>\n<p>Z Cungu \u00ebsht\u00eb nj\u00eb aktivist i shquar i shoq\u00ebris\u00eb civile t\u00eb Malit t\u00eb Zi, ai \u00ebsht\u00eb nj\u00eb nd\u00ebr themeluesit e shoqat\u00ebs s\u00eb Ulqinit n\u00eb Zvic\u00ebr, shoqat\u00ebs humanitare \u201cDrita\u201d, \u201cMontenegro Biznis Aliances \u2013 MBA\u201d dhe shoqat\u00ebs s\u00eb Ullishtar\u00ebve. Gjithashtu Z. Cungu \u00ebsht\u00eb nj\u00eb nd\u00ebr themeluesit dhe aktualisht kryetari i shoqat\u00ebs prestigjoze \u201cUlqin Biznis Asociacionit- UBA\u201d, shoqat\u00eb kjo me mbi 270 an\u00ebt\u00ebar\u00eb afarist\u00eb dhe q\u00eb shquhet si nj\u00eb nd\u00ebr organizatat m\u00eb t\u00eb konsoliduara t\u00eb republik\u00ebs s\u00eb Malit t\u00eb Zi.<\/p>\n<p><strong><a href=\"http:\/\/www.visit-ulcinj.com\/blog\/wp-content\/uploads\/2011\/10\/Familja-CunguNazifiGazmirjaRezartiArmiriArta.jpg\"><img loading=\"lazy\" class=\"alignleft size-full wp-image-51668\" title=\"Familja Cungu,Nazifi,Gazmirja,Rezarti,Armiri,Arta,\" src=\"http:\/\/www.visit-ulcinj.com\/blog\/wp-content\/uploads\/2011\/10\/Familja-CunguNazifiGazmirjaRezartiArmiriArta.jpg\" alt=\"\" width=\"508\" height=\"340\" \/><\/a>Nazifi,Familja &amp; Ulqini<\/strong><\/p>\n<p>Por sot kur un\u00eb dhe Gazmirja shohim qytetin ku jetojm\u00eb bashk\u00eb me 2 djem\u00ebt Rezartin dhe Armirin vajz\u00ebn ton\u00eb Art\u00ebn, ashtu si shum\u00ebkush, nuk jam i k\u00ebnaqur. Sepse ne t\u00eb gjith\u00eb k\u00ebrkojm\u00eb dhe po ashtu meritojm\u00eb m\u00eb shum\u00eb nga ky qytet, nga kjo sht\u00ebpi e madhe e p\u00ebrbashk\u00ebt.<\/p>\n<p>Ulqini jon\u00eb dhe njer\u00ebzit e saj p\u00ebrballen me probleme reale dhe t\u00eb p\u00ebrditshme, probleme t\u00eb cilat nuk mund t\u00eb zgjidhen as me gjuh\u00eb t\u00eb eg\u00ebr, as me protesta t\u00eb dhunshme dhe as me beteja politike, por vet\u00ebm me shum\u00eb pun\u00eb, vizion krijues dhe duke u bashkuar t\u00eb gjith\u00eb si qytetar\u00eb.<\/p>\n<p>Sepse ky qytet ka nevoj\u00eb p\u00ebr nj\u00eb aj\u00ebr t\u00eb ri, t\u00eb fresk\u00ebt, t\u00eb ndrysh\u00ebm, t\u00eb past\u00ebr dhe m\u00eb t\u00eb g\u00ebzuesh\u00ebm. Nj\u00eb aj\u00ebr t\u00eb ri, ku njer\u00ebzija t\u00eb jet\u00eb shum\u00eb m\u00eb e pranishme. Nj\u00eb aj\u00ebr t\u00eb ri, q\u00eb do ta b\u00ebj\u00eb qytetin e Ulqinit m\u00eb mikprit\u00ebs, m\u00eb bujar dhe m\u00eb t\u00eb dashur p\u00ebr banor\u00ebt e tij, f\u00ebmij\u00ebt, prind\u00ebrit, gjysh\u00ebrit tan\u00eb!<\/p>\n<p>Realiteti i sot\u00ebm \u00ebsht\u00eb p\u00ebrher\u00eb e m\u00eb rraskapit\u00ebs p\u00ebr banor\u00ebt e Ulqinit. Vendet e pun\u00ebs jan\u00eb t\u00eb pakta, bllokimet e trafikut t\u00eb p\u00ebrhershme, ndotja e gjith\u00ebpranishme, parqet dhe lulishtet t\u00eb pamjaftueshme, shkollat t\u00eb mbingarkuara, taksat tep\u00ebr t\u00eb larta dhe korrupsioni mjaft i p\u00ebrhapur.<\/p>\n<p><a href=\"http:\/\/www.visit-ulcinj.com\/blog\/2011\/10\/03\/nazif-cungu-si-kryetar-sjell-shpresa-per-ulqinin-video\/angazhimi-politik-i-nazif-cungut\/\" rel=\"attachment wp-att-51672\"><img loading=\"lazy\" class=\"alignleft size-full wp-image-51672\" title=\"ANGAZHIMI POLITIK I NAZIF CUNGUT\" src=\"http:\/\/www.visit-ulcinj.com\/blog\/wp-content\/uploads\/2011\/10\/ANGAZHIMI-POLITIK-I-NAZIF-CUNGUT.jpg\" alt=\"\" width=\"508\" height=\"330\" \/><\/a><\/p>\n<p><strong>Betejat tuaja t\u00eb p\u00ebrditshme n\u00eb Ulqin do jen\u00eb t\u00eb vetmet beteja p\u00ebr mua.<\/strong><\/p>\n<p>Un\u00eb nga partner\u00ebt e koalicionit do t\u00eb k\u00ebrkoj\u00eb q\u00eb kuadrot e tyre t\u00eb jen\u00eb t\u00eb p\u00ebrkushtuar pun\u00ebs, kompetent dhe mbi te gjitha te vetedijshem q\u00eb qellimet e p\u00ebrbashketa q\u00eb kemi si bashk\u00ebsi mund te realizohen n\u00ebse \u00e7do kush punon pun\u00ebn e vete me profesionaliz\u00ebm, duke respektuar ligjin.<\/p>\n<p>P\u00ebrfitoj nga ky rast p\u00ebr t\u00eb theksuar ve\u00e7an\u00ebrisht r\u00ebnd\u00ebsin\u00eb e jasht\u00ebzakonshme q\u00eb ka mb\u00ebshtetja juaj p\u00ebr t\u00eb v\u00ebn\u00eb n\u00eb jet\u00eb k\u00ebt\u00eb model t\u00eb ri politik dhe p\u00ebr t\u00eb rim\u00ebk\u00ebmbur komun\u00ebn ton\u00eb.<\/p>\n<p>Q\u00eb n\u00eb dit\u00ebt e para t\u00eb pun\u00ebs sime si kryetar un\u00eb do t\u00eb jap shenjat e qarta t\u00eb ndryshimit duke nd\u00ebrtuar nj\u00eb sistem t\u00eb ri t\u00eb komunikimit me qytetarin e thjesht\u00eb.<\/p>\n<p>T\u00eb nderuar qytetar\u00eb,un\u00eb\u00a0 ju ftoj\u00a0 q\u00eb t\u00eb nisni t\u00eb kontaktoni drejtp\u00ebrdrejt\u00eb qeverisjen komunale t\u00eb Ulqinit n\u00ebp\u00ebrmjet letrave, emaileve e telefonatave t\u00eb drejtuara n\u00eb nj\u00eb adres\u00eb q\u00eb do t\u2019ju njoftojm\u00eb shum\u00eb shpejt. Ju ftoj t\u00eb d\u00ebrgoni mesazhe me kritika, ankesa, k\u00ebshilla, rekomandime, sugjerime e propozime t\u00eb ndryshme p\u00ebr \u00e7do problem q\u00eb ju shqet\u00ebson juve e q\u00eb kan\u00eb t\u00eb b\u00ebjn\u00eb me kompetencat e Komun\u00ebs. Gjithashtu un\u00eb do t\u00eb caktoi nj\u00eb dit\u00eb p\u00ebr takime personale me qytetar\u00ebt si dhe do t\u00eb formoi nj\u00eb forum t\u00eb posa\u00e7\u00ebm permanent bashk\u00ebpunimi t\u00eb komun\u00ebs me shoq\u00ebrin\u00eb civile dhe biznesin.<\/p>\n<p>Prandaj ju ftoj\u00a0 t\u00eb gjith\u00ebve, pa dallime, q\u00eb\u00a0 t\u00eb p\u00ebrfshiheni n\u00eb m\u00ebnyr\u00eb aktive n\u00eb qeverisjen e ardhshme t\u00eb Komun\u00ebs s\u00eb Ulqinit.<\/p>\n<p><strong>\u00a0Faleminderit<br \/>\n<!--YouTube Error: bad URL entered--><br \/>\n<\/strong><\/p>\n","protected":false},"excerpt":{"rendered":"<p>Kuvendi i\u00a0 Komun\u00ebs s\u00eb Ulqinit me 22 shtator me shumic\u00eb votash zgjodhi p\u00ebr kryetar t\u00eb komun\u00ebs z. Nazif Cungun, ekonomist I diplomuar, nga radh\u00ebt e Forc\u00ebs s\u00eb Re\u00a0 Demokratike . Di\u00e7ka p\u00ebr Familjen \u00a0Cungu Nazifi esht\u00eb nj\u00eb djal\u00eb i k\u00ebtij qyteti t\u00eb bukur,si e ka emrin Ulqin. Babai Jaho Cungu dhe nana\u00a0 Sadete si amvise [&hellip;]<\/p>\n","protected":false},"author":1,"featured_media":0,"comment_status":"open","ping_status":"closed","sticky":false,"template":"","format":"standard","meta":{"spay_email":"","jetpack_publicize_message":"","jetpack_is_tweetstorm":false,"jetpack_publicize_feature_enabled":true},"categories":[1,6950,13],"tags":[212,19165,19164,17828,17834,18370,17811,17831,18362,14353,17808,14354,12340,17840,17839,18363,17835,17814,17810,17816,17071,17807,3516,14652,17837,17827,14358,19163,222,17802,17812,17803,17820,17825,17817,17805,305,17823,17832,3506,17818,214,17680,14362,14363,18371,3507,17800,498,3500,115,229,14364,17799,3327,17841,17826,15213,18236,3512,17806,11648,18289,17838,95,17813,17804,15141,17836,14366,79,18294,118,18368,1653,1909,14367,17801,18360,17822,14368,14369,14438,17824,14370,18291,2083,3231,14371,17844,17821,17077,14375,17833,17829,200,18,17819,17809,14376],"jetpack_publicize_connections":[],"yoast_head":"<!-- This site is optimized with the Yoast SEO plugin v19.1 - https:\/\/yoast.com\/wordpress\/plugins\/seo\/ -->\n<title>Nazif Cungu si kryetar sjell shpresa per Ulqinin - Video - Lajme nga Ulqini<\/title>\n<meta name=\"description\" content=\"Kuvendi i\u00a0 Komun\u00ebs s\u00eb Ulqinit me 22 shtator me shumic\u00eb votash zgjodhi p\u00ebr kryetar t\u00eb komun\u00ebs z. Nazif Cungun, ekonomist I diplomuar, nga radh\u00ebt e Forc\u00ebs\" \/>\n<meta name=\"robots\" content=\"index, follow, max-snippet:-1, max-image-preview:large, max-video-preview:-1\" \/>\n<link rel=\"canonical\" href=\"https:\/\/www.visit-ulcinj.com\/blog\/2011\/10\/03\/nazif-cungu-si-kryetar-sjell-shpresa-per-ulqinin-video\/\" \/>\n<meta property=\"og:locale\" content=\"en_US\" \/>\n<meta property=\"og:type\" content=\"article\" \/>\n<meta property=\"og:title\" content=\"Nazif Cungu si kryetar sjell shpresa per Ulqinin - Video - Lajme nga Ulqini\" \/>\n<meta property=\"og:description\" content=\"Kuvendi i\u00a0 Komun\u00ebs s\u00eb Ulqinit me 22 shtator me shumic\u00eb votash zgjodhi p\u00ebr kryetar t\u00eb komun\u00ebs z. Nazif Cungun, ekonomist I diplomuar, nga radh\u00ebt e Forc\u00ebs\" \/>\n<meta property=\"og:url\" content=\"https:\/\/www.visit-ulcinj.com\/blog\/2011\/10\/03\/nazif-cungu-si-kryetar-sjell-shpresa-per-ulqinin-video\/\" \/>\n<meta property=\"og:site_name\" content=\"Lajme nga Ulqini\" \/>\n<meta property=\"article:published_time\" content=\"2011-10-03T16:02:47+00:00\" \/>\n<meta property=\"article:modified_time\" content=\"2011-10-09T15:56:09+00:00\" \/>\n<meta property=\"og:image\" content=\"http:\/\/www.visit-ulcinj.com\/blog\/wp-content\/uploads\/2011\/10\/Familja-CunguNazifiGazmirjaRezartiArmiriArta.1.jpg\" \/>\n<meta name=\"twitter:label1\" content=\"Written by\" \/>\n\t<meta name=\"twitter:data1\" content=\"ulqini\" \/>\n\t<meta name=\"twitter:label2\" content=\"Est. reading time\" \/>\n\t<meta name=\"twitter:data2\" content=\"5 minutes\" \/>\n<script type=\"application\/ld+json\" class=\"yoast-schema-graph\">{\"@context\":\"https:\/\/schema.org\",\"@graph\":[{\"@type\":\"WebSite\",\"@id\":\"https:\/\/www.visit-ulcinj.com\/blog\/#website\",\"url\":\"https:\/\/www.visit-ulcinj.com\/blog\/\",\"name\":\"Lajme nga Ulqini\",\"description\":\"Lajme,Vijesti,Ulqini,Ulqin,Crna Gora,Mali i Zi\",\"potentialAction\":[{\"@type\":\"SearchAction\",\"target\":{\"@type\":\"EntryPoint\",\"urlTemplate\":\"https:\/\/www.visit-ulcinj.com\/blog\/?s={search_term_string}\"},\"query-input\":\"required name=search_term_string\"}],\"inLanguage\":\"en-US\"},{\"@type\":\"ImageObject\",\"inLanguage\":\"en-US\",\"@id\":\"https:\/\/www.visit-ulcinj.com\/blog\/2011\/10\/03\/nazif-cungu-si-kryetar-sjell-shpresa-per-ulqinin-video\/#primaryimage\",\"url\":\"https:\/\/www.visit-ulcinj.com\/blog\/wp-content\/uploads\/2011\/10\/Familja-CunguNazifiGazmirjaRezartiArmiriArta.1.jpg\",\"contentUrl\":\"https:\/\/www.visit-ulcinj.com\/blog\/wp-content\/uploads\/2011\/10\/Familja-CunguNazifiGazmirjaRezartiArmiriArta.1.jpg\",\"width\":\"720\",\"height\":\"540\"},{\"@type\":\"WebPage\",\"@id\":\"https:\/\/www.visit-ulcinj.com\/blog\/2011\/10\/03\/nazif-cungu-si-kryetar-sjell-shpresa-per-ulqinin-video\/#webpage\",\"url\":\"https:\/\/www.visit-ulcinj.com\/blog\/2011\/10\/03\/nazif-cungu-si-kryetar-sjell-shpresa-per-ulqinin-video\/\",\"name\":\"Nazif Cungu si kryetar sjell shpresa per Ulqinin - Video - Lajme nga Ulqini\",\"isPartOf\":{\"@id\":\"https:\/\/www.visit-ulcinj.com\/blog\/#website\"},\"primaryImageOfPage\":{\"@id\":\"https:\/\/www.visit-ulcinj.com\/blog\/2011\/10\/03\/nazif-cungu-si-kryetar-sjell-shpresa-per-ulqinin-video\/#primaryimage\"},\"datePublished\":\"2011-10-03T16:02:47+00:00\",\"dateModified\":\"2011-10-09T15:56:09+00:00\",\"author\":{\"@id\":\"https:\/\/www.visit-ulcinj.com\/blog\/#\/schema\/person\/dcab619c614d3038751c63bc2aadc06d\"},\"description\":\"Kuvendi i\u00a0 Komun\u00ebs s\u00eb Ulqinit me 22 shtator me shumic\u00eb votash zgjodhi p\u00ebr kryetar t\u00eb komun\u00ebs z. Nazif Cungun, ekonomist I diplomuar, nga radh\u00ebt e Forc\u00ebs\",\"breadcrumb\":{\"@id\":\"https:\/\/www.visit-ulcinj.com\/blog\/2011\/10\/03\/nazif-cungu-si-kryetar-sjell-shpresa-per-ulqinin-video\/#breadcrumb\"},\"inLanguage\":\"en-US\",\"potentialAction\":[{\"@type\":\"ReadAction\",\"target\":[\"https:\/\/www.visit-ulcinj.com\/blog\/2011\/10\/03\/nazif-cungu-si-kryetar-sjell-shpresa-per-ulqinin-video\/\"]}]},{\"@type\":\"BreadcrumbList\",\"@id\":\"https:\/\/www.visit-ulcinj.com\/blog\/2011\/10\/03\/nazif-cungu-si-kryetar-sjell-shpresa-per-ulqinin-video\/#breadcrumb\",\"itemListElement\":[{\"@type\":\"ListItem\",\"position\":1,\"name\":\"Nazif Cungu si kryetar sjell shpresa per Ulqinin &#8211; Video\"}]},{\"@type\":\"Person\",\"@id\":\"https:\/\/www.visit-ulcinj.com\/blog\/#\/schema\/person\/dcab619c614d3038751c63bc2aadc06d\",\"name\":\"ulqini\",\"sameAs\":[\"http:\/\/www.visit-ulcinj.com\"],\"url\":\"https:\/\/www.visit-ulcinj.com\/blog\/author\/admin\/\"}]}<\/script>\n<!-- \/ Yoast SEO plugin. -->","yoast_head_json":{"title":"Nazif Cungu si kryetar sjell shpresa per Ulqinin - Video - Lajme nga Ulqini","description":"Kuvendi i\u00a0 Komun\u00ebs s\u00eb Ulqinit me 22 shtator me shumic\u00eb votash zgjodhi p\u00ebr kryetar t\u00eb komun\u00ebs z. Nazif Cungun, ekonomist I diplomuar, nga radh\u00ebt e Forc\u00ebs","robots":{"index":"index","follow":"follow","max-snippet":"max-snippet:-1","max-image-preview":"max-image-preview:large","max-video-preview":"max-video-preview:-1"},"canonical":"https:\/\/www.visit-ulcinj.com\/blog\/2011\/10\/03\/nazif-cungu-si-kryetar-sjell-shpresa-per-ulqinin-video\/","og_locale":"en_US","og_type":"article","og_title":"Nazif Cungu si kryetar sjell shpresa per Ulqinin - Video - Lajme nga Ulqini","og_description":"Kuvendi i\u00a0 Komun\u00ebs s\u00eb Ulqinit me 22 shtator me shumic\u00eb votash zgjodhi p\u00ebr kryetar t\u00eb komun\u00ebs z. Nazif Cungun, ekonomist I diplomuar, nga radh\u00ebt e Forc\u00ebs","og_url":"https:\/\/www.visit-ulcinj.com\/blog\/2011\/10\/03\/nazif-cungu-si-kryetar-sjell-shpresa-per-ulqinin-video\/","og_site_name":"Lajme nga Ulqini","article_published_time":"2011-10-03T16:02:47+00:00","article_modified_time":"2011-10-09T15:56:09+00:00","og_image":[{"url":"http:\/\/www.visit-ulcinj.com\/blog\/wp-content\/uploads\/2011\/10\/Familja-CunguNazifiGazmirjaRezartiArmiriArta.1.jpg"}],"twitter_misc":{"Written by":"ulqini","Est. reading time":"5 minutes"},"schema":{"@context":"https:\/\/schema.org","@graph":[{"@type":"WebSite","@id":"https:\/\/www.visit-ulcinj.com\/blog\/#website","url":"https:\/\/www.visit-ulcinj.com\/blog\/","name":"Lajme nga Ulqini","description":"Lajme,Vijesti,Ulqini,Ulqin,Crna Gora,Mali i Zi","potentialAction":[{"@type":"SearchAction","target":{"@type":"EntryPoint","urlTemplate":"https:\/\/www.visit-ulcinj.com\/blog\/?s={search_term_string}"},"query-input":"required name=search_term_string"}],"inLanguage":"en-US"},{"@type":"ImageObject","inLanguage":"en-US","@id":"https:\/\/www.visit-ulcinj.com\/blog\/2011\/10\/03\/nazif-cungu-si-kryetar-sjell-shpresa-per-ulqinin-video\/#primaryimage","url":"https:\/\/www.visit-ulcinj.com\/blog\/wp-content\/uploads\/2011\/10\/Familja-CunguNazifiGazmirjaRezartiArmiriArta.1.jpg","contentUrl":"https:\/\/www.visit-ulcinj.com\/blog\/wp-content\/uploads\/2011\/10\/Familja-CunguNazifiGazmirjaRezartiArmiriArta.1.jpg","width":"720","height":"540"},{"@type":"WebPage","@id":"https:\/\/www.visit-ulcinj.com\/blog\/2011\/10\/03\/nazif-cungu-si-kryetar-sjell-shpresa-per-ulqinin-video\/#webpage","url":"https:\/\/www.visit-ulcinj.com\/blog\/2011\/10\/03\/nazif-cungu-si-kryetar-sjell-shpresa-per-ulqinin-video\/","name":"Nazif Cungu si kryetar sjell shpresa per Ulqinin - Video - Lajme nga Ulqini","isPartOf":{"@id":"https:\/\/www.visit-ulcinj.com\/blog\/#website"},"primaryImageOfPage":{"@id":"https:\/\/www.visit-ulcinj.com\/blog\/2011\/10\/03\/nazif-cungu-si-kryetar-sjell-shpresa-per-ulqinin-video\/#primaryimage"},"datePublished":"2011-10-03T16:02:47+00:00","dateModified":"2011-10-09T15:56:09+00:00","author":{"@id":"https:\/\/www.visit-ulcinj.com\/blog\/#\/schema\/person\/dcab619c614d3038751c63bc2aadc06d"},"description":"Kuvendi i\u00a0 Komun\u00ebs s\u00eb Ulqinit me 22 shtator me shumic\u00eb votash zgjodhi p\u00ebr kryetar t\u00eb komun\u00ebs z. Nazif Cungun, ekonomist I diplomuar, nga radh\u00ebt e Forc\u00ebs","breadcrumb":{"@id":"https:\/\/www.visit-ulcinj.com\/blog\/2011\/10\/03\/nazif-cungu-si-kryetar-sjell-shpresa-per-ulqinin-video\/#breadcrumb"},"inLanguage":"en-US","potentialAction":[{"@type":"ReadAction","target":["https:\/\/www.visit-ulcinj.com\/blog\/2011\/10\/03\/nazif-cungu-si-kryetar-sjell-shpresa-per-ulqinin-video\/"]}]},{"@type":"BreadcrumbList","@id":"https:\/\/www.visit-ulcinj.com\/blog\/2011\/10\/03\/nazif-cungu-si-kryetar-sjell-shpresa-per-ulqinin-video\/#breadcrumb","itemListElement":[{"@type":"ListItem","position":1,"name":"Nazif Cungu si kryetar sjell shpresa per Ulqinin &#8211; Video"}]},{"@type":"Person","@id":"https:\/\/www.visit-ulcinj.com\/blog\/#\/schema\/person\/dcab619c614d3038751c63bc2aadc06d","name":"ulqini","sameAs":["http:\/\/www.visit-ulcinj.com"],"url":"https:\/\/www.visit-ulcinj.com\/blog\/author\/admin\/"}]}},"jetpack_featured_media_url":"","jetpack_sharing_enabled":true,"jetpack_shortlink":"https:\/\/wp.me\/pe6lTn-drl","_links":{"self":[{"href":"https:\/\/www.visit-ulcinj.com\/blog\/wp-json\/wp\/v2\/posts\/51667"}],"collection":[{"href":"https:\/\/www.visit-ulcinj.com\/blog\/wp-json\/wp\/v2\/posts"}],"about":[{"href":"https:\/\/www.visit-ulcinj.com\/blog\/wp-json\/wp\/v2\/types\/post"}],"author":[{"embeddable":true,"href":"https:\/\/www.visit-ulcinj.com\/blog\/wp-json\/wp\/v2\/users\/1"}],"replies":[{"embeddable":true,"href":"https:\/\/www.visit-ulcinj.com\/blog\/wp-json\/wp\/v2\/comments?post=51667"}],"version-history":[{"count":19,"href":"https:\/\/www.visit-ulcinj.com\/blog\/wp-json\/wp\/v2\/posts\/51667\/revisions"}],"predecessor-version":[{"id":51927,"href":"https:\/\/www.visit-ulcinj.com\/blog\/wp-json\/wp\/v2\/posts\/51667\/revisions\/51927"}],"wp:attachment":[{"href":"https:\/\/www.visit-ulcinj.com\/blog\/wp-json\/wp\/v2\/media?parent=51667"}],"wp:term":[{"taxonomy":"category","embeddable":true,"href":"https:\/\/www.visit-ulcinj.com\/blog\/wp-json\/wp\/v2\/categories?post=51667"},{"taxonomy":"post_tag","embeddable":true,"href":"https:\/\/www.visit-ulcinj.com\/blog\/wp-json\/wp\/v2\/tags?post=51667"}],"curies":[{"name":"wp","href":"https:\/\/api.w.org\/{rel}","templated":true}]}}