{"id":517,"date":"2008-02-14T15:22:09","date_gmt":"2008-02-14T20:22:09","guid":{"rendered":"http:\/\/www.visit-ulcinj.com\/blog\/2008\/02\/14\/izlozba-ulcinjskih-slikara-u-podgorickoj-galeriji-most\/"},"modified":"2008-02-15T17:08:28","modified_gmt":"2008-02-15T22:08:28","slug":"izlozba-ulcinjskih-slikara-u-podgorickoj-galeriji-most","status":"publish","type":"post","link":"https:\/\/www.visit-ulcinj.com\/blog\/2008\/02\/14\/izlozba-ulcinjskih-slikara-u-podgorickoj-galeriji-most\/","title":{"rendered":"Izlo\u017eba ulcinjskih slikara u podgorickoj galeriji &#8220;most&#8221;"},"content":{"rendered":"<p><img loading=\"lazy\" border=\"0\" align=\"left\" width=\"240\" src=\"http:\/\/www.visit-ulcinj.com\/blog\/wp-content\/uploads\/2008\/02\/naser-hasa-bilal-nikeziqi.jpg\" height=\"180\" style=\"width: 215px; height: 163px\" \/><strong>Tri ulcinjska slikara<\/strong><\/p>\n<p align=\"justify\">Podgorica &#8211; Izlo\u017eba ulcinjskih akademskih slikara Rudi Goge, Bilal Nikezi?a i Naser Hasa, bi?e otvorena ve?eras u 19 sati, u podgori?koj galeriji &#8220;Most&#8221;.<br \/>\nRudi Goga Likovnu akademiju zavr\u0161io je u Pri\u0161tini 1979, a postdiplomske studije u Dizeldorfu 1982. godine. Bavi se pedago\u0161kim radom i ?lan je ULUCG-a od 1991. godine. Do sada je imao 49 samostalnih izlo\u017ebi u zemlji i inostranstvu. U galeriji &#8220;Most&#8221; predstavi?e se sa pet slika velikog formata iz ciklusa &#8220;Kavezi&#8221;, &#8220;Kosmi?ko svjetlo&#8221; ili djela iz oma\u017ea Pkasu i Bejkonu.<br \/>\nBilal Nikezi? diplomirao je na Akademiji likovnih umjetnosti u Pri\u0161tini 1978. godine. ?lan je ULUCG-a kao i Udru\u017eenja likovnih umjetnika u Tirani. Pred podgori?kom publikom predstavi?e se sa 11 kola\u017enih crte\u017ea.<br \/>\nNaser Hasa zavr\u0161io je Likovnu akademiju u Pri\u0161tini 1980. godine. Do sada se vi\u0161e puta samostalno predstavljao u zemlji i inostranstvu, naj?e\u0161?e u Parizu. Dobitnik je brojnih priznanja za svoje stvarala\u0161tvo. Hasa je za ve?era\u0161nju izlo\u017ebu priredio malu retrospektivu iz svog dosada\u0161njeg stvarala?kog opusa.<br \/>\nIzlo\u017ebu ulcinjskih slikara u galeriji &#8220;Most&#8221; otvori?e Mihail-Milo Pavlovi?.<\/p>\n<p><em>Je.P.<\/em><em>www.vijesti.cg.yu<\/p>\n<p><\/em><\/p>\n","protected":false},"excerpt":{"rendered":"<p><img loading=\"lazy\" border=\"0\" align=\"left\" width=\"140\" src=\"http:\/\/www.visit-ulcinj.com\/blog\/wp-content\/uploads\/2008\/02\/naser-hasa-bilal-nikeziqi.jpg\" height=\"140\"><\/p>\n","protected":false},"author":1,"featured_media":0,"comment_status":"open","ping_status":"closed","sticky":false,"template":"","format":"standard","meta":{"spay_email":"","jetpack_publicize_message":"","jetpack_is_tweetstorm":false,"jetpack_publicize_feature_enabled":true},"categories":[4],"tags":[1380,1383,1307,1382,1306,92,1308,1381,200],"jetpack_publicize_connections":[],"yoast_head":"<!-- This site is optimized with the Yoast SEO plugin v19.1 - https:\/\/yoast.com\/wordpress\/plugins\/seo\/ -->\n<title>Izlo\u017eba ulcinjskih slikara u podgorickoj galeriji &quot;most&quot; - Lajme nga Ulqini<\/title>\n<meta name=\"robots\" content=\"index, follow, max-snippet:-1, max-image-preview:large, max-video-preview:-1\" \/>\n<link rel=\"canonical\" href=\"https:\/\/www.visit-ulcinj.com\/blog\/2008\/02\/14\/izlozba-ulcinjskih-slikara-u-podgorickoj-galeriji-most\/\" \/>\n<meta property=\"og:locale\" content=\"en_US\" \/>\n<meta property=\"og:type\" content=\"article\" \/>\n<meta property=\"og:title\" content=\"Izlo\u017eba ulcinjskih slikara u podgorickoj galeriji &quot;most&quot; - Lajme nga Ulqini\" \/>\n<meta property=\"og:url\" content=\"https:\/\/www.visit-ulcinj.com\/blog\/2008\/02\/14\/izlozba-ulcinjskih-slikara-u-podgorickoj-galeriji-most\/\" \/>\n<meta property=\"og:site_name\" content=\"Lajme nga Ulqini\" \/>\n<meta property=\"article:published_time\" content=\"2008-02-14T20:22:09+00:00\" \/>\n<meta property=\"article:modified_time\" content=\"2008-02-15T22:08:28+00:00\" \/>\n<meta property=\"og:image\" content=\"http:\/\/www.visit-ulcinj.com\/blog\/wp-content\/uploads\/2008\/02\/naser-hasa-bilal-nikeziqi.jpg\" \/>\n<meta name=\"twitter:label1\" content=\"Written by\" \/>\n\t<meta name=\"twitter:data1\" content=\"ulqini\" \/>\n\t<meta name=\"twitter:label2\" content=\"Est. reading time\" \/>\n\t<meta name=\"twitter:data2\" content=\"1 minute\" \/>\n<script type=\"application\/ld+json\" class=\"yoast-schema-graph\">{\"@context\":\"https:\/\/schema.org\",\"@graph\":[{\"@type\":\"WebSite\",\"@id\":\"https:\/\/www.visit-ulcinj.com\/blog\/#website\",\"url\":\"https:\/\/www.visit-ulcinj.com\/blog\/\",\"name\":\"Lajme nga Ulqini\",\"description\":\"Lajme,Vijesti,Ulqini,Ulqin,Crna Gora,Mali i Zi\",\"potentialAction\":[{\"@type\":\"SearchAction\",\"target\":{\"@type\":\"EntryPoint\",\"urlTemplate\":\"https:\/\/www.visit-ulcinj.com\/blog\/?s={search_term_string}\"},\"query-input\":\"required name=search_term_string\"}],\"inLanguage\":\"en-US\"},{\"@type\":\"ImageObject\",\"inLanguage\":\"en-US\",\"@id\":\"https:\/\/www.visit-ulcinj.com\/blog\/2008\/02\/14\/izlozba-ulcinjskih-slikara-u-podgorickoj-galeriji-most\/#primaryimage\",\"url\":\"http:\/\/www.visit-ulcinj.com\/blog\/wp-content\/uploads\/2008\/02\/naser-hasa-bilal-nikeziqi.jpg\",\"contentUrl\":\"http:\/\/www.visit-ulcinj.com\/blog\/wp-content\/uploads\/2008\/02\/naser-hasa-bilal-nikeziqi.jpg\"},{\"@type\":\"WebPage\",\"@id\":\"https:\/\/www.visit-ulcinj.com\/blog\/2008\/02\/14\/izlozba-ulcinjskih-slikara-u-podgorickoj-galeriji-most\/#webpage\",\"url\":\"https:\/\/www.visit-ulcinj.com\/blog\/2008\/02\/14\/izlozba-ulcinjskih-slikara-u-podgorickoj-galeriji-most\/\",\"name\":\"Izlo\u017eba ulcinjskih slikara u podgorickoj galeriji \\\"most\\\" - Lajme nga Ulqini\",\"isPartOf\":{\"@id\":\"https:\/\/www.visit-ulcinj.com\/blog\/#website\"},\"primaryImageOfPage\":{\"@id\":\"https:\/\/www.visit-ulcinj.com\/blog\/2008\/02\/14\/izlozba-ulcinjskih-slikara-u-podgorickoj-galeriji-most\/#primaryimage\"},\"datePublished\":\"2008-02-14T20:22:09+00:00\",\"dateModified\":\"2008-02-15T22:08:28+00:00\",\"author\":{\"@id\":\"https:\/\/www.visit-ulcinj.com\/blog\/#\/schema\/person\/dcab619c614d3038751c63bc2aadc06d\"},\"breadcrumb\":{\"@id\":\"https:\/\/www.visit-ulcinj.com\/blog\/2008\/02\/14\/izlozba-ulcinjskih-slikara-u-podgorickoj-galeriji-most\/#breadcrumb\"},\"inLanguage\":\"en-US\",\"potentialAction\":[{\"@type\":\"ReadAction\",\"target\":[\"https:\/\/www.visit-ulcinj.com\/blog\/2008\/02\/14\/izlozba-ulcinjskih-slikara-u-podgorickoj-galeriji-most\/\"]}]},{\"@type\":\"BreadcrumbList\",\"@id\":\"https:\/\/www.visit-ulcinj.com\/blog\/2008\/02\/14\/izlozba-ulcinjskih-slikara-u-podgorickoj-galeriji-most\/#breadcrumb\",\"itemListElement\":[{\"@type\":\"ListItem\",\"position\":1,\"name\":\"Izlo\u017eba ulcinjskih slikara u podgorickoj galeriji &#8220;most&#8221;\"}]},{\"@type\":\"Person\",\"@id\":\"https:\/\/www.visit-ulcinj.com\/blog\/#\/schema\/person\/dcab619c614d3038751c63bc2aadc06d\",\"name\":\"ulqini\",\"sameAs\":[\"http:\/\/www.visit-ulcinj.com\"],\"url\":\"https:\/\/www.visit-ulcinj.com\/blog\/author\/admin\/\"}]}<\/script>\n<!-- \/ Yoast SEO plugin. -->","yoast_head_json":{"title":"Izlo\u017eba ulcinjskih slikara u podgorickoj galeriji \"most\" - Lajme nga Ulqini","robots":{"index":"index","follow":"follow","max-snippet":"max-snippet:-1","max-image-preview":"max-image-preview:large","max-video-preview":"max-video-preview:-1"},"canonical":"https:\/\/www.visit-ulcinj.com\/blog\/2008\/02\/14\/izlozba-ulcinjskih-slikara-u-podgorickoj-galeriji-most\/","og_locale":"en_US","og_type":"article","og_title":"Izlo\u017eba ulcinjskih slikara u podgorickoj galeriji \"most\" - Lajme nga Ulqini","og_url":"https:\/\/www.visit-ulcinj.com\/blog\/2008\/02\/14\/izlozba-ulcinjskih-slikara-u-podgorickoj-galeriji-most\/","og_site_name":"Lajme nga Ulqini","article_published_time":"2008-02-14T20:22:09+00:00","article_modified_time":"2008-02-15T22:08:28+00:00","og_image":[{"url":"http:\/\/www.visit-ulcinj.com\/blog\/wp-content\/uploads\/2008\/02\/naser-hasa-bilal-nikeziqi.jpg"}],"twitter_misc":{"Written by":"ulqini","Est. reading time":"1 minute"},"schema":{"@context":"https:\/\/schema.org","@graph":[{"@type":"WebSite","@id":"https:\/\/www.visit-ulcinj.com\/blog\/#website","url":"https:\/\/www.visit-ulcinj.com\/blog\/","name":"Lajme nga Ulqini","description":"Lajme,Vijesti,Ulqini,Ulqin,Crna Gora,Mali i Zi","potentialAction":[{"@type":"SearchAction","target":{"@type":"EntryPoint","urlTemplate":"https:\/\/www.visit-ulcinj.com\/blog\/?s={search_term_string}"},"query-input":"required name=search_term_string"}],"inLanguage":"en-US"},{"@type":"ImageObject","inLanguage":"en-US","@id":"https:\/\/www.visit-ulcinj.com\/blog\/2008\/02\/14\/izlozba-ulcinjskih-slikara-u-podgorickoj-galeriji-most\/#primaryimage","url":"http:\/\/www.visit-ulcinj.com\/blog\/wp-content\/uploads\/2008\/02\/naser-hasa-bilal-nikeziqi.jpg","contentUrl":"http:\/\/www.visit-ulcinj.com\/blog\/wp-content\/uploads\/2008\/02\/naser-hasa-bilal-nikeziqi.jpg"},{"@type":"WebPage","@id":"https:\/\/www.visit-ulcinj.com\/blog\/2008\/02\/14\/izlozba-ulcinjskih-slikara-u-podgorickoj-galeriji-most\/#webpage","url":"https:\/\/www.visit-ulcinj.com\/blog\/2008\/02\/14\/izlozba-ulcinjskih-slikara-u-podgorickoj-galeriji-most\/","name":"Izlo\u017eba ulcinjskih slikara u podgorickoj galeriji \"most\" - Lajme nga Ulqini","isPartOf":{"@id":"https:\/\/www.visit-ulcinj.com\/blog\/#website"},"primaryImageOfPage":{"@id":"https:\/\/www.visit-ulcinj.com\/blog\/2008\/02\/14\/izlozba-ulcinjskih-slikara-u-podgorickoj-galeriji-most\/#primaryimage"},"datePublished":"2008-02-14T20:22:09+00:00","dateModified":"2008-02-15T22:08:28+00:00","author":{"@id":"https:\/\/www.visit-ulcinj.com\/blog\/#\/schema\/person\/dcab619c614d3038751c63bc2aadc06d"},"breadcrumb":{"@id":"https:\/\/www.visit-ulcinj.com\/blog\/2008\/02\/14\/izlozba-ulcinjskih-slikara-u-podgorickoj-galeriji-most\/#breadcrumb"},"inLanguage":"en-US","potentialAction":[{"@type":"ReadAction","target":["https:\/\/www.visit-ulcinj.com\/blog\/2008\/02\/14\/izlozba-ulcinjskih-slikara-u-podgorickoj-galeriji-most\/"]}]},{"@type":"BreadcrumbList","@id":"https:\/\/www.visit-ulcinj.com\/blog\/2008\/02\/14\/izlozba-ulcinjskih-slikara-u-podgorickoj-galeriji-most\/#breadcrumb","itemListElement":[{"@type":"ListItem","position":1,"name":"Izlo\u017eba ulcinjskih slikara u podgorickoj galeriji &#8220;most&#8221;"}]},{"@type":"Person","@id":"https:\/\/www.visit-ulcinj.com\/blog\/#\/schema\/person\/dcab619c614d3038751c63bc2aadc06d","name":"ulqini","sameAs":["http:\/\/www.visit-ulcinj.com"],"url":"https:\/\/www.visit-ulcinj.com\/blog\/author\/admin\/"}]}},"jetpack_featured_media_url":"","jetpack_sharing_enabled":true,"jetpack_shortlink":"https:\/\/wp.me\/pe6lTn-8l","_links":{"self":[{"href":"https:\/\/www.visit-ulcinj.com\/blog\/wp-json\/wp\/v2\/posts\/517"}],"collection":[{"href":"https:\/\/www.visit-ulcinj.com\/blog\/wp-json\/wp\/v2\/posts"}],"about":[{"href":"https:\/\/www.visit-ulcinj.com\/blog\/wp-json\/wp\/v2\/types\/post"}],"author":[{"embeddable":true,"href":"https:\/\/www.visit-ulcinj.com\/blog\/wp-json\/wp\/v2\/users\/1"}],"replies":[{"embeddable":true,"href":"https:\/\/www.visit-ulcinj.com\/blog\/wp-json\/wp\/v2\/comments?post=517"}],"version-history":[{"count":0,"href":"https:\/\/www.visit-ulcinj.com\/blog\/wp-json\/wp\/v2\/posts\/517\/revisions"}],"wp:attachment":[{"href":"https:\/\/www.visit-ulcinj.com\/blog\/wp-json\/wp\/v2\/media?parent=517"}],"wp:term":[{"taxonomy":"category","embeddable":true,"href":"https:\/\/www.visit-ulcinj.com\/blog\/wp-json\/wp\/v2\/categories?post=517"},{"taxonomy":"post_tag","embeddable":true,"href":"https:\/\/www.visit-ulcinj.com\/blog\/wp-json\/wp\/v2\/tags?post=517"}],"curies":[{"name":"wp","href":"https:\/\/api.w.org\/{rel}","templated":true}]}}