{"id":51720,"date":"2011-10-03T21:57:55","date_gmt":"2011-10-03T20:57:55","guid":{"rendered":"http:\/\/www.visit-ulcinj.com\/blog\/?p=51720"},"modified":"2011-10-03T21:57:55","modified_gmt":"2011-10-03T20:57:55","slug":"sherbimi-per-informin-i-kryetarit-te-komunes-se-ulqinit-njofton","status":"publish","type":"post","link":"https:\/\/www.visit-ulcinj.com\/blog\/2011\/10\/03\/sherbimi-per-informin-i-kryetarit-te-komunes-se-ulqinit-njofton\/","title":{"rendered":"Sh\u00ebrbimi p\u00ebr informin i Kryetarit t\u00eb Komun\u00ebs s\u00eb Ulqinit njofton"},"content":{"rendered":"<p><a href=\"http:\/\/www.visit-ulcinj.com\/blog\/2011\/10\/03\/sherbimi-per-informin-i-kryetarit-te-komunes-se-ulqinit-njofton\/komuna-e-ulqinit_press\/\" rel=\"attachment wp-att-51721\"><img loading=\"lazy\" class=\"alignleft size-medium wp-image-51721\" title=\"Komuna e Ulqinit_Press\" src=\"http:\/\/www.visit-ulcinj.com\/blog\/wp-content\/uploads\/2011\/10\/Komuna-e-Ulqinit_Press-300x240.jpg\" alt=\"\" width=\"300\" height=\"240\" srcset=\"https:\/\/www.visit-ulcinj.com\/blog\/wp-content\/uploads\/2011\/10\/Komuna-e-Ulqinit_Press-300x240.jpg 300w, https:\/\/www.visit-ulcinj.com\/blog\/wp-content\/uploads\/2011\/10\/Komuna-e-Ulqinit_Press.jpg 720w\" sizes=\"(max-width: 300px) 100vw, 300px\" \/><\/a>Sh\u00ebrbimi p\u00ebr informin i Kryetarit t\u00eb Komun\u00ebs s\u00eb Ulqinit njofton opinion e gjer\u00eb q\u00eb Komuna i \u00ebsht\u00eb drejtuar zyrtarisht Prokurorit Suprem Shtet\u00ebror\u00eb t\u00eb Malit t\u00eb Zi respektivisht Departamentit p\u00ebr eleminimin e\u00a0 krimit t\u00eb organizuar, terrorizem dhe krime t\u00eb luft\u00ebs n\u00eb Podgoric\u00eb q\u00eb t\u00eb hap\u00eb procedur\u00ebn n\u00eb baz\u00eb t\u00eb padis\u00eb penale\u00a0 t\u00eb ngritur nga kryetari i Komun\u00ebs s\u00eb Ulqinit ndaj zyrtar\u00ebve t\u00eb Sekretariatit p\u00ebr mbrojtjen e pasuris\u00eb t\u00eb Komun\u00ebs s\u00eb Ulqinit dhe personit p\u00ebrgjegj\u00ebs t\u00eb sh\u00ebrbimit t\u00eb arkivit t\u00eb Komun\u00ebs pasi p\u00ebr t\u00eb njejt\u00ebt ekziston dyshimi se kan\u00eb vepruar n\u00eb kund\u00ebrshtim me ligjet n\u00eb fuqi dhe i kan\u00eb shkatuar deme n\u00eb llogari t\u00eb Komunes s\u00eb Ulqinit.<\/p>\n<p>Vler\u00ebsojm\u00eb se personat e sh\u00ebrbimeve t\u00eb lartp\u00ebrmendura kan\u00eb b\u00ebr\u00eb vep\u00ebr penale t\u00eb keqp\u00ebrdorimit t\u00eb vendit t\u00eb pun\u00ebs dhe se me veprimet e tyre duke i rikthyer nj\u00eb sip\u00ebrfaqe prej 12 mij\u00eb\u00a0 e 730 metra katrore n\u00eb Fush\u00ebn e Ulqinit,\u00a0 Komun\u00ebs i kan\u00eb shkaktuar d\u00ebme t\u00eb konsiderueshme.<\/p>\n<p>&nbsp;<\/p>\n<p><strong>Sh\u00ebrbimi p\u00ebr informim i Kryetarit t\u00eb Komun\u00ebs s\u00eb Ulqinit<\/strong><\/p>\n","protected":false},"excerpt":{"rendered":"<p>Sh\u00ebrbimi p\u00ebr informin i Kryetarit t\u00eb Komun\u00ebs s\u00eb Ulqinit njofton opinion e gjer\u00eb q\u00eb Komuna i \u00ebsht\u00eb drejtuar zyrtarisht Prokurorit Suprem Shtet\u00ebror\u00eb t\u00eb Malit t\u00eb Zi respektivisht Departamentit p\u00ebr eleminimin e\u00a0 krimit t\u00eb organizuar, terrorizem dhe krime t\u00eb luft\u00ebs n\u00eb Podgoric\u00eb q\u00eb t\u00eb hap\u00eb procedur\u00ebn n\u00eb baz\u00eb t\u00eb padis\u00eb penale\u00a0 t\u00eb ngritur nga kryetari i [&hellip;]<\/p>\n","protected":false},"author":1,"featured_media":0,"comment_status":"open","ping_status":"closed","sticky":false,"template":"","format":"standard","meta":{"spay_email":"","jetpack_publicize_message":"","jetpack_is_tweetstorm":false,"jetpack_publicize_feature_enabled":true},"categories":[12],"tags":[16426,19168,18],"jetpack_publicize_connections":[],"yoast_head":"<!-- This site is optimized with the Yoast SEO plugin v19.1 - https:\/\/yoast.com\/wordpress\/plugins\/seo\/ -->\n<title>Sh\u00ebrbimi p\u00ebr informin i Kryetarit t\u00eb Komun\u00ebs s\u00eb Ulqinit njofton - Lajme nga Ulqini<\/title>\n<meta name=\"description\" content=\"Sh\u00ebrbimi p\u00ebr informin i Kryetarit t\u00eb Komun\u00ebs s\u00eb Ulqinit njofton opinion e gjer\u00eb q\u00eb Komuna i \u00ebsht\u00eb drejtuar zyrtarisht Prokurorit Suprem Shtet\u00ebror\u00eb t\u00eb\" \/>\n<meta name=\"robots\" content=\"index, follow, max-snippet:-1, max-image-preview:large, max-video-preview:-1\" \/>\n<link rel=\"canonical\" href=\"https:\/\/www.visit-ulcinj.com\/blog\/2011\/10\/03\/sherbimi-per-informin-i-kryetarit-te-komunes-se-ulqinit-njofton\/\" \/>\n<meta property=\"og:locale\" content=\"en_US\" \/>\n<meta property=\"og:type\" content=\"article\" \/>\n<meta property=\"og:title\" content=\"Sh\u00ebrbimi p\u00ebr informin i Kryetarit t\u00eb Komun\u00ebs s\u00eb Ulqinit njofton - Lajme nga Ulqini\" \/>\n<meta property=\"og:description\" content=\"Sh\u00ebrbimi p\u00ebr informin i Kryetarit t\u00eb Komun\u00ebs s\u00eb Ulqinit njofton opinion e gjer\u00eb q\u00eb Komuna i \u00ebsht\u00eb drejtuar zyrtarisht Prokurorit Suprem Shtet\u00ebror\u00eb t\u00eb\" \/>\n<meta property=\"og:url\" content=\"https:\/\/www.visit-ulcinj.com\/blog\/2011\/10\/03\/sherbimi-per-informin-i-kryetarit-te-komunes-se-ulqinit-njofton\/\" \/>\n<meta property=\"og:site_name\" content=\"Lajme nga Ulqini\" \/>\n<meta property=\"article:published_time\" content=\"2011-10-03T20:57:55+00:00\" \/>\n<meta property=\"og:image\" content=\"http:\/\/www.visit-ulcinj.com\/blog\/wp-content\/uploads\/2011\/10\/Komuna-e-Ulqinit_Press-300x240.jpg\" \/>\n<meta name=\"twitter:label1\" content=\"Written by\" \/>\n\t<meta name=\"twitter:data1\" content=\"ulqini\" \/>\n\t<meta name=\"twitter:label2\" content=\"Est. reading time\" \/>\n\t<meta name=\"twitter:data2\" content=\"1 minute\" \/>\n<script type=\"application\/ld+json\" class=\"yoast-schema-graph\">{\"@context\":\"https:\/\/schema.org\",\"@graph\":[{\"@type\":\"WebSite\",\"@id\":\"https:\/\/www.visit-ulcinj.com\/blog\/#website\",\"url\":\"https:\/\/www.visit-ulcinj.com\/blog\/\",\"name\":\"Lajme nga Ulqini\",\"description\":\"Lajme,Vijesti,Ulqini,Ulqin,Crna Gora,Mali i Zi\",\"potentialAction\":[{\"@type\":\"SearchAction\",\"target\":{\"@type\":\"EntryPoint\",\"urlTemplate\":\"https:\/\/www.visit-ulcinj.com\/blog\/?s={search_term_string}\"},\"query-input\":\"required name=search_term_string\"}],\"inLanguage\":\"en-US\"},{\"@type\":\"ImageObject\",\"inLanguage\":\"en-US\",\"@id\":\"https:\/\/www.visit-ulcinj.com\/blog\/2011\/10\/03\/sherbimi-per-informin-i-kryetarit-te-komunes-se-ulqinit-njofton\/#primaryimage\",\"url\":\"https:\/\/www.visit-ulcinj.com\/blog\/wp-content\/uploads\/2011\/10\/Komuna-e-Ulqinit_Press.jpg\",\"contentUrl\":\"https:\/\/www.visit-ulcinj.com\/blog\/wp-content\/uploads\/2011\/10\/Komuna-e-Ulqinit_Press.jpg\",\"width\":\"720\",\"height\":\"576\"},{\"@type\":\"WebPage\",\"@id\":\"https:\/\/www.visit-ulcinj.com\/blog\/2011\/10\/03\/sherbimi-per-informin-i-kryetarit-te-komunes-se-ulqinit-njofton\/#webpage\",\"url\":\"https:\/\/www.visit-ulcinj.com\/blog\/2011\/10\/03\/sherbimi-per-informin-i-kryetarit-te-komunes-se-ulqinit-njofton\/\",\"name\":\"Sh\u00ebrbimi p\u00ebr informin i Kryetarit t\u00eb Komun\u00ebs s\u00eb Ulqinit njofton - Lajme nga Ulqini\",\"isPartOf\":{\"@id\":\"https:\/\/www.visit-ulcinj.com\/blog\/#website\"},\"primaryImageOfPage\":{\"@id\":\"https:\/\/www.visit-ulcinj.com\/blog\/2011\/10\/03\/sherbimi-per-informin-i-kryetarit-te-komunes-se-ulqinit-njofton\/#primaryimage\"},\"datePublished\":\"2011-10-03T20:57:55+00:00\",\"dateModified\":\"2011-10-03T20:57:55+00:00\",\"author\":{\"@id\":\"https:\/\/www.visit-ulcinj.com\/blog\/#\/schema\/person\/dcab619c614d3038751c63bc2aadc06d\"},\"description\":\"Sh\u00ebrbimi p\u00ebr informin i Kryetarit t\u00eb Komun\u00ebs s\u00eb Ulqinit njofton opinion e gjer\u00eb q\u00eb Komuna i \u00ebsht\u00eb drejtuar zyrtarisht Prokurorit Suprem Shtet\u00ebror\u00eb t\u00eb\",\"breadcrumb\":{\"@id\":\"https:\/\/www.visit-ulcinj.com\/blog\/2011\/10\/03\/sherbimi-per-informin-i-kryetarit-te-komunes-se-ulqinit-njofton\/#breadcrumb\"},\"inLanguage\":\"en-US\",\"potentialAction\":[{\"@type\":\"ReadAction\",\"target\":[\"https:\/\/www.visit-ulcinj.com\/blog\/2011\/10\/03\/sherbimi-per-informin-i-kryetarit-te-komunes-se-ulqinit-njofton\/\"]}]},{\"@type\":\"BreadcrumbList\",\"@id\":\"https:\/\/www.visit-ulcinj.com\/blog\/2011\/10\/03\/sherbimi-per-informin-i-kryetarit-te-komunes-se-ulqinit-njofton\/#breadcrumb\",\"itemListElement\":[{\"@type\":\"ListItem\",\"position\":1,\"name\":\"Sh\u00ebrbimi p\u00ebr informin i Kryetarit t\u00eb Komun\u00ebs s\u00eb Ulqinit njofton\"}]},{\"@type\":\"Person\",\"@id\":\"https:\/\/www.visit-ulcinj.com\/blog\/#\/schema\/person\/dcab619c614d3038751c63bc2aadc06d\",\"name\":\"ulqini\",\"sameAs\":[\"http:\/\/www.visit-ulcinj.com\"],\"url\":\"https:\/\/www.visit-ulcinj.com\/blog\/author\/admin\/\"}]}<\/script>\n<!-- \/ Yoast SEO plugin. -->","yoast_head_json":{"title":"Sh\u00ebrbimi p\u00ebr informin i Kryetarit t\u00eb Komun\u00ebs s\u00eb Ulqinit njofton - Lajme nga Ulqini","description":"Sh\u00ebrbimi p\u00ebr informin i Kryetarit t\u00eb Komun\u00ebs s\u00eb Ulqinit njofton opinion e gjer\u00eb q\u00eb Komuna i \u00ebsht\u00eb drejtuar zyrtarisht Prokurorit Suprem Shtet\u00ebror\u00eb t\u00eb","robots":{"index":"index","follow":"follow","max-snippet":"max-snippet:-1","max-image-preview":"max-image-preview:large","max-video-preview":"max-video-preview:-1"},"canonical":"https:\/\/www.visit-ulcinj.com\/blog\/2011\/10\/03\/sherbimi-per-informin-i-kryetarit-te-komunes-se-ulqinit-njofton\/","og_locale":"en_US","og_type":"article","og_title":"Sh\u00ebrbimi p\u00ebr informin i Kryetarit t\u00eb Komun\u00ebs s\u00eb Ulqinit njofton - Lajme nga Ulqini","og_description":"Sh\u00ebrbimi p\u00ebr informin i Kryetarit t\u00eb Komun\u00ebs s\u00eb Ulqinit njofton opinion e gjer\u00eb q\u00eb Komuna i \u00ebsht\u00eb drejtuar zyrtarisht Prokurorit Suprem Shtet\u00ebror\u00eb t\u00eb","og_url":"https:\/\/www.visit-ulcinj.com\/blog\/2011\/10\/03\/sherbimi-per-informin-i-kryetarit-te-komunes-se-ulqinit-njofton\/","og_site_name":"Lajme nga Ulqini","article_published_time":"2011-10-03T20:57:55+00:00","og_image":[{"url":"http:\/\/www.visit-ulcinj.com\/blog\/wp-content\/uploads\/2011\/10\/Komuna-e-Ulqinit_Press-300x240.jpg"}],"twitter_misc":{"Written by":"ulqini","Est. reading time":"1 minute"},"schema":{"@context":"https:\/\/schema.org","@graph":[{"@type":"WebSite","@id":"https:\/\/www.visit-ulcinj.com\/blog\/#website","url":"https:\/\/www.visit-ulcinj.com\/blog\/","name":"Lajme nga Ulqini","description":"Lajme,Vijesti,Ulqini,Ulqin,Crna Gora,Mali i Zi","potentialAction":[{"@type":"SearchAction","target":{"@type":"EntryPoint","urlTemplate":"https:\/\/www.visit-ulcinj.com\/blog\/?s={search_term_string}"},"query-input":"required name=search_term_string"}],"inLanguage":"en-US"},{"@type":"ImageObject","inLanguage":"en-US","@id":"https:\/\/www.visit-ulcinj.com\/blog\/2011\/10\/03\/sherbimi-per-informin-i-kryetarit-te-komunes-se-ulqinit-njofton\/#primaryimage","url":"https:\/\/www.visit-ulcinj.com\/blog\/wp-content\/uploads\/2011\/10\/Komuna-e-Ulqinit_Press.jpg","contentUrl":"https:\/\/www.visit-ulcinj.com\/blog\/wp-content\/uploads\/2011\/10\/Komuna-e-Ulqinit_Press.jpg","width":"720","height":"576"},{"@type":"WebPage","@id":"https:\/\/www.visit-ulcinj.com\/blog\/2011\/10\/03\/sherbimi-per-informin-i-kryetarit-te-komunes-se-ulqinit-njofton\/#webpage","url":"https:\/\/www.visit-ulcinj.com\/blog\/2011\/10\/03\/sherbimi-per-informin-i-kryetarit-te-komunes-se-ulqinit-njofton\/","name":"Sh\u00ebrbimi p\u00ebr informin i Kryetarit t\u00eb Komun\u00ebs s\u00eb Ulqinit njofton - Lajme nga Ulqini","isPartOf":{"@id":"https:\/\/www.visit-ulcinj.com\/blog\/#website"},"primaryImageOfPage":{"@id":"https:\/\/www.visit-ulcinj.com\/blog\/2011\/10\/03\/sherbimi-per-informin-i-kryetarit-te-komunes-se-ulqinit-njofton\/#primaryimage"},"datePublished":"2011-10-03T20:57:55+00:00","dateModified":"2011-10-03T20:57:55+00:00","author":{"@id":"https:\/\/www.visit-ulcinj.com\/blog\/#\/schema\/person\/dcab619c614d3038751c63bc2aadc06d"},"description":"Sh\u00ebrbimi p\u00ebr informin i Kryetarit t\u00eb Komun\u00ebs s\u00eb Ulqinit njofton opinion e gjer\u00eb q\u00eb Komuna i \u00ebsht\u00eb drejtuar zyrtarisht Prokurorit Suprem Shtet\u00ebror\u00eb t\u00eb","breadcrumb":{"@id":"https:\/\/www.visit-ulcinj.com\/blog\/2011\/10\/03\/sherbimi-per-informin-i-kryetarit-te-komunes-se-ulqinit-njofton\/#breadcrumb"},"inLanguage":"en-US","potentialAction":[{"@type":"ReadAction","target":["https:\/\/www.visit-ulcinj.com\/blog\/2011\/10\/03\/sherbimi-per-informin-i-kryetarit-te-komunes-se-ulqinit-njofton\/"]}]},{"@type":"BreadcrumbList","@id":"https:\/\/www.visit-ulcinj.com\/blog\/2011\/10\/03\/sherbimi-per-informin-i-kryetarit-te-komunes-se-ulqinit-njofton\/#breadcrumb","itemListElement":[{"@type":"ListItem","position":1,"name":"Sh\u00ebrbimi p\u00ebr informin i Kryetarit t\u00eb Komun\u00ebs s\u00eb Ulqinit njofton"}]},{"@type":"Person","@id":"https:\/\/www.visit-ulcinj.com\/blog\/#\/schema\/person\/dcab619c614d3038751c63bc2aadc06d","name":"ulqini","sameAs":["http:\/\/www.visit-ulcinj.com"],"url":"https:\/\/www.visit-ulcinj.com\/blog\/author\/admin\/"}]}},"jetpack_featured_media_url":"","jetpack_sharing_enabled":true,"jetpack_shortlink":"https:\/\/wp.me\/pe6lTn-dsc","_links":{"self":[{"href":"https:\/\/www.visit-ulcinj.com\/blog\/wp-json\/wp\/v2\/posts\/51720"}],"collection":[{"href":"https:\/\/www.visit-ulcinj.com\/blog\/wp-json\/wp\/v2\/posts"}],"about":[{"href":"https:\/\/www.visit-ulcinj.com\/blog\/wp-json\/wp\/v2\/types\/post"}],"author":[{"embeddable":true,"href":"https:\/\/www.visit-ulcinj.com\/blog\/wp-json\/wp\/v2\/users\/1"}],"replies":[{"embeddable":true,"href":"https:\/\/www.visit-ulcinj.com\/blog\/wp-json\/wp\/v2\/comments?post=51720"}],"version-history":[{"count":2,"href":"https:\/\/www.visit-ulcinj.com\/blog\/wp-json\/wp\/v2\/posts\/51720\/revisions"}],"predecessor-version":[{"id":51723,"href":"https:\/\/www.visit-ulcinj.com\/blog\/wp-json\/wp\/v2\/posts\/51720\/revisions\/51723"}],"wp:attachment":[{"href":"https:\/\/www.visit-ulcinj.com\/blog\/wp-json\/wp\/v2\/media?parent=51720"}],"wp:term":[{"taxonomy":"category","embeddable":true,"href":"https:\/\/www.visit-ulcinj.com\/blog\/wp-json\/wp\/v2\/categories?post=51720"},{"taxonomy":"post_tag","embeddable":true,"href":"https:\/\/www.visit-ulcinj.com\/blog\/wp-json\/wp\/v2\/tags?post=51720"}],"curies":[{"name":"wp","href":"https:\/\/api.w.org\/{rel}","templated":true}]}}